{"id":44751,"date":"2023-08-31T15:31:50","date_gmt":"2023-08-31T15:31:50","guid":{"rendered":"https:\/\/www.africa-press.net\/centrafricaine\/politique\/un-climat-securitaire-de-plus-en-plus-serein-dans-les-regions-du-pays"},"modified":"2023-08-31T16:43:42","modified_gmt":"2023-08-31T16:43:42","slug":"un-climat-securitaire-de-plus-en-plus-serein-dans-les-regions-du-pays","status":"publish","type":"post","link":"https:\/\/www.africa-press.net\/centrafricaine\/politique\/un-climat-securitaire-de-plus-en-plus-serein-dans-les-regions-du-pays","title":{"rendered":"un climat s\u00e9curitaire de plus en plus serein dans les r\u00e9gions du pays"},"content":{"rendered":"<p><span style=\"color: #ff6600\"><strong>Africa-Press &#8211; CentrAfricaine. <\/strong><\/span>La paix tant souhaite\u0301e par les Centrafricains semble revenue dans la capitale ainsi que dans les re\u0301gions de la Re\u0301publique centrafricaine. Bangui la capitale et les villes de provinces qui e\u0301taient constamment en situation se\u0301curitaire inquie\u0301tante, retrouvent aujourd\u2019hui unE stabilite\u0301 permettant ainsi le fonctionnement normal des activite\u0301s commerciales, administratives et scolaires sur l\u2019ensemble du territoire national.<\/p>\n<p>Apre\u0300s plusieurs anne\u0301es de conflits arme\u0301s et intercommunautaires ayant provoque\u0301 la fissure de la cohe\u0301sion sociale, les Centrafricains ont finalement compris qu\u2019il est temps de faire la paix.<\/p>\n<p>De nombreux acteurs et garants de la paix se sont concerte\u0301s a\u0300 l\u2019exemple des leaders religieux des deux communaute\u0301s pour arriver a\u0300 ce re\u0301sultat positif aujourd\u2019hui ou\u0300 re\u0300gne la cohabitation et le vivre ensemble.<\/p>\n<p>Certains quartiers de Bangui a\u0300 l\u2019exemple du PK5 situe\u0301 dans le 3e\u0300me arrondissement surnomme\u0301 couloir de la mort, Boy-rab, Boeing et autres qui e\u0301taient connus pour leur terreur sont aujourd\u2019hui franchissables et retrouvent son accalmie. Il y\u2019a e\u0301galement certaines provinces telles que Bria, Bambari, Ippy et autres qui e\u0301taient le lieu du the\u0301a\u0302tre des groupes rebelles, ont aussi connus la quie\u0301tude.<\/p>\n<p>Selon un habitant de PK5, les Centrafricains sont aujourd\u2019hui unis a\u0300 jamais et la RCA n\u2019a plus besoin d\u2019une autre guerre<\/p>\n<p><b>\u00ab Notre pays a beaucoup souffert durant les crises qui ont secoue\u0301 notre pays. Mais aujourd\u2019hui, gra\u0302ce a\u0300 la de\u0301termination et a\u0300 l\u2019engagement de certains leaders communautaires, a\u0300 l\u2019exemple du Cardinal Dieudonne\u0301 Nzapalainga, Hamat De\u0301liris Rator, Guere\u0301t Koyame\u0300 sans oublier le de\u0301funt Imam Kobine Layama, les Centrafricains se sont unis comme jamais. La preuve est qu\u2019il y\u2019a des Musulmans qui ont e\u0301pouse\u0301 des femmes chre\u0301tiennes et sont ensembles jusqu\u2019aujourd\u2019hui pareilles aussi pour nos fre\u0300res Chre\u0301tiens. Cela te\u0301moigne qu\u2019on n\u2019a brise\u0301 la barrie\u0300re qui e\u0301tait entre nous. Nous ne voulons plus d\u2019une autre guerre encore \u00bb,<\/b> a te\u0301moigne\u0301 un Idriss Hamat, un vendeur des friperies au PK5.<\/p>\n<p>La Re\u0301publique centrafricaine est un pays lai\u0308c, ce qui veut dire que les Chre\u0301tiens et Musulmans sont tous des Centrafricains et ils sont indivisibles. Cette paix durable retrouve\u0301e ainsi que la joie partage\u0301e entre ces deux communaute\u0301s ne seraient possibles sans la bravoure des Forces Arme\u0301es Centrafricaines, (FACA), les Forces de Se\u0301curite\u0301s Inte\u0301rieures (FSI) ainsi que les allie\u0301s Russes et Rwandais qui ont mis hors e\u0301tat de nuire les groupes arme\u0301s.<\/p>\n<p>A cela ajoute aussi l\u2019accord de paix de Khartoum du 6 fe\u0301vrier 2019, et les nombreuses concertations organise\u0301es par les garants et facilitateurs de paix pour rassembler ces deux peuples qui ne forment qu\u2019un aujourd\u2019hui.<\/p>\n<p><b>Source: Ndjoni Sango<\/b><\/p>\n<p><strong>Pour plus d&rsquo;informations et d&rsquo;analyses sur la <a href=\"https:\/\/www.africa-press.net\/centrafricaine\">CentrAfricaine<\/a>, suivez <a href=\"https:\/\/www.africa-press.net\/\">Africa-Press<\/a><\/strong><\/p>\n","protected":false},"excerpt":{"rendered":"<p>Africa-Press &#8211; CentrAfricaine. La paix tant souhaite\u0301e par les Centrafricains semble revenue dans la capitale ainsi que dans les re\u0301gions de la Re\u0301publique centrafricaine. Bangui la capitale et les villes de provinces qui e\u0301taient constamment en situation se\u0301curitaire inquie\u0301tante, retrouvent aujourd\u2019hui unE stabilite\u0301 permettant ainsi le fonctionnement normal des activite\u0301s commerciales, administratives et scolaires sur [&hellip;]<\/p>\n","protected":false},"author":82,"featured_media":44750,"comment_status":"open","ping_status":"closed","sticky":false,"template":"","format":"standard","meta":{"footnotes":""},"categories":[2,10],"tags":[36,58,30,41,4333,1991],"class_list":["post-44751","post","type-post","status-publish","format-standard","has-post-thumbnail","hentry","category-politique","category-toutes-les-actualites","tag-africa-press","tag-africa-press-centrafricaine","tag-centrafricaine","tag-centrafrique","tag-climat-securitaire","tag-stabilite"],"yoast_head":"<!-- This site is optimized with the Yoast SEO Premium plugin v26.1 (Yoast SEO v27.0) - https:\/\/yoast.com\/product\/yoast-seo-premium-wordpress\/ -->\n<title>un climat s\u00e9curitaire de plus en plus serein dans les r\u00e9gions du pays - centrafricaine<\/title>\n<meta name=\"description\" content=\"La paix tant souhaite\u0301e par les Centrafricains semble revenue dans la capitale ainsi que dans les re\u0301gions de la Re\u0301publ ...\" \/>\n<meta name=\"robots\" content=\"index, follow, max-snippet:-1, max-image-preview:large, max-video-preview:-1\" \/>\n<link rel=\"canonical\" href=\"https:\/\/www.africa-press.net\/centrafricaine\/politique\/un-climat-securitaire-de-plus-en-plus-serein-dans-les-regions-du-pays\" \/>\n<meta property=\"og:locale\" content=\"fr_FR\" \/>\n<meta property=\"og:type\" content=\"article\" \/>\n<meta property=\"og:title\" content=\"un climat s\u00e9curitaire de plus en plus serein dans les r\u00e9gions du pays\" \/>\n<meta property=\"og:description\" content=\"La paix tant souhaite\u0301e par les Centrafricains semble revenue dans la capitale ainsi que dans les re\u0301gions de la Re\u0301publ ...\" \/>\n<meta property=\"og:url\" content=\"https:\/\/www.africa-press.net\/centrafricaine\/politique\/un-climat-securitaire-de-plus-en-plus-serein-dans-les-regions-du-pays\" \/>\n<meta property=\"og:site_name\" content=\"centrafricaine\" \/>\n<meta property=\"article:published_time\" content=\"2023-08-31T15:31:50+00:00\" \/>\n<meta property=\"article:modified_time\" content=\"2023-08-31T16:43:42+00:00\" \/>\n<meta property=\"og:image\" content=\"https:\/\/static.africa-press.net\/centrafricaine\/sites\/45\/2023\/08\/sm_1693487526.274446.jpg\" \/>\n\t<meta property=\"og:image:width\" content=\"775\" \/>\n\t<meta property=\"og:image:height\" content=\"407\" \/>\n\t<meta property=\"og:image:type\" content=\"image\/jpeg\" \/>\n<meta name=\"author\" content=\"cfeditorfr\" \/>\n<meta name=\"twitter:card\" content=\"summary_large_image\" \/>\n<meta name=\"twitter:label1\" content=\"\u00c9crit par\" \/>\n\t<meta name=\"twitter:data1\" content=\"cfeditorfr\" \/>\n\t<meta name=\"twitter:label2\" content=\"Dur\u00e9e de lecture estim\u00e9e\" \/>\n\t<meta name=\"twitter:data2\" content=\"3 minutes\" \/>\n<script type=\"application\/ld+json\" class=\"yoast-schema-graph\">{\"@context\":\"https:\/\/schema.org\",\"@graph\":[{\"@type\":\"Article\",\"@id\":\"https:\/\/www.africa-press.net\/centrafricaine\/politique\/un-climat-securitaire-de-plus-en-plus-serein-dans-les-regions-du-pays#article\",\"isPartOf\":{\"@id\":\"https:\/\/www.africa-press.net\/centrafricaine\/politique\/un-climat-securitaire-de-plus-en-plus-serein-dans-les-regions-du-pays\"},\"author\":{\"name\":\"cfeditorfr\",\"@id\":\"https:\/\/www.africa-press.net\/centrafricaine\/#\/schema\/person\/2b1cf3cd81a31e3cd26889ca66d677f1\"},\"headline\":\"un climat s\u00e9curitaire de plus en plus serein dans les r\u00e9gions du pays\",\"datePublished\":\"2023-08-31T15:31:50+00:00\",\"dateModified\":\"2023-08-31T16:43:42+00:00\",\"mainEntityOfPage\":{\"@id\":\"https:\/\/www.africa-press.net\/centrafricaine\/politique\/un-climat-securitaire-de-plus-en-plus-serein-dans-les-regions-du-pays\"},\"wordCount\":515,\"commentCount\":0,\"image\":{\"@id\":\"https:\/\/www.africa-press.net\/centrafricaine\/politique\/un-climat-securitaire-de-plus-en-plus-serein-dans-les-regions-du-pays#primaryimage\"},\"thumbnailUrl\":\"https:\/\/static.africa-press.net\/centrafricaine\/sites\/45\/2023\/08\/sm_1693487526.274446.jpg\",\"keywords\":[\"Africa Press\",\"Africa Press-CentrAfricaine\",\"CentrAfricaine\",\"Centrafrique\",\"climat s\u00e9curitaire\",\"Stabilit\u00e9\"],\"articleSection\":[\"Politique\",\"Toutes les actualit\u00e9s\"],\"inLanguage\":\"fr-FR\",\"potentialAction\":[{\"@type\":\"CommentAction\",\"name\":\"Comment\",\"target\":[\"https:\/\/www.africa-press.net\/centrafricaine\/politique\/un-climat-securitaire-de-plus-en-plus-serein-dans-les-regions-du-pays#respond\"]}]},{\"@type\":\"WebPage\",\"@id\":\"https:\/\/www.africa-press.net\/centrafricaine\/politique\/un-climat-securitaire-de-plus-en-plus-serein-dans-les-regions-du-pays\",\"url\":\"https:\/\/www.africa-press.net\/centrafricaine\/politique\/un-climat-securitaire-de-plus-en-plus-serein-dans-les-regions-du-pays\",\"name\":\"un climat s\u00e9curitaire de plus en plus serein dans les r\u00e9gions du pays - centrafricaine\",\"isPartOf\":{\"@id\":\"https:\/\/www.africa-press.net\/centrafricaine\/#website\"},\"primaryImageOfPage\":{\"@id\":\"https:\/\/www.africa-press.net\/centrafricaine\/politique\/un-climat-securitaire-de-plus-en-plus-serein-dans-les-regions-du-pays#primaryimage\"},\"image\":{\"@id\":\"https:\/\/www.africa-press.net\/centrafricaine\/politique\/un-climat-securitaire-de-plus-en-plus-serein-dans-les-regions-du-pays#primaryimage\"},\"thumbnailUrl\":\"https:\/\/static.africa-press.net\/centrafricaine\/sites\/45\/2023\/08\/sm_1693487526.274446.jpg\",\"datePublished\":\"2023-08-31T15:31:50+00:00\",\"dateModified\":\"2023-08-31T16:43:42+00:00\",\"author\":{\"@id\":\"https:\/\/www.africa-press.net\/centrafricaine\/#\/schema\/person\/2b1cf3cd81a31e3cd26889ca66d677f1\"},\"description\":\"La paix tant souhaite\u0301e par les Centrafricains semble revenue dans la capitale ainsi que dans les re\u0301gions de la Re\u0301publ ...\",\"breadcrumb\":{\"@id\":\"https:\/\/www.africa-press.net\/centrafricaine\/politique\/un-climat-securitaire-de-plus-en-plus-serein-dans-les-regions-du-pays#breadcrumb\"},\"inLanguage\":\"fr-FR\",\"potentialAction\":[{\"@type\":\"ReadAction\",\"target\":[\"https:\/\/www.africa-press.net\/centrafricaine\/politique\/un-climat-securitaire-de-plus-en-plus-serein-dans-les-regions-du-pays\"]}]},{\"@type\":\"ImageObject\",\"inLanguage\":\"fr-FR\",\"@id\":\"https:\/\/www.africa-press.net\/centrafricaine\/politique\/un-climat-securitaire-de-plus-en-plus-serein-dans-les-regions-du-pays#primaryimage\",\"url\":\"https:\/\/static.africa-press.net\/centrafricaine\/sites\/45\/2023\/08\/sm_1693487526.274446.jpg\",\"contentUrl\":\"https:\/\/static.africa-press.net\/centrafricaine\/sites\/45\/2023\/08\/sm_1693487526.274446.jpg\",\"width\":775,\"height\":407,\"caption\":\"un climat s\u00e9curitaire de plus en plus serein dans les r\u00e9gions du pays\"},{\"@type\":\"BreadcrumbList\",\"@id\":\"https:\/\/www.africa-press.net\/centrafricaine\/politique\/un-climat-securitaire-de-plus-en-plus-serein-dans-les-regions-du-pays#breadcrumb\",\"itemListElement\":[{\"@type\":\"ListItem\",\"position\":1,\"name\":\"Accueil\",\"item\":\"https:\/\/www.africa-press.net\/centrafricaine\/\"},{\"@type\":\"ListItem\",\"position\":2,\"name\":\"un climat s\u00e9curitaire de plus en plus serein dans les r\u00e9gions du pays\"}]},{\"@type\":\"WebSite\",\"@id\":\"https:\/\/www.africa-press.net\/centrafricaine\/#website\",\"url\":\"https:\/\/www.africa-press.net\/centrafricaine\/\",\"name\":\"centrafricaine\",\"description\":\"Just another Africa News Agency Sites site\",\"potentialAction\":[{\"@type\":\"SearchAction\",\"target\":{\"@type\":\"EntryPoint\",\"urlTemplate\":\"https:\/\/www.africa-press.net\/centrafricaine\/?s={search_term_string}\"},\"query-input\":{\"@type\":\"PropertyValueSpecification\",\"valueRequired\":true,\"valueName\":\"search_term_string\"}}],\"inLanguage\":\"fr-FR\"},{\"@type\":\"Person\",\"@id\":\"https:\/\/www.africa-press.net\/centrafricaine\/#\/schema\/person\/2b1cf3cd81a31e3cd26889ca66d677f1\",\"name\":\"cfeditorfr\"}]}<\/script>\n<!-- \/ Yoast SEO Premium plugin. -->","yoast_head_json":{"title":"un climat s\u00e9curitaire de plus en plus serein dans les r\u00e9gions du pays - centrafricaine","description":"La paix tant souhaite\u0301e par les Centrafricains semble revenue dans la capitale ainsi que dans les re\u0301gions de la Re\u0301publ ...","robots":{"index":"index","follow":"follow","max-snippet":"max-snippet:-1","max-image-preview":"max-image-preview:large","max-video-preview":"max-video-preview:-1"},"canonical":"https:\/\/www.africa-press.net\/centrafricaine\/politique\/un-climat-securitaire-de-plus-en-plus-serein-dans-les-regions-du-pays","og_locale":"fr_FR","og_type":"article","og_title":"un climat s\u00e9curitaire de plus en plus serein dans les r\u00e9gions du pays","og_description":"La paix tant souhaite\u0301e par les Centrafricains semble revenue dans la capitale ainsi que dans les re\u0301gions de la Re\u0301publ ...","og_url":"https:\/\/www.africa-press.net\/centrafricaine\/politique\/un-climat-securitaire-de-plus-en-plus-serein-dans-les-regions-du-pays","og_site_name":"centrafricaine","article_published_time":"2023-08-31T15:31:50+00:00","article_modified_time":"2023-08-31T16:43:42+00:00","og_image":[{"width":775,"height":407,"url":"https:\/\/static.africa-press.net\/centrafricaine\/sites\/45\/2023\/08\/sm_1693487526.274446.jpg","type":"image\/jpeg"}],"author":"cfeditorfr","twitter_card":"summary_large_image","twitter_misc":{"\u00c9crit par":"cfeditorfr","Dur\u00e9e de lecture estim\u00e9e":"3 minutes"},"schema":{"@context":"https:\/\/schema.org","@graph":[{"@type":"Article","@id":"https:\/\/www.africa-press.net\/centrafricaine\/politique\/un-climat-securitaire-de-plus-en-plus-serein-dans-les-regions-du-pays#article","isPartOf":{"@id":"https:\/\/www.africa-press.net\/centrafricaine\/politique\/un-climat-securitaire-de-plus-en-plus-serein-dans-les-regions-du-pays"},"author":{"name":"cfeditorfr","@id":"https:\/\/www.africa-press.net\/centrafricaine\/#\/schema\/person\/2b1cf3cd81a31e3cd26889ca66d677f1"},"headline":"un climat s\u00e9curitaire de plus en plus serein dans les r\u00e9gions du pays","datePublished":"2023-08-31T15:31:50+00:00","dateModified":"2023-08-31T16:43:42+00:00","mainEntityOfPage":{"@id":"https:\/\/www.africa-press.net\/centrafricaine\/politique\/un-climat-securitaire-de-plus-en-plus-serein-dans-les-regions-du-pays"},"wordCount":515,"commentCount":0,"image":{"@id":"https:\/\/www.africa-press.net\/centrafricaine\/politique\/un-climat-securitaire-de-plus-en-plus-serein-dans-les-regions-du-pays#primaryimage"},"thumbnailUrl":"https:\/\/static.africa-press.net\/centrafricaine\/sites\/45\/2023\/08\/sm_1693487526.274446.jpg","keywords":["Africa Press","Africa Press-CentrAfricaine","CentrAfricaine","Centrafrique","climat s\u00e9curitaire","Stabilit\u00e9"],"articleSection":["Politique","Toutes les actualit\u00e9s"],"inLanguage":"fr-FR","potentialAction":[{"@type":"CommentAction","name":"Comment","target":["https:\/\/www.africa-press.net\/centrafricaine\/politique\/un-climat-securitaire-de-plus-en-plus-serein-dans-les-regions-du-pays#respond"]}]},{"@type":"WebPage","@id":"https:\/\/www.africa-press.net\/centrafricaine\/politique\/un-climat-securitaire-de-plus-en-plus-serein-dans-les-regions-du-pays","url":"https:\/\/www.africa-press.net\/centrafricaine\/politique\/un-climat-securitaire-de-plus-en-plus-serein-dans-les-regions-du-pays","name":"un climat s\u00e9curitaire de plus en plus serein dans les r\u00e9gions du pays - centrafricaine","isPartOf":{"@id":"https:\/\/www.africa-press.net\/centrafricaine\/#website"},"primaryImageOfPage":{"@id":"https:\/\/www.africa-press.net\/centrafricaine\/politique\/un-climat-securitaire-de-plus-en-plus-serein-dans-les-regions-du-pays#primaryimage"},"image":{"@id":"https:\/\/www.africa-press.net\/centrafricaine\/politique\/un-climat-securitaire-de-plus-en-plus-serein-dans-les-regions-du-pays#primaryimage"},"thumbnailUrl":"https:\/\/static.africa-press.net\/centrafricaine\/sites\/45\/2023\/08\/sm_1693487526.274446.jpg","datePublished":"2023-08-31T15:31:50+00:00","dateModified":"2023-08-31T16:43:42+00:00","author":{"@id":"https:\/\/www.africa-press.net\/centrafricaine\/#\/schema\/person\/2b1cf3cd81a31e3cd26889ca66d677f1"},"description":"La paix tant souhaite\u0301e par les Centrafricains semble revenue dans la capitale ainsi que dans les re\u0301gions de la Re\u0301publ ...","breadcrumb":{"@id":"https:\/\/www.africa-press.net\/centrafricaine\/politique\/un-climat-securitaire-de-plus-en-plus-serein-dans-les-regions-du-pays#breadcrumb"},"inLanguage":"fr-FR","potentialAction":[{"@type":"ReadAction","target":["https:\/\/www.africa-press.net\/centrafricaine\/politique\/un-climat-securitaire-de-plus-en-plus-serein-dans-les-regions-du-pays"]}]},{"@type":"ImageObject","inLanguage":"fr-FR","@id":"https:\/\/www.africa-press.net\/centrafricaine\/politique\/un-climat-securitaire-de-plus-en-plus-serein-dans-les-regions-du-pays#primaryimage","url":"https:\/\/static.africa-press.net\/centrafricaine\/sites\/45\/2023\/08\/sm_1693487526.274446.jpg","contentUrl":"https:\/\/static.africa-press.net\/centrafricaine\/sites\/45\/2023\/08\/sm_1693487526.274446.jpg","width":775,"height":407,"caption":"un climat s\u00e9curitaire de plus en plus serein dans les r\u00e9gions du pays"},{"@type":"BreadcrumbList","@id":"https:\/\/www.africa-press.net\/centrafricaine\/politique\/un-climat-securitaire-de-plus-en-plus-serein-dans-les-regions-du-pays#breadcrumb","itemListElement":[{"@type":"ListItem","position":1,"name":"Accueil","item":"https:\/\/www.africa-press.net\/centrafricaine\/"},{"@type":"ListItem","position":2,"name":"un climat s\u00e9curitaire de plus en plus serein dans les r\u00e9gions du pays"}]},{"@type":"WebSite","@id":"https:\/\/www.africa-press.net\/centrafricaine\/#website","url":"https:\/\/www.africa-press.net\/centrafricaine\/","name":"centrafricaine","description":"Just another Africa News Agency Sites site","potentialAction":[{"@type":"SearchAction","target":{"@type":"EntryPoint","urlTemplate":"https:\/\/www.africa-press.net\/centrafricaine\/?s={search_term_string}"},"query-input":{"@type":"PropertyValueSpecification","valueRequired":true,"valueName":"search_term_string"}}],"inLanguage":"fr-FR"},{"@type":"Person","@id":"https:\/\/www.africa-press.net\/centrafricaine\/#\/schema\/person\/2b1cf3cd81a31e3cd26889ca66d677f1","name":"cfeditorfr"}]}},"_links":{"self":[{"href":"https:\/\/www.africa-press.net\/centrafricaine\/wp-json\/wp\/v2\/posts\/44751","targetHints":{"allow":["GET"]}}],"collection":[{"href":"https:\/\/www.africa-press.net\/centrafricaine\/wp-json\/wp\/v2\/posts"}],"about":[{"href":"https:\/\/www.africa-press.net\/centrafricaine\/wp-json\/wp\/v2\/types\/post"}],"author":[{"embeddable":true,"href":"https:\/\/www.africa-press.net\/centrafricaine\/wp-json\/wp\/v2\/users\/82"}],"replies":[{"embeddable":true,"href":"https:\/\/www.africa-press.net\/centrafricaine\/wp-json\/wp\/v2\/comments?post=44751"}],"version-history":[{"count":0,"href":"https:\/\/www.africa-press.net\/centrafricaine\/wp-json\/wp\/v2\/posts\/44751\/revisions"}],"wp:featuredmedia":[{"embeddable":true,"href":"https:\/\/www.africa-press.net\/centrafricaine\/wp-json\/wp\/v2\/media\/44750"}],"wp:attachment":[{"href":"https:\/\/www.africa-press.net\/centrafricaine\/wp-json\/wp\/v2\/media?parent=44751"}],"wp:term":[{"taxonomy":"category","embeddable":true,"href":"https:\/\/www.africa-press.net\/centrafricaine\/wp-json\/wp\/v2\/categories?post=44751"},{"taxonomy":"post_tag","embeddable":true,"href":"https:\/\/www.africa-press.net\/centrafricaine\/wp-json\/wp\/v2\/tags?post=44751"}],"curies":[{"name":"wp","href":"https:\/\/api.w.org\/{rel}","templated":true}]}}