{"id":45792,"date":"2023-09-16T15:22:58","date_gmt":"2023-09-16T15:22:58","guid":{"rendered":"https:\/\/www.africa-press.net\/centrafricaine\/politique\/lecole-gobongo-prete-a-accueillir-ses-eleves-dici-la-rentree"},"modified":"2023-09-16T16:01:59","modified_gmt":"2023-09-16T16:01:59","slug":"lecole-gobongo-prete-a-accueillir-ses-eleves-dici-la-rentree","status":"publish","type":"post","link":"https:\/\/www.africa-press.net\/centrafricaine\/culture-et-art\/lecole-gobongo-prete-a-accueillir-ses-eleves-dici-la-rentree","title":{"rendered":"l\u2019\u00e9cole Gobongo pr\u00eate \u00e0 accueillir ses \u00e9l\u00e8ves d\u2019ici la rentr\u00e9e"},"content":{"rendered":"<p><span style=\"color: #ff6600\"><strong>Africa-Press &#8211; CentrAfricaine. <\/strong><\/span>A quelques jours de le rentre\u0301e des classes fixe\u0301e le 18 Septembre, les responsables des e\u0301coles Gobongo Filles et Garc\u0327ons a\u0300 pied d\u2019\u0153uvre depuis quelques jours dans le nettoyage et les pre\u0301paratifs de la dite rentre\u0301e se disent pre\u0302ts a\u0300 accueillir leurs e\u0301le\u0300ves d\u2019ici le lundi.<\/p>\n<p>Cours de\u0301sherbe\u0301es, classes nettoye\u0301s, formalite\u0301s administratives relatives a\u0300 la reprise des classes, telles sont les principales occupations des responsables des e\u0301coles Gobongo filles et garc\u0327ons qui s\u2019attellent depuis quelques semaines de\u0301ja\u0300 a\u0300 cre\u0301er les conditions pour une meilleure rentre\u0301e de leurs e\u0301le\u0300ves. Comme l\u2019a pu le constater notre re\u0301daction, tout est mis en \u0153uvre pour une rentre\u0301e effective a\u0300 la date pre\u0301vue.<\/p>\n<p><b>\u00ab C\u2019est depuis le de\u0301but du mois que nous au niveau de l\u2019administration avons repris le travail afin de pre\u0301parer la rentre\u0301e acade\u0301mique au titre de l\u2019anne\u0301e 2023-2024. Avec quelques parents d\u2019e\u0301le\u0300ves qui ont accepte\u0301 de nous aider dans le nettoyage de l\u2019e\u0301cole, nous avons pu rendre la cour et les salles de classes propres pour accueillir les e\u0301le\u0300ves \u00bb<\/b> a fait savoir Jacques Ndomete\u0301, enseignant a\u0300 l\u2019e\u0301cole Gobongo Filles.<\/p>\n<p>Selon le calendrier fixe\u0301 par le ministe\u0300re de l\u2019e\u0301ducation nationale, la date de la rentre\u0301e pe\u0301dagogique au titre de l\u2019anne\u0301e 2023-2024 est fixe\u0301e au lundi 18 septembre, ce qui signifie que toutes les e\u0301coles a\u0300 aujourd\u2019hui devraient e\u0302tre pre\u0302tes a\u0300 accueillir les e\u0301le\u0300ves d\u2019ici le 18 septembre.<\/p>\n<p><b>Source: Ndjoni Sango<\/b><\/p>\n<p><strong>Pour plus d&rsquo;informations et d&rsquo;analyses sur la <a href=\"https:\/\/www.africa-press.net\/centrafricaine\">CentrAfricaine<\/a>, suivez <a href=\"https:\/\/www.africa-press.net\/\">Africa-Press<\/a><\/strong><\/p>\n","protected":false},"excerpt":{"rendered":"<p>Africa-Press &#8211; CentrAfricaine. A quelques jours de le rentre\u0301e des classes fixe\u0301e le 18 Septembre, les responsables des e\u0301coles Gobongo Filles et Garc\u0327ons a\u0300 pied d\u2019\u0153uvre depuis quelques jours dans le nettoyage et les pre\u0301paratifs de la dite rentre\u0301e se disent pre\u0302ts a\u0300 accueillir leurs e\u0301le\u0300ves d\u2019ici le lundi. Cours de\u0301sherbe\u0301es, classes nettoye\u0301s, formalite\u0301s administratives [&hellip;]<\/p>\n","protected":false},"author":82,"featured_media":45790,"comment_status":"open","ping_status":"closed","sticky":false,"template":"","format":"standard","meta":{"footnotes":""},"categories":[5,10],"tags":[36,58,30,41,4438,4437,4436,3032],"class_list":["post-45792","post","type-post","status-publish","format-standard","has-post-thumbnail","hentry","category-culture-et-art","category-toutes-les-actualites","tag-africa-press","tag-africa-press-centrafricaine","tag-centrafricaine","tag-centrafrique","tag-ecole-gobongo","tag-ecoles-gobongo-filles-et-garcons","tag-jacques-ndomete","tag-rentree-scolaire"],"yoast_head":"<!-- This site is optimized with the Yoast SEO Premium plugin v26.1 (Yoast SEO v27.0) - https:\/\/yoast.com\/product\/yoast-seo-premium-wordpress\/ -->\n<title>l\u2019\u00e9cole Gobongo pr\u00eate \u00e0 accueillir ses \u00e9l\u00e8ves d\u2019ici la rentr\u00e9e - centrafricaine<\/title>\n<meta name=\"description\" content=\"A quelques jours de le rentre\u0301e des classes fixe\u0301e le 18 Septembre, les responsables des e\u0301coles Gobongo Filles et Garc\u0327 ...\" \/>\n<meta name=\"robots\" content=\"index, follow, max-snippet:-1, max-image-preview:large, max-video-preview:-1\" \/>\n<link rel=\"canonical\" href=\"https:\/\/www.africa-press.net\/centrafricaine\/culture-et-art\/lecole-gobongo-prete-a-accueillir-ses-eleves-dici-la-rentree\" \/>\n<meta property=\"og:locale\" content=\"fr_FR\" \/>\n<meta property=\"og:type\" content=\"article\" \/>\n<meta property=\"og:title\" content=\"l\u2019\u00e9cole Gobongo pr\u00eate \u00e0 accueillir ses \u00e9l\u00e8ves d\u2019ici la rentr\u00e9e\" \/>\n<meta property=\"og:description\" content=\"A quelques jours de le rentre\u0301e des classes fixe\u0301e le 18 Septembre, les responsables des e\u0301coles Gobongo Filles et Garc\u0327 ...\" \/>\n<meta property=\"og:url\" content=\"https:\/\/www.africa-press.net\/centrafricaine\/culture-et-art\/lecole-gobongo-prete-a-accueillir-ses-eleves-dici-la-rentree\" \/>\n<meta property=\"og:site_name\" content=\"centrafricaine\" \/>\n<meta property=\"article:published_time\" content=\"2023-09-16T15:22:58+00:00\" \/>\n<meta property=\"article:modified_time\" content=\"2023-09-16T16:01:59+00:00\" \/>\n<meta property=\"og:image\" content=\"https:\/\/static.africa-press.net\/centrafricaine\/sites\/45\/2023\/09\/sm_1694867469.81541.jpg\" \/>\n\t<meta property=\"og:image:width\" content=\"717\" \/>\n\t<meta property=\"og:image:height\" content=\"425\" \/>\n\t<meta property=\"og:image:type\" content=\"image\/jpeg\" \/>\n<meta name=\"author\" content=\"cfeditorfr\" \/>\n<meta name=\"twitter:card\" content=\"summary_large_image\" \/>\n<meta name=\"twitter:label1\" content=\"\u00c9crit par\" \/>\n\t<meta name=\"twitter:data1\" content=\"cfeditorfr\" \/>\n\t<meta name=\"twitter:label2\" content=\"Dur\u00e9e de lecture estim\u00e9e\" \/>\n\t<meta name=\"twitter:data2\" content=\"2 minutes\" \/>\n<script type=\"application\/ld+json\" class=\"yoast-schema-graph\">{\"@context\":\"https:\/\/schema.org\",\"@graph\":[{\"@type\":\"Article\",\"@id\":\"https:\/\/www.africa-press.net\/centrafricaine\/culture-et-art\/lecole-gobongo-prete-a-accueillir-ses-eleves-dici-la-rentree#article\",\"isPartOf\":{\"@id\":\"https:\/\/www.africa-press.net\/centrafricaine\/culture-et-art\/lecole-gobongo-prete-a-accueillir-ses-eleves-dici-la-rentree\"},\"author\":{\"name\":\"cfeditorfr\",\"@id\":\"https:\/\/www.africa-press.net\/centrafricaine\/#\/schema\/person\/2b1cf3cd81a31e3cd26889ca66d677f1\"},\"headline\":\"l\u2019\u00e9cole Gobongo pr\u00eate \u00e0 accueillir ses \u00e9l\u00e8ves d\u2019ici la rentr\u00e9e\",\"datePublished\":\"2023-09-16T15:22:58+00:00\",\"dateModified\":\"2023-09-16T16:01:59+00:00\",\"mainEntityOfPage\":{\"@id\":\"https:\/\/www.africa-press.net\/centrafricaine\/culture-et-art\/lecole-gobongo-prete-a-accueillir-ses-eleves-dici-la-rentree\"},\"wordCount\":311,\"commentCount\":0,\"image\":{\"@id\":\"https:\/\/www.africa-press.net\/centrafricaine\/culture-et-art\/lecole-gobongo-prete-a-accueillir-ses-eleves-dici-la-rentree#primaryimage\"},\"thumbnailUrl\":\"https:\/\/static.africa-press.net\/centrafricaine\/sites\/45\/2023\/09\/sm_1694867469.81541.jpg\",\"keywords\":[\"Africa Press\",\"Africa Press-CentrAfricaine\",\"CentrAfricaine\",\"Centrafrique\",\"\u00e9cole Gobongo\",\"\u00e9coles Gobongo Filles et Gar\u00e7ons\",\"Jacques\u00a0 Ndomet\u00e9\",\"rentr\u00e9e scolaire\"],\"articleSection\":[\"Culture et Art\",\"Toutes les actualit\u00e9s\"],\"inLanguage\":\"fr-FR\",\"potentialAction\":[{\"@type\":\"CommentAction\",\"name\":\"Comment\",\"target\":[\"https:\/\/www.africa-press.net\/centrafricaine\/culture-et-art\/lecole-gobongo-prete-a-accueillir-ses-eleves-dici-la-rentree#respond\"]}]},{\"@type\":\"WebPage\",\"@id\":\"https:\/\/www.africa-press.net\/centrafricaine\/culture-et-art\/lecole-gobongo-prete-a-accueillir-ses-eleves-dici-la-rentree\",\"url\":\"https:\/\/www.africa-press.net\/centrafricaine\/culture-et-art\/lecole-gobongo-prete-a-accueillir-ses-eleves-dici-la-rentree\",\"name\":\"l\u2019\u00e9cole Gobongo pr\u00eate \u00e0 accueillir ses \u00e9l\u00e8ves d\u2019ici la rentr\u00e9e - centrafricaine\",\"isPartOf\":{\"@id\":\"https:\/\/www.africa-press.net\/centrafricaine\/#website\"},\"primaryImageOfPage\":{\"@id\":\"https:\/\/www.africa-press.net\/centrafricaine\/culture-et-art\/lecole-gobongo-prete-a-accueillir-ses-eleves-dici-la-rentree#primaryimage\"},\"image\":{\"@id\":\"https:\/\/www.africa-press.net\/centrafricaine\/culture-et-art\/lecole-gobongo-prete-a-accueillir-ses-eleves-dici-la-rentree#primaryimage\"},\"thumbnailUrl\":\"https:\/\/static.africa-press.net\/centrafricaine\/sites\/45\/2023\/09\/sm_1694867469.81541.jpg\",\"datePublished\":\"2023-09-16T15:22:58+00:00\",\"dateModified\":\"2023-09-16T16:01:59+00:00\",\"author\":{\"@id\":\"https:\/\/www.africa-press.net\/centrafricaine\/#\/schema\/person\/2b1cf3cd81a31e3cd26889ca66d677f1\"},\"description\":\"A quelques jours de le rentre\u0301e des classes fixe\u0301e le 18 Septembre, les responsables des e\u0301coles Gobongo Filles et Garc\u0327 ...\",\"breadcrumb\":{\"@id\":\"https:\/\/www.africa-press.net\/centrafricaine\/culture-et-art\/lecole-gobongo-prete-a-accueillir-ses-eleves-dici-la-rentree#breadcrumb\"},\"inLanguage\":\"fr-FR\",\"potentialAction\":[{\"@type\":\"ReadAction\",\"target\":[\"https:\/\/www.africa-press.net\/centrafricaine\/culture-et-art\/lecole-gobongo-prete-a-accueillir-ses-eleves-dici-la-rentree\"]}]},{\"@type\":\"ImageObject\",\"inLanguage\":\"fr-FR\",\"@id\":\"https:\/\/www.africa-press.net\/centrafricaine\/culture-et-art\/lecole-gobongo-prete-a-accueillir-ses-eleves-dici-la-rentree#primaryimage\",\"url\":\"https:\/\/static.africa-press.net\/centrafricaine\/sites\/45\/2023\/09\/sm_1694867469.81541.jpg\",\"contentUrl\":\"https:\/\/static.africa-press.net\/centrafricaine\/sites\/45\/2023\/09\/sm_1694867469.81541.jpg\",\"width\":717,\"height\":425,\"caption\":\"l\u2019\u00e9cole Gobongo pr\u00eate \u00e0 accueillir ses \u00e9l\u00e8ves d\u2019ici la rentr\u00e9e\"},{\"@type\":\"BreadcrumbList\",\"@id\":\"https:\/\/www.africa-press.net\/centrafricaine\/culture-et-art\/lecole-gobongo-prete-a-accueillir-ses-eleves-dici-la-rentree#breadcrumb\",\"itemListElement\":[{\"@type\":\"ListItem\",\"position\":1,\"name\":\"Accueil\",\"item\":\"https:\/\/www.africa-press.net\/centrafricaine\/\"},{\"@type\":\"ListItem\",\"position\":2,\"name\":\"l\u2019\u00e9cole Gobongo pr\u00eate \u00e0 accueillir ses \u00e9l\u00e8ves d\u2019ici la rentr\u00e9e\"}]},{\"@type\":\"WebSite\",\"@id\":\"https:\/\/www.africa-press.net\/centrafricaine\/#website\",\"url\":\"https:\/\/www.africa-press.net\/centrafricaine\/\",\"name\":\"centrafricaine\",\"description\":\"Just another Africa News Agency Sites site\",\"potentialAction\":[{\"@type\":\"SearchAction\",\"target\":{\"@type\":\"EntryPoint\",\"urlTemplate\":\"https:\/\/www.africa-press.net\/centrafricaine\/?s={search_term_string}\"},\"query-input\":{\"@type\":\"PropertyValueSpecification\",\"valueRequired\":true,\"valueName\":\"search_term_string\"}}],\"inLanguage\":\"fr-FR\"},{\"@type\":\"Person\",\"@id\":\"https:\/\/www.africa-press.net\/centrafricaine\/#\/schema\/person\/2b1cf3cd81a31e3cd26889ca66d677f1\",\"name\":\"cfeditorfr\"}]}<\/script>\n<!-- \/ Yoast SEO Premium plugin. -->","yoast_head_json":{"title":"l\u2019\u00e9cole Gobongo pr\u00eate \u00e0 accueillir ses \u00e9l\u00e8ves d\u2019ici la rentr\u00e9e - centrafricaine","description":"A quelques jours de le rentre\u0301e des classes fixe\u0301e le 18 Septembre, les responsables des e\u0301coles Gobongo Filles et Garc\u0327 ...","robots":{"index":"index","follow":"follow","max-snippet":"max-snippet:-1","max-image-preview":"max-image-preview:large","max-video-preview":"max-video-preview:-1"},"canonical":"https:\/\/www.africa-press.net\/centrafricaine\/culture-et-art\/lecole-gobongo-prete-a-accueillir-ses-eleves-dici-la-rentree","og_locale":"fr_FR","og_type":"article","og_title":"l\u2019\u00e9cole Gobongo pr\u00eate \u00e0 accueillir ses \u00e9l\u00e8ves d\u2019ici la rentr\u00e9e","og_description":"A quelques jours de le rentre\u0301e des classes fixe\u0301e le 18 Septembre, les responsables des e\u0301coles Gobongo Filles et Garc\u0327 ...","og_url":"https:\/\/www.africa-press.net\/centrafricaine\/culture-et-art\/lecole-gobongo-prete-a-accueillir-ses-eleves-dici-la-rentree","og_site_name":"centrafricaine","article_published_time":"2023-09-16T15:22:58+00:00","article_modified_time":"2023-09-16T16:01:59+00:00","og_image":[{"width":717,"height":425,"url":"https:\/\/static.africa-press.net\/centrafricaine\/sites\/45\/2023\/09\/sm_1694867469.81541.jpg","type":"image\/jpeg"}],"author":"cfeditorfr","twitter_card":"summary_large_image","twitter_misc":{"\u00c9crit par":"cfeditorfr","Dur\u00e9e de lecture estim\u00e9e":"2 minutes"},"schema":{"@context":"https:\/\/schema.org","@graph":[{"@type":"Article","@id":"https:\/\/www.africa-press.net\/centrafricaine\/culture-et-art\/lecole-gobongo-prete-a-accueillir-ses-eleves-dici-la-rentree#article","isPartOf":{"@id":"https:\/\/www.africa-press.net\/centrafricaine\/culture-et-art\/lecole-gobongo-prete-a-accueillir-ses-eleves-dici-la-rentree"},"author":{"name":"cfeditorfr","@id":"https:\/\/www.africa-press.net\/centrafricaine\/#\/schema\/person\/2b1cf3cd81a31e3cd26889ca66d677f1"},"headline":"l\u2019\u00e9cole Gobongo pr\u00eate \u00e0 accueillir ses \u00e9l\u00e8ves d\u2019ici la rentr\u00e9e","datePublished":"2023-09-16T15:22:58+00:00","dateModified":"2023-09-16T16:01:59+00:00","mainEntityOfPage":{"@id":"https:\/\/www.africa-press.net\/centrafricaine\/culture-et-art\/lecole-gobongo-prete-a-accueillir-ses-eleves-dici-la-rentree"},"wordCount":311,"commentCount":0,"image":{"@id":"https:\/\/www.africa-press.net\/centrafricaine\/culture-et-art\/lecole-gobongo-prete-a-accueillir-ses-eleves-dici-la-rentree#primaryimage"},"thumbnailUrl":"https:\/\/static.africa-press.net\/centrafricaine\/sites\/45\/2023\/09\/sm_1694867469.81541.jpg","keywords":["Africa Press","Africa Press-CentrAfricaine","CentrAfricaine","Centrafrique","\u00e9cole Gobongo","\u00e9coles Gobongo Filles et Gar\u00e7ons","Jacques\u00a0 Ndomet\u00e9","rentr\u00e9e scolaire"],"articleSection":["Culture et Art","Toutes les actualit\u00e9s"],"inLanguage":"fr-FR","potentialAction":[{"@type":"CommentAction","name":"Comment","target":["https:\/\/www.africa-press.net\/centrafricaine\/culture-et-art\/lecole-gobongo-prete-a-accueillir-ses-eleves-dici-la-rentree#respond"]}]},{"@type":"WebPage","@id":"https:\/\/www.africa-press.net\/centrafricaine\/culture-et-art\/lecole-gobongo-prete-a-accueillir-ses-eleves-dici-la-rentree","url":"https:\/\/www.africa-press.net\/centrafricaine\/culture-et-art\/lecole-gobongo-prete-a-accueillir-ses-eleves-dici-la-rentree","name":"l\u2019\u00e9cole Gobongo pr\u00eate \u00e0 accueillir ses \u00e9l\u00e8ves d\u2019ici la rentr\u00e9e - centrafricaine","isPartOf":{"@id":"https:\/\/www.africa-press.net\/centrafricaine\/#website"},"primaryImageOfPage":{"@id":"https:\/\/www.africa-press.net\/centrafricaine\/culture-et-art\/lecole-gobongo-prete-a-accueillir-ses-eleves-dici-la-rentree#primaryimage"},"image":{"@id":"https:\/\/www.africa-press.net\/centrafricaine\/culture-et-art\/lecole-gobongo-prete-a-accueillir-ses-eleves-dici-la-rentree#primaryimage"},"thumbnailUrl":"https:\/\/static.africa-press.net\/centrafricaine\/sites\/45\/2023\/09\/sm_1694867469.81541.jpg","datePublished":"2023-09-16T15:22:58+00:00","dateModified":"2023-09-16T16:01:59+00:00","author":{"@id":"https:\/\/www.africa-press.net\/centrafricaine\/#\/schema\/person\/2b1cf3cd81a31e3cd26889ca66d677f1"},"description":"A quelques jours de le rentre\u0301e des classes fixe\u0301e le 18 Septembre, les responsables des e\u0301coles Gobongo Filles et Garc\u0327 ...","breadcrumb":{"@id":"https:\/\/www.africa-press.net\/centrafricaine\/culture-et-art\/lecole-gobongo-prete-a-accueillir-ses-eleves-dici-la-rentree#breadcrumb"},"inLanguage":"fr-FR","potentialAction":[{"@type":"ReadAction","target":["https:\/\/www.africa-press.net\/centrafricaine\/culture-et-art\/lecole-gobongo-prete-a-accueillir-ses-eleves-dici-la-rentree"]}]},{"@type":"ImageObject","inLanguage":"fr-FR","@id":"https:\/\/www.africa-press.net\/centrafricaine\/culture-et-art\/lecole-gobongo-prete-a-accueillir-ses-eleves-dici-la-rentree#primaryimage","url":"https:\/\/static.africa-press.net\/centrafricaine\/sites\/45\/2023\/09\/sm_1694867469.81541.jpg","contentUrl":"https:\/\/static.africa-press.net\/centrafricaine\/sites\/45\/2023\/09\/sm_1694867469.81541.jpg","width":717,"height":425,"caption":"l\u2019\u00e9cole Gobongo pr\u00eate \u00e0 accueillir ses \u00e9l\u00e8ves d\u2019ici la rentr\u00e9e"},{"@type":"BreadcrumbList","@id":"https:\/\/www.africa-press.net\/centrafricaine\/culture-et-art\/lecole-gobongo-prete-a-accueillir-ses-eleves-dici-la-rentree#breadcrumb","itemListElement":[{"@type":"ListItem","position":1,"name":"Accueil","item":"https:\/\/www.africa-press.net\/centrafricaine\/"},{"@type":"ListItem","position":2,"name":"l\u2019\u00e9cole Gobongo pr\u00eate \u00e0 accueillir ses \u00e9l\u00e8ves d\u2019ici la rentr\u00e9e"}]},{"@type":"WebSite","@id":"https:\/\/www.africa-press.net\/centrafricaine\/#website","url":"https:\/\/www.africa-press.net\/centrafricaine\/","name":"centrafricaine","description":"Just another Africa News Agency Sites site","potentialAction":[{"@type":"SearchAction","target":{"@type":"EntryPoint","urlTemplate":"https:\/\/www.africa-press.net\/centrafricaine\/?s={search_term_string}"},"query-input":{"@type":"PropertyValueSpecification","valueRequired":true,"valueName":"search_term_string"}}],"inLanguage":"fr-FR"},{"@type":"Person","@id":"https:\/\/www.africa-press.net\/centrafricaine\/#\/schema\/person\/2b1cf3cd81a31e3cd26889ca66d677f1","name":"cfeditorfr"}]}},"_links":{"self":[{"href":"https:\/\/www.africa-press.net\/centrafricaine\/wp-json\/wp\/v2\/posts\/45792","targetHints":{"allow":["GET"]}}],"collection":[{"href":"https:\/\/www.africa-press.net\/centrafricaine\/wp-json\/wp\/v2\/posts"}],"about":[{"href":"https:\/\/www.africa-press.net\/centrafricaine\/wp-json\/wp\/v2\/types\/post"}],"author":[{"embeddable":true,"href":"https:\/\/www.africa-press.net\/centrafricaine\/wp-json\/wp\/v2\/users\/82"}],"replies":[{"embeddable":true,"href":"https:\/\/www.africa-press.net\/centrafricaine\/wp-json\/wp\/v2\/comments?post=45792"}],"version-history":[{"count":0,"href":"https:\/\/www.africa-press.net\/centrafricaine\/wp-json\/wp\/v2\/posts\/45792\/revisions"}],"wp:featuredmedia":[{"embeddable":true,"href":"https:\/\/www.africa-press.net\/centrafricaine\/wp-json\/wp\/v2\/media\/45790"}],"wp:attachment":[{"href":"https:\/\/www.africa-press.net\/centrafricaine\/wp-json\/wp\/v2\/media?parent=45792"}],"wp:term":[{"taxonomy":"category","embeddable":true,"href":"https:\/\/www.africa-press.net\/centrafricaine\/wp-json\/wp\/v2\/categories?post=45792"},{"taxonomy":"post_tag","embeddable":true,"href":"https:\/\/www.africa-press.net\/centrafricaine\/wp-json\/wp\/v2\/tags?post=45792"}],"curies":[{"name":"wp","href":"https:\/\/api.w.org\/{rel}","templated":true}]}}