{"id":46444,"date":"2023-09-25T14:27:09","date_gmt":"2023-09-25T14:27:09","guid":{"rendered":"https:\/\/www.africa-press.net\/centrafricaine\/politique\/une-timidite-rentree-scolaire-a-bangui"},"modified":"2023-09-25T16:15:27","modified_gmt":"2023-09-25T16:15:27","slug":"une-timidite-rentree-scolaire-a-bangui","status":"publish","type":"post","link":"https:\/\/www.africa-press.net\/centrafricaine\/culture-et-art\/une-timidite-rentree-scolaire-a-bangui","title":{"rendered":"une timidit\u00e9 rentr\u00e9e scolaire \u00e0 Bangui"},"content":{"rendered":"<p><span style=\"color: #ff6600\"><strong>Africa-Press &#8211; CentrAfricaine. <\/strong><\/span>Alors que conforme\u0301ment au semainier scolaire de l\u2019anne\u0301e acade\u0301mique 2023-2024, la rentre\u0301e scolaire est effective depuis le 18 septembre, nombreux sont les e\u0301tablissements surtout publics qui peinent a\u0300 entamer normalement les cours amenant plus d\u2019un a\u0300 s\u2019interroger sur les raisons de la timidite\u0301 observe\u0301e pour cette rentre\u0301e.<\/p>\n<p>Il suffit de faire un tour ce jour pour se rendre a\u0300 l\u2019e\u0301vidence que la rentre\u0301e acade\u0301mique de cette anne\u0301e est encore timide dans de nombreux lyce\u0301es et e\u0301coles publics de Bangui. En effet et pour plusieurs raisons, des enseignants et des e\u0301le\u0300ves n\u2019ont pas encore repris effectivement le chemin des classes ou\u0300 ils devraient y e\u0302tre il y\u2019a une semaine.<\/p>\n<p>Cette situation observe\u0301e ne touche pas que les e\u0301tablissements publics car certaines e\u0301coles prive\u0301es de la capitale n\u2019ont pas encore atteint leurs effectifs habituels et fonctionnent au ralenti.<\/p>\n<p>Pour un enseignant a\u0300 l\u2019e\u0301cole Gobongo fille <b>: \u00ab plusieurs raisons expliquent la timidite\u0301 qu\u2019on observe actuellement par rapport a\u0300 la rentre\u0301e de cette anne\u0301e. Il y\u2019a entre autre le fait que de nombreux parents sans percevoir le salaire ne peuvent e\u0302tre pre\u0302ts a\u0300 envoyer leurs enfants a\u0300 l\u2019e\u0301cole parce qu\u2019ils ne leur ont pas fourni le ne\u0301cessaire et payer les frais de scolarite\u0301 et du co\u0302te\u0301 des enseignants, il y\u2019a des attentes relatives a\u0300 l\u2019ame\u0301lioration de leurs conditions de travail qui conditionnent leurs retours dans les classes \u00bb<\/b> a-t-il souligne\u0301.<\/p>\n<p>Il souhaite par ailleurs que le gouvernement fasse preuve de diligence en entamant des discussions avec les enseignants pour rendre la rentre\u0301e effective car il en va de l\u2019avenir du pays.<\/p>\n<p><b>Source: Ndjoni Sango<\/b><\/p>\n<p><strong>Pour plus d&rsquo;informations et d&rsquo;analyses sur la <a href=\"https:\/\/www.africa-press.net\/centrafricaine\">CentrAfricaine<\/a>, suivez <a href=\"https:\/\/www.africa-press.net\/\">Africa-Press<\/a><\/strong><\/p>\n","protected":false},"excerpt":{"rendered":"<p>Africa-Press &#8211; CentrAfricaine. Alors que conforme\u0301ment au semainier scolaire de l\u2019anne\u0301e acade\u0301mique 2023-2024, la rentre\u0301e scolaire est effective depuis le 18 septembre, nombreux sont les e\u0301tablissements surtout publics qui peinent a\u0300 entamer normalement les cours amenant plus d\u2019un a\u0300 s\u2019interroger sur les raisons de la timidite\u0301 observe\u0301e pour cette rentre\u0301e. Il suffit de faire un [&hellip;]<\/p>\n","protected":false},"author":82,"featured_media":46443,"comment_status":"open","ping_status":"closed","sticky":false,"template":"","format":"standard","meta":{"footnotes":""},"categories":[5,10],"tags":[36,58,339,30,41,3032],"class_list":["post-46444","post","type-post","status-publish","format-standard","has-post-thumbnail","hentry","category-culture-et-art","category-toutes-les-actualites","tag-africa-press","tag-africa-press-centrafricaine","tag-bangui","tag-centrafricaine","tag-centrafrique","tag-rentree-scolaire"],"yoast_head":"<!-- This site is optimized with the Yoast SEO Premium plugin v26.1 (Yoast SEO v27.0) - https:\/\/yoast.com\/product\/yoast-seo-premium-wordpress\/ -->\n<title>une timidit\u00e9 rentr\u00e9e scolaire \u00e0 Bangui - centrafricaine<\/title>\n<meta name=\"description\" content=\"Alors que conforme\u0301ment au semainier scolaire de l\u2019anne\u0301e acade\u0301mique 2023-2024, la rentre\u0301e scolaire est effective depu ...\" \/>\n<meta name=\"robots\" content=\"index, follow, max-snippet:-1, max-image-preview:large, max-video-preview:-1\" \/>\n<link rel=\"canonical\" href=\"https:\/\/www.africa-press.net\/centrafricaine\/culture-et-art\/une-timidite-rentree-scolaire-a-bangui\" \/>\n<meta property=\"og:locale\" content=\"fr_FR\" \/>\n<meta property=\"og:type\" content=\"article\" \/>\n<meta property=\"og:title\" content=\"une timidit\u00e9 rentr\u00e9e scolaire \u00e0 Bangui\" \/>\n<meta property=\"og:description\" content=\"Alors que conforme\u0301ment au semainier scolaire de l\u2019anne\u0301e acade\u0301mique 2023-2024, la rentre\u0301e scolaire est effective depu ...\" \/>\n<meta property=\"og:url\" content=\"https:\/\/www.africa-press.net\/centrafricaine\/culture-et-art\/une-timidite-rentree-scolaire-a-bangui\" \/>\n<meta property=\"og:site_name\" content=\"centrafricaine\" \/>\n<meta property=\"article:published_time\" content=\"2023-09-25T14:27:09+00:00\" \/>\n<meta property=\"article:modified_time\" content=\"2023-09-25T16:15:27+00:00\" \/>\n<meta property=\"og:image\" content=\"https:\/\/static.africa-press.net\/centrafricaine\/sites\/45\/2023\/09\/sm_1695640067.961546.jpg\" \/>\n\t<meta property=\"og:image:width\" content=\"716\" \/>\n\t<meta property=\"og:image:height\" content=\"431\" \/>\n\t<meta property=\"og:image:type\" content=\"image\/jpeg\" \/>\n<meta name=\"author\" content=\"cfeditorfr\" \/>\n<meta name=\"twitter:card\" content=\"summary_large_image\" \/>\n<meta name=\"twitter:label1\" content=\"\u00c9crit par\" \/>\n\t<meta name=\"twitter:data1\" content=\"cfeditorfr\" \/>\n\t<meta name=\"twitter:label2\" content=\"Dur\u00e9e de lecture estim\u00e9e\" \/>\n\t<meta name=\"twitter:data2\" content=\"2 minutes\" \/>\n<script type=\"application\/ld+json\" class=\"yoast-schema-graph\">{\"@context\":\"https:\/\/schema.org\",\"@graph\":[{\"@type\":\"Article\",\"@id\":\"https:\/\/www.africa-press.net\/centrafricaine\/culture-et-art\/une-timidite-rentree-scolaire-a-bangui#article\",\"isPartOf\":{\"@id\":\"https:\/\/www.africa-press.net\/centrafricaine\/culture-et-art\/une-timidite-rentree-scolaire-a-bangui\"},\"author\":{\"name\":\"cfeditorfr\",\"@id\":\"https:\/\/www.africa-press.net\/centrafricaine\/#\/schema\/person\/2b1cf3cd81a31e3cd26889ca66d677f1\"},\"headline\":\"une timidit\u00e9 rentr\u00e9e scolaire \u00e0 Bangui\",\"datePublished\":\"2023-09-25T14:27:09+00:00\",\"dateModified\":\"2023-09-25T16:15:27+00:00\",\"mainEntityOfPage\":{\"@id\":\"https:\/\/www.africa-press.net\/centrafricaine\/culture-et-art\/une-timidite-rentree-scolaire-a-bangui\"},\"wordCount\":323,\"commentCount\":0,\"image\":{\"@id\":\"https:\/\/www.africa-press.net\/centrafricaine\/culture-et-art\/une-timidite-rentree-scolaire-a-bangui#primaryimage\"},\"thumbnailUrl\":\"https:\/\/static.africa-press.net\/centrafricaine\/sites\/45\/2023\/09\/sm_1695640067.961546.jpg\",\"keywords\":[\"Africa Press\",\"Africa Press-CentrAfricaine\",\"Bangui\",\"CentrAfricaine\",\"Centrafrique\",\"rentr\u00e9e scolaire\"],\"articleSection\":[\"Culture et Art\",\"Toutes les actualit\u00e9s\"],\"inLanguage\":\"fr-FR\",\"potentialAction\":[{\"@type\":\"CommentAction\",\"name\":\"Comment\",\"target\":[\"https:\/\/www.africa-press.net\/centrafricaine\/culture-et-art\/une-timidite-rentree-scolaire-a-bangui#respond\"]}]},{\"@type\":\"WebPage\",\"@id\":\"https:\/\/www.africa-press.net\/centrafricaine\/culture-et-art\/une-timidite-rentree-scolaire-a-bangui\",\"url\":\"https:\/\/www.africa-press.net\/centrafricaine\/culture-et-art\/une-timidite-rentree-scolaire-a-bangui\",\"name\":\"une timidit\u00e9 rentr\u00e9e scolaire \u00e0 Bangui - centrafricaine\",\"isPartOf\":{\"@id\":\"https:\/\/www.africa-press.net\/centrafricaine\/#website\"},\"primaryImageOfPage\":{\"@id\":\"https:\/\/www.africa-press.net\/centrafricaine\/culture-et-art\/une-timidite-rentree-scolaire-a-bangui#primaryimage\"},\"image\":{\"@id\":\"https:\/\/www.africa-press.net\/centrafricaine\/culture-et-art\/une-timidite-rentree-scolaire-a-bangui#primaryimage\"},\"thumbnailUrl\":\"https:\/\/static.africa-press.net\/centrafricaine\/sites\/45\/2023\/09\/sm_1695640067.961546.jpg\",\"datePublished\":\"2023-09-25T14:27:09+00:00\",\"dateModified\":\"2023-09-25T16:15:27+00:00\",\"author\":{\"@id\":\"https:\/\/www.africa-press.net\/centrafricaine\/#\/schema\/person\/2b1cf3cd81a31e3cd26889ca66d677f1\"},\"description\":\"Alors que conforme\u0301ment au semainier scolaire de l\u2019anne\u0301e acade\u0301mique 2023-2024, la rentre\u0301e scolaire est effective depu ...\",\"breadcrumb\":{\"@id\":\"https:\/\/www.africa-press.net\/centrafricaine\/culture-et-art\/une-timidite-rentree-scolaire-a-bangui#breadcrumb\"},\"inLanguage\":\"fr-FR\",\"potentialAction\":[{\"@type\":\"ReadAction\",\"target\":[\"https:\/\/www.africa-press.net\/centrafricaine\/culture-et-art\/une-timidite-rentree-scolaire-a-bangui\"]}]},{\"@type\":\"ImageObject\",\"inLanguage\":\"fr-FR\",\"@id\":\"https:\/\/www.africa-press.net\/centrafricaine\/culture-et-art\/une-timidite-rentree-scolaire-a-bangui#primaryimage\",\"url\":\"https:\/\/static.africa-press.net\/centrafricaine\/sites\/45\/2023\/09\/sm_1695640067.961546.jpg\",\"contentUrl\":\"https:\/\/static.africa-press.net\/centrafricaine\/sites\/45\/2023\/09\/sm_1695640067.961546.jpg\",\"width\":716,\"height\":431,\"caption\":\"une timidit\u00e9 rentr\u00e9e scolaire \u00e0 Bangui\"},{\"@type\":\"BreadcrumbList\",\"@id\":\"https:\/\/www.africa-press.net\/centrafricaine\/culture-et-art\/une-timidite-rentree-scolaire-a-bangui#breadcrumb\",\"itemListElement\":[{\"@type\":\"ListItem\",\"position\":1,\"name\":\"Accueil\",\"item\":\"https:\/\/www.africa-press.net\/centrafricaine\/\"},{\"@type\":\"ListItem\",\"position\":2,\"name\":\"une timidit\u00e9 rentr\u00e9e scolaire \u00e0 Bangui\"}]},{\"@type\":\"WebSite\",\"@id\":\"https:\/\/www.africa-press.net\/centrafricaine\/#website\",\"url\":\"https:\/\/www.africa-press.net\/centrafricaine\/\",\"name\":\"centrafricaine\",\"description\":\"Just another Africa News Agency Sites site\",\"potentialAction\":[{\"@type\":\"SearchAction\",\"target\":{\"@type\":\"EntryPoint\",\"urlTemplate\":\"https:\/\/www.africa-press.net\/centrafricaine\/?s={search_term_string}\"},\"query-input\":{\"@type\":\"PropertyValueSpecification\",\"valueRequired\":true,\"valueName\":\"search_term_string\"}}],\"inLanguage\":\"fr-FR\"},{\"@type\":\"Person\",\"@id\":\"https:\/\/www.africa-press.net\/centrafricaine\/#\/schema\/person\/2b1cf3cd81a31e3cd26889ca66d677f1\",\"name\":\"cfeditorfr\"}]}<\/script>\n<!-- \/ Yoast SEO Premium plugin. -->","yoast_head_json":{"title":"une timidit\u00e9 rentr\u00e9e scolaire \u00e0 Bangui - centrafricaine","description":"Alors que conforme\u0301ment au semainier scolaire de l\u2019anne\u0301e acade\u0301mique 2023-2024, la rentre\u0301e scolaire est effective depu ...","robots":{"index":"index","follow":"follow","max-snippet":"max-snippet:-1","max-image-preview":"max-image-preview:large","max-video-preview":"max-video-preview:-1"},"canonical":"https:\/\/www.africa-press.net\/centrafricaine\/culture-et-art\/une-timidite-rentree-scolaire-a-bangui","og_locale":"fr_FR","og_type":"article","og_title":"une timidit\u00e9 rentr\u00e9e scolaire \u00e0 Bangui","og_description":"Alors que conforme\u0301ment au semainier scolaire de l\u2019anne\u0301e acade\u0301mique 2023-2024, la rentre\u0301e scolaire est effective depu ...","og_url":"https:\/\/www.africa-press.net\/centrafricaine\/culture-et-art\/une-timidite-rentree-scolaire-a-bangui","og_site_name":"centrafricaine","article_published_time":"2023-09-25T14:27:09+00:00","article_modified_time":"2023-09-25T16:15:27+00:00","og_image":[{"width":716,"height":431,"url":"https:\/\/static.africa-press.net\/centrafricaine\/sites\/45\/2023\/09\/sm_1695640067.961546.jpg","type":"image\/jpeg"}],"author":"cfeditorfr","twitter_card":"summary_large_image","twitter_misc":{"\u00c9crit par":"cfeditorfr","Dur\u00e9e de lecture estim\u00e9e":"2 minutes"},"schema":{"@context":"https:\/\/schema.org","@graph":[{"@type":"Article","@id":"https:\/\/www.africa-press.net\/centrafricaine\/culture-et-art\/une-timidite-rentree-scolaire-a-bangui#article","isPartOf":{"@id":"https:\/\/www.africa-press.net\/centrafricaine\/culture-et-art\/une-timidite-rentree-scolaire-a-bangui"},"author":{"name":"cfeditorfr","@id":"https:\/\/www.africa-press.net\/centrafricaine\/#\/schema\/person\/2b1cf3cd81a31e3cd26889ca66d677f1"},"headline":"une timidit\u00e9 rentr\u00e9e scolaire \u00e0 Bangui","datePublished":"2023-09-25T14:27:09+00:00","dateModified":"2023-09-25T16:15:27+00:00","mainEntityOfPage":{"@id":"https:\/\/www.africa-press.net\/centrafricaine\/culture-et-art\/une-timidite-rentree-scolaire-a-bangui"},"wordCount":323,"commentCount":0,"image":{"@id":"https:\/\/www.africa-press.net\/centrafricaine\/culture-et-art\/une-timidite-rentree-scolaire-a-bangui#primaryimage"},"thumbnailUrl":"https:\/\/static.africa-press.net\/centrafricaine\/sites\/45\/2023\/09\/sm_1695640067.961546.jpg","keywords":["Africa Press","Africa Press-CentrAfricaine","Bangui","CentrAfricaine","Centrafrique","rentr\u00e9e scolaire"],"articleSection":["Culture et Art","Toutes les actualit\u00e9s"],"inLanguage":"fr-FR","potentialAction":[{"@type":"CommentAction","name":"Comment","target":["https:\/\/www.africa-press.net\/centrafricaine\/culture-et-art\/une-timidite-rentree-scolaire-a-bangui#respond"]}]},{"@type":"WebPage","@id":"https:\/\/www.africa-press.net\/centrafricaine\/culture-et-art\/une-timidite-rentree-scolaire-a-bangui","url":"https:\/\/www.africa-press.net\/centrafricaine\/culture-et-art\/une-timidite-rentree-scolaire-a-bangui","name":"une timidit\u00e9 rentr\u00e9e scolaire \u00e0 Bangui - centrafricaine","isPartOf":{"@id":"https:\/\/www.africa-press.net\/centrafricaine\/#website"},"primaryImageOfPage":{"@id":"https:\/\/www.africa-press.net\/centrafricaine\/culture-et-art\/une-timidite-rentree-scolaire-a-bangui#primaryimage"},"image":{"@id":"https:\/\/www.africa-press.net\/centrafricaine\/culture-et-art\/une-timidite-rentree-scolaire-a-bangui#primaryimage"},"thumbnailUrl":"https:\/\/static.africa-press.net\/centrafricaine\/sites\/45\/2023\/09\/sm_1695640067.961546.jpg","datePublished":"2023-09-25T14:27:09+00:00","dateModified":"2023-09-25T16:15:27+00:00","author":{"@id":"https:\/\/www.africa-press.net\/centrafricaine\/#\/schema\/person\/2b1cf3cd81a31e3cd26889ca66d677f1"},"description":"Alors que conforme\u0301ment au semainier scolaire de l\u2019anne\u0301e acade\u0301mique 2023-2024, la rentre\u0301e scolaire est effective depu ...","breadcrumb":{"@id":"https:\/\/www.africa-press.net\/centrafricaine\/culture-et-art\/une-timidite-rentree-scolaire-a-bangui#breadcrumb"},"inLanguage":"fr-FR","potentialAction":[{"@type":"ReadAction","target":["https:\/\/www.africa-press.net\/centrafricaine\/culture-et-art\/une-timidite-rentree-scolaire-a-bangui"]}]},{"@type":"ImageObject","inLanguage":"fr-FR","@id":"https:\/\/www.africa-press.net\/centrafricaine\/culture-et-art\/une-timidite-rentree-scolaire-a-bangui#primaryimage","url":"https:\/\/static.africa-press.net\/centrafricaine\/sites\/45\/2023\/09\/sm_1695640067.961546.jpg","contentUrl":"https:\/\/static.africa-press.net\/centrafricaine\/sites\/45\/2023\/09\/sm_1695640067.961546.jpg","width":716,"height":431,"caption":"une timidit\u00e9 rentr\u00e9e scolaire \u00e0 Bangui"},{"@type":"BreadcrumbList","@id":"https:\/\/www.africa-press.net\/centrafricaine\/culture-et-art\/une-timidite-rentree-scolaire-a-bangui#breadcrumb","itemListElement":[{"@type":"ListItem","position":1,"name":"Accueil","item":"https:\/\/www.africa-press.net\/centrafricaine\/"},{"@type":"ListItem","position":2,"name":"une timidit\u00e9 rentr\u00e9e scolaire \u00e0 Bangui"}]},{"@type":"WebSite","@id":"https:\/\/www.africa-press.net\/centrafricaine\/#website","url":"https:\/\/www.africa-press.net\/centrafricaine\/","name":"centrafricaine","description":"Just another Africa News Agency Sites site","potentialAction":[{"@type":"SearchAction","target":{"@type":"EntryPoint","urlTemplate":"https:\/\/www.africa-press.net\/centrafricaine\/?s={search_term_string}"},"query-input":{"@type":"PropertyValueSpecification","valueRequired":true,"valueName":"search_term_string"}}],"inLanguage":"fr-FR"},{"@type":"Person","@id":"https:\/\/www.africa-press.net\/centrafricaine\/#\/schema\/person\/2b1cf3cd81a31e3cd26889ca66d677f1","name":"cfeditorfr"}]}},"_links":{"self":[{"href":"https:\/\/www.africa-press.net\/centrafricaine\/wp-json\/wp\/v2\/posts\/46444","targetHints":{"allow":["GET"]}}],"collection":[{"href":"https:\/\/www.africa-press.net\/centrafricaine\/wp-json\/wp\/v2\/posts"}],"about":[{"href":"https:\/\/www.africa-press.net\/centrafricaine\/wp-json\/wp\/v2\/types\/post"}],"author":[{"embeddable":true,"href":"https:\/\/www.africa-press.net\/centrafricaine\/wp-json\/wp\/v2\/users\/82"}],"replies":[{"embeddable":true,"href":"https:\/\/www.africa-press.net\/centrafricaine\/wp-json\/wp\/v2\/comments?post=46444"}],"version-history":[{"count":0,"href":"https:\/\/www.africa-press.net\/centrafricaine\/wp-json\/wp\/v2\/posts\/46444\/revisions"}],"wp:featuredmedia":[{"embeddable":true,"href":"https:\/\/www.africa-press.net\/centrafricaine\/wp-json\/wp\/v2\/media\/46443"}],"wp:attachment":[{"href":"https:\/\/www.africa-press.net\/centrafricaine\/wp-json\/wp\/v2\/media?parent=46444"}],"wp:term":[{"taxonomy":"category","embeddable":true,"href":"https:\/\/www.africa-press.net\/centrafricaine\/wp-json\/wp\/v2\/categories?post=46444"},{"taxonomy":"post_tag","embeddable":true,"href":"https:\/\/www.africa-press.net\/centrafricaine\/wp-json\/wp\/v2\/tags?post=46444"}],"curies":[{"name":"wp","href":"https:\/\/api.w.org\/{rel}","templated":true}]}}