{"id":50907,"date":"2023-12-23T14:29:54","date_gmt":"2023-12-23T14:29:54","guid":{"rendered":"https:\/\/www.africa-press.net\/centrafricaine\/politique\/les-douanes-de-berberati-face-aux-defis-economiques-de-lheure"},"modified":"2023-12-23T15:46:26","modified_gmt":"2023-12-23T15:46:26","slug":"les-douanes-de-berberati-face-aux-defis-economiques-de-lheure","status":"publish","type":"post","link":"https:\/\/www.africa-press.net\/centrafricaine\/economie\/les-douanes-de-berberati-face-aux-defis-economiques-de-lheure","title":{"rendered":"les douanes de Berberati face aux d\u00e9fis \u00e9conomiques de l\u2019heure"},"content":{"rendered":"<p><span style=\"color: #ff6600\"><strong>Africa-Press &#8211; CentrAfricaine. <\/strong><\/span>Alors que la mission re\u0301galienne des douanes est de veiller a\u0300 la bonne entre\u0301e des recettes, celles-ci se voient parfois d\u2019un mauvais \u0153il part certains ope\u0301rateurs e\u0301conomiques ve\u0301reux. Un exemple est celui des douanes a\u0300 Berberati qui, en convoquant les acteurs e\u0301conomiques de la localite\u0301 pour s\u2019entendre sur un e\u0301ventuel contro\u0302le de routine avec l\u2019appui des forces, a e\u0301te\u0301 mal aperc\u0327u incitant ainsi a\u0300 un me\u0301contentement non fonde\u0301.<\/p>\n<p>La Re\u0301publique centrafricaine a connu des moments sombres de son histoire a\u0300 cause des conflits arme\u0301s qui se sont perpe\u0301tre\u0301s dans le pays. Cela a impacte\u0301 sur plusieurs domaines parmi lesquels, la croissance e\u0301conomique. D\u2019ou\u0300 l\u2019importance de relever le de\u0301fi apre\u0300s e\u0301conomique le retour de l\u2019autorite\u0301 de l\u2019Etat dans les villes inte\u0301rieures du pays.<\/p>\n<p>Mais cette relance est souvent vue d\u2019un mauvais \u0153il par certains ope\u0301rateurs e\u0301conomiques qui veulent seulement profiter sur le dos de l\u2019Etat pour maximiser leurs profits. Le re\u0301cent cas est enregistre\u0301 a\u0300 Berberati alors que la douane constatait des failles dans les recettes douanie\u0300res, celle-ci les a convoque\u0301s le 24 novembre dernier, puis alerter les autorite\u0301s locales afin d\u2019effectuer le contro\u0302le de routine avec l\u2019appui des forces. Cela est mal aperc\u0327u et que <b>David Dango<\/b>, receveur principal des douanes de Berberati s\u2019en explique :<\/p>\n<p><b>\u00ab Notre mission principale est de faire le recouvrement des taxes aupre\u0300s des commerc\u0327ants pour de\u0301poser dans la caisse de l\u2019Etat tout en faisant aussi des contro\u0302les. Malheureusement, certains commerc\u0327ants vendent des produits qui ne sont jamais passe\u0301s sous contro\u0302le des douanes et on ne sait pas d\u2019ou\u0300 c\u0327a vient. Et avant de faire le contro\u0302le, nous avons e\u0301mis une note d\u2019information aupre\u0300s des autorite\u0301s locales pour leur signifier nos actions dans le marche\u0301 de Berberati. Et 10 apre\u0300s la note, le contro\u0302le s\u2019est bien passe\u0301 avec l\u2019appui des e\u0301le\u0301ments de FACA, chose que certains profiteurs ont pousse\u0301 les autres a\u0300 fermer les boutiques pour e\u0301viter a\u0300 ce contro\u0302le. Mais ce me\u0301contentement n\u2019a dure\u0301 que quelques heures et nous nous sommes entendus pour re\u0301gler cette situation et que ces derniers avaient repris leurs activite\u0301s. Et je profite de cette occasion que cette mission n\u2019est pas une panique au niveau de la direction ge\u0301ne\u0301rale des douanes, mais c\u2019est un contro\u0302le de routine que nous faisons habituellement \u00bb<\/b>.<\/p>\n<p>Pour le conseiller e\u0301conomique et re\u0301gional de Berberati, toutes ces tracasseries proviennent de mauvais e\u0301tat des infrastructures routie\u0300res. Ce qui ne favorise pas la libre circulation des personnes et des biens dans cette localite\u0301, empe\u0302chant la bonne entre\u0301e des recettes dans la caisse de l\u2019Etat. Il en profite pour appeler les autorite\u0301s a\u0300 mettre un accent particulier sur la re\u0301habilitation des routes, facteurs de de\u0301veloppement socioe\u0301conomique.<\/p>\n<p>Cette clarification vient suite a\u0300 une incompre\u0301hension des populations sur des actions mene\u0301es par les douanes centrafricaines dans le but de ge\u0301ne\u0301rer des recettes dans la caisse de tre\u0301sor public. Mais apre\u0300s des rencontres entre la douane, les acteurs commerciaux et les autorite\u0301s locales, des pistes de solutions ont e\u0301te\u0301 trouve\u0301es depuis le mois de novembre dernier.<\/p>\n<p><b>Source: Ndjoni Sango<\/b><\/p>\n<p><strong>Pour plus d&rsquo;informations et d&rsquo;analyses sur la <a href=\"https:\/\/www.africa-press.net\/centrafricaine\">CentrAfricaine<\/a>, suivez <a href=\"https:\/\/www.africa-press.net\/\">Africa-Press<\/a><\/strong><\/p>\n","protected":false},"excerpt":{"rendered":"<p>Africa-Press &#8211; CentrAfricaine. Alors que la mission re\u0301galienne des douanes est de veiller a\u0300 la bonne entre\u0301e des recettes, celles-ci se voient parfois d\u2019un mauvais \u0153il part certains ope\u0301rateurs e\u0301conomiques ve\u0301reux. Un exemple est celui des douanes a\u0300 Berberati qui, en convoquant les acteurs e\u0301conomiques de la localite\u0301 pour s\u2019entendre sur un e\u0301ventuel contro\u0302le de [&hellip;]<\/p>\n","protected":false},"author":82,"featured_media":50906,"comment_status":"open","ping_status":"closed","sticky":false,"template":"","format":"standard","meta":{"footnotes":""},"categories":[3,10],"tags":[36,58,574,30,41,1512],"class_list":["post-50907","post","type-post","status-publish","format-standard","has-post-thumbnail","hentry","category-economie","category-toutes-les-actualites","tag-africa-press","tag-africa-press-centrafricaine","tag-berberati","tag-centrafricaine","tag-centrafrique","tag-douanes"],"yoast_head":"<!-- This site is optimized with the Yoast SEO Premium plugin v26.1 (Yoast SEO v27.0) - https:\/\/yoast.com\/product\/yoast-seo-premium-wordpress\/ -->\n<title>les douanes de Berberati face aux d\u00e9fis \u00e9conomiques de l\u2019heure - centrafricaine<\/title>\n<meta name=\"description\" content=\"Alors que la mission re\u0301galienne des douanes est de veiller a\u0300 la bonne entre\u0301e des recettes, celles-ci se voient parfoi ...\" \/>\n<meta name=\"robots\" content=\"index, follow, max-snippet:-1, max-image-preview:large, max-video-preview:-1\" \/>\n<link rel=\"canonical\" href=\"https:\/\/www.africa-press.net\/centrafricaine\/economie\/les-douanes-de-berberati-face-aux-defis-economiques-de-lheure\" \/>\n<meta property=\"og:locale\" content=\"fr_FR\" \/>\n<meta property=\"og:type\" content=\"article\" \/>\n<meta property=\"og:title\" content=\"les douanes de Berberati face aux d\u00e9fis \u00e9conomiques de l\u2019heure\" \/>\n<meta property=\"og:description\" content=\"Alors que la mission re\u0301galienne des douanes est de veiller a\u0300 la bonne entre\u0301e des recettes, celles-ci se voient parfoi ...\" \/>\n<meta property=\"og:url\" content=\"https:\/\/www.africa-press.net\/centrafricaine\/economie\/les-douanes-de-berberati-face-aux-defis-economiques-de-lheure\" \/>\n<meta property=\"og:site_name\" content=\"centrafricaine\" \/>\n<meta property=\"article:published_time\" content=\"2023-12-23T14:29:54+00:00\" \/>\n<meta property=\"article:modified_time\" content=\"2023-12-23T15:46:26+00:00\" \/>\n<meta property=\"og:image\" content=\"https:\/\/static.africa-press.net\/centrafricaine\/sites\/45\/2023\/12\/sm_1703333723.614052.jpg\" \/>\n\t<meta property=\"og:image:width\" content=\"1200\" \/>\n\t<meta property=\"og:image:height\" content=\"757\" \/>\n\t<meta property=\"og:image:type\" content=\"image\/jpeg\" \/>\n<meta name=\"author\" content=\"cfeditorfr\" \/>\n<meta name=\"twitter:card\" content=\"summary_large_image\" \/>\n<meta name=\"twitter:label1\" content=\"\u00c9crit par\" \/>\n\t<meta name=\"twitter:data1\" content=\"cfeditorfr\" \/>\n\t<meta name=\"twitter:label2\" content=\"Dur\u00e9e de lecture estim\u00e9e\" \/>\n\t<meta name=\"twitter:data2\" content=\"3 minutes\" \/>\n<script type=\"application\/ld+json\" class=\"yoast-schema-graph\">{\"@context\":\"https:\/\/schema.org\",\"@graph\":[{\"@type\":\"Article\",\"@id\":\"https:\/\/www.africa-press.net\/centrafricaine\/economie\/les-douanes-de-berberati-face-aux-defis-economiques-de-lheure#article\",\"isPartOf\":{\"@id\":\"https:\/\/www.africa-press.net\/centrafricaine\/economie\/les-douanes-de-berberati-face-aux-defis-economiques-de-lheure\"},\"author\":{\"name\":\"cfeditorfr\",\"@id\":\"https:\/\/www.africa-press.net\/centrafricaine\/#\/schema\/person\/2b1cf3cd81a31e3cd26889ca66d677f1\"},\"headline\":\"les douanes de Berberati face aux d\u00e9fis \u00e9conomiques de l\u2019heure\",\"datePublished\":\"2023-12-23T14:29:54+00:00\",\"dateModified\":\"2023-12-23T15:46:26+00:00\",\"mainEntityOfPage\":{\"@id\":\"https:\/\/www.africa-press.net\/centrafricaine\/economie\/les-douanes-de-berberati-face-aux-defis-economiques-de-lheure\"},\"wordCount\":612,\"commentCount\":0,\"image\":{\"@id\":\"https:\/\/www.africa-press.net\/centrafricaine\/economie\/les-douanes-de-berberati-face-aux-defis-economiques-de-lheure#primaryimage\"},\"thumbnailUrl\":\"https:\/\/static.africa-press.net\/centrafricaine\/sites\/45\/2023\/12\/sm_1703333723.614052.jpg\",\"keywords\":[\"Africa Press\",\"Africa Press-CentrAfricaine\",\"Berberati\",\"CentrAfricaine\",\"Centrafrique\",\"Douanes\"],\"articleSection\":[\"\u00c9conomie\",\"Toutes les actualit\u00e9s\"],\"inLanguage\":\"fr-FR\",\"potentialAction\":[{\"@type\":\"CommentAction\",\"name\":\"Comment\",\"target\":[\"https:\/\/www.africa-press.net\/centrafricaine\/economie\/les-douanes-de-berberati-face-aux-defis-economiques-de-lheure#respond\"]}]},{\"@type\":\"WebPage\",\"@id\":\"https:\/\/www.africa-press.net\/centrafricaine\/economie\/les-douanes-de-berberati-face-aux-defis-economiques-de-lheure\",\"url\":\"https:\/\/www.africa-press.net\/centrafricaine\/economie\/les-douanes-de-berberati-face-aux-defis-economiques-de-lheure\",\"name\":\"les douanes de Berberati face aux d\u00e9fis \u00e9conomiques de l\u2019heure - centrafricaine\",\"isPartOf\":{\"@id\":\"https:\/\/www.africa-press.net\/centrafricaine\/#website\"},\"primaryImageOfPage\":{\"@id\":\"https:\/\/www.africa-press.net\/centrafricaine\/economie\/les-douanes-de-berberati-face-aux-defis-economiques-de-lheure#primaryimage\"},\"image\":{\"@id\":\"https:\/\/www.africa-press.net\/centrafricaine\/economie\/les-douanes-de-berberati-face-aux-defis-economiques-de-lheure#primaryimage\"},\"thumbnailUrl\":\"https:\/\/static.africa-press.net\/centrafricaine\/sites\/45\/2023\/12\/sm_1703333723.614052.jpg\",\"datePublished\":\"2023-12-23T14:29:54+00:00\",\"dateModified\":\"2023-12-23T15:46:26+00:00\",\"author\":{\"@id\":\"https:\/\/www.africa-press.net\/centrafricaine\/#\/schema\/person\/2b1cf3cd81a31e3cd26889ca66d677f1\"},\"description\":\"Alors que la mission re\u0301galienne des douanes est de veiller a\u0300 la bonne entre\u0301e des recettes, celles-ci se voient parfoi ...\",\"breadcrumb\":{\"@id\":\"https:\/\/www.africa-press.net\/centrafricaine\/economie\/les-douanes-de-berberati-face-aux-defis-economiques-de-lheure#breadcrumb\"},\"inLanguage\":\"fr-FR\",\"potentialAction\":[{\"@type\":\"ReadAction\",\"target\":[\"https:\/\/www.africa-press.net\/centrafricaine\/economie\/les-douanes-de-berberati-face-aux-defis-economiques-de-lheure\"]}]},{\"@type\":\"ImageObject\",\"inLanguage\":\"fr-FR\",\"@id\":\"https:\/\/www.africa-press.net\/centrafricaine\/economie\/les-douanes-de-berberati-face-aux-defis-economiques-de-lheure#primaryimage\",\"url\":\"https:\/\/static.africa-press.net\/centrafricaine\/sites\/45\/2023\/12\/sm_1703333723.614052.jpg\",\"contentUrl\":\"https:\/\/static.africa-press.net\/centrafricaine\/sites\/45\/2023\/12\/sm_1703333723.614052.jpg\",\"width\":1200,\"height\":757,\"caption\":\"les douanes de Berberati face aux d\u00e9fis \u00e9conomiques de l\u2019heure\"},{\"@type\":\"BreadcrumbList\",\"@id\":\"https:\/\/www.africa-press.net\/centrafricaine\/economie\/les-douanes-de-berberati-face-aux-defis-economiques-de-lheure#breadcrumb\",\"itemListElement\":[{\"@type\":\"ListItem\",\"position\":1,\"name\":\"Accueil\",\"item\":\"https:\/\/www.africa-press.net\/centrafricaine\/\"},{\"@type\":\"ListItem\",\"position\":2,\"name\":\"les douanes de Berberati face aux d\u00e9fis \u00e9conomiques de l\u2019heure\"}]},{\"@type\":\"WebSite\",\"@id\":\"https:\/\/www.africa-press.net\/centrafricaine\/#website\",\"url\":\"https:\/\/www.africa-press.net\/centrafricaine\/\",\"name\":\"centrafricaine\",\"description\":\"Just another Africa News Agency Sites site\",\"potentialAction\":[{\"@type\":\"SearchAction\",\"target\":{\"@type\":\"EntryPoint\",\"urlTemplate\":\"https:\/\/www.africa-press.net\/centrafricaine\/?s={search_term_string}\"},\"query-input\":{\"@type\":\"PropertyValueSpecification\",\"valueRequired\":true,\"valueName\":\"search_term_string\"}}],\"inLanguage\":\"fr-FR\"},{\"@type\":\"Person\",\"@id\":\"https:\/\/www.africa-press.net\/centrafricaine\/#\/schema\/person\/2b1cf3cd81a31e3cd26889ca66d677f1\",\"name\":\"cfeditorfr\"}]}<\/script>\n<!-- \/ Yoast SEO Premium plugin. -->","yoast_head_json":{"title":"les douanes de Berberati face aux d\u00e9fis \u00e9conomiques de l\u2019heure - centrafricaine","description":"Alors que la mission re\u0301galienne des douanes est de veiller a\u0300 la bonne entre\u0301e des recettes, celles-ci se voient parfoi ...","robots":{"index":"index","follow":"follow","max-snippet":"max-snippet:-1","max-image-preview":"max-image-preview:large","max-video-preview":"max-video-preview:-1"},"canonical":"https:\/\/www.africa-press.net\/centrafricaine\/economie\/les-douanes-de-berberati-face-aux-defis-economiques-de-lheure","og_locale":"fr_FR","og_type":"article","og_title":"les douanes de Berberati face aux d\u00e9fis \u00e9conomiques de l\u2019heure","og_description":"Alors que la mission re\u0301galienne des douanes est de veiller a\u0300 la bonne entre\u0301e des recettes, celles-ci se voient parfoi ...","og_url":"https:\/\/www.africa-press.net\/centrafricaine\/economie\/les-douanes-de-berberati-face-aux-defis-economiques-de-lheure","og_site_name":"centrafricaine","article_published_time":"2023-12-23T14:29:54+00:00","article_modified_time":"2023-12-23T15:46:26+00:00","og_image":[{"width":1200,"height":757,"url":"https:\/\/static.africa-press.net\/centrafricaine\/sites\/45\/2023\/12\/sm_1703333723.614052.jpg","type":"image\/jpeg"}],"author":"cfeditorfr","twitter_card":"summary_large_image","twitter_misc":{"\u00c9crit par":"cfeditorfr","Dur\u00e9e de lecture estim\u00e9e":"3 minutes"},"schema":{"@context":"https:\/\/schema.org","@graph":[{"@type":"Article","@id":"https:\/\/www.africa-press.net\/centrafricaine\/economie\/les-douanes-de-berberati-face-aux-defis-economiques-de-lheure#article","isPartOf":{"@id":"https:\/\/www.africa-press.net\/centrafricaine\/economie\/les-douanes-de-berberati-face-aux-defis-economiques-de-lheure"},"author":{"name":"cfeditorfr","@id":"https:\/\/www.africa-press.net\/centrafricaine\/#\/schema\/person\/2b1cf3cd81a31e3cd26889ca66d677f1"},"headline":"les douanes de Berberati face aux d\u00e9fis \u00e9conomiques de l\u2019heure","datePublished":"2023-12-23T14:29:54+00:00","dateModified":"2023-12-23T15:46:26+00:00","mainEntityOfPage":{"@id":"https:\/\/www.africa-press.net\/centrafricaine\/economie\/les-douanes-de-berberati-face-aux-defis-economiques-de-lheure"},"wordCount":612,"commentCount":0,"image":{"@id":"https:\/\/www.africa-press.net\/centrafricaine\/economie\/les-douanes-de-berberati-face-aux-defis-economiques-de-lheure#primaryimage"},"thumbnailUrl":"https:\/\/static.africa-press.net\/centrafricaine\/sites\/45\/2023\/12\/sm_1703333723.614052.jpg","keywords":["Africa Press","Africa Press-CentrAfricaine","Berberati","CentrAfricaine","Centrafrique","Douanes"],"articleSection":["\u00c9conomie","Toutes les actualit\u00e9s"],"inLanguage":"fr-FR","potentialAction":[{"@type":"CommentAction","name":"Comment","target":["https:\/\/www.africa-press.net\/centrafricaine\/economie\/les-douanes-de-berberati-face-aux-defis-economiques-de-lheure#respond"]}]},{"@type":"WebPage","@id":"https:\/\/www.africa-press.net\/centrafricaine\/economie\/les-douanes-de-berberati-face-aux-defis-economiques-de-lheure","url":"https:\/\/www.africa-press.net\/centrafricaine\/economie\/les-douanes-de-berberati-face-aux-defis-economiques-de-lheure","name":"les douanes de Berberati face aux d\u00e9fis \u00e9conomiques de l\u2019heure - centrafricaine","isPartOf":{"@id":"https:\/\/www.africa-press.net\/centrafricaine\/#website"},"primaryImageOfPage":{"@id":"https:\/\/www.africa-press.net\/centrafricaine\/economie\/les-douanes-de-berberati-face-aux-defis-economiques-de-lheure#primaryimage"},"image":{"@id":"https:\/\/www.africa-press.net\/centrafricaine\/economie\/les-douanes-de-berberati-face-aux-defis-economiques-de-lheure#primaryimage"},"thumbnailUrl":"https:\/\/static.africa-press.net\/centrafricaine\/sites\/45\/2023\/12\/sm_1703333723.614052.jpg","datePublished":"2023-12-23T14:29:54+00:00","dateModified":"2023-12-23T15:46:26+00:00","author":{"@id":"https:\/\/www.africa-press.net\/centrafricaine\/#\/schema\/person\/2b1cf3cd81a31e3cd26889ca66d677f1"},"description":"Alors que la mission re\u0301galienne des douanes est de veiller a\u0300 la bonne entre\u0301e des recettes, celles-ci se voient parfoi ...","breadcrumb":{"@id":"https:\/\/www.africa-press.net\/centrafricaine\/economie\/les-douanes-de-berberati-face-aux-defis-economiques-de-lheure#breadcrumb"},"inLanguage":"fr-FR","potentialAction":[{"@type":"ReadAction","target":["https:\/\/www.africa-press.net\/centrafricaine\/economie\/les-douanes-de-berberati-face-aux-defis-economiques-de-lheure"]}]},{"@type":"ImageObject","inLanguage":"fr-FR","@id":"https:\/\/www.africa-press.net\/centrafricaine\/economie\/les-douanes-de-berberati-face-aux-defis-economiques-de-lheure#primaryimage","url":"https:\/\/static.africa-press.net\/centrafricaine\/sites\/45\/2023\/12\/sm_1703333723.614052.jpg","contentUrl":"https:\/\/static.africa-press.net\/centrafricaine\/sites\/45\/2023\/12\/sm_1703333723.614052.jpg","width":1200,"height":757,"caption":"les douanes de Berberati face aux d\u00e9fis \u00e9conomiques de l\u2019heure"},{"@type":"BreadcrumbList","@id":"https:\/\/www.africa-press.net\/centrafricaine\/economie\/les-douanes-de-berberati-face-aux-defis-economiques-de-lheure#breadcrumb","itemListElement":[{"@type":"ListItem","position":1,"name":"Accueil","item":"https:\/\/www.africa-press.net\/centrafricaine\/"},{"@type":"ListItem","position":2,"name":"les douanes de Berberati face aux d\u00e9fis \u00e9conomiques de l\u2019heure"}]},{"@type":"WebSite","@id":"https:\/\/www.africa-press.net\/centrafricaine\/#website","url":"https:\/\/www.africa-press.net\/centrafricaine\/","name":"centrafricaine","description":"Just another Africa News Agency Sites site","potentialAction":[{"@type":"SearchAction","target":{"@type":"EntryPoint","urlTemplate":"https:\/\/www.africa-press.net\/centrafricaine\/?s={search_term_string}"},"query-input":{"@type":"PropertyValueSpecification","valueRequired":true,"valueName":"search_term_string"}}],"inLanguage":"fr-FR"},{"@type":"Person","@id":"https:\/\/www.africa-press.net\/centrafricaine\/#\/schema\/person\/2b1cf3cd81a31e3cd26889ca66d677f1","name":"cfeditorfr"}]}},"_links":{"self":[{"href":"https:\/\/www.africa-press.net\/centrafricaine\/wp-json\/wp\/v2\/posts\/50907","targetHints":{"allow":["GET"]}}],"collection":[{"href":"https:\/\/www.africa-press.net\/centrafricaine\/wp-json\/wp\/v2\/posts"}],"about":[{"href":"https:\/\/www.africa-press.net\/centrafricaine\/wp-json\/wp\/v2\/types\/post"}],"author":[{"embeddable":true,"href":"https:\/\/www.africa-press.net\/centrafricaine\/wp-json\/wp\/v2\/users\/82"}],"replies":[{"embeddable":true,"href":"https:\/\/www.africa-press.net\/centrafricaine\/wp-json\/wp\/v2\/comments?post=50907"}],"version-history":[{"count":0,"href":"https:\/\/www.africa-press.net\/centrafricaine\/wp-json\/wp\/v2\/posts\/50907\/revisions"}],"wp:featuredmedia":[{"embeddable":true,"href":"https:\/\/www.africa-press.net\/centrafricaine\/wp-json\/wp\/v2\/media\/50906"}],"wp:attachment":[{"href":"https:\/\/www.africa-press.net\/centrafricaine\/wp-json\/wp\/v2\/media?parent=50907"}],"wp:term":[{"taxonomy":"category","embeddable":true,"href":"https:\/\/www.africa-press.net\/centrafricaine\/wp-json\/wp\/v2\/categories?post=50907"},{"taxonomy":"post_tag","embeddable":true,"href":"https:\/\/www.africa-press.net\/centrafricaine\/wp-json\/wp\/v2\/tags?post=50907"}],"curies":[{"name":"wp","href":"https:\/\/api.w.org\/{rel}","templated":true}]}}