{"id":51171,"date":"2023-12-31T17:28:51","date_gmt":"2023-12-31T17:28:51","guid":{"rendered":"https:\/\/www.africa-press.net\/centrafricaine\/politique\/lopposition-dresse-un-sombre-bilan-de-lannee-2023-2"},"modified":"2023-12-31T18:37:41","modified_gmt":"2023-12-31T18:37:41","slug":"lopposition-dresse-un-sombre-bilan-de-lannee-2023-2","status":"publish","type":"post","link":"https:\/\/www.africa-press.net\/centrafricaine\/politique\/lopposition-dresse-un-sombre-bilan-de-lannee-2023-2","title":{"rendered":"l\u2019opposition dresse un sombre bilan de l\u2019ann\u00e9e 2023"},"content":{"rendered":"<p><span style=\"color: #ff6600\"><strong>Africa-Press &#8211; CentrAfricaine. <\/strong><\/span>En Centrafrique, le Bloc Re\u0301publicain pour la de\u0301fense de la Constitution (BRDC) a tenu, vendredi 29 de\u0301cembre, une confe\u0301rence de presse a\u0300 Bangui. Pour cette plate-forme constitue\u0301e de leaders d&rsquo;opposition, le bilan des activite\u0301s socio-politques, de l&rsquo;anne\u0301e qui s&rsquo;ache\u0300ve, est sombre.<\/p>\n<p>Apre\u0300s avoir pointe\u0301 la nouvelle Constitution ou encore les arrestations d&rsquo;opposants, face a\u0300 la presse, le Bloc Re\u0301publicain pour la de\u0301fense de la Constitution a aussi de\u0301voile\u0301 les grands axes de sa lutte politique de l&rsquo;anne\u0301e 2024.<\/p>\n<p>\u00ab L&rsquo;anne\u0301e 2023 a e\u0301te\u0301 marque\u0301e par la mise a\u0300 mort de la de\u0301mocratie dans notre pays. Des de\u0301mocrates dont le tort est de travailler a\u0300 la restauration de la de\u0301mocratie, ont e\u0301te\u0301 condamne\u0301s, en violation des re\u0300gles e\u0301le\u0301mentaires des droits de la de\u0301fense, de\u0301nonce Cre\u0301pin Mboli Goumba, coordonnateur du Bloc Re\u0301publicain pour la de\u0301fense de la Constitution, au micro de notre correspondant Rolf Steve Domia-Leu. Le de\u0301pute\u0301 du 4e\u0300me arrondissement de la ville de Bangui, Dominique Yandocka, a e\u0301te\u0301 arre\u0302te\u0301 en sa re\u0301sidence, au me\u0301pris de l&rsquo;immunite\u0301 que lui confe\u0300re son statut de de\u0301pute\u0301 de la nation et en dehors des heures le\u0301gales. Nous demandons sa libe\u0301ration imme\u0301diate. Certains leaders sont traque\u0301s au point de choisir le chemin de l&rsquo;exil. Le me\u0302me acharnement peut e\u0302tre constate\u0301 a\u0300 l&rsquo;encontre de Martin Zigue\u0301le\u0301 et Anice-Georges Dologue\u0301le\u0301, respectivement pre\u0301sident du MLPC et de l&rsquo;URCA, membres du BRDC. Presque huit ans apre\u0300s l&rsquo;arrive\u0301e au pouvoir du pre\u0301sident Touade\u0301ra, une arme\u0301e digne de ce nom n&rsquo;a pas e\u0301te\u0301 mise sur pied. Nous sommes militairement sous tutelle du groupe Wagner, de l&rsquo;arme\u0301e rwandaise, de la Minusca et, de\u0301sormais, de Bancroft \u00bb.<\/p>\n<p>Le pre\u0301sident de la Re\u0301publique centrafricaine, Faustin Archange Touade\u0301ra, prendra e\u0301galement la parole, le 31 de\u0301cembre prochain, pour pre\u0301senter, a\u0300 la Nation, le bilan des activite\u0301s du gouvernement et les perspectives de l\u2019anne\u0301e 2024.<\/p>\n<p><strong>Pour plus d&rsquo;informations et d&rsquo;analyses sur la <a href=\"https:\/\/www.africa-press.net\/centrafricaine\">CentrAfricaine<\/a>, suivez <a href=\"https:\/\/www.africa-press.net\/\">Africa-Press<\/a><\/strong><\/p>\n","protected":false},"excerpt":{"rendered":"<p>Africa-Press &#8211; CentrAfricaine. En Centrafrique, le Bloc Re\u0301publicain pour la de\u0301fense de la Constitution (BRDC) a tenu, vendredi 29 de\u0301cembre, une confe\u0301rence de presse a\u0300 Bangui. Pour cette plate-forme constitue\u0301e de leaders d&rsquo;opposition, le bilan des activite\u0301s socio-politques, de l&rsquo;anne\u0301e qui s&rsquo;ache\u0300ve, est sombre. Apre\u0300s avoir pointe\u0301 la nouvelle Constitution ou encore les arrestations d&rsquo;opposants, [&hellip;]<\/p>\n","protected":false},"author":82,"featured_media":51170,"comment_status":"open","ping_status":"closed","sticky":false,"template":"","format":"standard","meta":{"footnotes":""},"categories":[2,10],"tags":[36,58,30],"class_list":["post-51171","post","type-post","status-publish","format-standard","has-post-thumbnail","hentry","category-politique","category-toutes-les-actualites","tag-africa-press","tag-africa-press-centrafricaine","tag-centrafricaine"],"yoast_head":"<!-- This site is optimized with the Yoast SEO Premium plugin v26.1 (Yoast SEO v27.0) - https:\/\/yoast.com\/product\/yoast-seo-premium-wordpress\/ -->\n<title>l\u2019opposition dresse un sombre bilan de l\u2019ann\u00e9e 2023 - centrafricaine<\/title>\n<meta name=\"description\" content=\"En Centrafrique, le Bloc Re\u0301publicain pour la de\u0301fense de la Constitution (BRDC) a tenu, vendredi 29 de\u0301cembre, une conf ...\" \/>\n<meta name=\"robots\" content=\"index, follow, max-snippet:-1, max-image-preview:large, max-video-preview:-1\" \/>\n<link rel=\"canonical\" href=\"https:\/\/www.africa-press.net\/centrafricaine\/politique\/lopposition-dresse-un-sombre-bilan-de-lannee-2023-2\" \/>\n<meta property=\"og:locale\" content=\"fr_FR\" \/>\n<meta property=\"og:type\" content=\"article\" \/>\n<meta property=\"og:title\" content=\"l\u2019opposition dresse un sombre bilan de l\u2019ann\u00e9e 2023\" \/>\n<meta property=\"og:description\" content=\"En Centrafrique, le Bloc Re\u0301publicain pour la de\u0301fense de la Constitution (BRDC) a tenu, vendredi 29 de\u0301cembre, une conf ...\" \/>\n<meta property=\"og:url\" content=\"https:\/\/www.africa-press.net\/centrafricaine\/politique\/lopposition-dresse-un-sombre-bilan-de-lannee-2023-2\" \/>\n<meta property=\"og:site_name\" content=\"centrafricaine\" \/>\n<meta property=\"article:published_time\" content=\"2023-12-31T17:28:51+00:00\" \/>\n<meta property=\"article:modified_time\" content=\"2023-12-31T18:37:41+00:00\" \/>\n<meta property=\"og:image\" content=\"https:\/\/static.africa-press.net\/centrafricaine\/sites\/45\/2023\/12\/sm_1704035090.571135.jpg\" \/>\n\t<meta property=\"og:image:width\" content=\"980\" \/>\n\t<meta property=\"og:image:height\" content=\"550\" \/>\n\t<meta property=\"og:image:type\" content=\"image\/jpeg\" \/>\n<meta name=\"author\" content=\"cfeditorfr\" \/>\n<meta name=\"twitter:card\" content=\"summary_large_image\" \/>\n<meta name=\"twitter:label1\" content=\"\u00c9crit par\" \/>\n\t<meta name=\"twitter:data1\" content=\"cfeditorfr\" \/>\n\t<meta name=\"twitter:label2\" content=\"Dur\u00e9e de lecture estim\u00e9e\" \/>\n\t<meta name=\"twitter:data2\" content=\"2 minutes\" \/>\n<script type=\"application\/ld+json\" class=\"yoast-schema-graph\">{\"@context\":\"https:\/\/schema.org\",\"@graph\":[{\"@type\":\"Article\",\"@id\":\"https:\/\/www.africa-press.net\/centrafricaine\/politique\/lopposition-dresse-un-sombre-bilan-de-lannee-2023-2#article\",\"isPartOf\":{\"@id\":\"https:\/\/www.africa-press.net\/centrafricaine\/politique\/lopposition-dresse-un-sombre-bilan-de-lannee-2023-2\"},\"author\":{\"name\":\"cfeditorfr\",\"@id\":\"https:\/\/www.africa-press.net\/centrafricaine\/#\/schema\/person\/2b1cf3cd81a31e3cd26889ca66d677f1\"},\"headline\":\"l\u2019opposition dresse un sombre bilan de l\u2019ann\u00e9e 2023\",\"datePublished\":\"2023-12-31T17:28:51+00:00\",\"dateModified\":\"2023-12-31T18:37:41+00:00\",\"mainEntityOfPage\":{\"@id\":\"https:\/\/www.africa-press.net\/centrafricaine\/politique\/lopposition-dresse-un-sombre-bilan-de-lannee-2023-2\"},\"wordCount\":392,\"commentCount\":0,\"image\":{\"@id\":\"https:\/\/www.africa-press.net\/centrafricaine\/politique\/lopposition-dresse-un-sombre-bilan-de-lannee-2023-2#primaryimage\"},\"thumbnailUrl\":\"https:\/\/static.africa-press.net\/centrafricaine\/sites\/45\/2023\/12\/sm_1704035090.571135.jpg\",\"keywords\":[\"Africa Press\",\"Africa Press-CentrAfricaine\",\"CentrAfricaine\"],\"articleSection\":[\"Politique\",\"Toutes les actualit\u00e9s\"],\"inLanguage\":\"fr-FR\",\"potentialAction\":[{\"@type\":\"CommentAction\",\"name\":\"Comment\",\"target\":[\"https:\/\/www.africa-press.net\/centrafricaine\/politique\/lopposition-dresse-un-sombre-bilan-de-lannee-2023-2#respond\"]}]},{\"@type\":\"WebPage\",\"@id\":\"https:\/\/www.africa-press.net\/centrafricaine\/politique\/lopposition-dresse-un-sombre-bilan-de-lannee-2023-2\",\"url\":\"https:\/\/www.africa-press.net\/centrafricaine\/politique\/lopposition-dresse-un-sombre-bilan-de-lannee-2023-2\",\"name\":\"l\u2019opposition dresse un sombre bilan de l\u2019ann\u00e9e 2023 - centrafricaine\",\"isPartOf\":{\"@id\":\"https:\/\/www.africa-press.net\/centrafricaine\/#website\"},\"primaryImageOfPage\":{\"@id\":\"https:\/\/www.africa-press.net\/centrafricaine\/politique\/lopposition-dresse-un-sombre-bilan-de-lannee-2023-2#primaryimage\"},\"image\":{\"@id\":\"https:\/\/www.africa-press.net\/centrafricaine\/politique\/lopposition-dresse-un-sombre-bilan-de-lannee-2023-2#primaryimage\"},\"thumbnailUrl\":\"https:\/\/static.africa-press.net\/centrafricaine\/sites\/45\/2023\/12\/sm_1704035090.571135.jpg\",\"datePublished\":\"2023-12-31T17:28:51+00:00\",\"dateModified\":\"2023-12-31T18:37:41+00:00\",\"author\":{\"@id\":\"https:\/\/www.africa-press.net\/centrafricaine\/#\/schema\/person\/2b1cf3cd81a31e3cd26889ca66d677f1\"},\"description\":\"En Centrafrique, le Bloc Re\u0301publicain pour la de\u0301fense de la Constitution (BRDC) a tenu, vendredi 29 de\u0301cembre, une conf ...\",\"breadcrumb\":{\"@id\":\"https:\/\/www.africa-press.net\/centrafricaine\/politique\/lopposition-dresse-un-sombre-bilan-de-lannee-2023-2#breadcrumb\"},\"inLanguage\":\"fr-FR\",\"potentialAction\":[{\"@type\":\"ReadAction\",\"target\":[\"https:\/\/www.africa-press.net\/centrafricaine\/politique\/lopposition-dresse-un-sombre-bilan-de-lannee-2023-2\"]}]},{\"@type\":\"ImageObject\",\"inLanguage\":\"fr-FR\",\"@id\":\"https:\/\/www.africa-press.net\/centrafricaine\/politique\/lopposition-dresse-un-sombre-bilan-de-lannee-2023-2#primaryimage\",\"url\":\"https:\/\/static.africa-press.net\/centrafricaine\/sites\/45\/2023\/12\/sm_1704035090.571135.jpg\",\"contentUrl\":\"https:\/\/static.africa-press.net\/centrafricaine\/sites\/45\/2023\/12\/sm_1704035090.571135.jpg\",\"width\":980,\"height\":550,\"caption\":\"l\u2019opposition dresse un sombre bilan de l\u2019ann\u00e9e 2023\"},{\"@type\":\"BreadcrumbList\",\"@id\":\"https:\/\/www.africa-press.net\/centrafricaine\/politique\/lopposition-dresse-un-sombre-bilan-de-lannee-2023-2#breadcrumb\",\"itemListElement\":[{\"@type\":\"ListItem\",\"position\":1,\"name\":\"Accueil\",\"item\":\"https:\/\/www.africa-press.net\/centrafricaine\/\"},{\"@type\":\"ListItem\",\"position\":2,\"name\":\"l\u2019opposition dresse un sombre bilan de l\u2019ann\u00e9e 2023\"}]},{\"@type\":\"WebSite\",\"@id\":\"https:\/\/www.africa-press.net\/centrafricaine\/#website\",\"url\":\"https:\/\/www.africa-press.net\/centrafricaine\/\",\"name\":\"centrafricaine\",\"description\":\"Just another Africa News Agency Sites site\",\"potentialAction\":[{\"@type\":\"SearchAction\",\"target\":{\"@type\":\"EntryPoint\",\"urlTemplate\":\"https:\/\/www.africa-press.net\/centrafricaine\/?s={search_term_string}\"},\"query-input\":{\"@type\":\"PropertyValueSpecification\",\"valueRequired\":true,\"valueName\":\"search_term_string\"}}],\"inLanguage\":\"fr-FR\"},{\"@type\":\"Person\",\"@id\":\"https:\/\/www.africa-press.net\/centrafricaine\/#\/schema\/person\/2b1cf3cd81a31e3cd26889ca66d677f1\",\"name\":\"cfeditorfr\"}]}<\/script>\n<!-- \/ Yoast SEO Premium plugin. -->","yoast_head_json":{"title":"l\u2019opposition dresse un sombre bilan de l\u2019ann\u00e9e 2023 - centrafricaine","description":"En Centrafrique, le Bloc Re\u0301publicain pour la de\u0301fense de la Constitution (BRDC) a tenu, vendredi 29 de\u0301cembre, une conf ...","robots":{"index":"index","follow":"follow","max-snippet":"max-snippet:-1","max-image-preview":"max-image-preview:large","max-video-preview":"max-video-preview:-1"},"canonical":"https:\/\/www.africa-press.net\/centrafricaine\/politique\/lopposition-dresse-un-sombre-bilan-de-lannee-2023-2","og_locale":"fr_FR","og_type":"article","og_title":"l\u2019opposition dresse un sombre bilan de l\u2019ann\u00e9e 2023","og_description":"En Centrafrique, le Bloc Re\u0301publicain pour la de\u0301fense de la Constitution (BRDC) a tenu, vendredi 29 de\u0301cembre, une conf ...","og_url":"https:\/\/www.africa-press.net\/centrafricaine\/politique\/lopposition-dresse-un-sombre-bilan-de-lannee-2023-2","og_site_name":"centrafricaine","article_published_time":"2023-12-31T17:28:51+00:00","article_modified_time":"2023-12-31T18:37:41+00:00","og_image":[{"width":980,"height":550,"url":"https:\/\/static.africa-press.net\/centrafricaine\/sites\/45\/2023\/12\/sm_1704035090.571135.jpg","type":"image\/jpeg"}],"author":"cfeditorfr","twitter_card":"summary_large_image","twitter_misc":{"\u00c9crit par":"cfeditorfr","Dur\u00e9e de lecture estim\u00e9e":"2 minutes"},"schema":{"@context":"https:\/\/schema.org","@graph":[{"@type":"Article","@id":"https:\/\/www.africa-press.net\/centrafricaine\/politique\/lopposition-dresse-un-sombre-bilan-de-lannee-2023-2#article","isPartOf":{"@id":"https:\/\/www.africa-press.net\/centrafricaine\/politique\/lopposition-dresse-un-sombre-bilan-de-lannee-2023-2"},"author":{"name":"cfeditorfr","@id":"https:\/\/www.africa-press.net\/centrafricaine\/#\/schema\/person\/2b1cf3cd81a31e3cd26889ca66d677f1"},"headline":"l\u2019opposition dresse un sombre bilan de l\u2019ann\u00e9e 2023","datePublished":"2023-12-31T17:28:51+00:00","dateModified":"2023-12-31T18:37:41+00:00","mainEntityOfPage":{"@id":"https:\/\/www.africa-press.net\/centrafricaine\/politique\/lopposition-dresse-un-sombre-bilan-de-lannee-2023-2"},"wordCount":392,"commentCount":0,"image":{"@id":"https:\/\/www.africa-press.net\/centrafricaine\/politique\/lopposition-dresse-un-sombre-bilan-de-lannee-2023-2#primaryimage"},"thumbnailUrl":"https:\/\/static.africa-press.net\/centrafricaine\/sites\/45\/2023\/12\/sm_1704035090.571135.jpg","keywords":["Africa Press","Africa Press-CentrAfricaine","CentrAfricaine"],"articleSection":["Politique","Toutes les actualit\u00e9s"],"inLanguage":"fr-FR","potentialAction":[{"@type":"CommentAction","name":"Comment","target":["https:\/\/www.africa-press.net\/centrafricaine\/politique\/lopposition-dresse-un-sombre-bilan-de-lannee-2023-2#respond"]}]},{"@type":"WebPage","@id":"https:\/\/www.africa-press.net\/centrafricaine\/politique\/lopposition-dresse-un-sombre-bilan-de-lannee-2023-2","url":"https:\/\/www.africa-press.net\/centrafricaine\/politique\/lopposition-dresse-un-sombre-bilan-de-lannee-2023-2","name":"l\u2019opposition dresse un sombre bilan de l\u2019ann\u00e9e 2023 - centrafricaine","isPartOf":{"@id":"https:\/\/www.africa-press.net\/centrafricaine\/#website"},"primaryImageOfPage":{"@id":"https:\/\/www.africa-press.net\/centrafricaine\/politique\/lopposition-dresse-un-sombre-bilan-de-lannee-2023-2#primaryimage"},"image":{"@id":"https:\/\/www.africa-press.net\/centrafricaine\/politique\/lopposition-dresse-un-sombre-bilan-de-lannee-2023-2#primaryimage"},"thumbnailUrl":"https:\/\/static.africa-press.net\/centrafricaine\/sites\/45\/2023\/12\/sm_1704035090.571135.jpg","datePublished":"2023-12-31T17:28:51+00:00","dateModified":"2023-12-31T18:37:41+00:00","author":{"@id":"https:\/\/www.africa-press.net\/centrafricaine\/#\/schema\/person\/2b1cf3cd81a31e3cd26889ca66d677f1"},"description":"En Centrafrique, le Bloc Re\u0301publicain pour la de\u0301fense de la Constitution (BRDC) a tenu, vendredi 29 de\u0301cembre, une conf ...","breadcrumb":{"@id":"https:\/\/www.africa-press.net\/centrafricaine\/politique\/lopposition-dresse-un-sombre-bilan-de-lannee-2023-2#breadcrumb"},"inLanguage":"fr-FR","potentialAction":[{"@type":"ReadAction","target":["https:\/\/www.africa-press.net\/centrafricaine\/politique\/lopposition-dresse-un-sombre-bilan-de-lannee-2023-2"]}]},{"@type":"ImageObject","inLanguage":"fr-FR","@id":"https:\/\/www.africa-press.net\/centrafricaine\/politique\/lopposition-dresse-un-sombre-bilan-de-lannee-2023-2#primaryimage","url":"https:\/\/static.africa-press.net\/centrafricaine\/sites\/45\/2023\/12\/sm_1704035090.571135.jpg","contentUrl":"https:\/\/static.africa-press.net\/centrafricaine\/sites\/45\/2023\/12\/sm_1704035090.571135.jpg","width":980,"height":550,"caption":"l\u2019opposition dresse un sombre bilan de l\u2019ann\u00e9e 2023"},{"@type":"BreadcrumbList","@id":"https:\/\/www.africa-press.net\/centrafricaine\/politique\/lopposition-dresse-un-sombre-bilan-de-lannee-2023-2#breadcrumb","itemListElement":[{"@type":"ListItem","position":1,"name":"Accueil","item":"https:\/\/www.africa-press.net\/centrafricaine\/"},{"@type":"ListItem","position":2,"name":"l\u2019opposition dresse un sombre bilan de l\u2019ann\u00e9e 2023"}]},{"@type":"WebSite","@id":"https:\/\/www.africa-press.net\/centrafricaine\/#website","url":"https:\/\/www.africa-press.net\/centrafricaine\/","name":"centrafricaine","description":"Just another Africa News Agency Sites site","potentialAction":[{"@type":"SearchAction","target":{"@type":"EntryPoint","urlTemplate":"https:\/\/www.africa-press.net\/centrafricaine\/?s={search_term_string}"},"query-input":{"@type":"PropertyValueSpecification","valueRequired":true,"valueName":"search_term_string"}}],"inLanguage":"fr-FR"},{"@type":"Person","@id":"https:\/\/www.africa-press.net\/centrafricaine\/#\/schema\/person\/2b1cf3cd81a31e3cd26889ca66d677f1","name":"cfeditorfr"}]}},"_links":{"self":[{"href":"https:\/\/www.africa-press.net\/centrafricaine\/wp-json\/wp\/v2\/posts\/51171","targetHints":{"allow":["GET"]}}],"collection":[{"href":"https:\/\/www.africa-press.net\/centrafricaine\/wp-json\/wp\/v2\/posts"}],"about":[{"href":"https:\/\/www.africa-press.net\/centrafricaine\/wp-json\/wp\/v2\/types\/post"}],"author":[{"embeddable":true,"href":"https:\/\/www.africa-press.net\/centrafricaine\/wp-json\/wp\/v2\/users\/82"}],"replies":[{"embeddable":true,"href":"https:\/\/www.africa-press.net\/centrafricaine\/wp-json\/wp\/v2\/comments?post=51171"}],"version-history":[{"count":0,"href":"https:\/\/www.africa-press.net\/centrafricaine\/wp-json\/wp\/v2\/posts\/51171\/revisions"}],"wp:featuredmedia":[{"embeddable":true,"href":"https:\/\/www.africa-press.net\/centrafricaine\/wp-json\/wp\/v2\/media\/51170"}],"wp:attachment":[{"href":"https:\/\/www.africa-press.net\/centrafricaine\/wp-json\/wp\/v2\/media?parent=51171"}],"wp:term":[{"taxonomy":"category","embeddable":true,"href":"https:\/\/www.africa-press.net\/centrafricaine\/wp-json\/wp\/v2\/categories?post=51171"},{"taxonomy":"post_tag","embeddable":true,"href":"https:\/\/www.africa-press.net\/centrafricaine\/wp-json\/wp\/v2\/tags?post=51171"}],"curies":[{"name":"wp","href":"https:\/\/api.w.org\/{rel}","templated":true}]}}