{"id":51209,"date":"2024-01-01T14:18:49","date_gmt":"2024-01-01T14:18:49","guid":{"rendered":"https:\/\/www.africa-press.net\/centrafricaine\/politique\/mise-en-garde-de-letat-major-des-armees-contre-tout-fauteur-de-trouble-pendant-le-reveillon"},"modified":"2024-01-01T15:15:30","modified_gmt":"2024-01-01T15:15:30","slug":"mise-en-garde-de-letat-major-des-armees-contre-tout-fauteur-de-trouble-pendant-le-reveillon","status":"publish","type":"post","link":"https:\/\/www.africa-press.net\/centrafricaine\/politique\/mise-en-garde-de-letat-major-des-armees-contre-tout-fauteur-de-trouble-pendant-le-reveillon","title":{"rendered":"Mise en garde de l\u2019Etat-Major des Arm\u00e9es contre tout fauteur de trouble pendant le r\u00e9veillon"},"content":{"rendered":"<p><span style=\"color: #ff6600\"><strong>Africa-Press &#8211; CentrAfricaine. <\/strong><\/span><b>Le Chef d\u2019Etat-Major des Arme\u0301es met en garde toute personne de\u0301tentrice ille\u0301gale d\u2019arme de guerre, d\u2019explosif ou pe\u0301tards d\u2019en faire usage pour troubler l\u2019ordre public le jour du reveillon.<\/b><br \/>\n<b>Cette anne\u0301e le gouvernement ne va pas faire retentir les 21 coups de canon. Ci-dessous le communique\u0301.<\/b><\/p>\n<p><strong>Pour plus d&rsquo;informations et d&rsquo;analyses sur la <a href=\"https:\/\/www.africa-press.net\/centrafricaine\">CentrAfricaine<\/a>, suivez <a href=\"https:\/\/www.africa-press.net\/\">Africa-Press<\/a><\/strong><\/p>\n","protected":false},"excerpt":{"rendered":"<p>Africa-Press &#8211; CentrAfricaine. Le Chef d\u2019Etat-Major des Arme\u0301es met en garde toute personne de\u0301tentrice ille\u0301gale d\u2019arme de guerre, d\u2019explosif ou pe\u0301tards d\u2019en faire usage pour troubler l\u2019ordre public le jour du reveillon. Cette anne\u0301e le gouvernement ne va pas faire retentir les 21 coups de canon. Ci-dessous le communique\u0301. Pour plus d&rsquo;informations et d&rsquo;analyses sur [&hellip;]<\/p>\n","protected":false},"author":82,"featured_media":51208,"comment_status":"open","ping_status":"closed","sticky":false,"template":"","format":"standard","meta":{"footnotes":""},"categories":[2,10],"tags":[36,58,30],"class_list":["post-51209","post","type-post","status-publish","format-standard","has-post-thumbnail","hentry","category-politique","category-toutes-les-actualites","tag-africa-press","tag-africa-press-centrafricaine","tag-centrafricaine"],"yoast_head":"<!-- This site is optimized with the Yoast SEO Premium plugin v26.1 (Yoast SEO v27.0) - https:\/\/yoast.com\/product\/yoast-seo-premium-wordpress\/ -->\n<title>Mise en garde de l\u2019Etat-Major des Arm\u00e9es contre tout fauteur de trouble pendant le r\u00e9veillon - centrafricaine<\/title>\n<meta name=\"description\" content=\"Le Chef d\u2019Etat-Major des Arme\u0301es met en garde toute personne de\u0301tentrice ille\u0301gale d\u2019arme de guerre, d\u2019explosif ou pe ...\" \/>\n<meta name=\"robots\" content=\"index, follow, max-snippet:-1, max-image-preview:large, max-video-preview:-1\" \/>\n<link rel=\"canonical\" href=\"https:\/\/www.africa-press.net\/centrafricaine\/politique\/mise-en-garde-de-letat-major-des-armees-contre-tout-fauteur-de-trouble-pendant-le-reveillon\" \/>\n<meta property=\"og:locale\" content=\"fr_FR\" \/>\n<meta property=\"og:type\" content=\"article\" \/>\n<meta property=\"og:title\" content=\"Mise en garde de l\u2019Etat-Major des Arm\u00e9es contre tout fauteur de trouble pendant le r\u00e9veillon\" \/>\n<meta property=\"og:description\" content=\"Le Chef d\u2019Etat-Major des Arme\u0301es met en garde toute personne de\u0301tentrice ille\u0301gale d\u2019arme de guerre, d\u2019explosif ou pe ...\" \/>\n<meta property=\"og:url\" content=\"https:\/\/www.africa-press.net\/centrafricaine\/politique\/mise-en-garde-de-letat-major-des-armees-contre-tout-fauteur-de-trouble-pendant-le-reveillon\" \/>\n<meta property=\"og:site_name\" content=\"centrafricaine\" \/>\n<meta property=\"article:published_time\" content=\"2024-01-01T14:18:49+00:00\" \/>\n<meta property=\"article:modified_time\" content=\"2024-01-01T15:15:30+00:00\" \/>\n<meta property=\"og:image\" content=\"https:\/\/static.africa-press.net\/centrafricaine\/sites\/45\/2024\/01\/sm_1704109249.216054.jpg\" \/>\n\t<meta property=\"og:image:width\" content=\"1280\" \/>\n\t<meta property=\"og:image:height\" content=\"640\" \/>\n\t<meta property=\"og:image:type\" content=\"image\/jpeg\" \/>\n<meta name=\"author\" content=\"cfeditorfr\" \/>\n<meta name=\"twitter:card\" content=\"summary_large_image\" \/>\n<meta name=\"twitter:label1\" content=\"\u00c9crit par\" \/>\n\t<meta name=\"twitter:data1\" content=\"cfeditorfr\" \/>\n\t<meta name=\"twitter:label2\" content=\"Dur\u00e9e de lecture estim\u00e9e\" \/>\n\t<meta name=\"twitter:data2\" content=\"1 minute\" \/>\n<script type=\"application\/ld+json\" class=\"yoast-schema-graph\">{\"@context\":\"https:\/\/schema.org\",\"@graph\":[{\"@type\":\"Article\",\"@id\":\"https:\/\/www.africa-press.net\/centrafricaine\/politique\/mise-en-garde-de-letat-major-des-armees-contre-tout-fauteur-de-trouble-pendant-le-reveillon#article\",\"isPartOf\":{\"@id\":\"https:\/\/www.africa-press.net\/centrafricaine\/politique\/mise-en-garde-de-letat-major-des-armees-contre-tout-fauteur-de-trouble-pendant-le-reveillon\"},\"author\":{\"name\":\"cfeditorfr\",\"@id\":\"https:\/\/www.africa-press.net\/centrafricaine\/#\/schema\/person\/2b1cf3cd81a31e3cd26889ca66d677f1\"},\"headline\":\"Mise en garde de l\u2019Etat-Major des Arm\u00e9es contre tout fauteur de trouble pendant le r\u00e9veillon\",\"datePublished\":\"2024-01-01T14:18:49+00:00\",\"dateModified\":\"2024-01-01T15:15:30+00:00\",\"mainEntityOfPage\":{\"@id\":\"https:\/\/www.africa-press.net\/centrafricaine\/politique\/mise-en-garde-de-letat-major-des-armees-contre-tout-fauteur-de-trouble-pendant-le-reveillon\"},\"wordCount\":88,\"commentCount\":0,\"image\":{\"@id\":\"https:\/\/www.africa-press.net\/centrafricaine\/politique\/mise-en-garde-de-letat-major-des-armees-contre-tout-fauteur-de-trouble-pendant-le-reveillon#primaryimage\"},\"thumbnailUrl\":\"https:\/\/static.africa-press.net\/centrafricaine\/sites\/45\/2024\/01\/sm_1704109249.216054.jpg\",\"keywords\":[\"Africa Press\",\"Africa Press-CentrAfricaine\",\"CentrAfricaine\"],\"articleSection\":[\"Politique\",\"Toutes les actualit\u00e9s\"],\"inLanguage\":\"fr-FR\",\"potentialAction\":[{\"@type\":\"CommentAction\",\"name\":\"Comment\",\"target\":[\"https:\/\/www.africa-press.net\/centrafricaine\/politique\/mise-en-garde-de-letat-major-des-armees-contre-tout-fauteur-de-trouble-pendant-le-reveillon#respond\"]}]},{\"@type\":\"WebPage\",\"@id\":\"https:\/\/www.africa-press.net\/centrafricaine\/politique\/mise-en-garde-de-letat-major-des-armees-contre-tout-fauteur-de-trouble-pendant-le-reveillon\",\"url\":\"https:\/\/www.africa-press.net\/centrafricaine\/politique\/mise-en-garde-de-letat-major-des-armees-contre-tout-fauteur-de-trouble-pendant-le-reveillon\",\"name\":\"Mise en garde de l\u2019Etat-Major des Arm\u00e9es contre tout fauteur de trouble pendant le r\u00e9veillon - centrafricaine\",\"isPartOf\":{\"@id\":\"https:\/\/www.africa-press.net\/centrafricaine\/#website\"},\"primaryImageOfPage\":{\"@id\":\"https:\/\/www.africa-press.net\/centrafricaine\/politique\/mise-en-garde-de-letat-major-des-armees-contre-tout-fauteur-de-trouble-pendant-le-reveillon#primaryimage\"},\"image\":{\"@id\":\"https:\/\/www.africa-press.net\/centrafricaine\/politique\/mise-en-garde-de-letat-major-des-armees-contre-tout-fauteur-de-trouble-pendant-le-reveillon#primaryimage\"},\"thumbnailUrl\":\"https:\/\/static.africa-press.net\/centrafricaine\/sites\/45\/2024\/01\/sm_1704109249.216054.jpg\",\"datePublished\":\"2024-01-01T14:18:49+00:00\",\"dateModified\":\"2024-01-01T15:15:30+00:00\",\"author\":{\"@id\":\"https:\/\/www.africa-press.net\/centrafricaine\/#\/schema\/person\/2b1cf3cd81a31e3cd26889ca66d677f1\"},\"description\":\"Le Chef d\u2019Etat-Major des Arme\u0301es met en garde toute personne de\u0301tentrice ille\u0301gale d\u2019arme de guerre, d\u2019explosif ou pe ...\",\"breadcrumb\":{\"@id\":\"https:\/\/www.africa-press.net\/centrafricaine\/politique\/mise-en-garde-de-letat-major-des-armees-contre-tout-fauteur-de-trouble-pendant-le-reveillon#breadcrumb\"},\"inLanguage\":\"fr-FR\",\"potentialAction\":[{\"@type\":\"ReadAction\",\"target\":[\"https:\/\/www.africa-press.net\/centrafricaine\/politique\/mise-en-garde-de-letat-major-des-armees-contre-tout-fauteur-de-trouble-pendant-le-reveillon\"]}]},{\"@type\":\"ImageObject\",\"inLanguage\":\"fr-FR\",\"@id\":\"https:\/\/www.africa-press.net\/centrafricaine\/politique\/mise-en-garde-de-letat-major-des-armees-contre-tout-fauteur-de-trouble-pendant-le-reveillon#primaryimage\",\"url\":\"https:\/\/static.africa-press.net\/centrafricaine\/sites\/45\/2024\/01\/sm_1704109249.216054.jpg\",\"contentUrl\":\"https:\/\/static.africa-press.net\/centrafricaine\/sites\/45\/2024\/01\/sm_1704109249.216054.jpg\",\"width\":1280,\"height\":640,\"caption\":\"Mise en garde de l\u2019Etat-Major des Arm\u00e9es contre tout fauteur de trouble pendant le r\u00e9veillon\"},{\"@type\":\"BreadcrumbList\",\"@id\":\"https:\/\/www.africa-press.net\/centrafricaine\/politique\/mise-en-garde-de-letat-major-des-armees-contre-tout-fauteur-de-trouble-pendant-le-reveillon#breadcrumb\",\"itemListElement\":[{\"@type\":\"ListItem\",\"position\":1,\"name\":\"Accueil\",\"item\":\"https:\/\/www.africa-press.net\/centrafricaine\/\"},{\"@type\":\"ListItem\",\"position\":2,\"name\":\"Mise en garde de l\u2019Etat-Major des Arm\u00e9es contre tout fauteur de trouble pendant le r\u00e9veillon\"}]},{\"@type\":\"WebSite\",\"@id\":\"https:\/\/www.africa-press.net\/centrafricaine\/#website\",\"url\":\"https:\/\/www.africa-press.net\/centrafricaine\/\",\"name\":\"centrafricaine\",\"description\":\"Just another Africa News Agency Sites site\",\"potentialAction\":[{\"@type\":\"SearchAction\",\"target\":{\"@type\":\"EntryPoint\",\"urlTemplate\":\"https:\/\/www.africa-press.net\/centrafricaine\/?s={search_term_string}\"},\"query-input\":{\"@type\":\"PropertyValueSpecification\",\"valueRequired\":true,\"valueName\":\"search_term_string\"}}],\"inLanguage\":\"fr-FR\"},{\"@type\":\"Person\",\"@id\":\"https:\/\/www.africa-press.net\/centrafricaine\/#\/schema\/person\/2b1cf3cd81a31e3cd26889ca66d677f1\",\"name\":\"cfeditorfr\"}]}<\/script>\n<!-- \/ Yoast SEO Premium plugin. -->","yoast_head_json":{"title":"Mise en garde de l\u2019Etat-Major des Arm\u00e9es contre tout fauteur de trouble pendant le r\u00e9veillon - centrafricaine","description":"Le Chef d\u2019Etat-Major des Arme\u0301es met en garde toute personne de\u0301tentrice ille\u0301gale d\u2019arme de guerre, d\u2019explosif ou pe ...","robots":{"index":"index","follow":"follow","max-snippet":"max-snippet:-1","max-image-preview":"max-image-preview:large","max-video-preview":"max-video-preview:-1"},"canonical":"https:\/\/www.africa-press.net\/centrafricaine\/politique\/mise-en-garde-de-letat-major-des-armees-contre-tout-fauteur-de-trouble-pendant-le-reveillon","og_locale":"fr_FR","og_type":"article","og_title":"Mise en garde de l\u2019Etat-Major des Arm\u00e9es contre tout fauteur de trouble pendant le r\u00e9veillon","og_description":"Le Chef d\u2019Etat-Major des Arme\u0301es met en garde toute personne de\u0301tentrice ille\u0301gale d\u2019arme de guerre, d\u2019explosif ou pe ...","og_url":"https:\/\/www.africa-press.net\/centrafricaine\/politique\/mise-en-garde-de-letat-major-des-armees-contre-tout-fauteur-de-trouble-pendant-le-reveillon","og_site_name":"centrafricaine","article_published_time":"2024-01-01T14:18:49+00:00","article_modified_time":"2024-01-01T15:15:30+00:00","og_image":[{"width":1280,"height":640,"url":"https:\/\/static.africa-press.net\/centrafricaine\/sites\/45\/2024\/01\/sm_1704109249.216054.jpg","type":"image\/jpeg"}],"author":"cfeditorfr","twitter_card":"summary_large_image","twitter_misc":{"\u00c9crit par":"cfeditorfr","Dur\u00e9e de lecture estim\u00e9e":"1 minute"},"schema":{"@context":"https:\/\/schema.org","@graph":[{"@type":"Article","@id":"https:\/\/www.africa-press.net\/centrafricaine\/politique\/mise-en-garde-de-letat-major-des-armees-contre-tout-fauteur-de-trouble-pendant-le-reveillon#article","isPartOf":{"@id":"https:\/\/www.africa-press.net\/centrafricaine\/politique\/mise-en-garde-de-letat-major-des-armees-contre-tout-fauteur-de-trouble-pendant-le-reveillon"},"author":{"name":"cfeditorfr","@id":"https:\/\/www.africa-press.net\/centrafricaine\/#\/schema\/person\/2b1cf3cd81a31e3cd26889ca66d677f1"},"headline":"Mise en garde de l\u2019Etat-Major des Arm\u00e9es contre tout fauteur de trouble pendant le r\u00e9veillon","datePublished":"2024-01-01T14:18:49+00:00","dateModified":"2024-01-01T15:15:30+00:00","mainEntityOfPage":{"@id":"https:\/\/www.africa-press.net\/centrafricaine\/politique\/mise-en-garde-de-letat-major-des-armees-contre-tout-fauteur-de-trouble-pendant-le-reveillon"},"wordCount":88,"commentCount":0,"image":{"@id":"https:\/\/www.africa-press.net\/centrafricaine\/politique\/mise-en-garde-de-letat-major-des-armees-contre-tout-fauteur-de-trouble-pendant-le-reveillon#primaryimage"},"thumbnailUrl":"https:\/\/static.africa-press.net\/centrafricaine\/sites\/45\/2024\/01\/sm_1704109249.216054.jpg","keywords":["Africa Press","Africa Press-CentrAfricaine","CentrAfricaine"],"articleSection":["Politique","Toutes les actualit\u00e9s"],"inLanguage":"fr-FR","potentialAction":[{"@type":"CommentAction","name":"Comment","target":["https:\/\/www.africa-press.net\/centrafricaine\/politique\/mise-en-garde-de-letat-major-des-armees-contre-tout-fauteur-de-trouble-pendant-le-reveillon#respond"]}]},{"@type":"WebPage","@id":"https:\/\/www.africa-press.net\/centrafricaine\/politique\/mise-en-garde-de-letat-major-des-armees-contre-tout-fauteur-de-trouble-pendant-le-reveillon","url":"https:\/\/www.africa-press.net\/centrafricaine\/politique\/mise-en-garde-de-letat-major-des-armees-contre-tout-fauteur-de-trouble-pendant-le-reveillon","name":"Mise en garde de l\u2019Etat-Major des Arm\u00e9es contre tout fauteur de trouble pendant le r\u00e9veillon - centrafricaine","isPartOf":{"@id":"https:\/\/www.africa-press.net\/centrafricaine\/#website"},"primaryImageOfPage":{"@id":"https:\/\/www.africa-press.net\/centrafricaine\/politique\/mise-en-garde-de-letat-major-des-armees-contre-tout-fauteur-de-trouble-pendant-le-reveillon#primaryimage"},"image":{"@id":"https:\/\/www.africa-press.net\/centrafricaine\/politique\/mise-en-garde-de-letat-major-des-armees-contre-tout-fauteur-de-trouble-pendant-le-reveillon#primaryimage"},"thumbnailUrl":"https:\/\/static.africa-press.net\/centrafricaine\/sites\/45\/2024\/01\/sm_1704109249.216054.jpg","datePublished":"2024-01-01T14:18:49+00:00","dateModified":"2024-01-01T15:15:30+00:00","author":{"@id":"https:\/\/www.africa-press.net\/centrafricaine\/#\/schema\/person\/2b1cf3cd81a31e3cd26889ca66d677f1"},"description":"Le Chef d\u2019Etat-Major des Arme\u0301es met en garde toute personne de\u0301tentrice ille\u0301gale d\u2019arme de guerre, d\u2019explosif ou pe ...","breadcrumb":{"@id":"https:\/\/www.africa-press.net\/centrafricaine\/politique\/mise-en-garde-de-letat-major-des-armees-contre-tout-fauteur-de-trouble-pendant-le-reveillon#breadcrumb"},"inLanguage":"fr-FR","potentialAction":[{"@type":"ReadAction","target":["https:\/\/www.africa-press.net\/centrafricaine\/politique\/mise-en-garde-de-letat-major-des-armees-contre-tout-fauteur-de-trouble-pendant-le-reveillon"]}]},{"@type":"ImageObject","inLanguage":"fr-FR","@id":"https:\/\/www.africa-press.net\/centrafricaine\/politique\/mise-en-garde-de-letat-major-des-armees-contre-tout-fauteur-de-trouble-pendant-le-reveillon#primaryimage","url":"https:\/\/static.africa-press.net\/centrafricaine\/sites\/45\/2024\/01\/sm_1704109249.216054.jpg","contentUrl":"https:\/\/static.africa-press.net\/centrafricaine\/sites\/45\/2024\/01\/sm_1704109249.216054.jpg","width":1280,"height":640,"caption":"Mise en garde de l\u2019Etat-Major des Arm\u00e9es contre tout fauteur de trouble pendant le r\u00e9veillon"},{"@type":"BreadcrumbList","@id":"https:\/\/www.africa-press.net\/centrafricaine\/politique\/mise-en-garde-de-letat-major-des-armees-contre-tout-fauteur-de-trouble-pendant-le-reveillon#breadcrumb","itemListElement":[{"@type":"ListItem","position":1,"name":"Accueil","item":"https:\/\/www.africa-press.net\/centrafricaine\/"},{"@type":"ListItem","position":2,"name":"Mise en garde de l\u2019Etat-Major des Arm\u00e9es contre tout fauteur de trouble pendant le r\u00e9veillon"}]},{"@type":"WebSite","@id":"https:\/\/www.africa-press.net\/centrafricaine\/#website","url":"https:\/\/www.africa-press.net\/centrafricaine\/","name":"centrafricaine","description":"Just another Africa News Agency Sites site","potentialAction":[{"@type":"SearchAction","target":{"@type":"EntryPoint","urlTemplate":"https:\/\/www.africa-press.net\/centrafricaine\/?s={search_term_string}"},"query-input":{"@type":"PropertyValueSpecification","valueRequired":true,"valueName":"search_term_string"}}],"inLanguage":"fr-FR"},{"@type":"Person","@id":"https:\/\/www.africa-press.net\/centrafricaine\/#\/schema\/person\/2b1cf3cd81a31e3cd26889ca66d677f1","name":"cfeditorfr"}]}},"_links":{"self":[{"href":"https:\/\/www.africa-press.net\/centrafricaine\/wp-json\/wp\/v2\/posts\/51209","targetHints":{"allow":["GET"]}}],"collection":[{"href":"https:\/\/www.africa-press.net\/centrafricaine\/wp-json\/wp\/v2\/posts"}],"about":[{"href":"https:\/\/www.africa-press.net\/centrafricaine\/wp-json\/wp\/v2\/types\/post"}],"author":[{"embeddable":true,"href":"https:\/\/www.africa-press.net\/centrafricaine\/wp-json\/wp\/v2\/users\/82"}],"replies":[{"embeddable":true,"href":"https:\/\/www.africa-press.net\/centrafricaine\/wp-json\/wp\/v2\/comments?post=51209"}],"version-history":[{"count":0,"href":"https:\/\/www.africa-press.net\/centrafricaine\/wp-json\/wp\/v2\/posts\/51209\/revisions"}],"wp:featuredmedia":[{"embeddable":true,"href":"https:\/\/www.africa-press.net\/centrafricaine\/wp-json\/wp\/v2\/media\/51208"}],"wp:attachment":[{"href":"https:\/\/www.africa-press.net\/centrafricaine\/wp-json\/wp\/v2\/media?parent=51209"}],"wp:term":[{"taxonomy":"category","embeddable":true,"href":"https:\/\/www.africa-press.net\/centrafricaine\/wp-json\/wp\/v2\/categories?post=51209"},{"taxonomy":"post_tag","embeddable":true,"href":"https:\/\/www.africa-press.net\/centrafricaine\/wp-json\/wp\/v2\/tags?post=51209"}],"curies":[{"name":"wp","href":"https:\/\/api.w.org\/{rel}","templated":true}]}}