{"id":51257,"date":"2024-01-03T15:47:46","date_gmt":"2024-01-03T15:47:46","guid":{"rendered":"https:\/\/www.africa-press.net\/centrafricaine\/politique\/message-de-voeux-du-ministre-des-finances-et-du-budget-m-herve-ndoba-a-loccasion-des-fetes-de-fin-dannee-et-du-nouvel-an"},"modified":"2024-01-03T18:03:07","modified_gmt":"2024-01-03T18:03:07","slug":"message-de-voeux-du-ministre-des-finances-et-du-budget-m-herve-ndoba-a-loccasion-des-fetes-de-fin-dannee-et-du-nouvel-an","status":"publish","type":"post","link":"https:\/\/www.africa-press.net\/centrafricaine\/politique\/message-de-voeux-du-ministre-des-finances-et-du-budget-m-herve-ndoba-a-loccasion-des-fetes-de-fin-dannee-et-du-nouvel-an","title":{"rendered":"Message de v\u0153ux du ministre des finances et du budget M. Herv\u00e9 Ndoba \u1ea3 l\u2019occasion des f\u00eates de fin d\u2019ann\u00e9e et du nouvel an"},"content":{"rendered":"<p><span style=\"color: #ff6600\"><strong>Africa-Press &#8211; CentrAfricaine. <\/strong><\/span>Chers collaborateurs,<\/p>\n<p>A l\u2019aube de cette nouvelle anne\u0301e, j\u2019ai le re\u0301el plaisir de pre\u0301senter, a\u0300 vous et a\u0300 vos familles respectives, mes v\u0153ux de bonheur, de sante\u0301 et de prospe\u0301rite\u0301. Je souhaite que l\u2019anne\u0301e 2024 de\u0301bute avec de horizons, de nouveaux de\u0301fis a\u0300 relever ensemble. Qu\u2019elle soit couronne\u0301e de succe\u0300s dans la conduite de notre mission commune et la que\u0302te effre\u0301ne\u0301e de l\u2019ame\u0301lioration de la gestion des finances publiques de notre pays.<\/p>\n<p>Pour l\u2019atteinte de cet objectif, vous avez fait montre de beaucoup d\u2019efforts et de sacrifices dans la mise en \u0153uvre des re\u0301formes et la mobilisation crescendo des ressources financie\u0300res, permettant le bon fonctionnement des services publics et la construction d\u2019un certain nombre d\u2019infrastructures sociales de base. J\u2019ose espe\u0301rer que l\u2019anne\u0301e 2024, consacrera davantage la moisson de tous nos efforts et nous procurera beaucoup de satisfactions.<\/p>\n<p>Par ailleurs, en ces moments de joie dus aux festivite\u0301s de cette fin d\u2019anne\u0301e, j\u2019exprime ma solidarite\u0301 a\u0300 tous les Centrafricains qui sont en situation d&rsquo;extre\u0302me fragilite\u0301 notamment, les victimes des re\u0301centes inondations et les personnes de\u0301place\u0301es internes et toutes les personnes affecte\u0301es par l\u2019impact des crises internationales et nationales.<\/p>\n<p>Des v\u0153ux de bonheur, de prospe\u0301rite\u0301 et de paix a\u0300 tous les Partenaires Techniques et Financiers (PTF) de la Re\u0301publique centrafricaine. Je prie pour que notre collaboration perdure en cette nouvelle anne\u0301e 2024 et bien au-dela\u0300, dans l\u2019inte\u0301re\u0302t du peuple centrafricain qui fait preuve de\u0301ja\u0300 d\u2019une re\u0301silience face a\u0300 moult difficulte\u0301s que notre plane\u0300te traverse. Ensemble, main dans la main, la route du de\u0301veloppement de la RCA nous parai\u0302tra moins longue.<\/p>\n<p>En communion avec toute la communaute\u0301 des croyants de la Re\u0301publique centrafricaine, j&rsquo;implore la mise\u0301ricorde de Dieu sur notre pays, afin qu&rsquo;il nous accorde la paix et la se\u0301curite\u0301 condition sine qua none pour le de\u0301veloppement inclusif de notre pays. Que Dieu accorde a\u0300 tous les Centrafricains, la gra\u0302ce de vivre plusieurs autres fe\u0302tes de fin d\u2019anne\u0301e, dans la sante\u0301, la paix et la se\u0301curite\u0301.<\/p>\n<p>A mes tre\u0300s proches collaborateurs, membres de mon cabinet, je vous pre\u0301sente ma profonde gratitude pour votre soutien et vos encouragements tout le long de l&rsquo;anne\u0301e 2023. Que ce nouvel an puisse effacer toutes les difficulte\u0301s et nous e\u0301pargne de celles a\u0300 venir.<\/p>\n<p>Aux ope\u0301rateurs e\u0301conomiques, partenaires du Ministe\u0300re des Finances et du Budget. Je saisi cette opportunite\u0301 pour, non seulement, vous adresser mes v\u0153ux les plus chaleureux mais aussi vous exhorter au civisme fiscal. Car, l\u2019impo\u0302t joue un ro\u0302le primordial dans l&rsquo;e\u0301dification de notre Etat. Surtout, il facilite l&rsquo;e\u0301tablissement d&rsquo;un contrat social entre les citoyens et l&rsquo;e\u0301tat, gra\u0302ce aux processus de ne\u0301gociation permettant la communication entre les contribuables et le gouvernement qui perc\u0327oit les recettes.<\/p>\n<p>Que l\u2019anne\u0301e 2024 s&rsquo;ouvre sur de nouvelles perspectives d&rsquo;avenir pour chacun d&rsquo;entre vous et vous apporte re\u0301ussite et succe\u0300s dans toutes vos entreprises. Je souhaite aussi que vous continuez d\u2019apporter vos diverses contributions en termes de paiement d\u2019impo\u0302ts et de taxes pour la redynamisation de l\u2019e\u0301conomie nationale.<\/p>\n<p>Enfin, je souhaite que cette anne\u0301e soit favorable a\u0300 toutes les tentatives qui nous permettront de relever tous les de\u0301fis de de\u0301veloppement inclusif de notre pays, la Re\u0301publique centrafricaine. Ensemble, vers de nouveaux horizons pour cette nouvelle anne\u0301e.<\/p>\n<p>Meilleurs v\u0153ux et bonne et heureuse anne\u0301e 2024.<\/p>\n<p>Herve\u0301 NDOBA, Ministre charge\u0301 des Finances et du Budget<\/p>\n<p><strong>Pour plus d&rsquo;informations et d&rsquo;analyses sur la <a href=\"https:\/\/www.africa-press.net\/centrafricaine\">CentrAfricaine<\/a>, suivez <a href=\"https:\/\/www.africa-press.net\/\">Africa-Press<\/a><\/strong><\/p>\n","protected":false},"excerpt":{"rendered":"<p>Africa-Press &#8211; CentrAfricaine. Chers collaborateurs, A l\u2019aube de cette nouvelle anne\u0301e, j\u2019ai le re\u0301el plaisir de pre\u0301senter, a\u0300 vous et a\u0300 vos familles respectives, mes v\u0153ux de bonheur, de sante\u0301 et de prospe\u0301rite\u0301. Je souhaite que l\u2019anne\u0301e 2024 de\u0301bute avec de horizons, de nouveaux de\u0301fis a\u0300 relever ensemble. Qu\u2019elle soit couronne\u0301e de succe\u0300s dans la [&hellip;]<\/p>\n","protected":false},"author":82,"featured_media":51256,"comment_status":"open","ping_status":"closed","sticky":false,"template":"","format":"standard","meta":{"footnotes":""},"categories":[2,10],"tags":[36,58,30],"class_list":["post-51257","post","type-post","status-publish","format-standard","has-post-thumbnail","hentry","category-politique","category-toutes-les-actualites","tag-africa-press","tag-africa-press-centrafricaine","tag-centrafricaine"],"yoast_head":"<!-- This site is optimized with the Yoast SEO Premium plugin v26.1 (Yoast SEO v27.0) - https:\/\/yoast.com\/product\/yoast-seo-premium-wordpress\/ -->\n<title>Message de v\u0153ux du ministre des finances et du budget M. Herv\u00e9 Ndoba \u1ea3 l\u2019occasion des f\u00eates de fin d\u2019ann\u00e9e et du nouvel an - centrafricaine<\/title>\n<meta name=\"description\" content=\"Chers collaborateurs, A l\u2019aube de cette nouvelle anne\u0301e, j\u2019ai le re\u0301el plaisir de pre\u0301senter, a\u0300 vous et a\u0300 vos famille ...\" \/>\n<meta name=\"robots\" content=\"index, follow, max-snippet:-1, max-image-preview:large, max-video-preview:-1\" \/>\n<link rel=\"canonical\" href=\"https:\/\/www.africa-press.net\/centrafricaine\/politique\/message-de-voeux-du-ministre-des-finances-et-du-budget-m-herve-ndoba-a-loccasion-des-fetes-de-fin-dannee-et-du-nouvel-an\" \/>\n<meta property=\"og:locale\" content=\"fr_FR\" \/>\n<meta property=\"og:type\" content=\"article\" \/>\n<meta property=\"og:title\" content=\"Message de v\u0153ux du ministre des finances et du budget M. Herv\u00e9 Ndoba \u1ea3 l\u2019occasion des f\u00eates de fin d\u2019ann\u00e9e et du nouvel an\" \/>\n<meta property=\"og:description\" content=\"Chers collaborateurs, A l\u2019aube de cette nouvelle anne\u0301e, j\u2019ai le re\u0301el plaisir de pre\u0301senter, a\u0300 vous et a\u0300 vos famille ...\" \/>\n<meta property=\"og:url\" content=\"https:\/\/www.africa-press.net\/centrafricaine\/politique\/message-de-voeux-du-ministre-des-finances-et-du-budget-m-herve-ndoba-a-loccasion-des-fetes-de-fin-dannee-et-du-nouvel-an\" \/>\n<meta property=\"og:site_name\" content=\"centrafricaine\" \/>\n<meta property=\"article:published_time\" content=\"2024-01-03T15:47:46+00:00\" \/>\n<meta property=\"article:modified_time\" content=\"2024-01-03T18:03:07+00:00\" \/>\n<meta property=\"og:image\" content=\"https:\/\/static.africa-press.net\/centrafricaine\/sites\/45\/2024\/01\/sm_1704287588.179471.jpg\" \/>\n\t<meta property=\"og:image:width\" content=\"720\" \/>\n\t<meta property=\"og:image:height\" content=\"481\" \/>\n\t<meta property=\"og:image:type\" content=\"image\/jpeg\" \/>\n<meta name=\"author\" content=\"cfeditorfr\" \/>\n<meta name=\"twitter:card\" content=\"summary_large_image\" \/>\n<meta name=\"twitter:label1\" content=\"\u00c9crit par\" \/>\n\t<meta name=\"twitter:data1\" content=\"cfeditorfr\" \/>\n\t<meta name=\"twitter:label2\" content=\"Dur\u00e9e de lecture estim\u00e9e\" \/>\n\t<meta name=\"twitter:data2\" content=\"4 minutes\" \/>\n<script type=\"application\/ld+json\" class=\"yoast-schema-graph\">{\"@context\":\"https:\/\/schema.org\",\"@graph\":[{\"@type\":\"Article\",\"@id\":\"https:\/\/www.africa-press.net\/centrafricaine\/politique\/message-de-voeux-du-ministre-des-finances-et-du-budget-m-herve-ndoba-a-loccasion-des-fetes-de-fin-dannee-et-du-nouvel-an#article\",\"isPartOf\":{\"@id\":\"https:\/\/www.africa-press.net\/centrafricaine\/politique\/message-de-voeux-du-ministre-des-finances-et-du-budget-m-herve-ndoba-a-loccasion-des-fetes-de-fin-dannee-et-du-nouvel-an\"},\"author\":{\"name\":\"cfeditorfr\",\"@id\":\"https:\/\/www.africa-press.net\/centrafricaine\/#\/schema\/person\/2b1cf3cd81a31e3cd26889ca66d677f1\"},\"headline\":\"Message de v\u0153ux du ministre des finances et du budget M. Herv\u00e9 Ndoba \u1ea3 l\u2019occasion des f\u00eates de fin d\u2019ann\u00e9e et du nouvel an\",\"datePublished\":\"2024-01-03T15:47:46+00:00\",\"dateModified\":\"2024-01-03T18:03:07+00:00\",\"mainEntityOfPage\":{\"@id\":\"https:\/\/www.africa-press.net\/centrafricaine\/politique\/message-de-voeux-du-ministre-des-finances-et-du-budget-m-herve-ndoba-a-loccasion-des-fetes-de-fin-dannee-et-du-nouvel-an\"},\"wordCount\":685,\"commentCount\":0,\"image\":{\"@id\":\"https:\/\/www.africa-press.net\/centrafricaine\/politique\/message-de-voeux-du-ministre-des-finances-et-du-budget-m-herve-ndoba-a-loccasion-des-fetes-de-fin-dannee-et-du-nouvel-an#primaryimage\"},\"thumbnailUrl\":\"https:\/\/static.africa-press.net\/centrafricaine\/sites\/45\/2024\/01\/sm_1704287588.179471.jpg\",\"keywords\":[\"Africa Press\",\"Africa Press-CentrAfricaine\",\"CentrAfricaine\"],\"articleSection\":[\"Politique\",\"Toutes les actualit\u00e9s\"],\"inLanguage\":\"fr-FR\",\"potentialAction\":[{\"@type\":\"CommentAction\",\"name\":\"Comment\",\"target\":[\"https:\/\/www.africa-press.net\/centrafricaine\/politique\/message-de-voeux-du-ministre-des-finances-et-du-budget-m-herve-ndoba-a-loccasion-des-fetes-de-fin-dannee-et-du-nouvel-an#respond\"]}]},{\"@type\":\"WebPage\",\"@id\":\"https:\/\/www.africa-press.net\/centrafricaine\/politique\/message-de-voeux-du-ministre-des-finances-et-du-budget-m-herve-ndoba-a-loccasion-des-fetes-de-fin-dannee-et-du-nouvel-an\",\"url\":\"https:\/\/www.africa-press.net\/centrafricaine\/politique\/message-de-voeux-du-ministre-des-finances-et-du-budget-m-herve-ndoba-a-loccasion-des-fetes-de-fin-dannee-et-du-nouvel-an\",\"name\":\"Message de v\u0153ux du ministre des finances et du budget M. Herv\u00e9 Ndoba \u1ea3 l\u2019occasion des f\u00eates de fin d\u2019ann\u00e9e et du nouvel an - centrafricaine\",\"isPartOf\":{\"@id\":\"https:\/\/www.africa-press.net\/centrafricaine\/#website\"},\"primaryImageOfPage\":{\"@id\":\"https:\/\/www.africa-press.net\/centrafricaine\/politique\/message-de-voeux-du-ministre-des-finances-et-du-budget-m-herve-ndoba-a-loccasion-des-fetes-de-fin-dannee-et-du-nouvel-an#primaryimage\"},\"image\":{\"@id\":\"https:\/\/www.africa-press.net\/centrafricaine\/politique\/message-de-voeux-du-ministre-des-finances-et-du-budget-m-herve-ndoba-a-loccasion-des-fetes-de-fin-dannee-et-du-nouvel-an#primaryimage\"},\"thumbnailUrl\":\"https:\/\/static.africa-press.net\/centrafricaine\/sites\/45\/2024\/01\/sm_1704287588.179471.jpg\",\"datePublished\":\"2024-01-03T15:47:46+00:00\",\"dateModified\":\"2024-01-03T18:03:07+00:00\",\"author\":{\"@id\":\"https:\/\/www.africa-press.net\/centrafricaine\/#\/schema\/person\/2b1cf3cd81a31e3cd26889ca66d677f1\"},\"description\":\"Chers collaborateurs, A l\u2019aube de cette nouvelle anne\u0301e, j\u2019ai le re\u0301el plaisir de pre\u0301senter, a\u0300 vous et a\u0300 vos famille ...\",\"breadcrumb\":{\"@id\":\"https:\/\/www.africa-press.net\/centrafricaine\/politique\/message-de-voeux-du-ministre-des-finances-et-du-budget-m-herve-ndoba-a-loccasion-des-fetes-de-fin-dannee-et-du-nouvel-an#breadcrumb\"},\"inLanguage\":\"fr-FR\",\"potentialAction\":[{\"@type\":\"ReadAction\",\"target\":[\"https:\/\/www.africa-press.net\/centrafricaine\/politique\/message-de-voeux-du-ministre-des-finances-et-du-budget-m-herve-ndoba-a-loccasion-des-fetes-de-fin-dannee-et-du-nouvel-an\"]}]},{\"@type\":\"ImageObject\",\"inLanguage\":\"fr-FR\",\"@id\":\"https:\/\/www.africa-press.net\/centrafricaine\/politique\/message-de-voeux-du-ministre-des-finances-et-du-budget-m-herve-ndoba-a-loccasion-des-fetes-de-fin-dannee-et-du-nouvel-an#primaryimage\",\"url\":\"https:\/\/static.africa-press.net\/centrafricaine\/sites\/45\/2024\/01\/sm_1704287588.179471.jpg\",\"contentUrl\":\"https:\/\/static.africa-press.net\/centrafricaine\/sites\/45\/2024\/01\/sm_1704287588.179471.jpg\",\"width\":720,\"height\":481,\"caption\":\"Message de v\u0153ux du ministre des finances et du budget M. Herv\u00e9 Ndoba \u1ea3 l\u2019occasion des f\u00eates de fin d\u2019ann\u00e9e et du nouvel an\"},{\"@type\":\"BreadcrumbList\",\"@id\":\"https:\/\/www.africa-press.net\/centrafricaine\/politique\/message-de-voeux-du-ministre-des-finances-et-du-budget-m-herve-ndoba-a-loccasion-des-fetes-de-fin-dannee-et-du-nouvel-an#breadcrumb\",\"itemListElement\":[{\"@type\":\"ListItem\",\"position\":1,\"name\":\"Accueil\",\"item\":\"https:\/\/www.africa-press.net\/centrafricaine\/\"},{\"@type\":\"ListItem\",\"position\":2,\"name\":\"Message de v\u0153ux du ministre des finances et du budget M. Herv\u00e9 Ndoba \u1ea3 l\u2019occasion des f\u00eates de fin d\u2019ann\u00e9e et du nouvel an\"}]},{\"@type\":\"WebSite\",\"@id\":\"https:\/\/www.africa-press.net\/centrafricaine\/#website\",\"url\":\"https:\/\/www.africa-press.net\/centrafricaine\/\",\"name\":\"centrafricaine\",\"description\":\"Just another Africa News Agency Sites site\",\"potentialAction\":[{\"@type\":\"SearchAction\",\"target\":{\"@type\":\"EntryPoint\",\"urlTemplate\":\"https:\/\/www.africa-press.net\/centrafricaine\/?s={search_term_string}\"},\"query-input\":{\"@type\":\"PropertyValueSpecification\",\"valueRequired\":true,\"valueName\":\"search_term_string\"}}],\"inLanguage\":\"fr-FR\"},{\"@type\":\"Person\",\"@id\":\"https:\/\/www.africa-press.net\/centrafricaine\/#\/schema\/person\/2b1cf3cd81a31e3cd26889ca66d677f1\",\"name\":\"cfeditorfr\"}]}<\/script>\n<!-- \/ Yoast SEO Premium plugin. -->","yoast_head_json":{"title":"Message de v\u0153ux du ministre des finances et du budget M. Herv\u00e9 Ndoba \u1ea3 l\u2019occasion des f\u00eates de fin d\u2019ann\u00e9e et du nouvel an - centrafricaine","description":"Chers collaborateurs, A l\u2019aube de cette nouvelle anne\u0301e, j\u2019ai le re\u0301el plaisir de pre\u0301senter, a\u0300 vous et a\u0300 vos famille ...","robots":{"index":"index","follow":"follow","max-snippet":"max-snippet:-1","max-image-preview":"max-image-preview:large","max-video-preview":"max-video-preview:-1"},"canonical":"https:\/\/www.africa-press.net\/centrafricaine\/politique\/message-de-voeux-du-ministre-des-finances-et-du-budget-m-herve-ndoba-a-loccasion-des-fetes-de-fin-dannee-et-du-nouvel-an","og_locale":"fr_FR","og_type":"article","og_title":"Message de v\u0153ux du ministre des finances et du budget M. Herv\u00e9 Ndoba \u1ea3 l\u2019occasion des f\u00eates de fin d\u2019ann\u00e9e et du nouvel an","og_description":"Chers collaborateurs, A l\u2019aube de cette nouvelle anne\u0301e, j\u2019ai le re\u0301el plaisir de pre\u0301senter, a\u0300 vous et a\u0300 vos famille ...","og_url":"https:\/\/www.africa-press.net\/centrafricaine\/politique\/message-de-voeux-du-ministre-des-finances-et-du-budget-m-herve-ndoba-a-loccasion-des-fetes-de-fin-dannee-et-du-nouvel-an","og_site_name":"centrafricaine","article_published_time":"2024-01-03T15:47:46+00:00","article_modified_time":"2024-01-03T18:03:07+00:00","og_image":[{"width":720,"height":481,"url":"https:\/\/static.africa-press.net\/centrafricaine\/sites\/45\/2024\/01\/sm_1704287588.179471.jpg","type":"image\/jpeg"}],"author":"cfeditorfr","twitter_card":"summary_large_image","twitter_misc":{"\u00c9crit par":"cfeditorfr","Dur\u00e9e de lecture estim\u00e9e":"4 minutes"},"schema":{"@context":"https:\/\/schema.org","@graph":[{"@type":"Article","@id":"https:\/\/www.africa-press.net\/centrafricaine\/politique\/message-de-voeux-du-ministre-des-finances-et-du-budget-m-herve-ndoba-a-loccasion-des-fetes-de-fin-dannee-et-du-nouvel-an#article","isPartOf":{"@id":"https:\/\/www.africa-press.net\/centrafricaine\/politique\/message-de-voeux-du-ministre-des-finances-et-du-budget-m-herve-ndoba-a-loccasion-des-fetes-de-fin-dannee-et-du-nouvel-an"},"author":{"name":"cfeditorfr","@id":"https:\/\/www.africa-press.net\/centrafricaine\/#\/schema\/person\/2b1cf3cd81a31e3cd26889ca66d677f1"},"headline":"Message de v\u0153ux du ministre des finances et du budget M. Herv\u00e9 Ndoba \u1ea3 l\u2019occasion des f\u00eates de fin d\u2019ann\u00e9e et du nouvel an","datePublished":"2024-01-03T15:47:46+00:00","dateModified":"2024-01-03T18:03:07+00:00","mainEntityOfPage":{"@id":"https:\/\/www.africa-press.net\/centrafricaine\/politique\/message-de-voeux-du-ministre-des-finances-et-du-budget-m-herve-ndoba-a-loccasion-des-fetes-de-fin-dannee-et-du-nouvel-an"},"wordCount":685,"commentCount":0,"image":{"@id":"https:\/\/www.africa-press.net\/centrafricaine\/politique\/message-de-voeux-du-ministre-des-finances-et-du-budget-m-herve-ndoba-a-loccasion-des-fetes-de-fin-dannee-et-du-nouvel-an#primaryimage"},"thumbnailUrl":"https:\/\/static.africa-press.net\/centrafricaine\/sites\/45\/2024\/01\/sm_1704287588.179471.jpg","keywords":["Africa Press","Africa Press-CentrAfricaine","CentrAfricaine"],"articleSection":["Politique","Toutes les actualit\u00e9s"],"inLanguage":"fr-FR","potentialAction":[{"@type":"CommentAction","name":"Comment","target":["https:\/\/www.africa-press.net\/centrafricaine\/politique\/message-de-voeux-du-ministre-des-finances-et-du-budget-m-herve-ndoba-a-loccasion-des-fetes-de-fin-dannee-et-du-nouvel-an#respond"]}]},{"@type":"WebPage","@id":"https:\/\/www.africa-press.net\/centrafricaine\/politique\/message-de-voeux-du-ministre-des-finances-et-du-budget-m-herve-ndoba-a-loccasion-des-fetes-de-fin-dannee-et-du-nouvel-an","url":"https:\/\/www.africa-press.net\/centrafricaine\/politique\/message-de-voeux-du-ministre-des-finances-et-du-budget-m-herve-ndoba-a-loccasion-des-fetes-de-fin-dannee-et-du-nouvel-an","name":"Message de v\u0153ux du ministre des finances et du budget M. Herv\u00e9 Ndoba \u1ea3 l\u2019occasion des f\u00eates de fin d\u2019ann\u00e9e et du nouvel an - centrafricaine","isPartOf":{"@id":"https:\/\/www.africa-press.net\/centrafricaine\/#website"},"primaryImageOfPage":{"@id":"https:\/\/www.africa-press.net\/centrafricaine\/politique\/message-de-voeux-du-ministre-des-finances-et-du-budget-m-herve-ndoba-a-loccasion-des-fetes-de-fin-dannee-et-du-nouvel-an#primaryimage"},"image":{"@id":"https:\/\/www.africa-press.net\/centrafricaine\/politique\/message-de-voeux-du-ministre-des-finances-et-du-budget-m-herve-ndoba-a-loccasion-des-fetes-de-fin-dannee-et-du-nouvel-an#primaryimage"},"thumbnailUrl":"https:\/\/static.africa-press.net\/centrafricaine\/sites\/45\/2024\/01\/sm_1704287588.179471.jpg","datePublished":"2024-01-03T15:47:46+00:00","dateModified":"2024-01-03T18:03:07+00:00","author":{"@id":"https:\/\/www.africa-press.net\/centrafricaine\/#\/schema\/person\/2b1cf3cd81a31e3cd26889ca66d677f1"},"description":"Chers collaborateurs, A l\u2019aube de cette nouvelle anne\u0301e, j\u2019ai le re\u0301el plaisir de pre\u0301senter, a\u0300 vous et a\u0300 vos famille ...","breadcrumb":{"@id":"https:\/\/www.africa-press.net\/centrafricaine\/politique\/message-de-voeux-du-ministre-des-finances-et-du-budget-m-herve-ndoba-a-loccasion-des-fetes-de-fin-dannee-et-du-nouvel-an#breadcrumb"},"inLanguage":"fr-FR","potentialAction":[{"@type":"ReadAction","target":["https:\/\/www.africa-press.net\/centrafricaine\/politique\/message-de-voeux-du-ministre-des-finances-et-du-budget-m-herve-ndoba-a-loccasion-des-fetes-de-fin-dannee-et-du-nouvel-an"]}]},{"@type":"ImageObject","inLanguage":"fr-FR","@id":"https:\/\/www.africa-press.net\/centrafricaine\/politique\/message-de-voeux-du-ministre-des-finances-et-du-budget-m-herve-ndoba-a-loccasion-des-fetes-de-fin-dannee-et-du-nouvel-an#primaryimage","url":"https:\/\/static.africa-press.net\/centrafricaine\/sites\/45\/2024\/01\/sm_1704287588.179471.jpg","contentUrl":"https:\/\/static.africa-press.net\/centrafricaine\/sites\/45\/2024\/01\/sm_1704287588.179471.jpg","width":720,"height":481,"caption":"Message de v\u0153ux du ministre des finances et du budget M. Herv\u00e9 Ndoba \u1ea3 l\u2019occasion des f\u00eates de fin d\u2019ann\u00e9e et du nouvel an"},{"@type":"BreadcrumbList","@id":"https:\/\/www.africa-press.net\/centrafricaine\/politique\/message-de-voeux-du-ministre-des-finances-et-du-budget-m-herve-ndoba-a-loccasion-des-fetes-de-fin-dannee-et-du-nouvel-an#breadcrumb","itemListElement":[{"@type":"ListItem","position":1,"name":"Accueil","item":"https:\/\/www.africa-press.net\/centrafricaine\/"},{"@type":"ListItem","position":2,"name":"Message de v\u0153ux du ministre des finances et du budget M. Herv\u00e9 Ndoba \u1ea3 l\u2019occasion des f\u00eates de fin d\u2019ann\u00e9e et du nouvel an"}]},{"@type":"WebSite","@id":"https:\/\/www.africa-press.net\/centrafricaine\/#website","url":"https:\/\/www.africa-press.net\/centrafricaine\/","name":"centrafricaine","description":"Just another Africa News Agency Sites site","potentialAction":[{"@type":"SearchAction","target":{"@type":"EntryPoint","urlTemplate":"https:\/\/www.africa-press.net\/centrafricaine\/?s={search_term_string}"},"query-input":{"@type":"PropertyValueSpecification","valueRequired":true,"valueName":"search_term_string"}}],"inLanguage":"fr-FR"},{"@type":"Person","@id":"https:\/\/www.africa-press.net\/centrafricaine\/#\/schema\/person\/2b1cf3cd81a31e3cd26889ca66d677f1","name":"cfeditorfr"}]}},"_links":{"self":[{"href":"https:\/\/www.africa-press.net\/centrafricaine\/wp-json\/wp\/v2\/posts\/51257","targetHints":{"allow":["GET"]}}],"collection":[{"href":"https:\/\/www.africa-press.net\/centrafricaine\/wp-json\/wp\/v2\/posts"}],"about":[{"href":"https:\/\/www.africa-press.net\/centrafricaine\/wp-json\/wp\/v2\/types\/post"}],"author":[{"embeddable":true,"href":"https:\/\/www.africa-press.net\/centrafricaine\/wp-json\/wp\/v2\/users\/82"}],"replies":[{"embeddable":true,"href":"https:\/\/www.africa-press.net\/centrafricaine\/wp-json\/wp\/v2\/comments?post=51257"}],"version-history":[{"count":0,"href":"https:\/\/www.africa-press.net\/centrafricaine\/wp-json\/wp\/v2\/posts\/51257\/revisions"}],"wp:featuredmedia":[{"embeddable":true,"href":"https:\/\/www.africa-press.net\/centrafricaine\/wp-json\/wp\/v2\/media\/51256"}],"wp:attachment":[{"href":"https:\/\/www.africa-press.net\/centrafricaine\/wp-json\/wp\/v2\/media?parent=51257"}],"wp:term":[{"taxonomy":"category","embeddable":true,"href":"https:\/\/www.africa-press.net\/centrafricaine\/wp-json\/wp\/v2\/categories?post=51257"},{"taxonomy":"post_tag","embeddable":true,"href":"https:\/\/www.africa-press.net\/centrafricaine\/wp-json\/wp\/v2\/tags?post=51257"}],"curies":[{"name":"wp","href":"https:\/\/api.w.org\/{rel}","templated":true}]}}