{"id":51301,"date":"2024-01-04T17:04:20","date_gmt":"2024-01-04T17:04:20","guid":{"rendered":"https:\/\/www.africa-press.net\/centrafricaine\/politique\/arrestations-musclees-du-colonel-modoua-et-du-maire-de-baboua-par-les-mercenaires-de-wagner"},"modified":"2024-01-04T18:18:33","modified_gmt":"2024-01-04T18:18:33","slug":"arrestations-musclees-du-colonel-modoua-et-du-maire-de-baboua-par-les-mercenaires-de-wagner","status":"publish","type":"post","link":"https:\/\/www.africa-press.net\/centrafricaine\/politique\/arrestations-musclees-du-colonel-modoua-et-du-maire-de-baboua-par-les-mercenaires-de-wagner","title":{"rendered":"Arrestations muscl\u00e9es du colonel Modoua et du maire de Baboua par les mercenaires de Wagner"},"content":{"rendered":"<p><span style=\"color: #ff6600\"><strong>Africa-Press &#8211; CentrAfricaine. <\/strong><\/span>La Re\u0301publique centrafricaine, de\u0301ja\u0300 secoue\u0301e par de nombreuses crises de violation des droits de l\u2019Homme, fait de nouveau les gros titres en ce de\u0301but d\u2019anne\u0301e 2024. La pre\u0301fecture de la Nana-Mambe\u0301re\u0301, a\u0300 elle seule, a e\u0301te\u0301 le the\u0301a\u0302tre d\u2019une se\u0301rie d\u2019arrestations choquantes impliquant des figures locales de premier plan, notamment le commandant de la re\u0301gion militaire nord-ouest et le maire de la ville de Baboua. Les responsables de ces arrestations muscle\u0301es ? Les mercenaires russes du groupe Wagner, dont l\u2019influence et les actions suscitent de nombreuses re\u0301actions dans le pays.<\/p>\n<p><b>Une arrestation surprenante<\/b><\/p>\n<p>Le mercredi 3 janvier 2023 restera grave\u0301 avec une scene d\u2019arrestation incomprise dans la me\u0301moire des habitants de la commune de Baboua, situe\u0301e dans la Nana-Mambe\u0301re\u0301, en Re\u0301publique centrafricaine. En plein jour, Caprang Jeanine Ephraim, maire de cette commune, a e\u0301te\u0301 brutalement arre\u0302te\u0301 par les mercenaires russes de la socie\u0301te\u0301 Wagner, accompagne\u0301s des soldats des Forces Arme\u0301es Centrafricaines (FACA). Cette arrestation a pris de court la population locale, qui a assiste\u0301 a\u0300 un spectacle troublant: le maire menotte\u0301, traite\u0301 comme un criminel, embarque\u0301 en direction de la ville de Bouar.<\/p>\n<p><b>Le colonel Modoua, une cible inattendue<\/b><\/p>\n<p>Peu de temps apre\u0300s cette premie\u0300re arrestation, une autre figure de la re\u0301gion a e\u0301te\u0301 arre\u0302te\u0301e de manie\u0300re tout aussi muscle\u0301e. Le colonel Modoua, commandant de la re\u0301gion militaire nord-ouest, a e\u0301te\u0301 appre\u0301hende\u0301 de manie\u0300re mani-militari par les e\u0301le\u0301ments du groupe Wagner e\u0301galement. Sa chambre a e\u0301te\u0301 fouille\u0301e, et des biens importants ont e\u0301te\u0301 emporte\u0301s certains te\u0301moins. Les raisons pre\u0301cises de ces deux arrestations demeurent obscures, mais les spe\u0301culations vont bon train.<\/p>\n<p><b>Des motifs flous, des the\u0301ories perspicaces<\/b><\/p>\n<p>Les motifs de ces arrestations restent un myste\u0300re pour le grand public, mais les explications personnelles et les the\u0301ories circulent abondamment. Pour les proches du maire Caprang Jeanine Ephraim, il s\u2019agit d\u2019une arrestation arbitraire et en violation de la loi. En revanche, du co\u0302te\u0301 du colonel Modoua, les habitants de Bouar soupc\u0327onnent une strate\u0301gie des mercenaires russes pour se venger de l\u2019arrestation de neuf soldats des FACA implique\u0301s dans des actes de braquages en collaboration avec les membres de leur socie\u0301te\u0301 Wagner.<\/p>\n<p><b>L\u2019e\u0301cho d\u2019une revanche<\/b><\/p>\n<p>Selon cette version des faits, les soldats des FACA implique\u0301s dans des crimes avec les Russes de Wagner avaient e\u0301te\u0301 arre\u0302te\u0301s la semaine dernie\u0300re sur l\u2019ordre du colonel Modoua lui-me\u0302me. Les mercenaires russes auraient ainsi profite\u0301 de l\u2019occasion pour mettre la main sur le colonel, qui s\u2019efforc\u0327ait de re\u0301tablir l\u2019ordre parmi ses troupes a\u0300 Bouar. Cette situation soule\u0300ve des questions sur les ve\u0301ritables intentions des mercenaires russes en Re\u0301publique centrafricaine et suscite des doutes quant a\u0300 leur de\u0301sir de voir l\u2019ordre et la stabilite\u0301 re\u0301gner dans le pays.<\/p>\n<p><b>Des questions sans re\u0301ponses<\/b><\/p>\n<p>Les arrestations muscle\u0301es du maire de Baboua et du colonel Modoua par les mercenaires russes du groupe Wagner laissent planer de nombreuses interrogations. Les raisons exactes de ces actions demeurent floues, mais les conse\u0301quences pourraient e\u0302tre graves. L\u2019incident met en lumie\u0300re les de\u0301fis auxquels est confronte\u0301e la Re\u0301publique centrafricaine, ainsi que les tensions persistantes entre les acteurs nationaux et les forces e\u0301trange\u0300res pre\u0301sentes dans le pays.<\/p>\n<p>L\u2019avenir de la Nana-Mambe\u0301re\u0301 et de la Re\u0301publique centrafricaine dans son ensemble reste incertain. La Re\u0301publique centrafricaine continue de faire face a\u0300 des enjeux complexes, et il est essentiel d\u2019analyser les e\u0301ve\u0301nements re\u0301cents pour comprendre les implications futures de ces arrestations muscle\u0301es et de l\u2019influence croissante des mercenaires russes dans le pays.<\/p>\n<p><strong>Pour plus d&rsquo;informations et d&rsquo;analyses sur la <a href=\"https:\/\/www.africa-press.net\/centrafricaine\">CentrAfricaine<\/a>, suivez <a href=\"https:\/\/www.africa-press.net\/\">Africa-Press<\/a><\/strong><\/p>\n","protected":false},"excerpt":{"rendered":"<p>Africa-Press &#8211; CentrAfricaine. La Re\u0301publique centrafricaine, de\u0301ja\u0300 secoue\u0301e par de nombreuses crises de violation des droits de l\u2019Homme, fait de nouveau les gros titres en ce de\u0301but d\u2019anne\u0301e 2024. La pre\u0301fecture de la Nana-Mambe\u0301re\u0301, a\u0300 elle seule, a e\u0301te\u0301 le the\u0301a\u0302tre d\u2019une se\u0301rie d\u2019arrestations choquantes impliquant des figures locales de premier plan, notamment le commandant [&hellip;]<\/p>\n","protected":false},"author":82,"featured_media":51300,"comment_status":"open","ping_status":"closed","sticky":false,"template":"","format":"standard","meta":{"footnotes":""},"categories":[2,10],"tags":[36,58,30],"class_list":["post-51301","post","type-post","status-publish","format-standard","has-post-thumbnail","hentry","category-politique","category-toutes-les-actualites","tag-africa-press","tag-africa-press-centrafricaine","tag-centrafricaine"],"yoast_head":"<!-- This site is optimized with the Yoast SEO Premium plugin v26.1 (Yoast SEO v27.0) - https:\/\/yoast.com\/product\/yoast-seo-premium-wordpress\/ -->\n<title>Arrestations muscl\u00e9es du colonel Modoua et du maire de Baboua par les mercenaires de Wagner - centrafricaine<\/title>\n<meta name=\"description\" content=\"La Re\u0301publique centrafricaine, de\u0301ja\u0300 secoue\u0301e par de nombreuses crises de violation des droits de l\u2019Homme, fait de nouv ...\" \/>\n<meta name=\"robots\" content=\"index, follow, max-snippet:-1, max-image-preview:large, max-video-preview:-1\" \/>\n<link rel=\"canonical\" href=\"https:\/\/www.africa-press.net\/centrafricaine\/politique\/arrestations-musclees-du-colonel-modoua-et-du-maire-de-baboua-par-les-mercenaires-de-wagner\" \/>\n<meta property=\"og:locale\" content=\"fr_FR\" \/>\n<meta property=\"og:type\" content=\"article\" \/>\n<meta property=\"og:title\" content=\"Arrestations muscl\u00e9es du colonel Modoua et du maire de Baboua par les mercenaires de Wagner\" \/>\n<meta property=\"og:description\" content=\"La Re\u0301publique centrafricaine, de\u0301ja\u0300 secoue\u0301e par de nombreuses crises de violation des droits de l\u2019Homme, fait de nouv ...\" \/>\n<meta property=\"og:url\" content=\"https:\/\/www.africa-press.net\/centrafricaine\/politique\/arrestations-musclees-du-colonel-modoua-et-du-maire-de-baboua-par-les-mercenaires-de-wagner\" \/>\n<meta property=\"og:site_name\" content=\"centrafricaine\" \/>\n<meta property=\"article:published_time\" content=\"2024-01-04T17:04:20+00:00\" \/>\n<meta property=\"article:modified_time\" content=\"2024-01-04T18:18:33+00:00\" \/>\n<meta property=\"og:image\" content=\"https:\/\/static.africa-press.net\/centrafricaine\/sites\/45\/2024\/01\/sm_1704376674.557996.jpg\" \/>\n\t<meta property=\"og:image:width\" content=\"720\" \/>\n\t<meta property=\"og:image:height\" content=\"392\" \/>\n\t<meta property=\"og:image:type\" content=\"image\/jpeg\" \/>\n<meta name=\"author\" content=\"cfeditorfr\" \/>\n<meta name=\"twitter:card\" content=\"summary_large_image\" \/>\n<meta name=\"twitter:label1\" content=\"\u00c9crit par\" \/>\n\t<meta name=\"twitter:data1\" content=\"cfeditorfr\" \/>\n\t<meta name=\"twitter:label2\" content=\"Dur\u00e9e de lecture estim\u00e9e\" \/>\n\t<meta name=\"twitter:data2\" content=\"3 minutes\" \/>\n<script type=\"application\/ld+json\" class=\"yoast-schema-graph\">{\"@context\":\"https:\/\/schema.org\",\"@graph\":[{\"@type\":\"Article\",\"@id\":\"https:\/\/www.africa-press.net\/centrafricaine\/politique\/arrestations-musclees-du-colonel-modoua-et-du-maire-de-baboua-par-les-mercenaires-de-wagner#article\",\"isPartOf\":{\"@id\":\"https:\/\/www.africa-press.net\/centrafricaine\/politique\/arrestations-musclees-du-colonel-modoua-et-du-maire-de-baboua-par-les-mercenaires-de-wagner\"},\"author\":{\"name\":\"cfeditorfr\",\"@id\":\"https:\/\/www.africa-press.net\/centrafricaine\/#\/schema\/person\/2b1cf3cd81a31e3cd26889ca66d677f1\"},\"headline\":\"Arrestations muscl\u00e9es du colonel Modoua et du maire de Baboua par les mercenaires de Wagner\",\"datePublished\":\"2024-01-04T17:04:20+00:00\",\"dateModified\":\"2024-01-04T18:18:33+00:00\",\"mainEntityOfPage\":{\"@id\":\"https:\/\/www.africa-press.net\/centrafricaine\/politique\/arrestations-musclees-du-colonel-modoua-et-du-maire-de-baboua-par-les-mercenaires-de-wagner\"},\"wordCount\":694,\"commentCount\":0,\"image\":{\"@id\":\"https:\/\/www.africa-press.net\/centrafricaine\/politique\/arrestations-musclees-du-colonel-modoua-et-du-maire-de-baboua-par-les-mercenaires-de-wagner#primaryimage\"},\"thumbnailUrl\":\"https:\/\/static.africa-press.net\/centrafricaine\/sites\/45\/2024\/01\/sm_1704376674.557996.jpg\",\"keywords\":[\"Africa Press\",\"Africa Press-CentrAfricaine\",\"CentrAfricaine\"],\"articleSection\":[\"Politique\",\"Toutes les actualit\u00e9s\"],\"inLanguage\":\"fr-FR\",\"potentialAction\":[{\"@type\":\"CommentAction\",\"name\":\"Comment\",\"target\":[\"https:\/\/www.africa-press.net\/centrafricaine\/politique\/arrestations-musclees-du-colonel-modoua-et-du-maire-de-baboua-par-les-mercenaires-de-wagner#respond\"]}]},{\"@type\":\"WebPage\",\"@id\":\"https:\/\/www.africa-press.net\/centrafricaine\/politique\/arrestations-musclees-du-colonel-modoua-et-du-maire-de-baboua-par-les-mercenaires-de-wagner\",\"url\":\"https:\/\/www.africa-press.net\/centrafricaine\/politique\/arrestations-musclees-du-colonel-modoua-et-du-maire-de-baboua-par-les-mercenaires-de-wagner\",\"name\":\"Arrestations muscl\u00e9es du colonel Modoua et du maire de Baboua par les mercenaires de Wagner - centrafricaine\",\"isPartOf\":{\"@id\":\"https:\/\/www.africa-press.net\/centrafricaine\/#website\"},\"primaryImageOfPage\":{\"@id\":\"https:\/\/www.africa-press.net\/centrafricaine\/politique\/arrestations-musclees-du-colonel-modoua-et-du-maire-de-baboua-par-les-mercenaires-de-wagner#primaryimage\"},\"image\":{\"@id\":\"https:\/\/www.africa-press.net\/centrafricaine\/politique\/arrestations-musclees-du-colonel-modoua-et-du-maire-de-baboua-par-les-mercenaires-de-wagner#primaryimage\"},\"thumbnailUrl\":\"https:\/\/static.africa-press.net\/centrafricaine\/sites\/45\/2024\/01\/sm_1704376674.557996.jpg\",\"datePublished\":\"2024-01-04T17:04:20+00:00\",\"dateModified\":\"2024-01-04T18:18:33+00:00\",\"author\":{\"@id\":\"https:\/\/www.africa-press.net\/centrafricaine\/#\/schema\/person\/2b1cf3cd81a31e3cd26889ca66d677f1\"},\"description\":\"La Re\u0301publique centrafricaine, de\u0301ja\u0300 secoue\u0301e par de nombreuses crises de violation des droits de l\u2019Homme, fait de nouv ...\",\"breadcrumb\":{\"@id\":\"https:\/\/www.africa-press.net\/centrafricaine\/politique\/arrestations-musclees-du-colonel-modoua-et-du-maire-de-baboua-par-les-mercenaires-de-wagner#breadcrumb\"},\"inLanguage\":\"fr-FR\",\"potentialAction\":[{\"@type\":\"ReadAction\",\"target\":[\"https:\/\/www.africa-press.net\/centrafricaine\/politique\/arrestations-musclees-du-colonel-modoua-et-du-maire-de-baboua-par-les-mercenaires-de-wagner\"]}]},{\"@type\":\"ImageObject\",\"inLanguage\":\"fr-FR\",\"@id\":\"https:\/\/www.africa-press.net\/centrafricaine\/politique\/arrestations-musclees-du-colonel-modoua-et-du-maire-de-baboua-par-les-mercenaires-de-wagner#primaryimage\",\"url\":\"https:\/\/static.africa-press.net\/centrafricaine\/sites\/45\/2024\/01\/sm_1704376674.557996.jpg\",\"contentUrl\":\"https:\/\/static.africa-press.net\/centrafricaine\/sites\/45\/2024\/01\/sm_1704376674.557996.jpg\",\"width\":720,\"height\":392,\"caption\":\"Arrestations muscl\u00e9es du colonel Modoua et du maire de Baboua par les mercenaires de Wagner\"},{\"@type\":\"BreadcrumbList\",\"@id\":\"https:\/\/www.africa-press.net\/centrafricaine\/politique\/arrestations-musclees-du-colonel-modoua-et-du-maire-de-baboua-par-les-mercenaires-de-wagner#breadcrumb\",\"itemListElement\":[{\"@type\":\"ListItem\",\"position\":1,\"name\":\"Accueil\",\"item\":\"https:\/\/www.africa-press.net\/centrafricaine\/\"},{\"@type\":\"ListItem\",\"position\":2,\"name\":\"Arrestations muscl\u00e9es du colonel Modoua et du maire de Baboua par les mercenaires de Wagner\"}]},{\"@type\":\"WebSite\",\"@id\":\"https:\/\/www.africa-press.net\/centrafricaine\/#website\",\"url\":\"https:\/\/www.africa-press.net\/centrafricaine\/\",\"name\":\"centrafricaine\",\"description\":\"Just another Africa News Agency Sites site\",\"potentialAction\":[{\"@type\":\"SearchAction\",\"target\":{\"@type\":\"EntryPoint\",\"urlTemplate\":\"https:\/\/www.africa-press.net\/centrafricaine\/?s={search_term_string}\"},\"query-input\":{\"@type\":\"PropertyValueSpecification\",\"valueRequired\":true,\"valueName\":\"search_term_string\"}}],\"inLanguage\":\"fr-FR\"},{\"@type\":\"Person\",\"@id\":\"https:\/\/www.africa-press.net\/centrafricaine\/#\/schema\/person\/2b1cf3cd81a31e3cd26889ca66d677f1\",\"name\":\"cfeditorfr\"}]}<\/script>\n<!-- \/ Yoast SEO Premium plugin. -->","yoast_head_json":{"title":"Arrestations muscl\u00e9es du colonel Modoua et du maire de Baboua par les mercenaires de Wagner - centrafricaine","description":"La Re\u0301publique centrafricaine, de\u0301ja\u0300 secoue\u0301e par de nombreuses crises de violation des droits de l\u2019Homme, fait de nouv ...","robots":{"index":"index","follow":"follow","max-snippet":"max-snippet:-1","max-image-preview":"max-image-preview:large","max-video-preview":"max-video-preview:-1"},"canonical":"https:\/\/www.africa-press.net\/centrafricaine\/politique\/arrestations-musclees-du-colonel-modoua-et-du-maire-de-baboua-par-les-mercenaires-de-wagner","og_locale":"fr_FR","og_type":"article","og_title":"Arrestations muscl\u00e9es du colonel Modoua et du maire de Baboua par les mercenaires de Wagner","og_description":"La Re\u0301publique centrafricaine, de\u0301ja\u0300 secoue\u0301e par de nombreuses crises de violation des droits de l\u2019Homme, fait de nouv ...","og_url":"https:\/\/www.africa-press.net\/centrafricaine\/politique\/arrestations-musclees-du-colonel-modoua-et-du-maire-de-baboua-par-les-mercenaires-de-wagner","og_site_name":"centrafricaine","article_published_time":"2024-01-04T17:04:20+00:00","article_modified_time":"2024-01-04T18:18:33+00:00","og_image":[{"width":720,"height":392,"url":"https:\/\/static.africa-press.net\/centrafricaine\/sites\/45\/2024\/01\/sm_1704376674.557996.jpg","type":"image\/jpeg"}],"author":"cfeditorfr","twitter_card":"summary_large_image","twitter_misc":{"\u00c9crit par":"cfeditorfr","Dur\u00e9e de lecture estim\u00e9e":"3 minutes"},"schema":{"@context":"https:\/\/schema.org","@graph":[{"@type":"Article","@id":"https:\/\/www.africa-press.net\/centrafricaine\/politique\/arrestations-musclees-du-colonel-modoua-et-du-maire-de-baboua-par-les-mercenaires-de-wagner#article","isPartOf":{"@id":"https:\/\/www.africa-press.net\/centrafricaine\/politique\/arrestations-musclees-du-colonel-modoua-et-du-maire-de-baboua-par-les-mercenaires-de-wagner"},"author":{"name":"cfeditorfr","@id":"https:\/\/www.africa-press.net\/centrafricaine\/#\/schema\/person\/2b1cf3cd81a31e3cd26889ca66d677f1"},"headline":"Arrestations muscl\u00e9es du colonel Modoua et du maire de Baboua par les mercenaires de Wagner","datePublished":"2024-01-04T17:04:20+00:00","dateModified":"2024-01-04T18:18:33+00:00","mainEntityOfPage":{"@id":"https:\/\/www.africa-press.net\/centrafricaine\/politique\/arrestations-musclees-du-colonel-modoua-et-du-maire-de-baboua-par-les-mercenaires-de-wagner"},"wordCount":694,"commentCount":0,"image":{"@id":"https:\/\/www.africa-press.net\/centrafricaine\/politique\/arrestations-musclees-du-colonel-modoua-et-du-maire-de-baboua-par-les-mercenaires-de-wagner#primaryimage"},"thumbnailUrl":"https:\/\/static.africa-press.net\/centrafricaine\/sites\/45\/2024\/01\/sm_1704376674.557996.jpg","keywords":["Africa Press","Africa Press-CentrAfricaine","CentrAfricaine"],"articleSection":["Politique","Toutes les actualit\u00e9s"],"inLanguage":"fr-FR","potentialAction":[{"@type":"CommentAction","name":"Comment","target":["https:\/\/www.africa-press.net\/centrafricaine\/politique\/arrestations-musclees-du-colonel-modoua-et-du-maire-de-baboua-par-les-mercenaires-de-wagner#respond"]}]},{"@type":"WebPage","@id":"https:\/\/www.africa-press.net\/centrafricaine\/politique\/arrestations-musclees-du-colonel-modoua-et-du-maire-de-baboua-par-les-mercenaires-de-wagner","url":"https:\/\/www.africa-press.net\/centrafricaine\/politique\/arrestations-musclees-du-colonel-modoua-et-du-maire-de-baboua-par-les-mercenaires-de-wagner","name":"Arrestations muscl\u00e9es du colonel Modoua et du maire de Baboua par les mercenaires de Wagner - centrafricaine","isPartOf":{"@id":"https:\/\/www.africa-press.net\/centrafricaine\/#website"},"primaryImageOfPage":{"@id":"https:\/\/www.africa-press.net\/centrafricaine\/politique\/arrestations-musclees-du-colonel-modoua-et-du-maire-de-baboua-par-les-mercenaires-de-wagner#primaryimage"},"image":{"@id":"https:\/\/www.africa-press.net\/centrafricaine\/politique\/arrestations-musclees-du-colonel-modoua-et-du-maire-de-baboua-par-les-mercenaires-de-wagner#primaryimage"},"thumbnailUrl":"https:\/\/static.africa-press.net\/centrafricaine\/sites\/45\/2024\/01\/sm_1704376674.557996.jpg","datePublished":"2024-01-04T17:04:20+00:00","dateModified":"2024-01-04T18:18:33+00:00","author":{"@id":"https:\/\/www.africa-press.net\/centrafricaine\/#\/schema\/person\/2b1cf3cd81a31e3cd26889ca66d677f1"},"description":"La Re\u0301publique centrafricaine, de\u0301ja\u0300 secoue\u0301e par de nombreuses crises de violation des droits de l\u2019Homme, fait de nouv ...","breadcrumb":{"@id":"https:\/\/www.africa-press.net\/centrafricaine\/politique\/arrestations-musclees-du-colonel-modoua-et-du-maire-de-baboua-par-les-mercenaires-de-wagner#breadcrumb"},"inLanguage":"fr-FR","potentialAction":[{"@type":"ReadAction","target":["https:\/\/www.africa-press.net\/centrafricaine\/politique\/arrestations-musclees-du-colonel-modoua-et-du-maire-de-baboua-par-les-mercenaires-de-wagner"]}]},{"@type":"ImageObject","inLanguage":"fr-FR","@id":"https:\/\/www.africa-press.net\/centrafricaine\/politique\/arrestations-musclees-du-colonel-modoua-et-du-maire-de-baboua-par-les-mercenaires-de-wagner#primaryimage","url":"https:\/\/static.africa-press.net\/centrafricaine\/sites\/45\/2024\/01\/sm_1704376674.557996.jpg","contentUrl":"https:\/\/static.africa-press.net\/centrafricaine\/sites\/45\/2024\/01\/sm_1704376674.557996.jpg","width":720,"height":392,"caption":"Arrestations muscl\u00e9es du colonel Modoua et du maire de Baboua par les mercenaires de Wagner"},{"@type":"BreadcrumbList","@id":"https:\/\/www.africa-press.net\/centrafricaine\/politique\/arrestations-musclees-du-colonel-modoua-et-du-maire-de-baboua-par-les-mercenaires-de-wagner#breadcrumb","itemListElement":[{"@type":"ListItem","position":1,"name":"Accueil","item":"https:\/\/www.africa-press.net\/centrafricaine\/"},{"@type":"ListItem","position":2,"name":"Arrestations muscl\u00e9es du colonel Modoua et du maire de Baboua par les mercenaires de Wagner"}]},{"@type":"WebSite","@id":"https:\/\/www.africa-press.net\/centrafricaine\/#website","url":"https:\/\/www.africa-press.net\/centrafricaine\/","name":"centrafricaine","description":"Just another Africa News Agency Sites site","potentialAction":[{"@type":"SearchAction","target":{"@type":"EntryPoint","urlTemplate":"https:\/\/www.africa-press.net\/centrafricaine\/?s={search_term_string}"},"query-input":{"@type":"PropertyValueSpecification","valueRequired":true,"valueName":"search_term_string"}}],"inLanguage":"fr-FR"},{"@type":"Person","@id":"https:\/\/www.africa-press.net\/centrafricaine\/#\/schema\/person\/2b1cf3cd81a31e3cd26889ca66d677f1","name":"cfeditorfr"}]}},"_links":{"self":[{"href":"https:\/\/www.africa-press.net\/centrafricaine\/wp-json\/wp\/v2\/posts\/51301","targetHints":{"allow":["GET"]}}],"collection":[{"href":"https:\/\/www.africa-press.net\/centrafricaine\/wp-json\/wp\/v2\/posts"}],"about":[{"href":"https:\/\/www.africa-press.net\/centrafricaine\/wp-json\/wp\/v2\/types\/post"}],"author":[{"embeddable":true,"href":"https:\/\/www.africa-press.net\/centrafricaine\/wp-json\/wp\/v2\/users\/82"}],"replies":[{"embeddable":true,"href":"https:\/\/www.africa-press.net\/centrafricaine\/wp-json\/wp\/v2\/comments?post=51301"}],"version-history":[{"count":0,"href":"https:\/\/www.africa-press.net\/centrafricaine\/wp-json\/wp\/v2\/posts\/51301\/revisions"}],"wp:featuredmedia":[{"embeddable":true,"href":"https:\/\/www.africa-press.net\/centrafricaine\/wp-json\/wp\/v2\/media\/51300"}],"wp:attachment":[{"href":"https:\/\/www.africa-press.net\/centrafricaine\/wp-json\/wp\/v2\/media?parent=51301"}],"wp:term":[{"taxonomy":"category","embeddable":true,"href":"https:\/\/www.africa-press.net\/centrafricaine\/wp-json\/wp\/v2\/categories?post=51301"},{"taxonomy":"post_tag","embeddable":true,"href":"https:\/\/www.africa-press.net\/centrafricaine\/wp-json\/wp\/v2\/tags?post=51301"}],"curies":[{"name":"wp","href":"https:\/\/api.w.org\/{rel}","templated":true}]}}