{"id":51303,"date":"2024-01-04T17:06:15","date_gmt":"2024-01-04T17:06:15","guid":{"rendered":"https:\/\/www.africa-press.net\/centrafricaine\/politique\/tensions-et-rumeurs-la-crise-salariale-et-les-assauts-politiques-en-republique-centrafricaine"},"modified":"2024-01-04T18:18:55","modified_gmt":"2024-01-04T18:18:55","slug":"tensions-et-rumeurs-la-crise-salariale-et-les-assauts-politiques-en-republique-centrafricaine","status":"publish","type":"post","link":"https:\/\/www.africa-press.net\/centrafricaine\/economie\/tensions-et-rumeurs-la-crise-salariale-et-les-assauts-politiques-en-republique-centrafricaine","title":{"rendered":"Tensions et rumeurs : la crise salariale et les assauts politiques en R\u00e9publique Centrafricaine"},"content":{"rendered":"<p><b>Alain Nzilo<\/b><\/p>\n<p><span style=\"color: #ff6600\"><strong>Africa-Press &#8211; CentrAfricaine. <\/strong><\/span>La Re\u0301publique Centrafricaine se trouve en proie a\u0300 une crise salariale et e\u0301conomique profonde, re\u0301ve\u0301lant des tensions et des dysfonctionnements au sein de son gouvernement. Le ministre des Finances, Monsieur Herve\u0301 Ndoba, est au centre d\u2019une controverse alimente\u0301e par des attaques et des rumeurs, illustrant les luttes de pouvoir et les de\u0301fis auxquels le pays est confronte\u0301.<\/p>\n<p>Le mois de de\u0301cembre dernier a e\u0301te\u0301 un mois particulie\u0300rement difficile pour les fonctionnaires centrafricains. Le gouvernement, aux prises avec une e\u0301conomie fragile et des re\u0301serves financie\u0300res insuffisantes, a e\u0301te\u0301 incapable de verser les salaires a\u0300 temps. Cette situation a non seulement plonge\u0301 de nombreuses familles dans la de\u0301tresse mais a e\u0301galement souleve\u0301 des questions sur la viabilite\u0301 e\u0301conomique du pays. Les banques, de\u0301ja\u0300 sous pression, ont e\u0301te\u0301 sollicite\u0301es pour pallier le de\u0301ficit, mais elles aussi peinent a\u0300 re\u0301pondre a\u0300 cette demande impre\u0301vue.<\/p>\n<p><b>Assauts et rumeurs:<\/b><\/p>\n<p>Les proches du pre\u0301sident putschiste Faustin Archange Touadera, en particulier ses neveux, comme monsieur Omer Alban DOLE DOBIA, ont re\u0301agi a\u0300 cette crise en lanc\u0327ant une se\u0301rie d\u2019accusations contre le ministre des Finances. Ces attaques, souvent diffuse\u0301es sur les re\u0301seaux sociaux, ont porte\u0301 sur diverses alle\u0301gations, allant de l\u2019incompe\u0301tence a\u0300 la trahison. En nommant des opposants pre\u0301sume\u0301s dans son ministe\u0300re et surtout en les accusant a\u0300 tort de divulguer des informations sensibles au journal en ligne Corbeaunews-Centrafrique, un mensonge, le ministre Herve\u0301 Ndoba est devenu la cible de rumeurs qui ont rapidement gagne\u0301 du terrain sur les re\u0301seaux sociaux, exacerbant les tensions politiques et semant la discorde au sein de la population.<\/p>\n<p><b>Le Voyage controverse\u0301:<\/b><\/p>\n<p>Au c\u0153ur de la tourmente, le ministre des Finances Herve\u0301 Ndoba aurait quitte\u0301 le pays a\u0300 la veille de Noe\u0308l pour rejoindre sa famille au Canada. Cette information, bien que non ve\u0301rifie\u0301e, a e\u0301te\u0301 habilement utilise\u0301e par ses de\u0301tracteurs pour peindre un tableau d\u2019un homme fuyant ses responsabilite\u0301s en temps de crise. Ces rumeurs ont non seulement porte\u0301 atteinte a\u0300 la re\u0301putation du ministre, mais ont e\u0301galement servi a\u0300 de\u0301tourner l\u2019attention des proble\u0300mes structurels plus larges du pays.<\/p>\n<p><b>Les Re\u0301percussions politiques et sociales:<\/b><\/p>\n<p>L\u2019impact de ces tensions et rumeurs va bien au-dela\u0300 des individus implique\u0301s. Elles re\u0301ve\u0300lent une crise de leadership et une absence de strate\u0301gie cohe\u0301rente pour re\u0301soudre les proble\u0300mes e\u0301conomiques. La confiance du public dans le gouvernement s\u2019e\u0301rode a\u0300 mesure que les citoyens se sentent de plus en plus de\u0301laisse\u0301s et mal repre\u0301sente\u0301s. La cohe\u0301sion sociale est mise a\u0300 rude e\u0301preuve, avec des divisions qui s\u2019approfondissent entre les partisans du gouvernement et le reste de la population.<\/p>\n<p>Il y\u2019a lieu de noter que la crise salariale et les tensions politiques en Re\u0301publique Centrafricaine ne sont pas seulement des sympto\u0302mes d\u2019une e\u0301conomie en difficulte\u0301, mais aussi des indicateurs d\u2019une gouvernance faible et ne\u0301potique. Pour naviguer hors de cette tempe\u0302te, le pays a besoin d\u2019un leadership fort, transparent et responsable. La restauration de la confiance publique exigera une communication honne\u0302te, une strate\u0301gie e\u0301conomique viable et une volonte\u0301 de traiter les causes profondes des divisions politiques. Cet article du CNC appelle a\u0300 une re\u0301flexion sur la manie\u0300re dont les crises sont ge\u0301re\u0301es et sur la ne\u0301cessite\u0301 de travailler ensemble pour un avenir plus stable et uni.<\/p>\n<p><strong>Pour plus d&rsquo;informations et d&rsquo;analyses sur la <a href=\"https:\/\/www.africa-press.net\/centrafricaine\">CentrAfricaine<\/a>, suivez <a href=\"https:\/\/www.africa-press.net\/\">Africa-Press<\/a><\/strong><\/p>\n","protected":false},"excerpt":{"rendered":"<p>Alain Nzilo Africa-Press &#8211; CentrAfricaine. La Re\u0301publique Centrafricaine se trouve en proie a\u0300 une crise salariale et e\u0301conomique profonde, re\u0301ve\u0301lant des tensions et des dysfonctionnements au sein de son gouvernement. Le ministre des Finances, Monsieur Herve\u0301 Ndoba, est au centre d\u2019une controverse alimente\u0301e par des attaques et des rumeurs, illustrant les luttes de pouvoir et [&hellip;]<\/p>\n","protected":false},"author":82,"featured_media":51302,"comment_status":"open","ping_status":"closed","sticky":false,"template":"","format":"standard","meta":{"footnotes":""},"categories":[3,20,10],"tags":[36,58,30],"class_list":["post-51303","post","type-post","status-publish","format-standard","has-post-thumbnail","hentry","category-economie","category-top-nouvelles","category-toutes-les-actualites","tag-africa-press","tag-africa-press-centrafricaine","tag-centrafricaine"],"yoast_head":"<!-- This site is optimized with the Yoast SEO Premium plugin v26.1 (Yoast SEO v27.0) - https:\/\/yoast.com\/product\/yoast-seo-premium-wordpress\/ -->\n<title>Tensions et rumeurs : la crise salariale et les assauts politiques en R\u00e9publique Centrafricaine - centrafricaine<\/title>\n<meta name=\"description\" content=\"La Re\u0301publique Centrafricaine se trouve en proie a\u0300 une crise salariale et e\u0301conomique profonde, re\u0301ve\u0301lant des tensions ...\" \/>\n<meta name=\"robots\" content=\"index, follow, max-snippet:-1, max-image-preview:large, max-video-preview:-1\" \/>\n<link rel=\"canonical\" href=\"https:\/\/www.africa-press.net\/centrafricaine\/economie\/tensions-et-rumeurs-la-crise-salariale-et-les-assauts-politiques-en-republique-centrafricaine\" \/>\n<meta property=\"og:locale\" content=\"fr_FR\" \/>\n<meta property=\"og:type\" content=\"article\" \/>\n<meta property=\"og:title\" content=\"Tensions et rumeurs : la crise salariale et les assauts politiques en R\u00e9publique Centrafricaine\" \/>\n<meta property=\"og:description\" content=\"La Re\u0301publique Centrafricaine se trouve en proie a\u0300 une crise salariale et e\u0301conomique profonde, re\u0301ve\u0301lant des tensions ...\" \/>\n<meta property=\"og:url\" content=\"https:\/\/www.africa-press.net\/centrafricaine\/economie\/tensions-et-rumeurs-la-crise-salariale-et-les-assauts-politiques-en-republique-centrafricaine\" \/>\n<meta property=\"og:site_name\" content=\"centrafricaine\" \/>\n<meta property=\"article:published_time\" content=\"2024-01-04T17:06:15+00:00\" \/>\n<meta property=\"article:modified_time\" content=\"2024-01-04T18:18:55+00:00\" \/>\n<meta property=\"og:image\" content=\"https:\/\/static.africa-press.net\/centrafricaine\/sites\/45\/2024\/01\/sm_1704376700.017654.jpg\" \/>\n\t<meta property=\"og:image:width\" content=\"720\" \/>\n\t<meta property=\"og:image:height\" content=\"406\" \/>\n\t<meta property=\"og:image:type\" content=\"image\/jpeg\" \/>\n<meta name=\"author\" content=\"cfeditorfr\" \/>\n<meta name=\"twitter:card\" content=\"summary_large_image\" \/>\n<meta name=\"twitter:label1\" content=\"\u00c9crit par\" \/>\n\t<meta name=\"twitter:data1\" content=\"cfeditorfr\" \/>\n\t<meta name=\"twitter:label2\" content=\"Dur\u00e9e de lecture estim\u00e9e\" \/>\n\t<meta name=\"twitter:data2\" content=\"3 minutes\" \/>\n<script type=\"application\/ld+json\" class=\"yoast-schema-graph\">{\"@context\":\"https:\/\/schema.org\",\"@graph\":[{\"@type\":\"Article\",\"@id\":\"https:\/\/www.africa-press.net\/centrafricaine\/economie\/tensions-et-rumeurs-la-crise-salariale-et-les-assauts-politiques-en-republique-centrafricaine#article\",\"isPartOf\":{\"@id\":\"https:\/\/www.africa-press.net\/centrafricaine\/economie\/tensions-et-rumeurs-la-crise-salariale-et-les-assauts-politiques-en-republique-centrafricaine\"},\"author\":{\"name\":\"cfeditorfr\",\"@id\":\"https:\/\/www.africa-press.net\/centrafricaine\/#\/schema\/person\/2b1cf3cd81a31e3cd26889ca66d677f1\"},\"headline\":\"Tensions et rumeurs : la crise salariale et les assauts politiques en R\u00e9publique Centrafricaine\",\"datePublished\":\"2024-01-04T17:06:15+00:00\",\"dateModified\":\"2024-01-04T18:18:55+00:00\",\"mainEntityOfPage\":{\"@id\":\"https:\/\/www.africa-press.net\/centrafricaine\/economie\/tensions-et-rumeurs-la-crise-salariale-et-les-assauts-politiques-en-republique-centrafricaine\"},\"wordCount\":641,\"commentCount\":0,\"image\":{\"@id\":\"https:\/\/www.africa-press.net\/centrafricaine\/economie\/tensions-et-rumeurs-la-crise-salariale-et-les-assauts-politiques-en-republique-centrafricaine#primaryimage\"},\"thumbnailUrl\":\"https:\/\/static.africa-press.net\/centrafricaine\/sites\/45\/2024\/01\/sm_1704376700.017654.jpg\",\"keywords\":[\"Africa Press\",\"Africa Press-CentrAfricaine\",\"CentrAfricaine\"],\"articleSection\":[\"\u00c9conomie\",\"Top Nouvelles\",\"Toutes les actualit\u00e9s\"],\"inLanguage\":\"fr-FR\",\"potentialAction\":[{\"@type\":\"CommentAction\",\"name\":\"Comment\",\"target\":[\"https:\/\/www.africa-press.net\/centrafricaine\/economie\/tensions-et-rumeurs-la-crise-salariale-et-les-assauts-politiques-en-republique-centrafricaine#respond\"]}]},{\"@type\":\"WebPage\",\"@id\":\"https:\/\/www.africa-press.net\/centrafricaine\/economie\/tensions-et-rumeurs-la-crise-salariale-et-les-assauts-politiques-en-republique-centrafricaine\",\"url\":\"https:\/\/www.africa-press.net\/centrafricaine\/economie\/tensions-et-rumeurs-la-crise-salariale-et-les-assauts-politiques-en-republique-centrafricaine\",\"name\":\"Tensions et rumeurs : la crise salariale et les assauts politiques en R\u00e9publique Centrafricaine - centrafricaine\",\"isPartOf\":{\"@id\":\"https:\/\/www.africa-press.net\/centrafricaine\/#website\"},\"primaryImageOfPage\":{\"@id\":\"https:\/\/www.africa-press.net\/centrafricaine\/economie\/tensions-et-rumeurs-la-crise-salariale-et-les-assauts-politiques-en-republique-centrafricaine#primaryimage\"},\"image\":{\"@id\":\"https:\/\/www.africa-press.net\/centrafricaine\/economie\/tensions-et-rumeurs-la-crise-salariale-et-les-assauts-politiques-en-republique-centrafricaine#primaryimage\"},\"thumbnailUrl\":\"https:\/\/static.africa-press.net\/centrafricaine\/sites\/45\/2024\/01\/sm_1704376700.017654.jpg\",\"datePublished\":\"2024-01-04T17:06:15+00:00\",\"dateModified\":\"2024-01-04T18:18:55+00:00\",\"author\":{\"@id\":\"https:\/\/www.africa-press.net\/centrafricaine\/#\/schema\/person\/2b1cf3cd81a31e3cd26889ca66d677f1\"},\"description\":\"La Re\u0301publique Centrafricaine se trouve en proie a\u0300 une crise salariale et e\u0301conomique profonde, re\u0301ve\u0301lant des tensions ...\",\"breadcrumb\":{\"@id\":\"https:\/\/www.africa-press.net\/centrafricaine\/economie\/tensions-et-rumeurs-la-crise-salariale-et-les-assauts-politiques-en-republique-centrafricaine#breadcrumb\"},\"inLanguage\":\"fr-FR\",\"potentialAction\":[{\"@type\":\"ReadAction\",\"target\":[\"https:\/\/www.africa-press.net\/centrafricaine\/economie\/tensions-et-rumeurs-la-crise-salariale-et-les-assauts-politiques-en-republique-centrafricaine\"]}]},{\"@type\":\"ImageObject\",\"inLanguage\":\"fr-FR\",\"@id\":\"https:\/\/www.africa-press.net\/centrafricaine\/economie\/tensions-et-rumeurs-la-crise-salariale-et-les-assauts-politiques-en-republique-centrafricaine#primaryimage\",\"url\":\"https:\/\/static.africa-press.net\/centrafricaine\/sites\/45\/2024\/01\/sm_1704376700.017654.jpg\",\"contentUrl\":\"https:\/\/static.africa-press.net\/centrafricaine\/sites\/45\/2024\/01\/sm_1704376700.017654.jpg\",\"width\":720,\"height\":406,\"caption\":\"Tensions et rumeurs : la crise salariale et les assauts politiques en R\u00e9publique Centrafricaine\"},{\"@type\":\"BreadcrumbList\",\"@id\":\"https:\/\/www.africa-press.net\/centrafricaine\/economie\/tensions-et-rumeurs-la-crise-salariale-et-les-assauts-politiques-en-republique-centrafricaine#breadcrumb\",\"itemListElement\":[{\"@type\":\"ListItem\",\"position\":1,\"name\":\"Accueil\",\"item\":\"https:\/\/www.africa-press.net\/centrafricaine\/\"},{\"@type\":\"ListItem\",\"position\":2,\"name\":\"Tensions et rumeurs : la crise salariale et les assauts politiques en R\u00e9publique Centrafricaine\"}]},{\"@type\":\"WebSite\",\"@id\":\"https:\/\/www.africa-press.net\/centrafricaine\/#website\",\"url\":\"https:\/\/www.africa-press.net\/centrafricaine\/\",\"name\":\"centrafricaine\",\"description\":\"Just another Africa News Agency Sites site\",\"potentialAction\":[{\"@type\":\"SearchAction\",\"target\":{\"@type\":\"EntryPoint\",\"urlTemplate\":\"https:\/\/www.africa-press.net\/centrafricaine\/?s={search_term_string}\"},\"query-input\":{\"@type\":\"PropertyValueSpecification\",\"valueRequired\":true,\"valueName\":\"search_term_string\"}}],\"inLanguage\":\"fr-FR\"},{\"@type\":\"Person\",\"@id\":\"https:\/\/www.africa-press.net\/centrafricaine\/#\/schema\/person\/2b1cf3cd81a31e3cd26889ca66d677f1\",\"name\":\"cfeditorfr\"}]}<\/script>\n<!-- \/ Yoast SEO Premium plugin. -->","yoast_head_json":{"title":"Tensions et rumeurs : la crise salariale et les assauts politiques en R\u00e9publique Centrafricaine - centrafricaine","description":"La Re\u0301publique Centrafricaine se trouve en proie a\u0300 une crise salariale et e\u0301conomique profonde, re\u0301ve\u0301lant des tensions ...","robots":{"index":"index","follow":"follow","max-snippet":"max-snippet:-1","max-image-preview":"max-image-preview:large","max-video-preview":"max-video-preview:-1"},"canonical":"https:\/\/www.africa-press.net\/centrafricaine\/economie\/tensions-et-rumeurs-la-crise-salariale-et-les-assauts-politiques-en-republique-centrafricaine","og_locale":"fr_FR","og_type":"article","og_title":"Tensions et rumeurs : la crise salariale et les assauts politiques en R\u00e9publique Centrafricaine","og_description":"La Re\u0301publique Centrafricaine se trouve en proie a\u0300 une crise salariale et e\u0301conomique profonde, re\u0301ve\u0301lant des tensions ...","og_url":"https:\/\/www.africa-press.net\/centrafricaine\/economie\/tensions-et-rumeurs-la-crise-salariale-et-les-assauts-politiques-en-republique-centrafricaine","og_site_name":"centrafricaine","article_published_time":"2024-01-04T17:06:15+00:00","article_modified_time":"2024-01-04T18:18:55+00:00","og_image":[{"width":720,"height":406,"url":"https:\/\/static.africa-press.net\/centrafricaine\/sites\/45\/2024\/01\/sm_1704376700.017654.jpg","type":"image\/jpeg"}],"author":"cfeditorfr","twitter_card":"summary_large_image","twitter_misc":{"\u00c9crit par":"cfeditorfr","Dur\u00e9e de lecture estim\u00e9e":"3 minutes"},"schema":{"@context":"https:\/\/schema.org","@graph":[{"@type":"Article","@id":"https:\/\/www.africa-press.net\/centrafricaine\/economie\/tensions-et-rumeurs-la-crise-salariale-et-les-assauts-politiques-en-republique-centrafricaine#article","isPartOf":{"@id":"https:\/\/www.africa-press.net\/centrafricaine\/economie\/tensions-et-rumeurs-la-crise-salariale-et-les-assauts-politiques-en-republique-centrafricaine"},"author":{"name":"cfeditorfr","@id":"https:\/\/www.africa-press.net\/centrafricaine\/#\/schema\/person\/2b1cf3cd81a31e3cd26889ca66d677f1"},"headline":"Tensions et rumeurs : la crise salariale et les assauts politiques en R\u00e9publique Centrafricaine","datePublished":"2024-01-04T17:06:15+00:00","dateModified":"2024-01-04T18:18:55+00:00","mainEntityOfPage":{"@id":"https:\/\/www.africa-press.net\/centrafricaine\/economie\/tensions-et-rumeurs-la-crise-salariale-et-les-assauts-politiques-en-republique-centrafricaine"},"wordCount":641,"commentCount":0,"image":{"@id":"https:\/\/www.africa-press.net\/centrafricaine\/economie\/tensions-et-rumeurs-la-crise-salariale-et-les-assauts-politiques-en-republique-centrafricaine#primaryimage"},"thumbnailUrl":"https:\/\/static.africa-press.net\/centrafricaine\/sites\/45\/2024\/01\/sm_1704376700.017654.jpg","keywords":["Africa Press","Africa Press-CentrAfricaine","CentrAfricaine"],"articleSection":["\u00c9conomie","Top Nouvelles","Toutes les actualit\u00e9s"],"inLanguage":"fr-FR","potentialAction":[{"@type":"CommentAction","name":"Comment","target":["https:\/\/www.africa-press.net\/centrafricaine\/economie\/tensions-et-rumeurs-la-crise-salariale-et-les-assauts-politiques-en-republique-centrafricaine#respond"]}]},{"@type":"WebPage","@id":"https:\/\/www.africa-press.net\/centrafricaine\/economie\/tensions-et-rumeurs-la-crise-salariale-et-les-assauts-politiques-en-republique-centrafricaine","url":"https:\/\/www.africa-press.net\/centrafricaine\/economie\/tensions-et-rumeurs-la-crise-salariale-et-les-assauts-politiques-en-republique-centrafricaine","name":"Tensions et rumeurs : la crise salariale et les assauts politiques en R\u00e9publique Centrafricaine - centrafricaine","isPartOf":{"@id":"https:\/\/www.africa-press.net\/centrafricaine\/#website"},"primaryImageOfPage":{"@id":"https:\/\/www.africa-press.net\/centrafricaine\/economie\/tensions-et-rumeurs-la-crise-salariale-et-les-assauts-politiques-en-republique-centrafricaine#primaryimage"},"image":{"@id":"https:\/\/www.africa-press.net\/centrafricaine\/economie\/tensions-et-rumeurs-la-crise-salariale-et-les-assauts-politiques-en-republique-centrafricaine#primaryimage"},"thumbnailUrl":"https:\/\/static.africa-press.net\/centrafricaine\/sites\/45\/2024\/01\/sm_1704376700.017654.jpg","datePublished":"2024-01-04T17:06:15+00:00","dateModified":"2024-01-04T18:18:55+00:00","author":{"@id":"https:\/\/www.africa-press.net\/centrafricaine\/#\/schema\/person\/2b1cf3cd81a31e3cd26889ca66d677f1"},"description":"La Re\u0301publique Centrafricaine se trouve en proie a\u0300 une crise salariale et e\u0301conomique profonde, re\u0301ve\u0301lant des tensions ...","breadcrumb":{"@id":"https:\/\/www.africa-press.net\/centrafricaine\/economie\/tensions-et-rumeurs-la-crise-salariale-et-les-assauts-politiques-en-republique-centrafricaine#breadcrumb"},"inLanguage":"fr-FR","potentialAction":[{"@type":"ReadAction","target":["https:\/\/www.africa-press.net\/centrafricaine\/economie\/tensions-et-rumeurs-la-crise-salariale-et-les-assauts-politiques-en-republique-centrafricaine"]}]},{"@type":"ImageObject","inLanguage":"fr-FR","@id":"https:\/\/www.africa-press.net\/centrafricaine\/economie\/tensions-et-rumeurs-la-crise-salariale-et-les-assauts-politiques-en-republique-centrafricaine#primaryimage","url":"https:\/\/static.africa-press.net\/centrafricaine\/sites\/45\/2024\/01\/sm_1704376700.017654.jpg","contentUrl":"https:\/\/static.africa-press.net\/centrafricaine\/sites\/45\/2024\/01\/sm_1704376700.017654.jpg","width":720,"height":406,"caption":"Tensions et rumeurs : la crise salariale et les assauts politiques en R\u00e9publique Centrafricaine"},{"@type":"BreadcrumbList","@id":"https:\/\/www.africa-press.net\/centrafricaine\/economie\/tensions-et-rumeurs-la-crise-salariale-et-les-assauts-politiques-en-republique-centrafricaine#breadcrumb","itemListElement":[{"@type":"ListItem","position":1,"name":"Accueil","item":"https:\/\/www.africa-press.net\/centrafricaine\/"},{"@type":"ListItem","position":2,"name":"Tensions et rumeurs : la crise salariale et les assauts politiques en R\u00e9publique Centrafricaine"}]},{"@type":"WebSite","@id":"https:\/\/www.africa-press.net\/centrafricaine\/#website","url":"https:\/\/www.africa-press.net\/centrafricaine\/","name":"centrafricaine","description":"Just another Africa News Agency Sites site","potentialAction":[{"@type":"SearchAction","target":{"@type":"EntryPoint","urlTemplate":"https:\/\/www.africa-press.net\/centrafricaine\/?s={search_term_string}"},"query-input":{"@type":"PropertyValueSpecification","valueRequired":true,"valueName":"search_term_string"}}],"inLanguage":"fr-FR"},{"@type":"Person","@id":"https:\/\/www.africa-press.net\/centrafricaine\/#\/schema\/person\/2b1cf3cd81a31e3cd26889ca66d677f1","name":"cfeditorfr"}]}},"_links":{"self":[{"href":"https:\/\/www.africa-press.net\/centrafricaine\/wp-json\/wp\/v2\/posts\/51303","targetHints":{"allow":["GET"]}}],"collection":[{"href":"https:\/\/www.africa-press.net\/centrafricaine\/wp-json\/wp\/v2\/posts"}],"about":[{"href":"https:\/\/www.africa-press.net\/centrafricaine\/wp-json\/wp\/v2\/types\/post"}],"author":[{"embeddable":true,"href":"https:\/\/www.africa-press.net\/centrafricaine\/wp-json\/wp\/v2\/users\/82"}],"replies":[{"embeddable":true,"href":"https:\/\/www.africa-press.net\/centrafricaine\/wp-json\/wp\/v2\/comments?post=51303"}],"version-history":[{"count":0,"href":"https:\/\/www.africa-press.net\/centrafricaine\/wp-json\/wp\/v2\/posts\/51303\/revisions"}],"wp:featuredmedia":[{"embeddable":true,"href":"https:\/\/www.africa-press.net\/centrafricaine\/wp-json\/wp\/v2\/media\/51302"}],"wp:attachment":[{"href":"https:\/\/www.africa-press.net\/centrafricaine\/wp-json\/wp\/v2\/media?parent=51303"}],"wp:term":[{"taxonomy":"category","embeddable":true,"href":"https:\/\/www.africa-press.net\/centrafricaine\/wp-json\/wp\/v2\/categories?post=51303"},{"taxonomy":"post_tag","embeddable":true,"href":"https:\/\/www.africa-press.net\/centrafricaine\/wp-json\/wp\/v2\/tags?post=51303"}],"curies":[{"name":"wp","href":"https:\/\/api.w.org\/{rel}","templated":true}]}}