{"id":51317,"date":"2024-01-05T10:51:38","date_gmt":"2024-01-05T10:51:38","guid":{"rendered":"https:\/\/www.africa-press.net\/centrafricaine\/politique\/remaniement-du-gouvernement"},"modified":"2024-01-05T11:20:16","modified_gmt":"2024-01-05T11:20:16","slug":"remaniement-du-gouvernement","status":"publish","type":"post","link":"https:\/\/www.africa-press.net\/centrafricaine\/politique\/remaniement-du-gouvernement","title":{"rendered":"Remaniement du gouvernement"},"content":{"rendered":"<p><span style=\"color: #ff6600\"><strong>Africa-Press &#8211; CentrAfricaine. <\/strong><\/span>Avec l&rsquo;inte\u0301gration de 10 nouveaux membres sur un total de 32, ce changement apporte une nouvelle dynamique a\u0300 l&rsquo;e\u0301quipe ministe\u0301rielle. Parmi les modifications notables, trois ministres ont e\u0301change\u0301 leurs portefeuilles, tandis que le nombre de ministres d&rsquo;E\u0301tat est passe\u0301 de deux a\u0300 trois, en plus d&rsquo;un ministre de\u0301le\u0301gue\u0301.<\/p>\n<p>Par ailleurs, il est a\u0300 noter qu&rsquo;une attention particulie\u0300re a e\u0301te\u0301 porte\u0301e a\u0300 la repre\u0301sentation fe\u0301minine au sein du gouvernement avec la nomination de six femmes sur les 32 postes ministe\u0301riels. Cette diversite\u0301 refle\u0300te l&rsquo;engagement en faveur de l&rsquo;e\u0301galite\u0301 des genres et te\u0301moigne d&rsquo;une volonte\u0301 claire de promouvoir une participation e\u0301quilibre\u0301e des sexes dans les sphe\u0300res de\u0301cisionnelles.<\/p>\n<p>Ce remaniement gouvernemental ouvre donc la voie a\u0300 de nouvelles perspectives pour le de\u0301veloppement et le progre\u0300s en Centrafrique, renforc\u0327ant ainsi l&rsquo;espoir d&rsquo;une meilleure gouvernance et d&rsquo;une prise en compte e\u0301largie des besoins et priorite\u0301s nationales.<\/p>\n<p><strong>Pour plus d&rsquo;informations et d&rsquo;analyses sur la <a href=\"https:\/\/www.africa-press.net\/centrafricaine\">CentrAfricaine<\/a>, suivez <a href=\"https:\/\/www.africa-press.net\/\">Africa-Press<\/a><\/strong><\/p>\n","protected":false},"excerpt":{"rendered":"<p>Africa-Press &#8211; CentrAfricaine. Avec l&rsquo;inte\u0301gration de 10 nouveaux membres sur un total de 32, ce changement apporte une nouvelle dynamique a\u0300 l&rsquo;e\u0301quipe ministe\u0301rielle. Parmi les modifications notables, trois ministres ont e\u0301change\u0301 leurs portefeuilles, tandis que le nombre de ministres d&rsquo;E\u0301tat est passe\u0301 de deux a\u0300 trois, en plus d&rsquo;un ministre de\u0301le\u0301gue\u0301. Par ailleurs, il est [&hellip;]<\/p>\n","protected":false},"author":82,"featured_media":51316,"comment_status":"open","ping_status":"closed","sticky":false,"template":"","format":"standard","meta":{"footnotes":""},"categories":[2,20,10],"tags":[36,58,30],"class_list":["post-51317","post","type-post","status-publish","format-standard","has-post-thumbnail","hentry","category-politique","category-top-nouvelles","category-toutes-les-actualites","tag-africa-press","tag-africa-press-centrafricaine","tag-centrafricaine"],"yoast_head":"<!-- This site is optimized with the Yoast SEO Premium plugin v26.1 (Yoast SEO v27.0) - https:\/\/yoast.com\/product\/yoast-seo-premium-wordpress\/ -->\n<title>Remaniement du gouvernement - centrafricaine<\/title>\n<meta name=\"description\" content=\"Avec l&#039;inte\u0301gration de 10 nouveaux membres sur un total de 32, ce changement apporte une nouvelle dynamique a\u0300 l&#039;e\u0301quipe ...\" \/>\n<meta name=\"robots\" content=\"index, follow, max-snippet:-1, max-image-preview:large, max-video-preview:-1\" \/>\n<link rel=\"canonical\" href=\"https:\/\/www.africa-press.net\/centrafricaine\/politique\/remaniement-du-gouvernement\" \/>\n<meta property=\"og:locale\" content=\"fr_FR\" \/>\n<meta property=\"og:type\" content=\"article\" \/>\n<meta property=\"og:title\" content=\"Remaniement du gouvernement\" \/>\n<meta property=\"og:description\" content=\"Avec l&#039;inte\u0301gration de 10 nouveaux membres sur un total de 32, ce changement apporte une nouvelle dynamique a\u0300 l&#039;e\u0301quipe ...\" \/>\n<meta property=\"og:url\" content=\"https:\/\/www.africa-press.net\/centrafricaine\/politique\/remaniement-du-gouvernement\" \/>\n<meta property=\"og:site_name\" content=\"centrafricaine\" \/>\n<meta property=\"article:published_time\" content=\"2024-01-05T10:51:38+00:00\" \/>\n<meta property=\"article:modified_time\" content=\"2024-01-05T11:20:16+00:00\" \/>\n<meta property=\"og:image\" content=\"https:\/\/static.africa-press.net\/centrafricaine\/sites\/45\/2024\/01\/sm_1704440470.837775.jpg\" \/>\n\t<meta property=\"og:image:width\" content=\"1200\" \/>\n\t<meta property=\"og:image:height\" content=\"695\" \/>\n\t<meta property=\"og:image:type\" content=\"image\/jpeg\" \/>\n<meta name=\"author\" content=\"cfeditorfr\" \/>\n<meta name=\"twitter:card\" content=\"summary_large_image\" \/>\n<meta name=\"twitter:label1\" content=\"\u00c9crit par\" \/>\n\t<meta name=\"twitter:data1\" content=\"cfeditorfr\" \/>\n\t<meta name=\"twitter:label2\" content=\"Dur\u00e9e de lecture estim\u00e9e\" \/>\n\t<meta name=\"twitter:data2\" content=\"1 minute\" \/>\n<script type=\"application\/ld+json\" class=\"yoast-schema-graph\">{\"@context\":\"https:\/\/schema.org\",\"@graph\":[{\"@type\":\"Article\",\"@id\":\"https:\/\/www.africa-press.net\/centrafricaine\/politique\/remaniement-du-gouvernement#article\",\"isPartOf\":{\"@id\":\"https:\/\/www.africa-press.net\/centrafricaine\/politique\/remaniement-du-gouvernement\"},\"author\":{\"name\":\"cfeditorfr\",\"@id\":\"https:\/\/www.africa-press.net\/centrafricaine\/#\/schema\/person\/2b1cf3cd81a31e3cd26889ca66d677f1\"},\"headline\":\"Remaniement du gouvernement\",\"datePublished\":\"2024-01-05T10:51:38+00:00\",\"dateModified\":\"2024-01-05T11:20:16+00:00\",\"mainEntityOfPage\":{\"@id\":\"https:\/\/www.africa-press.net\/centrafricaine\/politique\/remaniement-du-gouvernement\"},\"wordCount\":192,\"commentCount\":0,\"image\":{\"@id\":\"https:\/\/www.africa-press.net\/centrafricaine\/politique\/remaniement-du-gouvernement#primaryimage\"},\"thumbnailUrl\":\"https:\/\/static.africa-press.net\/centrafricaine\/sites\/45\/2024\/01\/sm_1704440470.837775.jpg\",\"keywords\":[\"Africa Press\",\"Africa Press-CentrAfricaine\",\"CentrAfricaine\"],\"articleSection\":[\"Politique\",\"Top Nouvelles\",\"Toutes les actualit\u00e9s\"],\"inLanguage\":\"fr-FR\",\"potentialAction\":[{\"@type\":\"CommentAction\",\"name\":\"Comment\",\"target\":[\"https:\/\/www.africa-press.net\/centrafricaine\/politique\/remaniement-du-gouvernement#respond\"]}]},{\"@type\":\"WebPage\",\"@id\":\"https:\/\/www.africa-press.net\/centrafricaine\/politique\/remaniement-du-gouvernement\",\"url\":\"https:\/\/www.africa-press.net\/centrafricaine\/politique\/remaniement-du-gouvernement\",\"name\":\"Remaniement du gouvernement - centrafricaine\",\"isPartOf\":{\"@id\":\"https:\/\/www.africa-press.net\/centrafricaine\/#website\"},\"primaryImageOfPage\":{\"@id\":\"https:\/\/www.africa-press.net\/centrafricaine\/politique\/remaniement-du-gouvernement#primaryimage\"},\"image\":{\"@id\":\"https:\/\/www.africa-press.net\/centrafricaine\/politique\/remaniement-du-gouvernement#primaryimage\"},\"thumbnailUrl\":\"https:\/\/static.africa-press.net\/centrafricaine\/sites\/45\/2024\/01\/sm_1704440470.837775.jpg\",\"datePublished\":\"2024-01-05T10:51:38+00:00\",\"dateModified\":\"2024-01-05T11:20:16+00:00\",\"author\":{\"@id\":\"https:\/\/www.africa-press.net\/centrafricaine\/#\/schema\/person\/2b1cf3cd81a31e3cd26889ca66d677f1\"},\"description\":\"Avec l'inte\u0301gration de 10 nouveaux membres sur un total de 32, ce changement apporte une nouvelle dynamique a\u0300 l'e\u0301quipe ...\",\"breadcrumb\":{\"@id\":\"https:\/\/www.africa-press.net\/centrafricaine\/politique\/remaniement-du-gouvernement#breadcrumb\"},\"inLanguage\":\"fr-FR\",\"potentialAction\":[{\"@type\":\"ReadAction\",\"target\":[\"https:\/\/www.africa-press.net\/centrafricaine\/politique\/remaniement-du-gouvernement\"]}]},{\"@type\":\"ImageObject\",\"inLanguage\":\"fr-FR\",\"@id\":\"https:\/\/www.africa-press.net\/centrafricaine\/politique\/remaniement-du-gouvernement#primaryimage\",\"url\":\"https:\/\/static.africa-press.net\/centrafricaine\/sites\/45\/2024\/01\/sm_1704440470.837775.jpg\",\"contentUrl\":\"https:\/\/static.africa-press.net\/centrafricaine\/sites\/45\/2024\/01\/sm_1704440470.837775.jpg\",\"width\":1200,\"height\":695,\"caption\":\"Remaniement du gouvernement\"},{\"@type\":\"BreadcrumbList\",\"@id\":\"https:\/\/www.africa-press.net\/centrafricaine\/politique\/remaniement-du-gouvernement#breadcrumb\",\"itemListElement\":[{\"@type\":\"ListItem\",\"position\":1,\"name\":\"Accueil\",\"item\":\"https:\/\/www.africa-press.net\/centrafricaine\/\"},{\"@type\":\"ListItem\",\"position\":2,\"name\":\"Remaniement du gouvernement\"}]},{\"@type\":\"WebSite\",\"@id\":\"https:\/\/www.africa-press.net\/centrafricaine\/#website\",\"url\":\"https:\/\/www.africa-press.net\/centrafricaine\/\",\"name\":\"centrafricaine\",\"description\":\"Just another Africa News Agency Sites site\",\"potentialAction\":[{\"@type\":\"SearchAction\",\"target\":{\"@type\":\"EntryPoint\",\"urlTemplate\":\"https:\/\/www.africa-press.net\/centrafricaine\/?s={search_term_string}\"},\"query-input\":{\"@type\":\"PropertyValueSpecification\",\"valueRequired\":true,\"valueName\":\"search_term_string\"}}],\"inLanguage\":\"fr-FR\"},{\"@type\":\"Person\",\"@id\":\"https:\/\/www.africa-press.net\/centrafricaine\/#\/schema\/person\/2b1cf3cd81a31e3cd26889ca66d677f1\",\"name\":\"cfeditorfr\"}]}<\/script>\n<!-- \/ Yoast SEO Premium plugin. -->","yoast_head_json":{"title":"Remaniement du gouvernement - centrafricaine","description":"Avec l'inte\u0301gration de 10 nouveaux membres sur un total de 32, ce changement apporte une nouvelle dynamique a\u0300 l'e\u0301quipe ...","robots":{"index":"index","follow":"follow","max-snippet":"max-snippet:-1","max-image-preview":"max-image-preview:large","max-video-preview":"max-video-preview:-1"},"canonical":"https:\/\/www.africa-press.net\/centrafricaine\/politique\/remaniement-du-gouvernement","og_locale":"fr_FR","og_type":"article","og_title":"Remaniement du gouvernement","og_description":"Avec l'inte\u0301gration de 10 nouveaux membres sur un total de 32, ce changement apporte une nouvelle dynamique a\u0300 l'e\u0301quipe ...","og_url":"https:\/\/www.africa-press.net\/centrafricaine\/politique\/remaniement-du-gouvernement","og_site_name":"centrafricaine","article_published_time":"2024-01-05T10:51:38+00:00","article_modified_time":"2024-01-05T11:20:16+00:00","og_image":[{"width":1200,"height":695,"url":"https:\/\/static.africa-press.net\/centrafricaine\/sites\/45\/2024\/01\/sm_1704440470.837775.jpg","type":"image\/jpeg"}],"author":"cfeditorfr","twitter_card":"summary_large_image","twitter_misc":{"\u00c9crit par":"cfeditorfr","Dur\u00e9e de lecture estim\u00e9e":"1 minute"},"schema":{"@context":"https:\/\/schema.org","@graph":[{"@type":"Article","@id":"https:\/\/www.africa-press.net\/centrafricaine\/politique\/remaniement-du-gouvernement#article","isPartOf":{"@id":"https:\/\/www.africa-press.net\/centrafricaine\/politique\/remaniement-du-gouvernement"},"author":{"name":"cfeditorfr","@id":"https:\/\/www.africa-press.net\/centrafricaine\/#\/schema\/person\/2b1cf3cd81a31e3cd26889ca66d677f1"},"headline":"Remaniement du gouvernement","datePublished":"2024-01-05T10:51:38+00:00","dateModified":"2024-01-05T11:20:16+00:00","mainEntityOfPage":{"@id":"https:\/\/www.africa-press.net\/centrafricaine\/politique\/remaniement-du-gouvernement"},"wordCount":192,"commentCount":0,"image":{"@id":"https:\/\/www.africa-press.net\/centrafricaine\/politique\/remaniement-du-gouvernement#primaryimage"},"thumbnailUrl":"https:\/\/static.africa-press.net\/centrafricaine\/sites\/45\/2024\/01\/sm_1704440470.837775.jpg","keywords":["Africa Press","Africa Press-CentrAfricaine","CentrAfricaine"],"articleSection":["Politique","Top Nouvelles","Toutes les actualit\u00e9s"],"inLanguage":"fr-FR","potentialAction":[{"@type":"CommentAction","name":"Comment","target":["https:\/\/www.africa-press.net\/centrafricaine\/politique\/remaniement-du-gouvernement#respond"]}]},{"@type":"WebPage","@id":"https:\/\/www.africa-press.net\/centrafricaine\/politique\/remaniement-du-gouvernement","url":"https:\/\/www.africa-press.net\/centrafricaine\/politique\/remaniement-du-gouvernement","name":"Remaniement du gouvernement - centrafricaine","isPartOf":{"@id":"https:\/\/www.africa-press.net\/centrafricaine\/#website"},"primaryImageOfPage":{"@id":"https:\/\/www.africa-press.net\/centrafricaine\/politique\/remaniement-du-gouvernement#primaryimage"},"image":{"@id":"https:\/\/www.africa-press.net\/centrafricaine\/politique\/remaniement-du-gouvernement#primaryimage"},"thumbnailUrl":"https:\/\/static.africa-press.net\/centrafricaine\/sites\/45\/2024\/01\/sm_1704440470.837775.jpg","datePublished":"2024-01-05T10:51:38+00:00","dateModified":"2024-01-05T11:20:16+00:00","author":{"@id":"https:\/\/www.africa-press.net\/centrafricaine\/#\/schema\/person\/2b1cf3cd81a31e3cd26889ca66d677f1"},"description":"Avec l'inte\u0301gration de 10 nouveaux membres sur un total de 32, ce changement apporte une nouvelle dynamique a\u0300 l'e\u0301quipe ...","breadcrumb":{"@id":"https:\/\/www.africa-press.net\/centrafricaine\/politique\/remaniement-du-gouvernement#breadcrumb"},"inLanguage":"fr-FR","potentialAction":[{"@type":"ReadAction","target":["https:\/\/www.africa-press.net\/centrafricaine\/politique\/remaniement-du-gouvernement"]}]},{"@type":"ImageObject","inLanguage":"fr-FR","@id":"https:\/\/www.africa-press.net\/centrafricaine\/politique\/remaniement-du-gouvernement#primaryimage","url":"https:\/\/static.africa-press.net\/centrafricaine\/sites\/45\/2024\/01\/sm_1704440470.837775.jpg","contentUrl":"https:\/\/static.africa-press.net\/centrafricaine\/sites\/45\/2024\/01\/sm_1704440470.837775.jpg","width":1200,"height":695,"caption":"Remaniement du gouvernement"},{"@type":"BreadcrumbList","@id":"https:\/\/www.africa-press.net\/centrafricaine\/politique\/remaniement-du-gouvernement#breadcrumb","itemListElement":[{"@type":"ListItem","position":1,"name":"Accueil","item":"https:\/\/www.africa-press.net\/centrafricaine\/"},{"@type":"ListItem","position":2,"name":"Remaniement du gouvernement"}]},{"@type":"WebSite","@id":"https:\/\/www.africa-press.net\/centrafricaine\/#website","url":"https:\/\/www.africa-press.net\/centrafricaine\/","name":"centrafricaine","description":"Just another Africa News Agency Sites site","potentialAction":[{"@type":"SearchAction","target":{"@type":"EntryPoint","urlTemplate":"https:\/\/www.africa-press.net\/centrafricaine\/?s={search_term_string}"},"query-input":{"@type":"PropertyValueSpecification","valueRequired":true,"valueName":"search_term_string"}}],"inLanguage":"fr-FR"},{"@type":"Person","@id":"https:\/\/www.africa-press.net\/centrafricaine\/#\/schema\/person\/2b1cf3cd81a31e3cd26889ca66d677f1","name":"cfeditorfr"}]}},"_links":{"self":[{"href":"https:\/\/www.africa-press.net\/centrafricaine\/wp-json\/wp\/v2\/posts\/51317","targetHints":{"allow":["GET"]}}],"collection":[{"href":"https:\/\/www.africa-press.net\/centrafricaine\/wp-json\/wp\/v2\/posts"}],"about":[{"href":"https:\/\/www.africa-press.net\/centrafricaine\/wp-json\/wp\/v2\/types\/post"}],"author":[{"embeddable":true,"href":"https:\/\/www.africa-press.net\/centrafricaine\/wp-json\/wp\/v2\/users\/82"}],"replies":[{"embeddable":true,"href":"https:\/\/www.africa-press.net\/centrafricaine\/wp-json\/wp\/v2\/comments?post=51317"}],"version-history":[{"count":0,"href":"https:\/\/www.africa-press.net\/centrafricaine\/wp-json\/wp\/v2\/posts\/51317\/revisions"}],"wp:featuredmedia":[{"embeddable":true,"href":"https:\/\/www.africa-press.net\/centrafricaine\/wp-json\/wp\/v2\/media\/51316"}],"wp:attachment":[{"href":"https:\/\/www.africa-press.net\/centrafricaine\/wp-json\/wp\/v2\/media?parent=51317"}],"wp:term":[{"taxonomy":"category","embeddable":true,"href":"https:\/\/www.africa-press.net\/centrafricaine\/wp-json\/wp\/v2\/categories?post=51317"},{"taxonomy":"post_tag","embeddable":true,"href":"https:\/\/www.africa-press.net\/centrafricaine\/wp-json\/wp\/v2\/tags?post=51317"}],"curies":[{"name":"wp","href":"https:\/\/api.w.org\/{rel}","templated":true}]}}