{"id":51355,"date":"2024-01-05T15:53:25","date_gmt":"2024-01-05T15:53:25","guid":{"rendered":"https:\/\/www.africa-press.net\/centrafricaine\/politique\/mecontentement-des-membres-de-lassociation-amis-bois-contre-la-societe-centra-bois"},"modified":"2024-01-05T16:03:25","modified_gmt":"2024-01-05T16:03:25","slug":"mecontentement-des-membres-de-lassociation-amis-bois-contre-la-societe-centra-bois","status":"publish","type":"post","link":"https:\/\/www.africa-press.net\/centrafricaine\/toutes-les-actualites\/mecontentement-des-membres-de-lassociation-amis-bois-contre-la-societe-centra-bois","title":{"rendered":"M\u00e9contentement des membres de l\u2019association \u00ab amis bois \u00bb contre la soci\u00e9t\u00e9 Centra Bois"},"content":{"rendered":"<p><span style=\"color: #ff6600\"><strong>Africa-Press &#8211; CentrAfricaine. <\/strong><\/span>Les vendeurs de bois du 6e\u0300me arrondissement de Bangui, re\u0301unis au sein de leur association de\u0301nomme\u0301e \u00ab amis bois \u00bb ont exprime\u0301 le 28 de\u0301cembre dernier leur me\u0301contentement contre la socie\u0301te\u0301 Centra Bois. Tout est parti de l\u2019ope\u0301ration de la tentative de saisie de cinq ve\u0301hicules qui transportaient leurs bois.<\/p>\n<p>Selon les informations recueillies aupre\u0300s des vendeurs de bois, la socie\u0301te\u0301 Centra Bois a fait saisir cinq ve\u0301hicules sous pre\u0301texte que ces bois sont coupe\u0301s dans sa zone d\u2019exploitation.<\/p>\n<p>\u00ab Nous sommes me\u0301contents car Centra Bois dit qu\u2019elle est la seule a\u0300 avoir le permis d\u2019exploitation de la fore\u0302t tout proche de Bangui et que tout ce que nous faisons c\u2019est ille\u0301gale. Malgre\u0301 que nous sommes les premiers occupants et des Centrafricains. Cette socie\u0301te\u0301 faisait le commerce des briques au de\u0301but. Peu de temps, elle s\u2019est approche\u0301e de nous, membres de l\u2019association \u00ab Amis Bois \u00bb pour qu\u2019on puisse \u0153uvrer ensemble. Aujourd\u2019hui, elle veut tout gouverner. Elle vend en gros et en de\u0301tails et si nous achetons chez lui, nous n\u2019allons rien gagne\u0301. De me\u0302me, nous n\u2019exploitons pas dans la me\u0302me zone que Centra Bois. Dans notre zone, nous avons cre\u0301e\u0301 des e\u0301coles dans certains villages et nous payons les mai\u0302tres-parents. Nous ne sommes pas des exploitants ille\u0301gaux. Nous de\u0301tenons des autorisations \u00bb, a explique\u0301 un leader de cette association.<\/p>\n<p>Suite a\u0300 leur me\u0301contentement, les bois ont e\u0301te\u0301 libe\u0301re\u0301s sur le champ. Cependant, cette affaire est loin de connaitre la fin. C\u2019est pourquoi, l\u2019association \u00ab Amis Bois \u00bb souhaite l\u2019intervention des autorite\u0301s compe\u0301tentes pour tirer au clair cette affaire.<\/p>\n<p><strong>Pour plus d&rsquo;informations et d&rsquo;analyses sur la <a href=\"https:\/\/www.africa-press.net\/centrafricaine\">CentrAfricaine<\/a>, suivez <a href=\"https:\/\/www.africa-press.net\/\">Africa-Press<\/a><\/strong><\/p>\n","protected":false},"excerpt":{"rendered":"<p>Africa-Press &#8211; CentrAfricaine. Les vendeurs de bois du 6e\u0300me arrondissement de Bangui, re\u0301unis au sein de leur association de\u0301nomme\u0301e \u00ab amis bois \u00bb ont exprime\u0301 le 28 de\u0301cembre dernier leur me\u0301contentement contre la socie\u0301te\u0301 Centra Bois. Tout est parti de l\u2019ope\u0301ration de la tentative de saisie de cinq ve\u0301hicules qui transportaient leurs bois. Selon les [&hellip;]<\/p>\n","protected":false},"author":82,"featured_media":51353,"comment_status":"open","ping_status":"closed","sticky":false,"template":"","format":"standard","meta":{"footnotes":""},"categories":[21,10],"tags":[36,58,30],"class_list":["post-51355","post","type-post","status-publish","format-standard","has-post-thumbnail","hentry","category-communaute","category-toutes-les-actualites","tag-africa-press","tag-africa-press-centrafricaine","tag-centrafricaine"],"yoast_head":"<!-- This site is optimized with the Yoast SEO Premium plugin v26.1 (Yoast SEO v27.0) - https:\/\/yoast.com\/product\/yoast-seo-premium-wordpress\/ -->\n<title>M\u00e9contentement des membres de l\u2019association \u00ab amis bois \u00bb contre la soci\u00e9t\u00e9 Centra Bois - centrafricaine<\/title>\n<meta name=\"description\" content=\"Les vendeurs de bois du 6e\u0300me arrondissement de Bangui, re\u0301unis au sein de leur association de\u0301nomme\u0301e \u00ab amis bois \u00bb ont ...\" \/>\n<meta name=\"robots\" content=\"index, follow, max-snippet:-1, max-image-preview:large, max-video-preview:-1\" \/>\n<link rel=\"canonical\" href=\"https:\/\/www.africa-press.net\/centrafricaine\/toutes-les-actualites\/mecontentement-des-membres-de-lassociation-amis-bois-contre-la-societe-centra-bois\" \/>\n<meta property=\"og:locale\" content=\"fr_FR\" \/>\n<meta property=\"og:type\" content=\"article\" \/>\n<meta property=\"og:title\" content=\"M\u00e9contentement des membres de l\u2019association \u00ab amis bois \u00bb contre la soci\u00e9t\u00e9 Centra Bois\" \/>\n<meta property=\"og:description\" content=\"Les vendeurs de bois du 6e\u0300me arrondissement de Bangui, re\u0301unis au sein de leur association de\u0301nomme\u0301e \u00ab amis bois \u00bb ont ...\" \/>\n<meta property=\"og:url\" content=\"https:\/\/www.africa-press.net\/centrafricaine\/toutes-les-actualites\/mecontentement-des-membres-de-lassociation-amis-bois-contre-la-societe-centra-bois\" \/>\n<meta property=\"og:site_name\" content=\"centrafricaine\" \/>\n<meta property=\"article:published_time\" content=\"2024-01-05T15:53:25+00:00\" \/>\n<meta property=\"article:modified_time\" content=\"2024-01-05T16:03:25+00:00\" \/>\n<meta property=\"og:image\" content=\"https:\/\/static.africa-press.net\/centrafricaine\/sites\/45\/2024\/01\/sm_1704457881.774059.jpg\" \/>\n\t<meta property=\"og:image:width\" content=\"936\" \/>\n\t<meta property=\"og:image:height\" content=\"471\" \/>\n\t<meta property=\"og:image:type\" content=\"image\/jpeg\" \/>\n<meta name=\"author\" content=\"cfeditorfr\" \/>\n<meta name=\"twitter:card\" content=\"summary_large_image\" \/>\n<meta name=\"twitter:label1\" content=\"\u00c9crit par\" \/>\n\t<meta name=\"twitter:data1\" content=\"cfeditorfr\" \/>\n\t<meta name=\"twitter:label2\" content=\"Dur\u00e9e de lecture estim\u00e9e\" \/>\n\t<meta name=\"twitter:data2\" content=\"2 minutes\" \/>\n<script type=\"application\/ld+json\" class=\"yoast-schema-graph\">{\"@context\":\"https:\/\/schema.org\",\"@graph\":[{\"@type\":\"Article\",\"@id\":\"https:\/\/www.africa-press.net\/centrafricaine\/toutes-les-actualites\/mecontentement-des-membres-de-lassociation-amis-bois-contre-la-societe-centra-bois#article\",\"isPartOf\":{\"@id\":\"https:\/\/www.africa-press.net\/centrafricaine\/toutes-les-actualites\/mecontentement-des-membres-de-lassociation-amis-bois-contre-la-societe-centra-bois\"},\"author\":{\"name\":\"cfeditorfr\",\"@id\":\"https:\/\/www.africa-press.net\/centrafricaine\/#\/schema\/person\/2b1cf3cd81a31e3cd26889ca66d677f1\"},\"headline\":\"M\u00e9contentement des membres de l\u2019association \u00ab amis bois \u00bb contre la soci\u00e9t\u00e9 Centra Bois\",\"datePublished\":\"2024-01-05T15:53:25+00:00\",\"dateModified\":\"2024-01-05T16:03:25+00:00\",\"mainEntityOfPage\":{\"@id\":\"https:\/\/www.africa-press.net\/centrafricaine\/toutes-les-actualites\/mecontentement-des-membres-de-lassociation-amis-bois-contre-la-societe-centra-bois\"},\"wordCount\":328,\"commentCount\":0,\"image\":{\"@id\":\"https:\/\/www.africa-press.net\/centrafricaine\/toutes-les-actualites\/mecontentement-des-membres-de-lassociation-amis-bois-contre-la-societe-centra-bois#primaryimage\"},\"thumbnailUrl\":\"https:\/\/static.africa-press.net\/centrafricaine\/sites\/45\/2024\/01\/sm_1704457881.774059.jpg\",\"keywords\":[\"Africa Press\",\"Africa Press-CentrAfricaine\",\"CentrAfricaine\"],\"articleSection\":[\"Communaut\u00e9\",\"Toutes les actualit\u00e9s\"],\"inLanguage\":\"fr-FR\",\"potentialAction\":[{\"@type\":\"CommentAction\",\"name\":\"Comment\",\"target\":[\"https:\/\/www.africa-press.net\/centrafricaine\/toutes-les-actualites\/mecontentement-des-membres-de-lassociation-amis-bois-contre-la-societe-centra-bois#respond\"]}]},{\"@type\":\"WebPage\",\"@id\":\"https:\/\/www.africa-press.net\/centrafricaine\/toutes-les-actualites\/mecontentement-des-membres-de-lassociation-amis-bois-contre-la-societe-centra-bois\",\"url\":\"https:\/\/www.africa-press.net\/centrafricaine\/toutes-les-actualites\/mecontentement-des-membres-de-lassociation-amis-bois-contre-la-societe-centra-bois\",\"name\":\"M\u00e9contentement des membres de l\u2019association \u00ab amis bois \u00bb contre la soci\u00e9t\u00e9 Centra Bois - centrafricaine\",\"isPartOf\":{\"@id\":\"https:\/\/www.africa-press.net\/centrafricaine\/#website\"},\"primaryImageOfPage\":{\"@id\":\"https:\/\/www.africa-press.net\/centrafricaine\/toutes-les-actualites\/mecontentement-des-membres-de-lassociation-amis-bois-contre-la-societe-centra-bois#primaryimage\"},\"image\":{\"@id\":\"https:\/\/www.africa-press.net\/centrafricaine\/toutes-les-actualites\/mecontentement-des-membres-de-lassociation-amis-bois-contre-la-societe-centra-bois#primaryimage\"},\"thumbnailUrl\":\"https:\/\/static.africa-press.net\/centrafricaine\/sites\/45\/2024\/01\/sm_1704457881.774059.jpg\",\"datePublished\":\"2024-01-05T15:53:25+00:00\",\"dateModified\":\"2024-01-05T16:03:25+00:00\",\"author\":{\"@id\":\"https:\/\/www.africa-press.net\/centrafricaine\/#\/schema\/person\/2b1cf3cd81a31e3cd26889ca66d677f1\"},\"description\":\"Les vendeurs de bois du 6e\u0300me arrondissement de Bangui, re\u0301unis au sein de leur association de\u0301nomme\u0301e \u00ab amis bois \u00bb ont ...\",\"breadcrumb\":{\"@id\":\"https:\/\/www.africa-press.net\/centrafricaine\/toutes-les-actualites\/mecontentement-des-membres-de-lassociation-amis-bois-contre-la-societe-centra-bois#breadcrumb\"},\"inLanguage\":\"fr-FR\",\"potentialAction\":[{\"@type\":\"ReadAction\",\"target\":[\"https:\/\/www.africa-press.net\/centrafricaine\/toutes-les-actualites\/mecontentement-des-membres-de-lassociation-amis-bois-contre-la-societe-centra-bois\"]}]},{\"@type\":\"ImageObject\",\"inLanguage\":\"fr-FR\",\"@id\":\"https:\/\/www.africa-press.net\/centrafricaine\/toutes-les-actualites\/mecontentement-des-membres-de-lassociation-amis-bois-contre-la-societe-centra-bois#primaryimage\",\"url\":\"https:\/\/static.africa-press.net\/centrafricaine\/sites\/45\/2024\/01\/sm_1704457881.774059.jpg\",\"contentUrl\":\"https:\/\/static.africa-press.net\/centrafricaine\/sites\/45\/2024\/01\/sm_1704457881.774059.jpg\",\"width\":936,\"height\":471,\"caption\":\"M\u00e9contentement des membres de l\u2019association \u00ab amis bois \u00bb contre la soci\u00e9t\u00e9 Centra Bois\"},{\"@type\":\"BreadcrumbList\",\"@id\":\"https:\/\/www.africa-press.net\/centrafricaine\/toutes-les-actualites\/mecontentement-des-membres-de-lassociation-amis-bois-contre-la-societe-centra-bois#breadcrumb\",\"itemListElement\":[{\"@type\":\"ListItem\",\"position\":1,\"name\":\"Accueil\",\"item\":\"https:\/\/www.africa-press.net\/centrafricaine\/\"},{\"@type\":\"ListItem\",\"position\":2,\"name\":\"M\u00e9contentement des membres de l\u2019association \u00ab amis bois \u00bb contre la soci\u00e9t\u00e9 Centra Bois\"}]},{\"@type\":\"WebSite\",\"@id\":\"https:\/\/www.africa-press.net\/centrafricaine\/#website\",\"url\":\"https:\/\/www.africa-press.net\/centrafricaine\/\",\"name\":\"centrafricaine\",\"description\":\"Just another Africa News Agency Sites site\",\"potentialAction\":[{\"@type\":\"SearchAction\",\"target\":{\"@type\":\"EntryPoint\",\"urlTemplate\":\"https:\/\/www.africa-press.net\/centrafricaine\/?s={search_term_string}\"},\"query-input\":{\"@type\":\"PropertyValueSpecification\",\"valueRequired\":true,\"valueName\":\"search_term_string\"}}],\"inLanguage\":\"fr-FR\"},{\"@type\":\"Person\",\"@id\":\"https:\/\/www.africa-press.net\/centrafricaine\/#\/schema\/person\/2b1cf3cd81a31e3cd26889ca66d677f1\",\"name\":\"cfeditorfr\"}]}<\/script>\n<!-- \/ Yoast SEO Premium plugin. -->","yoast_head_json":{"title":"M\u00e9contentement des membres de l\u2019association \u00ab amis bois \u00bb contre la soci\u00e9t\u00e9 Centra Bois - centrafricaine","description":"Les vendeurs de bois du 6e\u0300me arrondissement de Bangui, re\u0301unis au sein de leur association de\u0301nomme\u0301e \u00ab amis bois \u00bb ont ...","robots":{"index":"index","follow":"follow","max-snippet":"max-snippet:-1","max-image-preview":"max-image-preview:large","max-video-preview":"max-video-preview:-1"},"canonical":"https:\/\/www.africa-press.net\/centrafricaine\/toutes-les-actualites\/mecontentement-des-membres-de-lassociation-amis-bois-contre-la-societe-centra-bois","og_locale":"fr_FR","og_type":"article","og_title":"M\u00e9contentement des membres de l\u2019association \u00ab amis bois \u00bb contre la soci\u00e9t\u00e9 Centra Bois","og_description":"Les vendeurs de bois du 6e\u0300me arrondissement de Bangui, re\u0301unis au sein de leur association de\u0301nomme\u0301e \u00ab amis bois \u00bb ont ...","og_url":"https:\/\/www.africa-press.net\/centrafricaine\/toutes-les-actualites\/mecontentement-des-membres-de-lassociation-amis-bois-contre-la-societe-centra-bois","og_site_name":"centrafricaine","article_published_time":"2024-01-05T15:53:25+00:00","article_modified_time":"2024-01-05T16:03:25+00:00","og_image":[{"width":936,"height":471,"url":"https:\/\/static.africa-press.net\/centrafricaine\/sites\/45\/2024\/01\/sm_1704457881.774059.jpg","type":"image\/jpeg"}],"author":"cfeditorfr","twitter_card":"summary_large_image","twitter_misc":{"\u00c9crit par":"cfeditorfr","Dur\u00e9e de lecture estim\u00e9e":"2 minutes"},"schema":{"@context":"https:\/\/schema.org","@graph":[{"@type":"Article","@id":"https:\/\/www.africa-press.net\/centrafricaine\/toutes-les-actualites\/mecontentement-des-membres-de-lassociation-amis-bois-contre-la-societe-centra-bois#article","isPartOf":{"@id":"https:\/\/www.africa-press.net\/centrafricaine\/toutes-les-actualites\/mecontentement-des-membres-de-lassociation-amis-bois-contre-la-societe-centra-bois"},"author":{"name":"cfeditorfr","@id":"https:\/\/www.africa-press.net\/centrafricaine\/#\/schema\/person\/2b1cf3cd81a31e3cd26889ca66d677f1"},"headline":"M\u00e9contentement des membres de l\u2019association \u00ab amis bois \u00bb contre la soci\u00e9t\u00e9 Centra Bois","datePublished":"2024-01-05T15:53:25+00:00","dateModified":"2024-01-05T16:03:25+00:00","mainEntityOfPage":{"@id":"https:\/\/www.africa-press.net\/centrafricaine\/toutes-les-actualites\/mecontentement-des-membres-de-lassociation-amis-bois-contre-la-societe-centra-bois"},"wordCount":328,"commentCount":0,"image":{"@id":"https:\/\/www.africa-press.net\/centrafricaine\/toutes-les-actualites\/mecontentement-des-membres-de-lassociation-amis-bois-contre-la-societe-centra-bois#primaryimage"},"thumbnailUrl":"https:\/\/static.africa-press.net\/centrafricaine\/sites\/45\/2024\/01\/sm_1704457881.774059.jpg","keywords":["Africa Press","Africa Press-CentrAfricaine","CentrAfricaine"],"articleSection":["Communaut\u00e9","Toutes les actualit\u00e9s"],"inLanguage":"fr-FR","potentialAction":[{"@type":"CommentAction","name":"Comment","target":["https:\/\/www.africa-press.net\/centrafricaine\/toutes-les-actualites\/mecontentement-des-membres-de-lassociation-amis-bois-contre-la-societe-centra-bois#respond"]}]},{"@type":"WebPage","@id":"https:\/\/www.africa-press.net\/centrafricaine\/toutes-les-actualites\/mecontentement-des-membres-de-lassociation-amis-bois-contre-la-societe-centra-bois","url":"https:\/\/www.africa-press.net\/centrafricaine\/toutes-les-actualites\/mecontentement-des-membres-de-lassociation-amis-bois-contre-la-societe-centra-bois","name":"M\u00e9contentement des membres de l\u2019association \u00ab amis bois \u00bb contre la soci\u00e9t\u00e9 Centra Bois - centrafricaine","isPartOf":{"@id":"https:\/\/www.africa-press.net\/centrafricaine\/#website"},"primaryImageOfPage":{"@id":"https:\/\/www.africa-press.net\/centrafricaine\/toutes-les-actualites\/mecontentement-des-membres-de-lassociation-amis-bois-contre-la-societe-centra-bois#primaryimage"},"image":{"@id":"https:\/\/www.africa-press.net\/centrafricaine\/toutes-les-actualites\/mecontentement-des-membres-de-lassociation-amis-bois-contre-la-societe-centra-bois#primaryimage"},"thumbnailUrl":"https:\/\/static.africa-press.net\/centrafricaine\/sites\/45\/2024\/01\/sm_1704457881.774059.jpg","datePublished":"2024-01-05T15:53:25+00:00","dateModified":"2024-01-05T16:03:25+00:00","author":{"@id":"https:\/\/www.africa-press.net\/centrafricaine\/#\/schema\/person\/2b1cf3cd81a31e3cd26889ca66d677f1"},"description":"Les vendeurs de bois du 6e\u0300me arrondissement de Bangui, re\u0301unis au sein de leur association de\u0301nomme\u0301e \u00ab amis bois \u00bb ont ...","breadcrumb":{"@id":"https:\/\/www.africa-press.net\/centrafricaine\/toutes-les-actualites\/mecontentement-des-membres-de-lassociation-amis-bois-contre-la-societe-centra-bois#breadcrumb"},"inLanguage":"fr-FR","potentialAction":[{"@type":"ReadAction","target":["https:\/\/www.africa-press.net\/centrafricaine\/toutes-les-actualites\/mecontentement-des-membres-de-lassociation-amis-bois-contre-la-societe-centra-bois"]}]},{"@type":"ImageObject","inLanguage":"fr-FR","@id":"https:\/\/www.africa-press.net\/centrafricaine\/toutes-les-actualites\/mecontentement-des-membres-de-lassociation-amis-bois-contre-la-societe-centra-bois#primaryimage","url":"https:\/\/static.africa-press.net\/centrafricaine\/sites\/45\/2024\/01\/sm_1704457881.774059.jpg","contentUrl":"https:\/\/static.africa-press.net\/centrafricaine\/sites\/45\/2024\/01\/sm_1704457881.774059.jpg","width":936,"height":471,"caption":"M\u00e9contentement des membres de l\u2019association \u00ab amis bois \u00bb contre la soci\u00e9t\u00e9 Centra Bois"},{"@type":"BreadcrumbList","@id":"https:\/\/www.africa-press.net\/centrafricaine\/toutes-les-actualites\/mecontentement-des-membres-de-lassociation-amis-bois-contre-la-societe-centra-bois#breadcrumb","itemListElement":[{"@type":"ListItem","position":1,"name":"Accueil","item":"https:\/\/www.africa-press.net\/centrafricaine\/"},{"@type":"ListItem","position":2,"name":"M\u00e9contentement des membres de l\u2019association \u00ab amis bois \u00bb contre la soci\u00e9t\u00e9 Centra Bois"}]},{"@type":"WebSite","@id":"https:\/\/www.africa-press.net\/centrafricaine\/#website","url":"https:\/\/www.africa-press.net\/centrafricaine\/","name":"centrafricaine","description":"Just another Africa News Agency Sites site","potentialAction":[{"@type":"SearchAction","target":{"@type":"EntryPoint","urlTemplate":"https:\/\/www.africa-press.net\/centrafricaine\/?s={search_term_string}"},"query-input":{"@type":"PropertyValueSpecification","valueRequired":true,"valueName":"search_term_string"}}],"inLanguage":"fr-FR"},{"@type":"Person","@id":"https:\/\/www.africa-press.net\/centrafricaine\/#\/schema\/person\/2b1cf3cd81a31e3cd26889ca66d677f1","name":"cfeditorfr"}]}},"_links":{"self":[{"href":"https:\/\/www.africa-press.net\/centrafricaine\/wp-json\/wp\/v2\/posts\/51355","targetHints":{"allow":["GET"]}}],"collection":[{"href":"https:\/\/www.africa-press.net\/centrafricaine\/wp-json\/wp\/v2\/posts"}],"about":[{"href":"https:\/\/www.africa-press.net\/centrafricaine\/wp-json\/wp\/v2\/types\/post"}],"author":[{"embeddable":true,"href":"https:\/\/www.africa-press.net\/centrafricaine\/wp-json\/wp\/v2\/users\/82"}],"replies":[{"embeddable":true,"href":"https:\/\/www.africa-press.net\/centrafricaine\/wp-json\/wp\/v2\/comments?post=51355"}],"version-history":[{"count":0,"href":"https:\/\/www.africa-press.net\/centrafricaine\/wp-json\/wp\/v2\/posts\/51355\/revisions"}],"wp:featuredmedia":[{"embeddable":true,"href":"https:\/\/www.africa-press.net\/centrafricaine\/wp-json\/wp\/v2\/media\/51353"}],"wp:attachment":[{"href":"https:\/\/www.africa-press.net\/centrafricaine\/wp-json\/wp\/v2\/media?parent=51355"}],"wp:term":[{"taxonomy":"category","embeddable":true,"href":"https:\/\/www.africa-press.net\/centrafricaine\/wp-json\/wp\/v2\/categories?post=51355"},{"taxonomy":"post_tag","embeddable":true,"href":"https:\/\/www.africa-press.net\/centrafricaine\/wp-json\/wp\/v2\/tags?post=51355"}],"curies":[{"name":"wp","href":"https:\/\/api.w.org\/{rel}","templated":true}]}}