{"id":51373,"date":"2024-01-06T18:04:52","date_gmt":"2024-01-06T18:04:52","guid":{"rendered":"https:\/\/www.africa-press.net\/centrafricaine\/politique\/des-eleves-de-bouar-sensibilises-sur-le-droit-et-la-justice-en-milieu-scolaire"},"modified":"2024-01-07T14:49:28","modified_gmt":"2024-01-07T14:49:28","slug":"des-eleves-de-bouar-sensibilises-sur-le-droit-et-la-justice-en-milieu-scolaire","status":"publish","type":"post","link":"https:\/\/www.africa-press.net\/centrafricaine\/toutes-les-actualites\/des-eleves-de-bouar-sensibilises-sur-le-droit-et-la-justice-en-milieu-scolaire","title":{"rendered":"Des \u00e9l\u00e8ves de Bouar sensibilis\u00e9s sur le droit et la justice en milieu scolaire"},"content":{"rendered":"<p><span style=\"color: #ff6600\"><strong>Africa-Press &#8211; CentrAfricaine. <\/strong><\/span>Le 5 janvier 2024, une trentaine d&rsquo;e\u0301le\u0300ves de Bouar, a\u0300 l\u2019ouest du pays, ont be\u0301ne\u0301ficie\u0301 d&rsquo;une sensibilisation conduite par la MINUSCA sur le droit et la justice en milieu scolaire. Cette activite\u0301 vise a\u0300 renforcer l&rsquo;E\u0301tat de droit et a\u0300 lutter contre l&rsquo;impunite\u0301, conforme\u0301ment au mandat de la MINUSCA en matie\u0300re d\u2019appui a\u0300 la justice.<\/p>\n<p>Conduite par l&rsquo;Unite\u0301 Justice de la MINUSCA, la sensibilisation s\u2019appuie sur le constat selon lequel de nombreux cas de violences sexuelles et de violences base\u0301es sur le genre signale\u0301s a\u0300 la justice impliquent des e\u0301le\u0300ves en tant que victimes ou auteurs. Boniface N&rsquo;goya, charge\u0301 des affaires judiciaires a\u0300 la MINUSCA a\u0300 Bouar, souligne l&rsquo;importance d&rsquo;informer les e\u0301le\u0300ves sur ces questions sensibles. \u00ab Il e\u0301tait important que nous re\u0301unissions les e\u0301le\u0300ves afin de les informer sur les violences sexuelles et les violences base\u0301es sur le genre. Ainsi, ils pourront prendre conscience de ce phe\u0301nome\u0300ne, de ses conse\u0301quences et des me\u0301canismes judiciaires pour pouvoir apporter des re\u0301ponses approprie\u0301es \u00bb, explique-t-il.<\/p>\n<p>Anime\u0301e de manie\u0300re interactive, la se\u0301ance a aborde\u0301 plusieurs the\u0300mes, notamment, les notions et les conse\u0301quences des violences sexuelles (VS), des violences base\u0301es sur le genre (VBG) et des violences sexuelles lie\u0301es au conflit (VSLC). Elle a e\u0301galement traite\u0301 du ro\u0302le de la composante police de la MINUSCA en matie\u0300re de violence, des proce\u0301dures de re\u0301pression des VS, des VBG et des VS lie\u0301es aux conflits, ainsi que de la prise en charge psychosociale et juridique des victimes.<\/p>\n<p>Enseignant en e\u0301conomie et en mathe\u0301matiques dans un lyce\u0301e de Bouar, Ndopata Raoul exprime sa satisfaction quant a\u0300 l&rsquo;opportunite\u0301 offerte par cette sensibilisation. \u00ab Cette initiative permettra aux e\u0301le\u0300ves, ainsi qu&rsquo;a\u0300 nous, enseignants, de prendre conscience de la triste re\u0301alite\u0301 des violences sexuelles et des violences base\u0301es sur le genre. Comprendre les me\u0301canismes de pre\u0301vention et de lutte nous permettra de contribuer de manie\u0300re plus efficace a\u0300 l&rsquo;e\u0301radication de ce fle\u0301au au sein du milieu scolaire et au sein de nos communaute\u0301s \u00bb, confie-t-il.<\/p>\n<p>Les organisateurs de la sensibilisation espe\u0300rent que cet e\u0301chantillon d&rsquo;e\u0301le\u0300ves puisse assimiler ces notions et jouer un ro\u0302le de relais en diffusant les messages au sein de leur milieu scolaire, de leur famille et de leur communaute\u0301.<\/p>\n<p>Cette activite\u0301 illustre l&rsquo;engagement de la MINUSCA a\u0300 e\u0301duquer et a\u0300 sensibiliser les jeunes sur les questions du droit, de la justice et du respect des droits humains.<\/p>\n<p><strong>Pour plus d&rsquo;informations et d&rsquo;analyses sur la <a href=\"https:\/\/www.africa-press.net\/centrafricaine\">CentrAfricaine<\/a>, suivez <a href=\"https:\/\/www.africa-press.net\/\">Africa-Press<\/a><\/strong><\/p>\n","protected":false},"excerpt":{"rendered":"<p>Africa-Press &#8211; CentrAfricaine. Le 5 janvier 2024, une trentaine d&rsquo;e\u0301le\u0300ves de Bouar, a\u0300 l\u2019ouest du pays, ont be\u0301ne\u0301ficie\u0301 d&rsquo;une sensibilisation conduite par la MINUSCA sur le droit et la justice en milieu scolaire. Cette activite\u0301 vise a\u0300 renforcer l&rsquo;E\u0301tat de droit et a\u0300 lutter contre l&rsquo;impunite\u0301, conforme\u0301ment au mandat de la MINUSCA en matie\u0300re d\u2019appui [&hellip;]<\/p>\n","protected":false},"author":82,"featured_media":51372,"comment_status":"open","ping_status":"closed","sticky":false,"template":"","format":"standard","meta":{"footnotes":""},"categories":[21,10],"tags":[36,58,30],"class_list":["post-51373","post","type-post","status-publish","format-standard","has-post-thumbnail","hentry","category-communaute","category-toutes-les-actualites","tag-africa-press","tag-africa-press-centrafricaine","tag-centrafricaine"],"yoast_head":"<!-- This site is optimized with the Yoast SEO Premium plugin v26.1 (Yoast SEO v27.0) - https:\/\/yoast.com\/product\/yoast-seo-premium-wordpress\/ -->\n<title>Des \u00e9l\u00e8ves de Bouar sensibilis\u00e9s sur le droit et la justice en milieu scolaire - centrafricaine<\/title>\n<meta name=\"description\" content=\"Le 5 janvier 2024, une trentaine d&#039;e\u0301le\u0300ves de Bouar, a\u0300 l\u2019ouest du pays, ont be\u0301ne\u0301ficie\u0301 d&#039;une sensibilisation conduit ...\" \/>\n<meta name=\"robots\" content=\"index, follow, max-snippet:-1, max-image-preview:large, max-video-preview:-1\" \/>\n<link rel=\"canonical\" href=\"https:\/\/www.africa-press.net\/centrafricaine\/toutes-les-actualites\/des-eleves-de-bouar-sensibilises-sur-le-droit-et-la-justice-en-milieu-scolaire\" \/>\n<meta property=\"og:locale\" content=\"fr_FR\" \/>\n<meta property=\"og:type\" content=\"article\" \/>\n<meta property=\"og:title\" content=\"Des \u00e9l\u00e8ves de Bouar sensibilis\u00e9s sur le droit et la justice en milieu scolaire\" \/>\n<meta property=\"og:description\" content=\"Le 5 janvier 2024, une trentaine d&#039;e\u0301le\u0300ves de Bouar, a\u0300 l\u2019ouest du pays, ont be\u0301ne\u0301ficie\u0301 d&#039;une sensibilisation conduit ...\" \/>\n<meta property=\"og:url\" content=\"https:\/\/www.africa-press.net\/centrafricaine\/toutes-les-actualites\/des-eleves-de-bouar-sensibilises-sur-le-droit-et-la-justice-en-milieu-scolaire\" \/>\n<meta property=\"og:site_name\" content=\"centrafricaine\" \/>\n<meta property=\"article:published_time\" content=\"2024-01-06T18:04:52+00:00\" \/>\n<meta property=\"article:modified_time\" content=\"2024-01-07T14:49:28+00:00\" \/>\n<meta property=\"og:image\" content=\"https:\/\/static.africa-press.net\/centrafricaine\/sites\/45\/2024\/01\/sm_1704553504.288534.jpg\" \/>\n\t<meta property=\"og:image:width\" content=\"720\" \/>\n\t<meta property=\"og:image:height\" content=\"418\" \/>\n\t<meta property=\"og:image:type\" content=\"image\/jpeg\" \/>\n<meta name=\"author\" content=\"cfeditorfr\" \/>\n<meta name=\"twitter:card\" content=\"summary_large_image\" \/>\n<meta name=\"twitter:label1\" content=\"\u00c9crit par\" \/>\n\t<meta name=\"twitter:data1\" content=\"cfeditorfr\" \/>\n\t<meta name=\"twitter:label2\" content=\"Dur\u00e9e de lecture estim\u00e9e\" \/>\n\t<meta name=\"twitter:data2\" content=\"3 minutes\" \/>\n<script type=\"application\/ld+json\" class=\"yoast-schema-graph\">{\"@context\":\"https:\/\/schema.org\",\"@graph\":[{\"@type\":\"Article\",\"@id\":\"https:\/\/www.africa-press.net\/centrafricaine\/toutes-les-actualites\/des-eleves-de-bouar-sensibilises-sur-le-droit-et-la-justice-en-milieu-scolaire#article\",\"isPartOf\":{\"@id\":\"https:\/\/www.africa-press.net\/centrafricaine\/toutes-les-actualites\/des-eleves-de-bouar-sensibilises-sur-le-droit-et-la-justice-en-milieu-scolaire\"},\"author\":{\"name\":\"cfeditorfr\",\"@id\":\"https:\/\/www.africa-press.net\/centrafricaine\/#\/schema\/person\/2b1cf3cd81a31e3cd26889ca66d677f1\"},\"headline\":\"Des \u00e9l\u00e8ves de Bouar sensibilis\u00e9s sur le droit et la justice en milieu scolaire\",\"datePublished\":\"2024-01-06T18:04:52+00:00\",\"dateModified\":\"2024-01-07T14:49:28+00:00\",\"mainEntityOfPage\":{\"@id\":\"https:\/\/www.africa-press.net\/centrafricaine\/toutes-les-actualites\/des-eleves-de-bouar-sensibilises-sur-le-droit-et-la-justice-en-milieu-scolaire\"},\"wordCount\":487,\"commentCount\":0,\"image\":{\"@id\":\"https:\/\/www.africa-press.net\/centrafricaine\/toutes-les-actualites\/des-eleves-de-bouar-sensibilises-sur-le-droit-et-la-justice-en-milieu-scolaire#primaryimage\"},\"thumbnailUrl\":\"https:\/\/static.africa-press.net\/centrafricaine\/sites\/45\/2024\/01\/sm_1704553504.288534.jpg\",\"keywords\":[\"Africa Press\",\"Africa Press-CentrAfricaine\",\"CentrAfricaine\"],\"articleSection\":[\"Communaut\u00e9\",\"Toutes les actualit\u00e9s\"],\"inLanguage\":\"fr-FR\",\"potentialAction\":[{\"@type\":\"CommentAction\",\"name\":\"Comment\",\"target\":[\"https:\/\/www.africa-press.net\/centrafricaine\/toutes-les-actualites\/des-eleves-de-bouar-sensibilises-sur-le-droit-et-la-justice-en-milieu-scolaire#respond\"]}]},{\"@type\":\"WebPage\",\"@id\":\"https:\/\/www.africa-press.net\/centrafricaine\/toutes-les-actualites\/des-eleves-de-bouar-sensibilises-sur-le-droit-et-la-justice-en-milieu-scolaire\",\"url\":\"https:\/\/www.africa-press.net\/centrafricaine\/toutes-les-actualites\/des-eleves-de-bouar-sensibilises-sur-le-droit-et-la-justice-en-milieu-scolaire\",\"name\":\"Des \u00e9l\u00e8ves de Bouar sensibilis\u00e9s sur le droit et la justice en milieu scolaire - centrafricaine\",\"isPartOf\":{\"@id\":\"https:\/\/www.africa-press.net\/centrafricaine\/#website\"},\"primaryImageOfPage\":{\"@id\":\"https:\/\/www.africa-press.net\/centrafricaine\/toutes-les-actualites\/des-eleves-de-bouar-sensibilises-sur-le-droit-et-la-justice-en-milieu-scolaire#primaryimage\"},\"image\":{\"@id\":\"https:\/\/www.africa-press.net\/centrafricaine\/toutes-les-actualites\/des-eleves-de-bouar-sensibilises-sur-le-droit-et-la-justice-en-milieu-scolaire#primaryimage\"},\"thumbnailUrl\":\"https:\/\/static.africa-press.net\/centrafricaine\/sites\/45\/2024\/01\/sm_1704553504.288534.jpg\",\"datePublished\":\"2024-01-06T18:04:52+00:00\",\"dateModified\":\"2024-01-07T14:49:28+00:00\",\"author\":{\"@id\":\"https:\/\/www.africa-press.net\/centrafricaine\/#\/schema\/person\/2b1cf3cd81a31e3cd26889ca66d677f1\"},\"description\":\"Le 5 janvier 2024, une trentaine d'e\u0301le\u0300ves de Bouar, a\u0300 l\u2019ouest du pays, ont be\u0301ne\u0301ficie\u0301 d'une sensibilisation conduit ...\",\"breadcrumb\":{\"@id\":\"https:\/\/www.africa-press.net\/centrafricaine\/toutes-les-actualites\/des-eleves-de-bouar-sensibilises-sur-le-droit-et-la-justice-en-milieu-scolaire#breadcrumb\"},\"inLanguage\":\"fr-FR\",\"potentialAction\":[{\"@type\":\"ReadAction\",\"target\":[\"https:\/\/www.africa-press.net\/centrafricaine\/toutes-les-actualites\/des-eleves-de-bouar-sensibilises-sur-le-droit-et-la-justice-en-milieu-scolaire\"]}]},{\"@type\":\"ImageObject\",\"inLanguage\":\"fr-FR\",\"@id\":\"https:\/\/www.africa-press.net\/centrafricaine\/toutes-les-actualites\/des-eleves-de-bouar-sensibilises-sur-le-droit-et-la-justice-en-milieu-scolaire#primaryimage\",\"url\":\"https:\/\/static.africa-press.net\/centrafricaine\/sites\/45\/2024\/01\/sm_1704553504.288534.jpg\",\"contentUrl\":\"https:\/\/static.africa-press.net\/centrafricaine\/sites\/45\/2024\/01\/sm_1704553504.288534.jpg\",\"width\":720,\"height\":418,\"caption\":\"Des \u00e9l\u00e8ves de Bouar sensibilis\u00e9s sur le droit et la justice en milieu scolaire\"},{\"@type\":\"BreadcrumbList\",\"@id\":\"https:\/\/www.africa-press.net\/centrafricaine\/toutes-les-actualites\/des-eleves-de-bouar-sensibilises-sur-le-droit-et-la-justice-en-milieu-scolaire#breadcrumb\",\"itemListElement\":[{\"@type\":\"ListItem\",\"position\":1,\"name\":\"Accueil\",\"item\":\"https:\/\/www.africa-press.net\/centrafricaine\/\"},{\"@type\":\"ListItem\",\"position\":2,\"name\":\"Des \u00e9l\u00e8ves de Bouar sensibilis\u00e9s sur le droit et la justice en milieu scolaire\"}]},{\"@type\":\"WebSite\",\"@id\":\"https:\/\/www.africa-press.net\/centrafricaine\/#website\",\"url\":\"https:\/\/www.africa-press.net\/centrafricaine\/\",\"name\":\"centrafricaine\",\"description\":\"Just another Africa News Agency Sites site\",\"potentialAction\":[{\"@type\":\"SearchAction\",\"target\":{\"@type\":\"EntryPoint\",\"urlTemplate\":\"https:\/\/www.africa-press.net\/centrafricaine\/?s={search_term_string}\"},\"query-input\":{\"@type\":\"PropertyValueSpecification\",\"valueRequired\":true,\"valueName\":\"search_term_string\"}}],\"inLanguage\":\"fr-FR\"},{\"@type\":\"Person\",\"@id\":\"https:\/\/www.africa-press.net\/centrafricaine\/#\/schema\/person\/2b1cf3cd81a31e3cd26889ca66d677f1\",\"name\":\"cfeditorfr\"}]}<\/script>\n<!-- \/ Yoast SEO Premium plugin. -->","yoast_head_json":{"title":"Des \u00e9l\u00e8ves de Bouar sensibilis\u00e9s sur le droit et la justice en milieu scolaire - centrafricaine","description":"Le 5 janvier 2024, une trentaine d'e\u0301le\u0300ves de Bouar, a\u0300 l\u2019ouest du pays, ont be\u0301ne\u0301ficie\u0301 d'une sensibilisation conduit ...","robots":{"index":"index","follow":"follow","max-snippet":"max-snippet:-1","max-image-preview":"max-image-preview:large","max-video-preview":"max-video-preview:-1"},"canonical":"https:\/\/www.africa-press.net\/centrafricaine\/toutes-les-actualites\/des-eleves-de-bouar-sensibilises-sur-le-droit-et-la-justice-en-milieu-scolaire","og_locale":"fr_FR","og_type":"article","og_title":"Des \u00e9l\u00e8ves de Bouar sensibilis\u00e9s sur le droit et la justice en milieu scolaire","og_description":"Le 5 janvier 2024, une trentaine d'e\u0301le\u0300ves de Bouar, a\u0300 l\u2019ouest du pays, ont be\u0301ne\u0301ficie\u0301 d'une sensibilisation conduit ...","og_url":"https:\/\/www.africa-press.net\/centrafricaine\/toutes-les-actualites\/des-eleves-de-bouar-sensibilises-sur-le-droit-et-la-justice-en-milieu-scolaire","og_site_name":"centrafricaine","article_published_time":"2024-01-06T18:04:52+00:00","article_modified_time":"2024-01-07T14:49:28+00:00","og_image":[{"width":720,"height":418,"url":"https:\/\/static.africa-press.net\/centrafricaine\/sites\/45\/2024\/01\/sm_1704553504.288534.jpg","type":"image\/jpeg"}],"author":"cfeditorfr","twitter_card":"summary_large_image","twitter_misc":{"\u00c9crit par":"cfeditorfr","Dur\u00e9e de lecture estim\u00e9e":"3 minutes"},"schema":{"@context":"https:\/\/schema.org","@graph":[{"@type":"Article","@id":"https:\/\/www.africa-press.net\/centrafricaine\/toutes-les-actualites\/des-eleves-de-bouar-sensibilises-sur-le-droit-et-la-justice-en-milieu-scolaire#article","isPartOf":{"@id":"https:\/\/www.africa-press.net\/centrafricaine\/toutes-les-actualites\/des-eleves-de-bouar-sensibilises-sur-le-droit-et-la-justice-en-milieu-scolaire"},"author":{"name":"cfeditorfr","@id":"https:\/\/www.africa-press.net\/centrafricaine\/#\/schema\/person\/2b1cf3cd81a31e3cd26889ca66d677f1"},"headline":"Des \u00e9l\u00e8ves de Bouar sensibilis\u00e9s sur le droit et la justice en milieu scolaire","datePublished":"2024-01-06T18:04:52+00:00","dateModified":"2024-01-07T14:49:28+00:00","mainEntityOfPage":{"@id":"https:\/\/www.africa-press.net\/centrafricaine\/toutes-les-actualites\/des-eleves-de-bouar-sensibilises-sur-le-droit-et-la-justice-en-milieu-scolaire"},"wordCount":487,"commentCount":0,"image":{"@id":"https:\/\/www.africa-press.net\/centrafricaine\/toutes-les-actualites\/des-eleves-de-bouar-sensibilises-sur-le-droit-et-la-justice-en-milieu-scolaire#primaryimage"},"thumbnailUrl":"https:\/\/static.africa-press.net\/centrafricaine\/sites\/45\/2024\/01\/sm_1704553504.288534.jpg","keywords":["Africa Press","Africa Press-CentrAfricaine","CentrAfricaine"],"articleSection":["Communaut\u00e9","Toutes les actualit\u00e9s"],"inLanguage":"fr-FR","potentialAction":[{"@type":"CommentAction","name":"Comment","target":["https:\/\/www.africa-press.net\/centrafricaine\/toutes-les-actualites\/des-eleves-de-bouar-sensibilises-sur-le-droit-et-la-justice-en-milieu-scolaire#respond"]}]},{"@type":"WebPage","@id":"https:\/\/www.africa-press.net\/centrafricaine\/toutes-les-actualites\/des-eleves-de-bouar-sensibilises-sur-le-droit-et-la-justice-en-milieu-scolaire","url":"https:\/\/www.africa-press.net\/centrafricaine\/toutes-les-actualites\/des-eleves-de-bouar-sensibilises-sur-le-droit-et-la-justice-en-milieu-scolaire","name":"Des \u00e9l\u00e8ves de Bouar sensibilis\u00e9s sur le droit et la justice en milieu scolaire - centrafricaine","isPartOf":{"@id":"https:\/\/www.africa-press.net\/centrafricaine\/#website"},"primaryImageOfPage":{"@id":"https:\/\/www.africa-press.net\/centrafricaine\/toutes-les-actualites\/des-eleves-de-bouar-sensibilises-sur-le-droit-et-la-justice-en-milieu-scolaire#primaryimage"},"image":{"@id":"https:\/\/www.africa-press.net\/centrafricaine\/toutes-les-actualites\/des-eleves-de-bouar-sensibilises-sur-le-droit-et-la-justice-en-milieu-scolaire#primaryimage"},"thumbnailUrl":"https:\/\/static.africa-press.net\/centrafricaine\/sites\/45\/2024\/01\/sm_1704553504.288534.jpg","datePublished":"2024-01-06T18:04:52+00:00","dateModified":"2024-01-07T14:49:28+00:00","author":{"@id":"https:\/\/www.africa-press.net\/centrafricaine\/#\/schema\/person\/2b1cf3cd81a31e3cd26889ca66d677f1"},"description":"Le 5 janvier 2024, une trentaine d'e\u0301le\u0300ves de Bouar, a\u0300 l\u2019ouest du pays, ont be\u0301ne\u0301ficie\u0301 d'une sensibilisation conduit ...","breadcrumb":{"@id":"https:\/\/www.africa-press.net\/centrafricaine\/toutes-les-actualites\/des-eleves-de-bouar-sensibilises-sur-le-droit-et-la-justice-en-milieu-scolaire#breadcrumb"},"inLanguage":"fr-FR","potentialAction":[{"@type":"ReadAction","target":["https:\/\/www.africa-press.net\/centrafricaine\/toutes-les-actualites\/des-eleves-de-bouar-sensibilises-sur-le-droit-et-la-justice-en-milieu-scolaire"]}]},{"@type":"ImageObject","inLanguage":"fr-FR","@id":"https:\/\/www.africa-press.net\/centrafricaine\/toutes-les-actualites\/des-eleves-de-bouar-sensibilises-sur-le-droit-et-la-justice-en-milieu-scolaire#primaryimage","url":"https:\/\/static.africa-press.net\/centrafricaine\/sites\/45\/2024\/01\/sm_1704553504.288534.jpg","contentUrl":"https:\/\/static.africa-press.net\/centrafricaine\/sites\/45\/2024\/01\/sm_1704553504.288534.jpg","width":720,"height":418,"caption":"Des \u00e9l\u00e8ves de Bouar sensibilis\u00e9s sur le droit et la justice en milieu scolaire"},{"@type":"BreadcrumbList","@id":"https:\/\/www.africa-press.net\/centrafricaine\/toutes-les-actualites\/des-eleves-de-bouar-sensibilises-sur-le-droit-et-la-justice-en-milieu-scolaire#breadcrumb","itemListElement":[{"@type":"ListItem","position":1,"name":"Accueil","item":"https:\/\/www.africa-press.net\/centrafricaine\/"},{"@type":"ListItem","position":2,"name":"Des \u00e9l\u00e8ves de Bouar sensibilis\u00e9s sur le droit et la justice en milieu scolaire"}]},{"@type":"WebSite","@id":"https:\/\/www.africa-press.net\/centrafricaine\/#website","url":"https:\/\/www.africa-press.net\/centrafricaine\/","name":"centrafricaine","description":"Just another Africa News Agency Sites site","potentialAction":[{"@type":"SearchAction","target":{"@type":"EntryPoint","urlTemplate":"https:\/\/www.africa-press.net\/centrafricaine\/?s={search_term_string}"},"query-input":{"@type":"PropertyValueSpecification","valueRequired":true,"valueName":"search_term_string"}}],"inLanguage":"fr-FR"},{"@type":"Person","@id":"https:\/\/www.africa-press.net\/centrafricaine\/#\/schema\/person\/2b1cf3cd81a31e3cd26889ca66d677f1","name":"cfeditorfr"}]}},"_links":{"self":[{"href":"https:\/\/www.africa-press.net\/centrafricaine\/wp-json\/wp\/v2\/posts\/51373","targetHints":{"allow":["GET"]}}],"collection":[{"href":"https:\/\/www.africa-press.net\/centrafricaine\/wp-json\/wp\/v2\/posts"}],"about":[{"href":"https:\/\/www.africa-press.net\/centrafricaine\/wp-json\/wp\/v2\/types\/post"}],"author":[{"embeddable":true,"href":"https:\/\/www.africa-press.net\/centrafricaine\/wp-json\/wp\/v2\/users\/82"}],"replies":[{"embeddable":true,"href":"https:\/\/www.africa-press.net\/centrafricaine\/wp-json\/wp\/v2\/comments?post=51373"}],"version-history":[{"count":0,"href":"https:\/\/www.africa-press.net\/centrafricaine\/wp-json\/wp\/v2\/posts\/51373\/revisions"}],"wp:featuredmedia":[{"embeddable":true,"href":"https:\/\/www.africa-press.net\/centrafricaine\/wp-json\/wp\/v2\/media\/51372"}],"wp:attachment":[{"href":"https:\/\/www.africa-press.net\/centrafricaine\/wp-json\/wp\/v2\/media?parent=51373"}],"wp:term":[{"taxonomy":"category","embeddable":true,"href":"https:\/\/www.africa-press.net\/centrafricaine\/wp-json\/wp\/v2\/categories?post=51373"},{"taxonomy":"post_tag","embeddable":true,"href":"https:\/\/www.africa-press.net\/centrafricaine\/wp-json\/wp\/v2\/tags?post=51373"}],"curies":[{"name":"wp","href":"https:\/\/api.w.org\/{rel}","templated":true}]}}