{"id":51375,"date":"2024-01-06T18:53:04","date_gmt":"2024-01-06T18:53:04","guid":{"rendered":"https:\/\/www.africa-press.net\/centrafricaine\/politique\/remaniement-en-centrafrique-touadera-entre-prudence-et-recompenses"},"modified":"2024-01-07T14:49:48","modified_gmt":"2024-01-07T14:49:48","slug":"remaniement-en-centrafrique-touadera-entre-prudence-et-recompenses","status":"publish","type":"post","link":"https:\/\/www.africa-press.net\/centrafricaine\/dossiers\/remaniement-en-centrafrique-touadera-entre-prudence-et-recompenses","title":{"rendered":"Remaniement en Centrafrique : Touad\u00e9ra entre prudence et r\u00e9compenses"},"content":{"rendered":"<p><span style=\"color: #ff6600\"><strong>Africa-Press &#8211; CentrAfricaine. <\/strong><\/span><b>Le pre\u0301sident centrafricain a reconduit, jeudi 4 janvier, le Premier ministre Fe\u0301lix Moloua a\u0300 la te\u0302te d\u2019une e\u0301quipe ou\u0300 apparaissent toutefois de nouveaux visages. De\u0301cryptage.<\/b><\/p>\n<p>Le remaniement e\u0301tait attendu depuis plusieurs mois, en particulier apre\u0300s la modification de la Constitution valide\u0301e en aou\u0302t dernier par la Cour constitutionnelle. Mais ce n\u2019est finalement que ce 4 janvier que le pre\u0301sident Faustin-Archange Touade\u0301ra a signe\u0301 le de\u0301cret de\u0301signant les membres de son nouveau gouvernement. A\u0300 la te\u0302te de ce dernier, le Premier ministre Fe\u0301lix Moloua, plusieurs fois annonce\u0301 sur le de\u0301part, a e\u0301te\u0301 reconduit.<\/p>\n<p><b>Des grands perdants&#8230;<\/b><\/p>\n<p>Plusieurs mouvements et surprises sont a\u0300 noter. E\u0301ric Kamot est ainsi passe\u0301 du ministe\u0300re de l\u2019Agriculture a\u0300 celui des Travaux publics, e\u0301changeant son fauteuil avec Guismala Hamza. Maxime Balalou a quant a\u0300 lui e\u0301te\u0301 porte\u0301 a\u0300 la te\u0302te du ministe\u0300re de la Communication. Ce soutien de Touade\u0301ra avait, ces derniers mois, commence\u0301 a\u0300 faire de l\u2019ombre a\u0300 celui qu\u2019il remplace aujourd\u2019hui, Serge Djorie.<\/p>\n<p>Ce dernier est l\u2019un des grands perdants du remaniement du 4 janvier. \u00ab Serge Djorie, tout le monde est unanime sur ses re\u0301sultats. Il est me\u0301diocre, alors qu\u2019il a e\u0301te\u0301 a\u0300 la te\u0302te d\u2019un de\u0301partement qui devait e\u0302tre le visage du gouvernement. Il a accumule\u0301 les erreurs et savait qu\u2019il e\u0301tait sur le de\u0301part \u00bb, souffle sans concession a\u0300 Jeune Afrique un membre influent du cercle pre\u0301sidentiel.<\/p>\n<p>Autre sortant: Aristide Briand Reboas, ministre de la Jeunesse et des Sports. \u00ab Manque de re\u0301sultats \u00bb, re\u0301sume notre source. Le cas de Jennifer Saraiva, de\u0301barque\u0301e des Arts et de la Culture, est plus surprenant. De\u0301fenseure du projet de modification constitutionnelle, elle e\u0301tait sur tous les fronts lors de la campagne pour le oui au re\u0301fe\u0301rendum. Elle aurait paye\u0301 le fait d\u2019avoir e\u0301te\u0301 \u00ab trop bavarde \u00bb et d\u2019e\u0302tre entre\u0301e en conflit avec plusieurs \u00ab grosses pointures du cercle pre\u0301sidentiel \u00bb.<\/p>\n<p>Le\u0301a Koyassoum-Doumta quitte e\u0301galement le ministe\u0300re du Commerce. Elle avait ouvertement critique\u0301 le projet de modification constitutionnelle. Virginie Bai\u0308koua, ministre de l\u2019Action humanitaire, ce\u0300de aussi son fauteuil a\u0300 Josiane Lina Be\u0301maka-Soui, arrive\u0301e de la pre\u0301sidence, ou\u0300 elle officiait comme conseille\u0300re de Touade\u0301ra en la matie\u0300re. Virginie Bai\u0308koua paie sans doute sa proximite\u0301 avec Henri-Marie Dondra, ancien Premier ministre ayant re\u0301cemment fonde\u0301 son propre parti.<\/p>\n<p><b>Des gagnants&#8230;<\/b><\/p>\n<p>Les vrais gagnants sont Rodolphe He\u0301ritier Doneng et Aure\u0301lien Simplice Zingas. Doneng, a\u0300 l\u2019initiative de la pe\u0301tition et des manifestations appelant a\u0300 la modification constitutionnelle, avait cre\u0301e\u0301 sa propre bannie\u0300re, le Front re\u0301publicain, qui lui a permis de mener la lutte pour un troisie\u0300me mandat de Touade\u0301ra. S\u2019il s\u2019est fait plusieurs ennemis de poids au sein du Mouvement c\u0153urs unis (MCU) au pouvoir, il be\u0301ne\u0301ficie donc de la confiance du pre\u0301sident et a obtenu sa re\u0301compense.<\/p>\n<p>Nomme\u0301 a\u0300 la Jeunesse, il connai\u0302t tre\u0300s bien ce portefeuille, puisqu\u2019il a officie\u0301 comme directeur de cabinet d\u2019Aristide Briand Reboas, qu\u2019il remplace aujourd\u2019hui. Habile propagandiste, habitue\u0301 a\u0300 mobiliser les foules dans la rue \u2013 notamment pour protester contre la pre\u0301sence franc\u0327aise a\u0300 Bangui \u2013, Rodolphe He\u0301ritier Doneng est parfois affuble\u0301 du surnom de \u00ab Charles Ble\u0301 Goude\u0301 \u00bb, en re\u0301fe\u0301rence a\u0300 l\u2019ancien syndicaliste e\u0301tudiant ivoirien.<\/p>\n<p>Autre re\u0301compense\u0301: Aure\u0301lien Simplice Zingas. Longtemps soutien de Franc\u0327ois Bozize\u0301, il s\u2019est mis au service de Touade\u0301ra en rassemblant des e\u0301gare\u0301s de l\u2019opposition dans une plateforme ayant participe\u0301 au dialogue organise\u0301 par le pre\u0301sident en 2022. Plus tard, il a e\u0301galement mene\u0301 les man\u0153uvres qui ont conduit a\u0300 plusieurs divisions au sein des grands partis de l\u2019opposition. Des divisions qui ont profite\u0301 au MCU et qui lui valent aujourd\u2019hui son poste de ministre d\u2019E\u0301tat a\u0300 l\u2019E\u0301ducation nationale.<\/p>\n<p>Hyppolite Ngate\u0301, autre fervent de\u0301fenseur de la \u00ab 7e re\u0301publique \u00bb, est quant a\u0300 lui nomme\u0301 ministre des Petites et moyennes entreprises. Il e\u0301tait en premie\u0300re ligne a\u0300 Bangui et en provinces lors des manifestations d\u2019appel a\u0300 un troisie\u0300me mandat pour Touade\u0301ra. Depuis, il est devenu un lien entre le chef de l\u2019E\u0301tat et les comite\u0301s de soutien du MCU.<\/p>\n<p><b>Et des frustre\u0301s ?<\/b><\/p>\n<p>Ce gouvernement ne fait d\u2019ores et de\u0301ja\u0300 pas l\u2019unanimite\u0301. Au sein du parti au pouvoir, certains critiquent en effet la reconduction de Fe\u0301lix Moloua, dont le poste e\u0301tait lorgne\u0301 par d\u2019autres poids lourds de la majorite\u0301, comme E\u0301variste Ngamana, lequel reste donc vice-pre\u0301sident de l\u2019Assemble\u0301e nationale. \u00ab Moloua est celui qui a sabote\u0301 la vision du pre\u0301sident Touade\u0301ra depuis sa nomination. C\u2019est incompre\u0301hensible qu\u2019il soit reconduit \u00bb, se de\u0301sole un membre du parti au pouvoir.<\/p>\n<p>D\u2019anciens chefs rebelles sont aussi maintenus dans le gouvernement, suscitant l\u2019indignation. Hassan Bouba, ancien nume\u0301ro deux de l\u2019Unite\u0301 pour la paix en Centrafrique (UPC) d\u2019Ali Darassa, garde en effet son fauteuil, sans doute en raison de sa proximite\u0301 avec la Russie et les mercenaires du groupe Wagner. Le ministre de l\u2019E\u0301levage et de la Sante\u0301 animale fournit en effet a\u0300 ces derniers des supple\u0301tifs \u2013 surnomme\u0301s les \u00ab Wagner noirs \u00bb \u2013 issus des rangs de son ancien groupe arme\u0301.<\/p>\n<p>Gontran Djono Ahaba, aux Transports et a\u0300 l\u2019Aviation civile, ou encore Arnaud Djoubaye Abazene, au strate\u0301gique ministe\u0300re de la Justice, sont eux aussi maintenus a\u0300 leur poste dans le nouveau gouvernement de Fe\u0301lix Moloua. Les deux hommes jouent un ro\u0302le important dans le dialogue, souvent de\u0301licat, entre le pre\u0301sident Touade\u0301ra et la communaute\u0301 musulmane centrafricaine.<\/p>\n<p><strong>Pour plus d&rsquo;informations et d&rsquo;analyses sur la <a href=\"https:\/\/www.africa-press.net\/centrafricaine\">CentrAfricaine<\/a>, suivez <a href=\"https:\/\/www.africa-press.net\/\">Africa-Press<\/a><\/strong><\/p>\n","protected":false},"excerpt":{"rendered":"<p>Africa-Press &#8211; CentrAfricaine. Le pre\u0301sident centrafricain a reconduit, jeudi 4 janvier, le Premier ministre Fe\u0301lix Moloua a\u0300 la te\u0302te d\u2019une e\u0301quipe ou\u0300 apparaissent toutefois de nouveaux visages. De\u0301cryptage. Le remaniement e\u0301tait attendu depuis plusieurs mois, en particulier apre\u0300s la modification de la Constitution valide\u0301e en aou\u0302t dernier par la Cour constitutionnelle. Mais ce n\u2019est finalement [&hellip;]<\/p>\n","protected":false},"author":82,"featured_media":51374,"comment_status":"open","ping_status":"closed","sticky":false,"template":"","format":"standard","meta":{"footnotes":""},"categories":[7,84,20,10],"tags":[36,58,30],"class_list":["post-51375","post","type-post","status-publish","format-standard","has-post-thumbnail","hentry","category-dossiers","category-to-homepage","category-top-nouvelles","category-toutes-les-actualites","tag-africa-press","tag-africa-press-centrafricaine","tag-centrafricaine"],"yoast_head":"<!-- This site is optimized with the Yoast SEO Premium plugin v26.1 (Yoast SEO v27.0) - https:\/\/yoast.com\/product\/yoast-seo-premium-wordpress\/ -->\n<title>Remaniement en Centrafrique : Touad\u00e9ra entre prudence et r\u00e9compenses - centrafricaine<\/title>\n<meta name=\"description\" content=\"Le pre\u0301sident centrafricain a reconduit, jeudi 4 janvier, le Premier ministre Fe\u0301lix Moloua a\u0300 la te\u0302te d\u2019une e\u0301quipe ...\" \/>\n<meta name=\"robots\" content=\"index, follow, max-snippet:-1, max-image-preview:large, max-video-preview:-1\" \/>\n<link rel=\"canonical\" href=\"https:\/\/www.africa-press.net\/centrafricaine\/dossiers\/remaniement-en-centrafrique-touadera-entre-prudence-et-recompenses\" \/>\n<meta property=\"og:locale\" content=\"fr_FR\" \/>\n<meta property=\"og:type\" content=\"article\" \/>\n<meta property=\"og:title\" content=\"Remaniement en Centrafrique : Touad\u00e9ra entre prudence et r\u00e9compenses\" \/>\n<meta property=\"og:description\" content=\"Le pre\u0301sident centrafricain a reconduit, jeudi 4 janvier, le Premier ministre Fe\u0301lix Moloua a\u0300 la te\u0302te d\u2019une e\u0301quipe ...\" \/>\n<meta property=\"og:url\" content=\"https:\/\/www.africa-press.net\/centrafricaine\/dossiers\/remaniement-en-centrafrique-touadera-entre-prudence-et-recompenses\" \/>\n<meta property=\"og:site_name\" content=\"centrafricaine\" \/>\n<meta property=\"article:published_time\" content=\"2024-01-06T18:53:04+00:00\" \/>\n<meta property=\"article:modified_time\" content=\"2024-01-07T14:49:48+00:00\" \/>\n<meta property=\"og:image\" content=\"https:\/\/static.africa-press.net\/centrafricaine\/sites\/45\/2024\/01\/sm_1704554933.179148.jpg\" \/>\n\t<meta property=\"og:image:width\" content=\"1256\" \/>\n\t<meta property=\"og:image:height\" content=\"628\" \/>\n\t<meta property=\"og:image:type\" content=\"image\/jpeg\" \/>\n<meta name=\"author\" content=\"cfeditorfr\" \/>\n<meta name=\"twitter:card\" content=\"summary_large_image\" \/>\n<meta name=\"twitter:label1\" content=\"\u00c9crit par\" \/>\n\t<meta name=\"twitter:data1\" content=\"cfeditorfr\" \/>\n\t<meta name=\"twitter:label2\" content=\"Dur\u00e9e de lecture estim\u00e9e\" \/>\n\t<meta name=\"twitter:data2\" content=\"5 minutes\" \/>\n<script type=\"application\/ld+json\" class=\"yoast-schema-graph\">{\"@context\":\"https:\/\/schema.org\",\"@graph\":[{\"@type\":\"Article\",\"@id\":\"https:\/\/www.africa-press.net\/centrafricaine\/dossiers\/remaniement-en-centrafrique-touadera-entre-prudence-et-recompenses#article\",\"isPartOf\":{\"@id\":\"https:\/\/www.africa-press.net\/centrafricaine\/dossiers\/remaniement-en-centrafrique-touadera-entre-prudence-et-recompenses\"},\"author\":{\"name\":\"cfeditorfr\",\"@id\":\"https:\/\/www.africa-press.net\/centrafricaine\/#\/schema\/person\/2b1cf3cd81a31e3cd26889ca66d677f1\"},\"headline\":\"Remaniement en Centrafrique : Touad\u00e9ra entre prudence et r\u00e9compenses\",\"datePublished\":\"2024-01-06T18:53:04+00:00\",\"dateModified\":\"2024-01-07T14:49:48+00:00\",\"mainEntityOfPage\":{\"@id\":\"https:\/\/www.africa-press.net\/centrafricaine\/dossiers\/remaniement-en-centrafrique-touadera-entre-prudence-et-recompenses\"},\"wordCount\":1025,\"commentCount\":0,\"image\":{\"@id\":\"https:\/\/www.africa-press.net\/centrafricaine\/dossiers\/remaniement-en-centrafrique-touadera-entre-prudence-et-recompenses#primaryimage\"},\"thumbnailUrl\":\"https:\/\/static.africa-press.net\/centrafricaine\/sites\/45\/2024\/01\/sm_1704554933.179148.jpg\",\"keywords\":[\"Africa Press\",\"Africa Press-CentrAfricaine\",\"CentrAfricaine\"],\"articleSection\":[\"Dossiers\",\"to-homepage\",\"Top Nouvelles\",\"Toutes les actualit\u00e9s\"],\"inLanguage\":\"fr-FR\",\"potentialAction\":[{\"@type\":\"CommentAction\",\"name\":\"Comment\",\"target\":[\"https:\/\/www.africa-press.net\/centrafricaine\/dossiers\/remaniement-en-centrafrique-touadera-entre-prudence-et-recompenses#respond\"]}]},{\"@type\":\"WebPage\",\"@id\":\"https:\/\/www.africa-press.net\/centrafricaine\/dossiers\/remaniement-en-centrafrique-touadera-entre-prudence-et-recompenses\",\"url\":\"https:\/\/www.africa-press.net\/centrafricaine\/dossiers\/remaniement-en-centrafrique-touadera-entre-prudence-et-recompenses\",\"name\":\"Remaniement en Centrafrique : Touad\u00e9ra entre prudence et r\u00e9compenses - centrafricaine\",\"isPartOf\":{\"@id\":\"https:\/\/www.africa-press.net\/centrafricaine\/#website\"},\"primaryImageOfPage\":{\"@id\":\"https:\/\/www.africa-press.net\/centrafricaine\/dossiers\/remaniement-en-centrafrique-touadera-entre-prudence-et-recompenses#primaryimage\"},\"image\":{\"@id\":\"https:\/\/www.africa-press.net\/centrafricaine\/dossiers\/remaniement-en-centrafrique-touadera-entre-prudence-et-recompenses#primaryimage\"},\"thumbnailUrl\":\"https:\/\/static.africa-press.net\/centrafricaine\/sites\/45\/2024\/01\/sm_1704554933.179148.jpg\",\"datePublished\":\"2024-01-06T18:53:04+00:00\",\"dateModified\":\"2024-01-07T14:49:48+00:00\",\"author\":{\"@id\":\"https:\/\/www.africa-press.net\/centrafricaine\/#\/schema\/person\/2b1cf3cd81a31e3cd26889ca66d677f1\"},\"description\":\"Le pre\u0301sident centrafricain a reconduit, jeudi 4 janvier, le Premier ministre Fe\u0301lix Moloua a\u0300 la te\u0302te d\u2019une e\u0301quipe ...\",\"breadcrumb\":{\"@id\":\"https:\/\/www.africa-press.net\/centrafricaine\/dossiers\/remaniement-en-centrafrique-touadera-entre-prudence-et-recompenses#breadcrumb\"},\"inLanguage\":\"fr-FR\",\"potentialAction\":[{\"@type\":\"ReadAction\",\"target\":[\"https:\/\/www.africa-press.net\/centrafricaine\/dossiers\/remaniement-en-centrafrique-touadera-entre-prudence-et-recompenses\"]}]},{\"@type\":\"ImageObject\",\"inLanguage\":\"fr-FR\",\"@id\":\"https:\/\/www.africa-press.net\/centrafricaine\/dossiers\/remaniement-en-centrafrique-touadera-entre-prudence-et-recompenses#primaryimage\",\"url\":\"https:\/\/static.africa-press.net\/centrafricaine\/sites\/45\/2024\/01\/sm_1704554933.179148.jpg\",\"contentUrl\":\"https:\/\/static.africa-press.net\/centrafricaine\/sites\/45\/2024\/01\/sm_1704554933.179148.jpg\",\"width\":1256,\"height\":628,\"caption\":\"Remaniement en Centrafrique : Touad\u00e9ra entre prudence et r\u00e9compenses\"},{\"@type\":\"BreadcrumbList\",\"@id\":\"https:\/\/www.africa-press.net\/centrafricaine\/dossiers\/remaniement-en-centrafrique-touadera-entre-prudence-et-recompenses#breadcrumb\",\"itemListElement\":[{\"@type\":\"ListItem\",\"position\":1,\"name\":\"Accueil\",\"item\":\"https:\/\/www.africa-press.net\/centrafricaine\/\"},{\"@type\":\"ListItem\",\"position\":2,\"name\":\"Remaniement en Centrafrique : Touad\u00e9ra entre prudence et r\u00e9compenses\"}]},{\"@type\":\"WebSite\",\"@id\":\"https:\/\/www.africa-press.net\/centrafricaine\/#website\",\"url\":\"https:\/\/www.africa-press.net\/centrafricaine\/\",\"name\":\"centrafricaine\",\"description\":\"Just another Africa News Agency Sites site\",\"potentialAction\":[{\"@type\":\"SearchAction\",\"target\":{\"@type\":\"EntryPoint\",\"urlTemplate\":\"https:\/\/www.africa-press.net\/centrafricaine\/?s={search_term_string}\"},\"query-input\":{\"@type\":\"PropertyValueSpecification\",\"valueRequired\":true,\"valueName\":\"search_term_string\"}}],\"inLanguage\":\"fr-FR\"},{\"@type\":\"Person\",\"@id\":\"https:\/\/www.africa-press.net\/centrafricaine\/#\/schema\/person\/2b1cf3cd81a31e3cd26889ca66d677f1\",\"name\":\"cfeditorfr\"}]}<\/script>\n<!-- \/ Yoast SEO Premium plugin. -->","yoast_head_json":{"title":"Remaniement en Centrafrique : Touad\u00e9ra entre prudence et r\u00e9compenses - centrafricaine","description":"Le pre\u0301sident centrafricain a reconduit, jeudi 4 janvier, le Premier ministre Fe\u0301lix Moloua a\u0300 la te\u0302te d\u2019une e\u0301quipe ...","robots":{"index":"index","follow":"follow","max-snippet":"max-snippet:-1","max-image-preview":"max-image-preview:large","max-video-preview":"max-video-preview:-1"},"canonical":"https:\/\/www.africa-press.net\/centrafricaine\/dossiers\/remaniement-en-centrafrique-touadera-entre-prudence-et-recompenses","og_locale":"fr_FR","og_type":"article","og_title":"Remaniement en Centrafrique : Touad\u00e9ra entre prudence et r\u00e9compenses","og_description":"Le pre\u0301sident centrafricain a reconduit, jeudi 4 janvier, le Premier ministre Fe\u0301lix Moloua a\u0300 la te\u0302te d\u2019une e\u0301quipe ...","og_url":"https:\/\/www.africa-press.net\/centrafricaine\/dossiers\/remaniement-en-centrafrique-touadera-entre-prudence-et-recompenses","og_site_name":"centrafricaine","article_published_time":"2024-01-06T18:53:04+00:00","article_modified_time":"2024-01-07T14:49:48+00:00","og_image":[{"width":1256,"height":628,"url":"https:\/\/static.africa-press.net\/centrafricaine\/sites\/45\/2024\/01\/sm_1704554933.179148.jpg","type":"image\/jpeg"}],"author":"cfeditorfr","twitter_card":"summary_large_image","twitter_misc":{"\u00c9crit par":"cfeditorfr","Dur\u00e9e de lecture estim\u00e9e":"5 minutes"},"schema":{"@context":"https:\/\/schema.org","@graph":[{"@type":"Article","@id":"https:\/\/www.africa-press.net\/centrafricaine\/dossiers\/remaniement-en-centrafrique-touadera-entre-prudence-et-recompenses#article","isPartOf":{"@id":"https:\/\/www.africa-press.net\/centrafricaine\/dossiers\/remaniement-en-centrafrique-touadera-entre-prudence-et-recompenses"},"author":{"name":"cfeditorfr","@id":"https:\/\/www.africa-press.net\/centrafricaine\/#\/schema\/person\/2b1cf3cd81a31e3cd26889ca66d677f1"},"headline":"Remaniement en Centrafrique : Touad\u00e9ra entre prudence et r\u00e9compenses","datePublished":"2024-01-06T18:53:04+00:00","dateModified":"2024-01-07T14:49:48+00:00","mainEntityOfPage":{"@id":"https:\/\/www.africa-press.net\/centrafricaine\/dossiers\/remaniement-en-centrafrique-touadera-entre-prudence-et-recompenses"},"wordCount":1025,"commentCount":0,"image":{"@id":"https:\/\/www.africa-press.net\/centrafricaine\/dossiers\/remaniement-en-centrafrique-touadera-entre-prudence-et-recompenses#primaryimage"},"thumbnailUrl":"https:\/\/static.africa-press.net\/centrafricaine\/sites\/45\/2024\/01\/sm_1704554933.179148.jpg","keywords":["Africa Press","Africa Press-CentrAfricaine","CentrAfricaine"],"articleSection":["Dossiers","to-homepage","Top Nouvelles","Toutes les actualit\u00e9s"],"inLanguage":"fr-FR","potentialAction":[{"@type":"CommentAction","name":"Comment","target":["https:\/\/www.africa-press.net\/centrafricaine\/dossiers\/remaniement-en-centrafrique-touadera-entre-prudence-et-recompenses#respond"]}]},{"@type":"WebPage","@id":"https:\/\/www.africa-press.net\/centrafricaine\/dossiers\/remaniement-en-centrafrique-touadera-entre-prudence-et-recompenses","url":"https:\/\/www.africa-press.net\/centrafricaine\/dossiers\/remaniement-en-centrafrique-touadera-entre-prudence-et-recompenses","name":"Remaniement en Centrafrique : Touad\u00e9ra entre prudence et r\u00e9compenses - centrafricaine","isPartOf":{"@id":"https:\/\/www.africa-press.net\/centrafricaine\/#website"},"primaryImageOfPage":{"@id":"https:\/\/www.africa-press.net\/centrafricaine\/dossiers\/remaniement-en-centrafrique-touadera-entre-prudence-et-recompenses#primaryimage"},"image":{"@id":"https:\/\/www.africa-press.net\/centrafricaine\/dossiers\/remaniement-en-centrafrique-touadera-entre-prudence-et-recompenses#primaryimage"},"thumbnailUrl":"https:\/\/static.africa-press.net\/centrafricaine\/sites\/45\/2024\/01\/sm_1704554933.179148.jpg","datePublished":"2024-01-06T18:53:04+00:00","dateModified":"2024-01-07T14:49:48+00:00","author":{"@id":"https:\/\/www.africa-press.net\/centrafricaine\/#\/schema\/person\/2b1cf3cd81a31e3cd26889ca66d677f1"},"description":"Le pre\u0301sident centrafricain a reconduit, jeudi 4 janvier, le Premier ministre Fe\u0301lix Moloua a\u0300 la te\u0302te d\u2019une e\u0301quipe ...","breadcrumb":{"@id":"https:\/\/www.africa-press.net\/centrafricaine\/dossiers\/remaniement-en-centrafrique-touadera-entre-prudence-et-recompenses#breadcrumb"},"inLanguage":"fr-FR","potentialAction":[{"@type":"ReadAction","target":["https:\/\/www.africa-press.net\/centrafricaine\/dossiers\/remaniement-en-centrafrique-touadera-entre-prudence-et-recompenses"]}]},{"@type":"ImageObject","inLanguage":"fr-FR","@id":"https:\/\/www.africa-press.net\/centrafricaine\/dossiers\/remaniement-en-centrafrique-touadera-entre-prudence-et-recompenses#primaryimage","url":"https:\/\/static.africa-press.net\/centrafricaine\/sites\/45\/2024\/01\/sm_1704554933.179148.jpg","contentUrl":"https:\/\/static.africa-press.net\/centrafricaine\/sites\/45\/2024\/01\/sm_1704554933.179148.jpg","width":1256,"height":628,"caption":"Remaniement en Centrafrique : Touad\u00e9ra entre prudence et r\u00e9compenses"},{"@type":"BreadcrumbList","@id":"https:\/\/www.africa-press.net\/centrafricaine\/dossiers\/remaniement-en-centrafrique-touadera-entre-prudence-et-recompenses#breadcrumb","itemListElement":[{"@type":"ListItem","position":1,"name":"Accueil","item":"https:\/\/www.africa-press.net\/centrafricaine\/"},{"@type":"ListItem","position":2,"name":"Remaniement en Centrafrique : Touad\u00e9ra entre prudence et r\u00e9compenses"}]},{"@type":"WebSite","@id":"https:\/\/www.africa-press.net\/centrafricaine\/#website","url":"https:\/\/www.africa-press.net\/centrafricaine\/","name":"centrafricaine","description":"Just another Africa News Agency Sites site","potentialAction":[{"@type":"SearchAction","target":{"@type":"EntryPoint","urlTemplate":"https:\/\/www.africa-press.net\/centrafricaine\/?s={search_term_string}"},"query-input":{"@type":"PropertyValueSpecification","valueRequired":true,"valueName":"search_term_string"}}],"inLanguage":"fr-FR"},{"@type":"Person","@id":"https:\/\/www.africa-press.net\/centrafricaine\/#\/schema\/person\/2b1cf3cd81a31e3cd26889ca66d677f1","name":"cfeditorfr"}]}},"_links":{"self":[{"href":"https:\/\/www.africa-press.net\/centrafricaine\/wp-json\/wp\/v2\/posts\/51375","targetHints":{"allow":["GET"]}}],"collection":[{"href":"https:\/\/www.africa-press.net\/centrafricaine\/wp-json\/wp\/v2\/posts"}],"about":[{"href":"https:\/\/www.africa-press.net\/centrafricaine\/wp-json\/wp\/v2\/types\/post"}],"author":[{"embeddable":true,"href":"https:\/\/www.africa-press.net\/centrafricaine\/wp-json\/wp\/v2\/users\/82"}],"replies":[{"embeddable":true,"href":"https:\/\/www.africa-press.net\/centrafricaine\/wp-json\/wp\/v2\/comments?post=51375"}],"version-history":[{"count":0,"href":"https:\/\/www.africa-press.net\/centrafricaine\/wp-json\/wp\/v2\/posts\/51375\/revisions"}],"wp:featuredmedia":[{"embeddable":true,"href":"https:\/\/www.africa-press.net\/centrafricaine\/wp-json\/wp\/v2\/media\/51374"}],"wp:attachment":[{"href":"https:\/\/www.africa-press.net\/centrafricaine\/wp-json\/wp\/v2\/media?parent=51375"}],"wp:term":[{"taxonomy":"category","embeddable":true,"href":"https:\/\/www.africa-press.net\/centrafricaine\/wp-json\/wp\/v2\/categories?post=51375"},{"taxonomy":"post_tag","embeddable":true,"href":"https:\/\/www.africa-press.net\/centrafricaine\/wp-json\/wp\/v2\/tags?post=51375"}],"curies":[{"name":"wp","href":"https:\/\/api.w.org\/{rel}","templated":true}]}}