{"id":51397,"date":"2024-01-07T17:18:01","date_gmt":"2024-01-07T17:18:01","guid":{"rendered":"https:\/\/www.africa-press.net\/centrafricaine\/politique\/hommage-au-journaliste-georges-stanislas-ouapure-zeze"},"modified":"2024-01-08T07:21:07","modified_gmt":"2024-01-08T07:21:07","slug":"hommage-au-journaliste-georges-stanislas-ouapure-zeze","status":"publish","type":"post","link":"https:\/\/www.africa-press.net\/centrafricaine\/politique\/hommage-au-journaliste-georges-stanislas-ouapure-zeze","title":{"rendered":"Hommage au journaliste Georges Stanislas Ouapure-Zeze."},"content":{"rendered":"<p><span style=\"color: #ff6600\"><strong>Africa-Press &#8211; CentrAfricaine. <\/strong><\/span>Georges Stanislas Ouapure-Zeze, journaliste, directeur du Journal Le Tambourin, Coordonnateur du Consortium des Journalistes pour la lutte la De\u0301sinformation (CJLCD) nous a quitte\u0301 dans la nuit du 6 au 7 janvier 2024 de\u0300s suite d\u2019une malaise a\u0300 l\u2019ho\u0302pital communautaire de Bangui.<\/p>\n<p>Oubangui Me\u0301dias a appris avec tristesse cette disparition brutale alors le de\u0301funt avait encore beaucoup a\u0300 rendre au pays vu son expertise dans le domaine de la lutte contre la de\u0301sinformation en milieu communautaire.<\/p>\n<p>Triste de perdre quelqu\u2019un avec qui on re\u0301dige un projet dans le cadre des prochaines e\u0301lections locales dans le pays.<\/p>\n<p>Apre\u0300s plusieurs anne\u0301es passe\u0301es dans le milieu de la presse et pre\u0301cise\u0301ment dans le cadre de la lutte contre la de\u0301sinformation, les rumeurs et les discours de haine dans un pays ou\u0300 ces fle\u0301aux ont un impact ne\u0301gatif sur la population, perdre Georges est fatal et insupportable.<\/p>\n<p>Mais comme disent les saintes e\u0301critures dans Eccle\u0301siaste 8:8, \u00ab L\u2019homme n\u2019est pas mai\u0302tre de son souffle pour pouvoir le retenir, et il n\u2019a aucune puissance sur le jour de la mort&#8230; \u00bb, nous rendons gloire a\u0300 Dieu et disons a\u0300 Dieu Georges Stanislas Ouapure-Zeze, que ton a\u0302me repose en paix. Toutes mes condole\u0301ances a\u0300 la famille et aux professionnels des me\u0301dias.<\/p>\n<p><strong>Pour plus d&rsquo;informations et d&rsquo;analyses sur la <a href=\"https:\/\/www.africa-press.net\/centrafricaine\">CentrAfricaine<\/a>, suivez <a href=\"https:\/\/www.africa-press.net\/\">Africa-Press<\/a><\/strong><\/p>\n","protected":false},"excerpt":{"rendered":"<p>Africa-Press &#8211; CentrAfricaine. Georges Stanislas Ouapure-Zeze, journaliste, directeur du Journal Le Tambourin, Coordonnateur du Consortium des Journalistes pour la lutte la De\u0301sinformation (CJLCD) nous a quitte\u0301 dans la nuit du 6 au 7 janvier 2024 de\u0300s suite d\u2019une malaise a\u0300 l\u2019ho\u0302pital communautaire de Bangui. Oubangui Me\u0301dias a appris avec tristesse cette disparition brutale alors le [&hellip;]<\/p>\n","protected":false},"author":82,"featured_media":51396,"comment_status":"open","ping_status":"closed","sticky":false,"template":"","format":"standard","meta":{"footnotes":""},"categories":[2,10],"tags":[36,58,30],"class_list":["post-51397","post","type-post","status-publish","format-standard","has-post-thumbnail","hentry","category-politique","category-toutes-les-actualites","tag-africa-press","tag-africa-press-centrafricaine","tag-centrafricaine"],"yoast_head":"<!-- This site is optimized with the Yoast SEO Premium plugin v26.1 (Yoast SEO v27.0) - https:\/\/yoast.com\/product\/yoast-seo-premium-wordpress\/ -->\n<title>Hommage au journaliste Georges Stanislas Ouapure-Zeze. - centrafricaine<\/title>\n<meta name=\"description\" content=\"Georges Stanislas Ouapure-Zeze, journaliste, directeur du Journal Le Tambourin, Coordonnateur du Consortium des Journali ...\" \/>\n<meta name=\"robots\" content=\"index, follow, max-snippet:-1, max-image-preview:large, max-video-preview:-1\" \/>\n<link rel=\"canonical\" href=\"https:\/\/www.africa-press.net\/centrafricaine\/politique\/hommage-au-journaliste-georges-stanislas-ouapure-zeze\" \/>\n<meta property=\"og:locale\" content=\"fr_FR\" \/>\n<meta property=\"og:type\" content=\"article\" \/>\n<meta property=\"og:title\" content=\"Hommage au journaliste Georges Stanislas Ouapure-Zeze.\" \/>\n<meta property=\"og:description\" content=\"Georges Stanislas Ouapure-Zeze, journaliste, directeur du Journal Le Tambourin, Coordonnateur du Consortium des Journali ...\" \/>\n<meta property=\"og:url\" content=\"https:\/\/www.africa-press.net\/centrafricaine\/politique\/hommage-au-journaliste-georges-stanislas-ouapure-zeze\" \/>\n<meta property=\"og:site_name\" content=\"centrafricaine\" \/>\n<meta property=\"article:published_time\" content=\"2024-01-07T17:18:01+00:00\" \/>\n<meta property=\"article:modified_time\" content=\"2024-01-08T07:21:07+00:00\" \/>\n<meta property=\"og:image\" content=\"https:\/\/static.africa-press.net\/centrafricaine\/sites\/45\/2024\/01\/sm_1704637143.57934.jpg\" \/>\n\t<meta property=\"og:image:width\" content=\"720\" \/>\n\t<meta property=\"og:image:height\" content=\"541\" \/>\n\t<meta property=\"og:image:type\" content=\"image\/jpeg\" \/>\n<meta name=\"author\" content=\"cfeditorfr\" \/>\n<meta name=\"twitter:card\" content=\"summary_large_image\" \/>\n<meta name=\"twitter:label1\" content=\"\u00c9crit par\" \/>\n\t<meta name=\"twitter:data1\" content=\"cfeditorfr\" \/>\n\t<meta name=\"twitter:label2\" content=\"Dur\u00e9e de lecture estim\u00e9e\" \/>\n\t<meta name=\"twitter:data2\" content=\"2 minutes\" \/>\n<script type=\"application\/ld+json\" class=\"yoast-schema-graph\">{\"@context\":\"https:\/\/schema.org\",\"@graph\":[{\"@type\":\"Article\",\"@id\":\"https:\/\/www.africa-press.net\/centrafricaine\/politique\/hommage-au-journaliste-georges-stanislas-ouapure-zeze#article\",\"isPartOf\":{\"@id\":\"https:\/\/www.africa-press.net\/centrafricaine\/politique\/hommage-au-journaliste-georges-stanislas-ouapure-zeze\"},\"author\":{\"name\":\"cfeditorfr\",\"@id\":\"https:\/\/www.africa-press.net\/centrafricaine\/#\/schema\/person\/2b1cf3cd81a31e3cd26889ca66d677f1\"},\"headline\":\"Hommage au journaliste Georges Stanislas Ouapure-Zeze.\",\"datePublished\":\"2024-01-07T17:18:01+00:00\",\"dateModified\":\"2024-01-08T07:21:07+00:00\",\"mainEntityOfPage\":{\"@id\":\"https:\/\/www.africa-press.net\/centrafricaine\/politique\/hommage-au-journaliste-georges-stanislas-ouapure-zeze\"},\"wordCount\":247,\"commentCount\":0,\"image\":{\"@id\":\"https:\/\/www.africa-press.net\/centrafricaine\/politique\/hommage-au-journaliste-georges-stanislas-ouapure-zeze#primaryimage\"},\"thumbnailUrl\":\"https:\/\/static.africa-press.net\/centrafricaine\/sites\/45\/2024\/01\/sm_1704637143.57934.jpg\",\"keywords\":[\"Africa Press\",\"Africa Press-CentrAfricaine\",\"CentrAfricaine\"],\"articleSection\":[\"Politique\",\"Toutes les actualit\u00e9s\"],\"inLanguage\":\"fr-FR\",\"potentialAction\":[{\"@type\":\"CommentAction\",\"name\":\"Comment\",\"target\":[\"https:\/\/www.africa-press.net\/centrafricaine\/politique\/hommage-au-journaliste-georges-stanislas-ouapure-zeze#respond\"]}]},{\"@type\":\"WebPage\",\"@id\":\"https:\/\/www.africa-press.net\/centrafricaine\/politique\/hommage-au-journaliste-georges-stanislas-ouapure-zeze\",\"url\":\"https:\/\/www.africa-press.net\/centrafricaine\/politique\/hommage-au-journaliste-georges-stanislas-ouapure-zeze\",\"name\":\"Hommage au journaliste Georges Stanislas Ouapure-Zeze. - centrafricaine\",\"isPartOf\":{\"@id\":\"https:\/\/www.africa-press.net\/centrafricaine\/#website\"},\"primaryImageOfPage\":{\"@id\":\"https:\/\/www.africa-press.net\/centrafricaine\/politique\/hommage-au-journaliste-georges-stanislas-ouapure-zeze#primaryimage\"},\"image\":{\"@id\":\"https:\/\/www.africa-press.net\/centrafricaine\/politique\/hommage-au-journaliste-georges-stanislas-ouapure-zeze#primaryimage\"},\"thumbnailUrl\":\"https:\/\/static.africa-press.net\/centrafricaine\/sites\/45\/2024\/01\/sm_1704637143.57934.jpg\",\"datePublished\":\"2024-01-07T17:18:01+00:00\",\"dateModified\":\"2024-01-08T07:21:07+00:00\",\"author\":{\"@id\":\"https:\/\/www.africa-press.net\/centrafricaine\/#\/schema\/person\/2b1cf3cd81a31e3cd26889ca66d677f1\"},\"description\":\"Georges Stanislas Ouapure-Zeze, journaliste, directeur du Journal Le Tambourin, Coordonnateur du Consortium des Journali ...\",\"breadcrumb\":{\"@id\":\"https:\/\/www.africa-press.net\/centrafricaine\/politique\/hommage-au-journaliste-georges-stanislas-ouapure-zeze#breadcrumb\"},\"inLanguage\":\"fr-FR\",\"potentialAction\":[{\"@type\":\"ReadAction\",\"target\":[\"https:\/\/www.africa-press.net\/centrafricaine\/politique\/hommage-au-journaliste-georges-stanislas-ouapure-zeze\"]}]},{\"@type\":\"ImageObject\",\"inLanguage\":\"fr-FR\",\"@id\":\"https:\/\/www.africa-press.net\/centrafricaine\/politique\/hommage-au-journaliste-georges-stanislas-ouapure-zeze#primaryimage\",\"url\":\"https:\/\/static.africa-press.net\/centrafricaine\/sites\/45\/2024\/01\/sm_1704637143.57934.jpg\",\"contentUrl\":\"https:\/\/static.africa-press.net\/centrafricaine\/sites\/45\/2024\/01\/sm_1704637143.57934.jpg\",\"width\":720,\"height\":541,\"caption\":\"Hommage au journaliste Georges Stanislas Ouapure-Zeze.\"},{\"@type\":\"BreadcrumbList\",\"@id\":\"https:\/\/www.africa-press.net\/centrafricaine\/politique\/hommage-au-journaliste-georges-stanislas-ouapure-zeze#breadcrumb\",\"itemListElement\":[{\"@type\":\"ListItem\",\"position\":1,\"name\":\"Accueil\",\"item\":\"https:\/\/www.africa-press.net\/centrafricaine\/\"},{\"@type\":\"ListItem\",\"position\":2,\"name\":\"Hommage au journaliste Georges Stanislas Ouapure-Zeze.\"}]},{\"@type\":\"WebSite\",\"@id\":\"https:\/\/www.africa-press.net\/centrafricaine\/#website\",\"url\":\"https:\/\/www.africa-press.net\/centrafricaine\/\",\"name\":\"centrafricaine\",\"description\":\"Just another Africa News Agency Sites site\",\"potentialAction\":[{\"@type\":\"SearchAction\",\"target\":{\"@type\":\"EntryPoint\",\"urlTemplate\":\"https:\/\/www.africa-press.net\/centrafricaine\/?s={search_term_string}\"},\"query-input\":{\"@type\":\"PropertyValueSpecification\",\"valueRequired\":true,\"valueName\":\"search_term_string\"}}],\"inLanguage\":\"fr-FR\"},{\"@type\":\"Person\",\"@id\":\"https:\/\/www.africa-press.net\/centrafricaine\/#\/schema\/person\/2b1cf3cd81a31e3cd26889ca66d677f1\",\"name\":\"cfeditorfr\"}]}<\/script>\n<!-- \/ Yoast SEO Premium plugin. -->","yoast_head_json":{"title":"Hommage au journaliste Georges Stanislas Ouapure-Zeze. - centrafricaine","description":"Georges Stanislas Ouapure-Zeze, journaliste, directeur du Journal Le Tambourin, Coordonnateur du Consortium des Journali ...","robots":{"index":"index","follow":"follow","max-snippet":"max-snippet:-1","max-image-preview":"max-image-preview:large","max-video-preview":"max-video-preview:-1"},"canonical":"https:\/\/www.africa-press.net\/centrafricaine\/politique\/hommage-au-journaliste-georges-stanislas-ouapure-zeze","og_locale":"fr_FR","og_type":"article","og_title":"Hommage au journaliste Georges Stanislas Ouapure-Zeze.","og_description":"Georges Stanislas Ouapure-Zeze, journaliste, directeur du Journal Le Tambourin, Coordonnateur du Consortium des Journali ...","og_url":"https:\/\/www.africa-press.net\/centrafricaine\/politique\/hommage-au-journaliste-georges-stanislas-ouapure-zeze","og_site_name":"centrafricaine","article_published_time":"2024-01-07T17:18:01+00:00","article_modified_time":"2024-01-08T07:21:07+00:00","og_image":[{"width":720,"height":541,"url":"https:\/\/static.africa-press.net\/centrafricaine\/sites\/45\/2024\/01\/sm_1704637143.57934.jpg","type":"image\/jpeg"}],"author":"cfeditorfr","twitter_card":"summary_large_image","twitter_misc":{"\u00c9crit par":"cfeditorfr","Dur\u00e9e de lecture estim\u00e9e":"2 minutes"},"schema":{"@context":"https:\/\/schema.org","@graph":[{"@type":"Article","@id":"https:\/\/www.africa-press.net\/centrafricaine\/politique\/hommage-au-journaliste-georges-stanislas-ouapure-zeze#article","isPartOf":{"@id":"https:\/\/www.africa-press.net\/centrafricaine\/politique\/hommage-au-journaliste-georges-stanislas-ouapure-zeze"},"author":{"name":"cfeditorfr","@id":"https:\/\/www.africa-press.net\/centrafricaine\/#\/schema\/person\/2b1cf3cd81a31e3cd26889ca66d677f1"},"headline":"Hommage au journaliste Georges Stanislas Ouapure-Zeze.","datePublished":"2024-01-07T17:18:01+00:00","dateModified":"2024-01-08T07:21:07+00:00","mainEntityOfPage":{"@id":"https:\/\/www.africa-press.net\/centrafricaine\/politique\/hommage-au-journaliste-georges-stanislas-ouapure-zeze"},"wordCount":247,"commentCount":0,"image":{"@id":"https:\/\/www.africa-press.net\/centrafricaine\/politique\/hommage-au-journaliste-georges-stanislas-ouapure-zeze#primaryimage"},"thumbnailUrl":"https:\/\/static.africa-press.net\/centrafricaine\/sites\/45\/2024\/01\/sm_1704637143.57934.jpg","keywords":["Africa Press","Africa Press-CentrAfricaine","CentrAfricaine"],"articleSection":["Politique","Toutes les actualit\u00e9s"],"inLanguage":"fr-FR","potentialAction":[{"@type":"CommentAction","name":"Comment","target":["https:\/\/www.africa-press.net\/centrafricaine\/politique\/hommage-au-journaliste-georges-stanislas-ouapure-zeze#respond"]}]},{"@type":"WebPage","@id":"https:\/\/www.africa-press.net\/centrafricaine\/politique\/hommage-au-journaliste-georges-stanislas-ouapure-zeze","url":"https:\/\/www.africa-press.net\/centrafricaine\/politique\/hommage-au-journaliste-georges-stanislas-ouapure-zeze","name":"Hommage au journaliste Georges Stanislas Ouapure-Zeze. - centrafricaine","isPartOf":{"@id":"https:\/\/www.africa-press.net\/centrafricaine\/#website"},"primaryImageOfPage":{"@id":"https:\/\/www.africa-press.net\/centrafricaine\/politique\/hommage-au-journaliste-georges-stanislas-ouapure-zeze#primaryimage"},"image":{"@id":"https:\/\/www.africa-press.net\/centrafricaine\/politique\/hommage-au-journaliste-georges-stanislas-ouapure-zeze#primaryimage"},"thumbnailUrl":"https:\/\/static.africa-press.net\/centrafricaine\/sites\/45\/2024\/01\/sm_1704637143.57934.jpg","datePublished":"2024-01-07T17:18:01+00:00","dateModified":"2024-01-08T07:21:07+00:00","author":{"@id":"https:\/\/www.africa-press.net\/centrafricaine\/#\/schema\/person\/2b1cf3cd81a31e3cd26889ca66d677f1"},"description":"Georges Stanislas Ouapure-Zeze, journaliste, directeur du Journal Le Tambourin, Coordonnateur du Consortium des Journali ...","breadcrumb":{"@id":"https:\/\/www.africa-press.net\/centrafricaine\/politique\/hommage-au-journaliste-georges-stanislas-ouapure-zeze#breadcrumb"},"inLanguage":"fr-FR","potentialAction":[{"@type":"ReadAction","target":["https:\/\/www.africa-press.net\/centrafricaine\/politique\/hommage-au-journaliste-georges-stanislas-ouapure-zeze"]}]},{"@type":"ImageObject","inLanguage":"fr-FR","@id":"https:\/\/www.africa-press.net\/centrafricaine\/politique\/hommage-au-journaliste-georges-stanislas-ouapure-zeze#primaryimage","url":"https:\/\/static.africa-press.net\/centrafricaine\/sites\/45\/2024\/01\/sm_1704637143.57934.jpg","contentUrl":"https:\/\/static.africa-press.net\/centrafricaine\/sites\/45\/2024\/01\/sm_1704637143.57934.jpg","width":720,"height":541,"caption":"Hommage au journaliste Georges Stanislas Ouapure-Zeze."},{"@type":"BreadcrumbList","@id":"https:\/\/www.africa-press.net\/centrafricaine\/politique\/hommage-au-journaliste-georges-stanislas-ouapure-zeze#breadcrumb","itemListElement":[{"@type":"ListItem","position":1,"name":"Accueil","item":"https:\/\/www.africa-press.net\/centrafricaine\/"},{"@type":"ListItem","position":2,"name":"Hommage au journaliste Georges Stanislas Ouapure-Zeze."}]},{"@type":"WebSite","@id":"https:\/\/www.africa-press.net\/centrafricaine\/#website","url":"https:\/\/www.africa-press.net\/centrafricaine\/","name":"centrafricaine","description":"Just another Africa News Agency Sites site","potentialAction":[{"@type":"SearchAction","target":{"@type":"EntryPoint","urlTemplate":"https:\/\/www.africa-press.net\/centrafricaine\/?s={search_term_string}"},"query-input":{"@type":"PropertyValueSpecification","valueRequired":true,"valueName":"search_term_string"}}],"inLanguage":"fr-FR"},{"@type":"Person","@id":"https:\/\/www.africa-press.net\/centrafricaine\/#\/schema\/person\/2b1cf3cd81a31e3cd26889ca66d677f1","name":"cfeditorfr"}]}},"_links":{"self":[{"href":"https:\/\/www.africa-press.net\/centrafricaine\/wp-json\/wp\/v2\/posts\/51397","targetHints":{"allow":["GET"]}}],"collection":[{"href":"https:\/\/www.africa-press.net\/centrafricaine\/wp-json\/wp\/v2\/posts"}],"about":[{"href":"https:\/\/www.africa-press.net\/centrafricaine\/wp-json\/wp\/v2\/types\/post"}],"author":[{"embeddable":true,"href":"https:\/\/www.africa-press.net\/centrafricaine\/wp-json\/wp\/v2\/users\/82"}],"replies":[{"embeddable":true,"href":"https:\/\/www.africa-press.net\/centrafricaine\/wp-json\/wp\/v2\/comments?post=51397"}],"version-history":[{"count":0,"href":"https:\/\/www.africa-press.net\/centrafricaine\/wp-json\/wp\/v2\/posts\/51397\/revisions"}],"wp:featuredmedia":[{"embeddable":true,"href":"https:\/\/www.africa-press.net\/centrafricaine\/wp-json\/wp\/v2\/media\/51396"}],"wp:attachment":[{"href":"https:\/\/www.africa-press.net\/centrafricaine\/wp-json\/wp\/v2\/media?parent=51397"}],"wp:term":[{"taxonomy":"category","embeddable":true,"href":"https:\/\/www.africa-press.net\/centrafricaine\/wp-json\/wp\/v2\/categories?post=51397"},{"taxonomy":"post_tag","embeddable":true,"href":"https:\/\/www.africa-press.net\/centrafricaine\/wp-json\/wp\/v2\/tags?post=51397"}],"curies":[{"name":"wp","href":"https:\/\/api.w.org\/{rel}","templated":true}]}}