{"id":51424,"date":"2024-01-08T16:07:57","date_gmt":"2024-01-08T16:07:57","guid":{"rendered":"https:\/\/www.africa-press.net\/centrafricaine\/politique\/remaniement-ministeriel-en-centrafrique-on-prend-les-memes-et-on-recommence"},"modified":"2024-01-08T16:50:07","modified_gmt":"2024-01-08T16:50:07","slug":"remaniement-ministeriel-en-centrafrique-on-prend-les-memes-et-on-recommence","status":"publish","type":"post","link":"https:\/\/www.africa-press.net\/centrafricaine\/politique\/remaniement-ministeriel-en-centrafrique-on-prend-les-memes-et-on-recommence","title":{"rendered":"Remaniement minist\u00e9riel en Centrafrique: \u00abOn prend les m\u00eames et on recommence\u00bb"},"content":{"rendered":"<p><span style=\"color: #ff6600\"><strong>Africa-Press &#8211; CentrAfricaine. <\/strong><\/span>La socie\u0301te\u0301 civile e\u0301tait dans l\u2019attente et espe\u0301rait un re\u0301el renouvellement du gouvernement, suite a\u0300 l&rsquo;entre\u0301e en vigueur de la nouvelle Constitution, fin aou\u0302t.<\/p>\n<p>Joint par RFI, l&rsquo;universitaire Paul-Crescent Beninga, porte-parole du Groupe de travail de la socie\u0301te\u0301 civile sur la crise centrafricaine (GTSC), estime qu\u2019il s&rsquo;agit d&rsquo;un non-e\u0301ve\u0301nement.<\/p>\n<p>\u00ab On prend les me\u0302mes et on recommence, dit-il, en espe\u0301rant avoir un effet positif, ce qui, de mon point de vue, n&rsquo;est pas le cas. C&rsquo;est vrai que dans le cas d&rsquo;espe\u0300ce, l&rsquo;opinion nationale s&rsquo;attendait a\u0300 un ve\u0301ritable remaniement, a\u0300 une mise en place d&rsquo;un nouveau gouvernement et ce, d&rsquo;autant plus que nous sommes sortis d&rsquo;un re\u0301fe\u0301rendum querelle\u0301, il faut le rappeler, c&rsquo;est important. Mais ce qui a e\u0301te\u0301 fait, de mon point de vue, ne donne pas l&rsquo;impression qu\u2019il y a une ve\u0301ritable volonte\u0301 d&rsquo;aller vers le changement. Toujours est-il que le remaniement est la\u0300, dix personnes sont sorties et dix nouveaux visages sont entre\u0301s dans le gouvernement. Alors, je n\u2019ai pas une grande attente de ce gouvernement. Parmi ceux qui sont reste\u0301s, il faut le dire, nombreux sont ceux qui ont brille\u0301 par leur inefficacite\u0301, quand me\u0302me. \u00bb<\/p>\n<p><strong>Pour plus d&rsquo;informations et d&rsquo;analyses sur la <a href=\"https:\/\/www.africa-press.net\/centrafricaine\">CentrAfricaine<\/a>, suivez <a href=\"https:\/\/www.africa-press.net\/\">Africa-Press<\/a><\/strong><\/p>\n","protected":false},"excerpt":{"rendered":"<p>Africa-Press &#8211; CentrAfricaine. La socie\u0301te\u0301 civile e\u0301tait dans l\u2019attente et espe\u0301rait un re\u0301el renouvellement du gouvernement, suite a\u0300 l&rsquo;entre\u0301e en vigueur de la nouvelle Constitution, fin aou\u0302t. Joint par RFI, l&rsquo;universitaire Paul-Crescent Beninga, porte-parole du Groupe de travail de la socie\u0301te\u0301 civile sur la crise centrafricaine (GTSC), estime qu\u2019il s&rsquo;agit d&rsquo;un non-e\u0301ve\u0301nement. \u00ab On prend [&hellip;]<\/p>\n","protected":false},"author":82,"featured_media":51423,"comment_status":"open","ping_status":"closed","sticky":false,"template":"","format":"standard","meta":{"footnotes":""},"categories":[2,20,10],"tags":[36,58,30],"class_list":["post-51424","post","type-post","status-publish","format-standard","has-post-thumbnail","hentry","category-politique","category-top-nouvelles","category-toutes-les-actualites","tag-africa-press","tag-africa-press-centrafricaine","tag-centrafricaine"],"yoast_head":"<!-- This site is optimized with the Yoast SEO Premium plugin v26.1 (Yoast SEO v27.0) - https:\/\/yoast.com\/product\/yoast-seo-premium-wordpress\/ -->\n<title>Remaniement minist\u00e9riel en Centrafrique: \u00abOn prend les m\u00eames et on recommence\u00bb - centrafricaine<\/title>\n<meta name=\"description\" content=\"La socie\u0301te\u0301 civile e\u0301tait dans l\u2019attente et espe\u0301rait un re\u0301el renouvellement du gouvernement, suite a\u0300 l&#039;entre\u0301e en vi ...\" \/>\n<meta name=\"robots\" content=\"index, follow, max-snippet:-1, max-image-preview:large, max-video-preview:-1\" \/>\n<link rel=\"canonical\" href=\"https:\/\/www.africa-press.net\/centrafricaine\/politique\/remaniement-ministeriel-en-centrafrique-on-prend-les-memes-et-on-recommence\" \/>\n<meta property=\"og:locale\" content=\"fr_FR\" \/>\n<meta property=\"og:type\" content=\"article\" \/>\n<meta property=\"og:title\" content=\"Remaniement minist\u00e9riel en Centrafrique: \u00abOn prend les m\u00eames et on recommence\u00bb\" \/>\n<meta property=\"og:description\" content=\"La socie\u0301te\u0301 civile e\u0301tait dans l\u2019attente et espe\u0301rait un re\u0301el renouvellement du gouvernement, suite a\u0300 l&#039;entre\u0301e en vi ...\" \/>\n<meta property=\"og:url\" content=\"https:\/\/www.africa-press.net\/centrafricaine\/politique\/remaniement-ministeriel-en-centrafrique-on-prend-les-memes-et-on-recommence\" \/>\n<meta property=\"og:site_name\" content=\"centrafricaine\" \/>\n<meta property=\"article:published_time\" content=\"2024-01-08T16:07:57+00:00\" \/>\n<meta property=\"article:modified_time\" content=\"2024-01-08T16:50:07+00:00\" \/>\n<meta property=\"og:image\" content=\"https:\/\/static.africa-press.net\/centrafricaine\/sites\/45\/2024\/01\/sm_1704719643.881431.jpg\" \/>\n\t<meta property=\"og:image:width\" content=\"720\" \/>\n\t<meta property=\"og:image:height\" content=\"399\" \/>\n\t<meta property=\"og:image:type\" content=\"image\/jpeg\" \/>\n<meta name=\"author\" content=\"cfeditorfr\" \/>\n<meta name=\"twitter:card\" content=\"summary_large_image\" \/>\n<meta name=\"twitter:label1\" content=\"\u00c9crit par\" \/>\n\t<meta name=\"twitter:data1\" content=\"cfeditorfr\" \/>\n\t<meta name=\"twitter:label2\" content=\"Dur\u00e9e de lecture estim\u00e9e\" \/>\n\t<meta name=\"twitter:data2\" content=\"2 minutes\" \/>\n<script type=\"application\/ld+json\" class=\"yoast-schema-graph\">{\"@context\":\"https:\/\/schema.org\",\"@graph\":[{\"@type\":\"Article\",\"@id\":\"https:\/\/www.africa-press.net\/centrafricaine\/politique\/remaniement-ministeriel-en-centrafrique-on-prend-les-memes-et-on-recommence#article\",\"isPartOf\":{\"@id\":\"https:\/\/www.africa-press.net\/centrafricaine\/politique\/remaniement-ministeriel-en-centrafrique-on-prend-les-memes-et-on-recommence\"},\"author\":{\"name\":\"cfeditorfr\",\"@id\":\"https:\/\/www.africa-press.net\/centrafricaine\/#\/schema\/person\/2b1cf3cd81a31e3cd26889ca66d677f1\"},\"headline\":\"Remaniement minist\u00e9riel en Centrafrique: \u00abOn prend les m\u00eames et on recommence\u00bb\",\"datePublished\":\"2024-01-08T16:07:57+00:00\",\"dateModified\":\"2024-01-08T16:50:07+00:00\",\"mainEntityOfPage\":{\"@id\":\"https:\/\/www.africa-press.net\/centrafricaine\/politique\/remaniement-ministeriel-en-centrafrique-on-prend-les-memes-et-on-recommence\"},\"wordCount\":255,\"commentCount\":0,\"image\":{\"@id\":\"https:\/\/www.africa-press.net\/centrafricaine\/politique\/remaniement-ministeriel-en-centrafrique-on-prend-les-memes-et-on-recommence#primaryimage\"},\"thumbnailUrl\":\"https:\/\/static.africa-press.net\/centrafricaine\/sites\/45\/2024\/01\/sm_1704719643.881431.jpg\",\"keywords\":[\"Africa Press\",\"Africa Press-CentrAfricaine\",\"CentrAfricaine\"],\"articleSection\":[\"Politique\",\"Top Nouvelles\",\"Toutes les actualit\u00e9s\"],\"inLanguage\":\"fr-FR\",\"potentialAction\":[{\"@type\":\"CommentAction\",\"name\":\"Comment\",\"target\":[\"https:\/\/www.africa-press.net\/centrafricaine\/politique\/remaniement-ministeriel-en-centrafrique-on-prend-les-memes-et-on-recommence#respond\"]}]},{\"@type\":\"WebPage\",\"@id\":\"https:\/\/www.africa-press.net\/centrafricaine\/politique\/remaniement-ministeriel-en-centrafrique-on-prend-les-memes-et-on-recommence\",\"url\":\"https:\/\/www.africa-press.net\/centrafricaine\/politique\/remaniement-ministeriel-en-centrafrique-on-prend-les-memes-et-on-recommence\",\"name\":\"Remaniement minist\u00e9riel en Centrafrique: \u00abOn prend les m\u00eames et on recommence\u00bb - centrafricaine\",\"isPartOf\":{\"@id\":\"https:\/\/www.africa-press.net\/centrafricaine\/#website\"},\"primaryImageOfPage\":{\"@id\":\"https:\/\/www.africa-press.net\/centrafricaine\/politique\/remaniement-ministeriel-en-centrafrique-on-prend-les-memes-et-on-recommence#primaryimage\"},\"image\":{\"@id\":\"https:\/\/www.africa-press.net\/centrafricaine\/politique\/remaniement-ministeriel-en-centrafrique-on-prend-les-memes-et-on-recommence#primaryimage\"},\"thumbnailUrl\":\"https:\/\/static.africa-press.net\/centrafricaine\/sites\/45\/2024\/01\/sm_1704719643.881431.jpg\",\"datePublished\":\"2024-01-08T16:07:57+00:00\",\"dateModified\":\"2024-01-08T16:50:07+00:00\",\"author\":{\"@id\":\"https:\/\/www.africa-press.net\/centrafricaine\/#\/schema\/person\/2b1cf3cd81a31e3cd26889ca66d677f1\"},\"description\":\"La socie\u0301te\u0301 civile e\u0301tait dans l\u2019attente et espe\u0301rait un re\u0301el renouvellement du gouvernement, suite a\u0300 l'entre\u0301e en vi ...\",\"breadcrumb\":{\"@id\":\"https:\/\/www.africa-press.net\/centrafricaine\/politique\/remaniement-ministeriel-en-centrafrique-on-prend-les-memes-et-on-recommence#breadcrumb\"},\"inLanguage\":\"fr-FR\",\"potentialAction\":[{\"@type\":\"ReadAction\",\"target\":[\"https:\/\/www.africa-press.net\/centrafricaine\/politique\/remaniement-ministeriel-en-centrafrique-on-prend-les-memes-et-on-recommence\"]}]},{\"@type\":\"ImageObject\",\"inLanguage\":\"fr-FR\",\"@id\":\"https:\/\/www.africa-press.net\/centrafricaine\/politique\/remaniement-ministeriel-en-centrafrique-on-prend-les-memes-et-on-recommence#primaryimage\",\"url\":\"https:\/\/static.africa-press.net\/centrafricaine\/sites\/45\/2024\/01\/sm_1704719643.881431.jpg\",\"contentUrl\":\"https:\/\/static.africa-press.net\/centrafricaine\/sites\/45\/2024\/01\/sm_1704719643.881431.jpg\",\"width\":720,\"height\":399,\"caption\":\"Remaniement minist\u00e9riel en Centrafrique: \u00abOn prend les m\u00eames et on recommence\u00bb\"},{\"@type\":\"BreadcrumbList\",\"@id\":\"https:\/\/www.africa-press.net\/centrafricaine\/politique\/remaniement-ministeriel-en-centrafrique-on-prend-les-memes-et-on-recommence#breadcrumb\",\"itemListElement\":[{\"@type\":\"ListItem\",\"position\":1,\"name\":\"Accueil\",\"item\":\"https:\/\/www.africa-press.net\/centrafricaine\/\"},{\"@type\":\"ListItem\",\"position\":2,\"name\":\"Remaniement minist\u00e9riel en Centrafrique: \u00abOn prend les m\u00eames et on recommence\u00bb\"}]},{\"@type\":\"WebSite\",\"@id\":\"https:\/\/www.africa-press.net\/centrafricaine\/#website\",\"url\":\"https:\/\/www.africa-press.net\/centrafricaine\/\",\"name\":\"centrafricaine\",\"description\":\"Just another Africa News Agency Sites site\",\"potentialAction\":[{\"@type\":\"SearchAction\",\"target\":{\"@type\":\"EntryPoint\",\"urlTemplate\":\"https:\/\/www.africa-press.net\/centrafricaine\/?s={search_term_string}\"},\"query-input\":{\"@type\":\"PropertyValueSpecification\",\"valueRequired\":true,\"valueName\":\"search_term_string\"}}],\"inLanguage\":\"fr-FR\"},{\"@type\":\"Person\",\"@id\":\"https:\/\/www.africa-press.net\/centrafricaine\/#\/schema\/person\/2b1cf3cd81a31e3cd26889ca66d677f1\",\"name\":\"cfeditorfr\"}]}<\/script>\n<!-- \/ Yoast SEO Premium plugin. -->","yoast_head_json":{"title":"Remaniement minist\u00e9riel en Centrafrique: \u00abOn prend les m\u00eames et on recommence\u00bb - centrafricaine","description":"La socie\u0301te\u0301 civile e\u0301tait dans l\u2019attente et espe\u0301rait un re\u0301el renouvellement du gouvernement, suite a\u0300 l'entre\u0301e en vi ...","robots":{"index":"index","follow":"follow","max-snippet":"max-snippet:-1","max-image-preview":"max-image-preview:large","max-video-preview":"max-video-preview:-1"},"canonical":"https:\/\/www.africa-press.net\/centrafricaine\/politique\/remaniement-ministeriel-en-centrafrique-on-prend-les-memes-et-on-recommence","og_locale":"fr_FR","og_type":"article","og_title":"Remaniement minist\u00e9riel en Centrafrique: \u00abOn prend les m\u00eames et on recommence\u00bb","og_description":"La socie\u0301te\u0301 civile e\u0301tait dans l\u2019attente et espe\u0301rait un re\u0301el renouvellement du gouvernement, suite a\u0300 l'entre\u0301e en vi ...","og_url":"https:\/\/www.africa-press.net\/centrafricaine\/politique\/remaniement-ministeriel-en-centrafrique-on-prend-les-memes-et-on-recommence","og_site_name":"centrafricaine","article_published_time":"2024-01-08T16:07:57+00:00","article_modified_time":"2024-01-08T16:50:07+00:00","og_image":[{"width":720,"height":399,"url":"https:\/\/static.africa-press.net\/centrafricaine\/sites\/45\/2024\/01\/sm_1704719643.881431.jpg","type":"image\/jpeg"}],"author":"cfeditorfr","twitter_card":"summary_large_image","twitter_misc":{"\u00c9crit par":"cfeditorfr","Dur\u00e9e de lecture estim\u00e9e":"2 minutes"},"schema":{"@context":"https:\/\/schema.org","@graph":[{"@type":"Article","@id":"https:\/\/www.africa-press.net\/centrafricaine\/politique\/remaniement-ministeriel-en-centrafrique-on-prend-les-memes-et-on-recommence#article","isPartOf":{"@id":"https:\/\/www.africa-press.net\/centrafricaine\/politique\/remaniement-ministeriel-en-centrafrique-on-prend-les-memes-et-on-recommence"},"author":{"name":"cfeditorfr","@id":"https:\/\/www.africa-press.net\/centrafricaine\/#\/schema\/person\/2b1cf3cd81a31e3cd26889ca66d677f1"},"headline":"Remaniement minist\u00e9riel en Centrafrique: \u00abOn prend les m\u00eames et on recommence\u00bb","datePublished":"2024-01-08T16:07:57+00:00","dateModified":"2024-01-08T16:50:07+00:00","mainEntityOfPage":{"@id":"https:\/\/www.africa-press.net\/centrafricaine\/politique\/remaniement-ministeriel-en-centrafrique-on-prend-les-memes-et-on-recommence"},"wordCount":255,"commentCount":0,"image":{"@id":"https:\/\/www.africa-press.net\/centrafricaine\/politique\/remaniement-ministeriel-en-centrafrique-on-prend-les-memes-et-on-recommence#primaryimage"},"thumbnailUrl":"https:\/\/static.africa-press.net\/centrafricaine\/sites\/45\/2024\/01\/sm_1704719643.881431.jpg","keywords":["Africa Press","Africa Press-CentrAfricaine","CentrAfricaine"],"articleSection":["Politique","Top Nouvelles","Toutes les actualit\u00e9s"],"inLanguage":"fr-FR","potentialAction":[{"@type":"CommentAction","name":"Comment","target":["https:\/\/www.africa-press.net\/centrafricaine\/politique\/remaniement-ministeriel-en-centrafrique-on-prend-les-memes-et-on-recommence#respond"]}]},{"@type":"WebPage","@id":"https:\/\/www.africa-press.net\/centrafricaine\/politique\/remaniement-ministeriel-en-centrafrique-on-prend-les-memes-et-on-recommence","url":"https:\/\/www.africa-press.net\/centrafricaine\/politique\/remaniement-ministeriel-en-centrafrique-on-prend-les-memes-et-on-recommence","name":"Remaniement minist\u00e9riel en Centrafrique: \u00abOn prend les m\u00eames et on recommence\u00bb - centrafricaine","isPartOf":{"@id":"https:\/\/www.africa-press.net\/centrafricaine\/#website"},"primaryImageOfPage":{"@id":"https:\/\/www.africa-press.net\/centrafricaine\/politique\/remaniement-ministeriel-en-centrafrique-on-prend-les-memes-et-on-recommence#primaryimage"},"image":{"@id":"https:\/\/www.africa-press.net\/centrafricaine\/politique\/remaniement-ministeriel-en-centrafrique-on-prend-les-memes-et-on-recommence#primaryimage"},"thumbnailUrl":"https:\/\/static.africa-press.net\/centrafricaine\/sites\/45\/2024\/01\/sm_1704719643.881431.jpg","datePublished":"2024-01-08T16:07:57+00:00","dateModified":"2024-01-08T16:50:07+00:00","author":{"@id":"https:\/\/www.africa-press.net\/centrafricaine\/#\/schema\/person\/2b1cf3cd81a31e3cd26889ca66d677f1"},"description":"La socie\u0301te\u0301 civile e\u0301tait dans l\u2019attente et espe\u0301rait un re\u0301el renouvellement du gouvernement, suite a\u0300 l'entre\u0301e en vi ...","breadcrumb":{"@id":"https:\/\/www.africa-press.net\/centrafricaine\/politique\/remaniement-ministeriel-en-centrafrique-on-prend-les-memes-et-on-recommence#breadcrumb"},"inLanguage":"fr-FR","potentialAction":[{"@type":"ReadAction","target":["https:\/\/www.africa-press.net\/centrafricaine\/politique\/remaniement-ministeriel-en-centrafrique-on-prend-les-memes-et-on-recommence"]}]},{"@type":"ImageObject","inLanguage":"fr-FR","@id":"https:\/\/www.africa-press.net\/centrafricaine\/politique\/remaniement-ministeriel-en-centrafrique-on-prend-les-memes-et-on-recommence#primaryimage","url":"https:\/\/static.africa-press.net\/centrafricaine\/sites\/45\/2024\/01\/sm_1704719643.881431.jpg","contentUrl":"https:\/\/static.africa-press.net\/centrafricaine\/sites\/45\/2024\/01\/sm_1704719643.881431.jpg","width":720,"height":399,"caption":"Remaniement minist\u00e9riel en Centrafrique: \u00abOn prend les m\u00eames et on recommence\u00bb"},{"@type":"BreadcrumbList","@id":"https:\/\/www.africa-press.net\/centrafricaine\/politique\/remaniement-ministeriel-en-centrafrique-on-prend-les-memes-et-on-recommence#breadcrumb","itemListElement":[{"@type":"ListItem","position":1,"name":"Accueil","item":"https:\/\/www.africa-press.net\/centrafricaine\/"},{"@type":"ListItem","position":2,"name":"Remaniement minist\u00e9riel en Centrafrique: \u00abOn prend les m\u00eames et on recommence\u00bb"}]},{"@type":"WebSite","@id":"https:\/\/www.africa-press.net\/centrafricaine\/#website","url":"https:\/\/www.africa-press.net\/centrafricaine\/","name":"centrafricaine","description":"Just another Africa News Agency Sites site","potentialAction":[{"@type":"SearchAction","target":{"@type":"EntryPoint","urlTemplate":"https:\/\/www.africa-press.net\/centrafricaine\/?s={search_term_string}"},"query-input":{"@type":"PropertyValueSpecification","valueRequired":true,"valueName":"search_term_string"}}],"inLanguage":"fr-FR"},{"@type":"Person","@id":"https:\/\/www.africa-press.net\/centrafricaine\/#\/schema\/person\/2b1cf3cd81a31e3cd26889ca66d677f1","name":"cfeditorfr"}]}},"_links":{"self":[{"href":"https:\/\/www.africa-press.net\/centrafricaine\/wp-json\/wp\/v2\/posts\/51424","targetHints":{"allow":["GET"]}}],"collection":[{"href":"https:\/\/www.africa-press.net\/centrafricaine\/wp-json\/wp\/v2\/posts"}],"about":[{"href":"https:\/\/www.africa-press.net\/centrafricaine\/wp-json\/wp\/v2\/types\/post"}],"author":[{"embeddable":true,"href":"https:\/\/www.africa-press.net\/centrafricaine\/wp-json\/wp\/v2\/users\/82"}],"replies":[{"embeddable":true,"href":"https:\/\/www.africa-press.net\/centrafricaine\/wp-json\/wp\/v2\/comments?post=51424"}],"version-history":[{"count":0,"href":"https:\/\/www.africa-press.net\/centrafricaine\/wp-json\/wp\/v2\/posts\/51424\/revisions"}],"wp:featuredmedia":[{"embeddable":true,"href":"https:\/\/www.africa-press.net\/centrafricaine\/wp-json\/wp\/v2\/media\/51423"}],"wp:attachment":[{"href":"https:\/\/www.africa-press.net\/centrafricaine\/wp-json\/wp\/v2\/media?parent=51424"}],"wp:term":[{"taxonomy":"category","embeddable":true,"href":"https:\/\/www.africa-press.net\/centrafricaine\/wp-json\/wp\/v2\/categories?post=51424"},{"taxonomy":"post_tag","embeddable":true,"href":"https:\/\/www.africa-press.net\/centrafricaine\/wp-json\/wp\/v2\/tags?post=51424"}],"curies":[{"name":"wp","href":"https:\/\/api.w.org\/{rel}","templated":true}]}}