{"id":51427,"date":"2024-01-08T16:08:49","date_gmt":"2024-01-08T16:08:49","guid":{"rendered":"https:\/\/www.africa-press.net\/centrafricaine\/politique\/au-dela-de-letat-de-droit-la-republique-centrafricaine-et-lombre-de-faustin-archange-touadera"},"modified":"2024-01-08T16:50:39","modified_gmt":"2024-01-08T16:50:39","slug":"au-dela-de-letat-de-droit-la-republique-centrafricaine-et-lombre-de-faustin-archange-touadera","status":"publish","type":"post","link":"https:\/\/www.africa-press.net\/centrafricaine\/politique\/au-dela-de-letat-de-droit-la-republique-centrafricaine-et-lombre-de-faustin-archange-touadera","title":{"rendered":"Au-del\u00e0 de l\u2019\u00c9tat de droit : la R\u00e9publique centrafricaine et l\u2019ombre de Faustin-Archange Touad\u00e9ra"},"content":{"rendered":"<p><span style=\"color: #ff6600\"><strong>Africa-Press &#8211; CentrAfricaine. <\/strong><\/span>Dans le the\u0301a\u0302tre politique de la Re\u0301publique centrafricaine, un acte de re\u0301pression se joue sous les yeux d\u2019une communaute\u0301 internationale partiellement aveugle\u0301e par des promesses de de\u0301mocratie. A\u0300 l\u2019affiche, Faustin-Archange Touade\u0301ra, non pas tant en tant que pre\u0301sident, mais pluto\u0302t en tant que metteur en sce\u0300ne d\u2019une trage\u0301die ou\u0300 l\u2019opposition est re\u0301duite au silence.<\/p>\n<p>Le cas de Dominique E\u0301phrem Yandocka, par sa vingtie\u0300me journe\u0301e en de\u0301tention arbitraire, devient le symbole non seulement de la lutte pour la liberte\u0301, mais aussi de la re\u0301silience face a\u0300 la terreur e\u0301tatique. Comment peut-on parler de de\u0301mocratie quand les voix dissidentes sont e\u0301touffe\u0301es par l\u2019e\u0301tau de la peur ?<\/p>\n<p>Cet e\u0301ditorial du CNC, loin de se draper dans l\u2019innocence d\u2019une critique sans fondement, cherche a\u0300 mettre en lumie\u0300re les fissures d\u2019un re\u0301gime qui se pare de la de\u0301mocratie comme d\u2019un costume trop grand pour lui. Les rapports d\u2019organisations telles que Human Rights Watch ne sont que la partie e\u0301merge\u0301e de l\u2019iceberg d\u2019une se\u0301rie de pratiques qui e\u0301rodent les fondements me\u0302mes d\u2019un E\u0301tat de droit.<\/p>\n<p>La Re\u0301publique centrafricaine, riche de son potentiel et de son peuple, me\u0301rite mieux que le cycle actuel de re\u0301pression. Il est impe\u0301ratif de questionner, de critiquer et surtout, de ne pas de\u0301tourner le regard. La liberte\u0301 de Dominique E\u0301phrem Yandocka n\u2019est pas qu\u2019une cause individuelle, c\u2019est le reflet d\u2019une que\u0302te collective pour la justice et la transparence.<\/p>\n<p>Si l\u2019histoire est e\u0301crite par les vainqueurs, la re\u0301alite\u0301 est ve\u0301cue par tous. Le re\u0301gime de Touade\u0301ra doit e\u0302tre confronte\u0301 non seulement par la plume critique, mais aussi par une pression soutenue pour un changement tangible. Car en fin de compte, c\u2019est l\u2019avenir de la RCA qui est en jeu, un avenir qui devrait e\u0302tre e\u0301crit en lettres de liberte\u0301, pas avec les chai\u0302nes de la peur.<\/p>\n<p><strong>Pour plus d&rsquo;informations et d&rsquo;analyses sur la <a href=\"https:\/\/www.africa-press.net\/centrafricaine\">CentrAfricaine<\/a>, suivez <a href=\"https:\/\/www.africa-press.net\/\">Africa-Press<\/a><\/strong><\/p>\n","protected":false},"excerpt":{"rendered":"<p>Africa-Press &#8211; CentrAfricaine. Dans le the\u0301a\u0302tre politique de la Re\u0301publique centrafricaine, un acte de re\u0301pression se joue sous les yeux d\u2019une communaute\u0301 internationale partiellement aveugle\u0301e par des promesses de de\u0301mocratie. A\u0300 l\u2019affiche, Faustin-Archange Touade\u0301ra, non pas tant en tant que pre\u0301sident, mais pluto\u0302t en tant que metteur en sce\u0300ne d\u2019une trage\u0301die ou\u0300 l\u2019opposition est re\u0301duite [&hellip;]<\/p>\n","protected":false},"author":82,"featured_media":51425,"comment_status":"open","ping_status":"closed","sticky":false,"template":"","format":"standard","meta":{"footnotes":""},"categories":[2,10],"tags":[36,58,30],"class_list":["post-51427","post","type-post","status-publish","format-standard","has-post-thumbnail","hentry","category-politique","category-toutes-les-actualites","tag-africa-press","tag-africa-press-centrafricaine","tag-centrafricaine"],"yoast_head":"<!-- This site is optimized with the Yoast SEO Premium plugin v26.1 (Yoast SEO v27.0) - https:\/\/yoast.com\/product\/yoast-seo-premium-wordpress\/ -->\n<title>Au-del\u00e0 de l\u2019\u00c9tat de droit : la R\u00e9publique centrafricaine et l\u2019ombre de Faustin-Archange Touad\u00e9ra - centrafricaine<\/title>\n<meta name=\"description\" content=\"Dans le the\u0301a\u0302tre politique de la Re\u0301publique centrafricaine, un acte de re\u0301pression se joue sous les yeux d\u2019une communa ...\" \/>\n<meta name=\"robots\" content=\"index, follow, max-snippet:-1, max-image-preview:large, max-video-preview:-1\" \/>\n<link rel=\"canonical\" href=\"https:\/\/www.africa-press.net\/centrafricaine\/politique\/au-dela-de-letat-de-droit-la-republique-centrafricaine-et-lombre-de-faustin-archange-touadera\" \/>\n<meta property=\"og:locale\" content=\"fr_FR\" \/>\n<meta property=\"og:type\" content=\"article\" \/>\n<meta property=\"og:title\" content=\"Au-del\u00e0 de l\u2019\u00c9tat de droit : la R\u00e9publique centrafricaine et l\u2019ombre de Faustin-Archange Touad\u00e9ra\" \/>\n<meta property=\"og:description\" content=\"Dans le the\u0301a\u0302tre politique de la Re\u0301publique centrafricaine, un acte de re\u0301pression se joue sous les yeux d\u2019une communa ...\" \/>\n<meta property=\"og:url\" content=\"https:\/\/www.africa-press.net\/centrafricaine\/politique\/au-dela-de-letat-de-droit-la-republique-centrafricaine-et-lombre-de-faustin-archange-touadera\" \/>\n<meta property=\"og:site_name\" content=\"centrafricaine\" \/>\n<meta property=\"article:published_time\" content=\"2024-01-08T16:08:49+00:00\" \/>\n<meta property=\"article:modified_time\" content=\"2024-01-08T16:50:39+00:00\" \/>\n<meta property=\"og:image\" content=\"https:\/\/static.africa-press.net\/centrafricaine\/sites\/45\/2024\/01\/sm_1704719672.396242.jpg\" \/>\n\t<meta property=\"og:image:width\" content=\"720\" \/>\n\t<meta property=\"og:image:height\" content=\"480\" \/>\n\t<meta property=\"og:image:type\" content=\"image\/jpeg\" \/>\n<meta name=\"author\" content=\"cfeditorfr\" \/>\n<meta name=\"twitter:card\" content=\"summary_large_image\" \/>\n<meta name=\"twitter:label1\" content=\"\u00c9crit par\" \/>\n\t<meta name=\"twitter:data1\" content=\"cfeditorfr\" \/>\n\t<meta name=\"twitter:label2\" content=\"Dur\u00e9e de lecture estim\u00e9e\" \/>\n\t<meta name=\"twitter:data2\" content=\"2 minutes\" \/>\n<script type=\"application\/ld+json\" class=\"yoast-schema-graph\">{\"@context\":\"https:\/\/schema.org\",\"@graph\":[{\"@type\":\"Article\",\"@id\":\"https:\/\/www.africa-press.net\/centrafricaine\/politique\/au-dela-de-letat-de-droit-la-republique-centrafricaine-et-lombre-de-faustin-archange-touadera#article\",\"isPartOf\":{\"@id\":\"https:\/\/www.africa-press.net\/centrafricaine\/politique\/au-dela-de-letat-de-droit-la-republique-centrafricaine-et-lombre-de-faustin-archange-touadera\"},\"author\":{\"name\":\"cfeditorfr\",\"@id\":\"https:\/\/www.africa-press.net\/centrafricaine\/#\/schema\/person\/2b1cf3cd81a31e3cd26889ca66d677f1\"},\"headline\":\"Au-del\u00e0 de l\u2019\u00c9tat de droit : la R\u00e9publique centrafricaine et l\u2019ombre de Faustin-Archange Touad\u00e9ra\",\"datePublished\":\"2024-01-08T16:08:49+00:00\",\"dateModified\":\"2024-01-08T16:50:39+00:00\",\"mainEntityOfPage\":{\"@id\":\"https:\/\/www.africa-press.net\/centrafricaine\/politique\/au-dela-de-letat-de-droit-la-republique-centrafricaine-et-lombre-de-faustin-archange-touadera\"},\"wordCount\":393,\"commentCount\":0,\"image\":{\"@id\":\"https:\/\/www.africa-press.net\/centrafricaine\/politique\/au-dela-de-letat-de-droit-la-republique-centrafricaine-et-lombre-de-faustin-archange-touadera#primaryimage\"},\"thumbnailUrl\":\"https:\/\/static.africa-press.net\/centrafricaine\/sites\/45\/2024\/01\/sm_1704719672.396242.jpg\",\"keywords\":[\"Africa Press\",\"Africa Press-CentrAfricaine\",\"CentrAfricaine\"],\"articleSection\":[\"Politique\",\"Toutes les actualit\u00e9s\"],\"inLanguage\":\"fr-FR\",\"potentialAction\":[{\"@type\":\"CommentAction\",\"name\":\"Comment\",\"target\":[\"https:\/\/www.africa-press.net\/centrafricaine\/politique\/au-dela-de-letat-de-droit-la-republique-centrafricaine-et-lombre-de-faustin-archange-touadera#respond\"]}]},{\"@type\":\"WebPage\",\"@id\":\"https:\/\/www.africa-press.net\/centrafricaine\/politique\/au-dela-de-letat-de-droit-la-republique-centrafricaine-et-lombre-de-faustin-archange-touadera\",\"url\":\"https:\/\/www.africa-press.net\/centrafricaine\/politique\/au-dela-de-letat-de-droit-la-republique-centrafricaine-et-lombre-de-faustin-archange-touadera\",\"name\":\"Au-del\u00e0 de l\u2019\u00c9tat de droit : la R\u00e9publique centrafricaine et l\u2019ombre de Faustin-Archange Touad\u00e9ra - centrafricaine\",\"isPartOf\":{\"@id\":\"https:\/\/www.africa-press.net\/centrafricaine\/#website\"},\"primaryImageOfPage\":{\"@id\":\"https:\/\/www.africa-press.net\/centrafricaine\/politique\/au-dela-de-letat-de-droit-la-republique-centrafricaine-et-lombre-de-faustin-archange-touadera#primaryimage\"},\"image\":{\"@id\":\"https:\/\/www.africa-press.net\/centrafricaine\/politique\/au-dela-de-letat-de-droit-la-republique-centrafricaine-et-lombre-de-faustin-archange-touadera#primaryimage\"},\"thumbnailUrl\":\"https:\/\/static.africa-press.net\/centrafricaine\/sites\/45\/2024\/01\/sm_1704719672.396242.jpg\",\"datePublished\":\"2024-01-08T16:08:49+00:00\",\"dateModified\":\"2024-01-08T16:50:39+00:00\",\"author\":{\"@id\":\"https:\/\/www.africa-press.net\/centrafricaine\/#\/schema\/person\/2b1cf3cd81a31e3cd26889ca66d677f1\"},\"description\":\"Dans le the\u0301a\u0302tre politique de la Re\u0301publique centrafricaine, un acte de re\u0301pression se joue sous les yeux d\u2019une communa ...\",\"breadcrumb\":{\"@id\":\"https:\/\/www.africa-press.net\/centrafricaine\/politique\/au-dela-de-letat-de-droit-la-republique-centrafricaine-et-lombre-de-faustin-archange-touadera#breadcrumb\"},\"inLanguage\":\"fr-FR\",\"potentialAction\":[{\"@type\":\"ReadAction\",\"target\":[\"https:\/\/www.africa-press.net\/centrafricaine\/politique\/au-dela-de-letat-de-droit-la-republique-centrafricaine-et-lombre-de-faustin-archange-touadera\"]}]},{\"@type\":\"ImageObject\",\"inLanguage\":\"fr-FR\",\"@id\":\"https:\/\/www.africa-press.net\/centrafricaine\/politique\/au-dela-de-letat-de-droit-la-republique-centrafricaine-et-lombre-de-faustin-archange-touadera#primaryimage\",\"url\":\"https:\/\/static.africa-press.net\/centrafricaine\/sites\/45\/2024\/01\/sm_1704719672.396242.jpg\",\"contentUrl\":\"https:\/\/static.africa-press.net\/centrafricaine\/sites\/45\/2024\/01\/sm_1704719672.396242.jpg\",\"width\":720,\"height\":480,\"caption\":\"Au-del\u00e0 de l\u2019\u00c9tat de droit : la R\u00e9publique centrafricaine et l\u2019ombre de Faustin-Archange Touad\u00e9ra\"},{\"@type\":\"BreadcrumbList\",\"@id\":\"https:\/\/www.africa-press.net\/centrafricaine\/politique\/au-dela-de-letat-de-droit-la-republique-centrafricaine-et-lombre-de-faustin-archange-touadera#breadcrumb\",\"itemListElement\":[{\"@type\":\"ListItem\",\"position\":1,\"name\":\"Accueil\",\"item\":\"https:\/\/www.africa-press.net\/centrafricaine\/\"},{\"@type\":\"ListItem\",\"position\":2,\"name\":\"Au-del\u00e0 de l\u2019\u00c9tat de droit : la R\u00e9publique centrafricaine et l\u2019ombre de Faustin-Archange Touad\u00e9ra\"}]},{\"@type\":\"WebSite\",\"@id\":\"https:\/\/www.africa-press.net\/centrafricaine\/#website\",\"url\":\"https:\/\/www.africa-press.net\/centrafricaine\/\",\"name\":\"centrafricaine\",\"description\":\"Just another Africa News Agency Sites site\",\"potentialAction\":[{\"@type\":\"SearchAction\",\"target\":{\"@type\":\"EntryPoint\",\"urlTemplate\":\"https:\/\/www.africa-press.net\/centrafricaine\/?s={search_term_string}\"},\"query-input\":{\"@type\":\"PropertyValueSpecification\",\"valueRequired\":true,\"valueName\":\"search_term_string\"}}],\"inLanguage\":\"fr-FR\"},{\"@type\":\"Person\",\"@id\":\"https:\/\/www.africa-press.net\/centrafricaine\/#\/schema\/person\/2b1cf3cd81a31e3cd26889ca66d677f1\",\"name\":\"cfeditorfr\"}]}<\/script>\n<!-- \/ Yoast SEO Premium plugin. -->","yoast_head_json":{"title":"Au-del\u00e0 de l\u2019\u00c9tat de droit : la R\u00e9publique centrafricaine et l\u2019ombre de Faustin-Archange Touad\u00e9ra - centrafricaine","description":"Dans le the\u0301a\u0302tre politique de la Re\u0301publique centrafricaine, un acte de re\u0301pression se joue sous les yeux d\u2019une communa ...","robots":{"index":"index","follow":"follow","max-snippet":"max-snippet:-1","max-image-preview":"max-image-preview:large","max-video-preview":"max-video-preview:-1"},"canonical":"https:\/\/www.africa-press.net\/centrafricaine\/politique\/au-dela-de-letat-de-droit-la-republique-centrafricaine-et-lombre-de-faustin-archange-touadera","og_locale":"fr_FR","og_type":"article","og_title":"Au-del\u00e0 de l\u2019\u00c9tat de droit : la R\u00e9publique centrafricaine et l\u2019ombre de Faustin-Archange Touad\u00e9ra","og_description":"Dans le the\u0301a\u0302tre politique de la Re\u0301publique centrafricaine, un acte de re\u0301pression se joue sous les yeux d\u2019une communa ...","og_url":"https:\/\/www.africa-press.net\/centrafricaine\/politique\/au-dela-de-letat-de-droit-la-republique-centrafricaine-et-lombre-de-faustin-archange-touadera","og_site_name":"centrafricaine","article_published_time":"2024-01-08T16:08:49+00:00","article_modified_time":"2024-01-08T16:50:39+00:00","og_image":[{"width":720,"height":480,"url":"https:\/\/static.africa-press.net\/centrafricaine\/sites\/45\/2024\/01\/sm_1704719672.396242.jpg","type":"image\/jpeg"}],"author":"cfeditorfr","twitter_card":"summary_large_image","twitter_misc":{"\u00c9crit par":"cfeditorfr","Dur\u00e9e de lecture estim\u00e9e":"2 minutes"},"schema":{"@context":"https:\/\/schema.org","@graph":[{"@type":"Article","@id":"https:\/\/www.africa-press.net\/centrafricaine\/politique\/au-dela-de-letat-de-droit-la-republique-centrafricaine-et-lombre-de-faustin-archange-touadera#article","isPartOf":{"@id":"https:\/\/www.africa-press.net\/centrafricaine\/politique\/au-dela-de-letat-de-droit-la-republique-centrafricaine-et-lombre-de-faustin-archange-touadera"},"author":{"name":"cfeditorfr","@id":"https:\/\/www.africa-press.net\/centrafricaine\/#\/schema\/person\/2b1cf3cd81a31e3cd26889ca66d677f1"},"headline":"Au-del\u00e0 de l\u2019\u00c9tat de droit : la R\u00e9publique centrafricaine et l\u2019ombre de Faustin-Archange Touad\u00e9ra","datePublished":"2024-01-08T16:08:49+00:00","dateModified":"2024-01-08T16:50:39+00:00","mainEntityOfPage":{"@id":"https:\/\/www.africa-press.net\/centrafricaine\/politique\/au-dela-de-letat-de-droit-la-republique-centrafricaine-et-lombre-de-faustin-archange-touadera"},"wordCount":393,"commentCount":0,"image":{"@id":"https:\/\/www.africa-press.net\/centrafricaine\/politique\/au-dela-de-letat-de-droit-la-republique-centrafricaine-et-lombre-de-faustin-archange-touadera#primaryimage"},"thumbnailUrl":"https:\/\/static.africa-press.net\/centrafricaine\/sites\/45\/2024\/01\/sm_1704719672.396242.jpg","keywords":["Africa Press","Africa Press-CentrAfricaine","CentrAfricaine"],"articleSection":["Politique","Toutes les actualit\u00e9s"],"inLanguage":"fr-FR","potentialAction":[{"@type":"CommentAction","name":"Comment","target":["https:\/\/www.africa-press.net\/centrafricaine\/politique\/au-dela-de-letat-de-droit-la-republique-centrafricaine-et-lombre-de-faustin-archange-touadera#respond"]}]},{"@type":"WebPage","@id":"https:\/\/www.africa-press.net\/centrafricaine\/politique\/au-dela-de-letat-de-droit-la-republique-centrafricaine-et-lombre-de-faustin-archange-touadera","url":"https:\/\/www.africa-press.net\/centrafricaine\/politique\/au-dela-de-letat-de-droit-la-republique-centrafricaine-et-lombre-de-faustin-archange-touadera","name":"Au-del\u00e0 de l\u2019\u00c9tat de droit : la R\u00e9publique centrafricaine et l\u2019ombre de Faustin-Archange Touad\u00e9ra - centrafricaine","isPartOf":{"@id":"https:\/\/www.africa-press.net\/centrafricaine\/#website"},"primaryImageOfPage":{"@id":"https:\/\/www.africa-press.net\/centrafricaine\/politique\/au-dela-de-letat-de-droit-la-republique-centrafricaine-et-lombre-de-faustin-archange-touadera#primaryimage"},"image":{"@id":"https:\/\/www.africa-press.net\/centrafricaine\/politique\/au-dela-de-letat-de-droit-la-republique-centrafricaine-et-lombre-de-faustin-archange-touadera#primaryimage"},"thumbnailUrl":"https:\/\/static.africa-press.net\/centrafricaine\/sites\/45\/2024\/01\/sm_1704719672.396242.jpg","datePublished":"2024-01-08T16:08:49+00:00","dateModified":"2024-01-08T16:50:39+00:00","author":{"@id":"https:\/\/www.africa-press.net\/centrafricaine\/#\/schema\/person\/2b1cf3cd81a31e3cd26889ca66d677f1"},"description":"Dans le the\u0301a\u0302tre politique de la Re\u0301publique centrafricaine, un acte de re\u0301pression se joue sous les yeux d\u2019une communa ...","breadcrumb":{"@id":"https:\/\/www.africa-press.net\/centrafricaine\/politique\/au-dela-de-letat-de-droit-la-republique-centrafricaine-et-lombre-de-faustin-archange-touadera#breadcrumb"},"inLanguage":"fr-FR","potentialAction":[{"@type":"ReadAction","target":["https:\/\/www.africa-press.net\/centrafricaine\/politique\/au-dela-de-letat-de-droit-la-republique-centrafricaine-et-lombre-de-faustin-archange-touadera"]}]},{"@type":"ImageObject","inLanguage":"fr-FR","@id":"https:\/\/www.africa-press.net\/centrafricaine\/politique\/au-dela-de-letat-de-droit-la-republique-centrafricaine-et-lombre-de-faustin-archange-touadera#primaryimage","url":"https:\/\/static.africa-press.net\/centrafricaine\/sites\/45\/2024\/01\/sm_1704719672.396242.jpg","contentUrl":"https:\/\/static.africa-press.net\/centrafricaine\/sites\/45\/2024\/01\/sm_1704719672.396242.jpg","width":720,"height":480,"caption":"Au-del\u00e0 de l\u2019\u00c9tat de droit : la R\u00e9publique centrafricaine et l\u2019ombre de Faustin-Archange Touad\u00e9ra"},{"@type":"BreadcrumbList","@id":"https:\/\/www.africa-press.net\/centrafricaine\/politique\/au-dela-de-letat-de-droit-la-republique-centrafricaine-et-lombre-de-faustin-archange-touadera#breadcrumb","itemListElement":[{"@type":"ListItem","position":1,"name":"Accueil","item":"https:\/\/www.africa-press.net\/centrafricaine\/"},{"@type":"ListItem","position":2,"name":"Au-del\u00e0 de l\u2019\u00c9tat de droit : la R\u00e9publique centrafricaine et l\u2019ombre de Faustin-Archange Touad\u00e9ra"}]},{"@type":"WebSite","@id":"https:\/\/www.africa-press.net\/centrafricaine\/#website","url":"https:\/\/www.africa-press.net\/centrafricaine\/","name":"centrafricaine","description":"Just another Africa News Agency Sites site","potentialAction":[{"@type":"SearchAction","target":{"@type":"EntryPoint","urlTemplate":"https:\/\/www.africa-press.net\/centrafricaine\/?s={search_term_string}"},"query-input":{"@type":"PropertyValueSpecification","valueRequired":true,"valueName":"search_term_string"}}],"inLanguage":"fr-FR"},{"@type":"Person","@id":"https:\/\/www.africa-press.net\/centrafricaine\/#\/schema\/person\/2b1cf3cd81a31e3cd26889ca66d677f1","name":"cfeditorfr"}]}},"_links":{"self":[{"href":"https:\/\/www.africa-press.net\/centrafricaine\/wp-json\/wp\/v2\/posts\/51427","targetHints":{"allow":["GET"]}}],"collection":[{"href":"https:\/\/www.africa-press.net\/centrafricaine\/wp-json\/wp\/v2\/posts"}],"about":[{"href":"https:\/\/www.africa-press.net\/centrafricaine\/wp-json\/wp\/v2\/types\/post"}],"author":[{"embeddable":true,"href":"https:\/\/www.africa-press.net\/centrafricaine\/wp-json\/wp\/v2\/users\/82"}],"replies":[{"embeddable":true,"href":"https:\/\/www.africa-press.net\/centrafricaine\/wp-json\/wp\/v2\/comments?post=51427"}],"version-history":[{"count":0,"href":"https:\/\/www.africa-press.net\/centrafricaine\/wp-json\/wp\/v2\/posts\/51427\/revisions"}],"wp:featuredmedia":[{"embeddable":true,"href":"https:\/\/www.africa-press.net\/centrafricaine\/wp-json\/wp\/v2\/media\/51425"}],"wp:attachment":[{"href":"https:\/\/www.africa-press.net\/centrafricaine\/wp-json\/wp\/v2\/media?parent=51427"}],"wp:term":[{"taxonomy":"category","embeddable":true,"href":"https:\/\/www.africa-press.net\/centrafricaine\/wp-json\/wp\/v2\/categories?post=51427"},{"taxonomy":"post_tag","embeddable":true,"href":"https:\/\/www.africa-press.net\/centrafricaine\/wp-json\/wp\/v2\/tags?post=51427"}],"curies":[{"name":"wp","href":"https:\/\/api.w.org\/{rel}","templated":true}]}}