{"id":51431,"date":"2024-01-08T16:11:04","date_gmt":"2024-01-08T16:11:04","guid":{"rendered":"https:\/\/www.africa-press.net\/centrafricaine\/politique\/prise-de-poste-officielle-du-nouveau-representant-de-lasecna-aupres-de-la-centrafrique"},"modified":"2024-01-09T15:41:09","modified_gmt":"2024-01-09T15:41:09","slug":"prise-de-poste-officielle-du-nouveau-representant-de-lasecna-aupres-de-la-centrafrique","status":"publish","type":"post","link":"https:\/\/www.africa-press.net\/centrafricaine\/politique\/prise-de-poste-officielle-du-nouveau-representant-de-lasecna-aupres-de-la-centrafrique","title":{"rendered":"Prise de poste officielle du nouveau repr\u00e9sentant de l\u2019ASECNA aupr\u00e8s de la Centrafrique"},"content":{"rendered":"<p><span style=\"color: #ff6600\"><strong>Africa-Press &#8211; CentrAfricaine. <\/strong><\/span>C\u2019est dans la matine\u0301e du jeudi 28 de\u0301cembre 2023 que le Repre\u0301sentant sortant de l\u2019ASECNA aupre\u0300s de la Centrafrique Monsieur Fulgence Edgar Ouedraogo ce\u0300de officiellement son fauteuil a\u0300 Monsieur Serge Anicet Kodja. La ce\u0301re\u0301monie de cette passation de service est pre\u0301side\u0301e par le ministre des transports et de l\u2019aviation civile Monsieur Gontran Djono Ahaba au sie\u0300ge de l\u2019ASECNA a\u0300 l\u2019ae\u0301roport International Bangui M\u2019poko.<\/p>\n<p>Apre\u0300s quatre anne\u0301es de service a\u0300 la te\u0302te de cette structure, Monsieur Fulgence Edgar Ouedraogo, avec pleins de souvenirs et de chaleur, transmet solennellement son leadership a\u0300 son successeur sous le regard de tour le personnel de l\u2019ASECNA et du ministre des transports et de l\u2019aviation civile. Content de son parcours dans ce pays qui l\u2019a adopte\u0301 durant ces quatre anne\u0301es, il livre ses impressions: \u00ab C\u2019est l\u2019occasion pour moi de remercier son excellence le ministre des transports qui repre\u0301sente toutes les autorite\u0301s du pays pour m\u2019avoir adopte\u0301 depuis quatre ans et demi. Gra\u0302ce a\u0300 leurs appuis, j\u2019ai pu faire ce que je pouvais faire et avec l\u2019appui de tous les collaborateurs de l\u2019ae\u0301roport et donc j\u2019en profite pour leur dire grand merci pour cet appui et fe\u0301liciter en me\u0302me temps mon successeur. J\u2019invite alors l\u2019ensemble des colle\u0300gues a\u0300 l\u2019appuyer fermement et fortement pour que la mission soit une re\u0301ussite de plus belle pour magnifier notre pays la Centrafrique et pour que nos familles vivent dans la joie \u00bb.<\/p>\n<p>Quant au Repre\u0301sentant entrant, il n\u2019a pas cache\u0301 sa satisfaction pour la confiance qui lui est accorde\u0301e pour ce poste. \u00ab Je suis content parce que c\u2019est quand-me\u0302me une confiance des hautes autorite\u0301s de l\u2019ASECNA c\u2019est a\u0300 dire les autorite\u0301s centrafricaines et le Directeur Ge\u0301ne\u0301ral. Quand on fait confiance a\u0300 quelqu\u2019un, le retour n\u2019est que la reconnaissance et dire merci \u00bb, avoue ce dernier.<\/p>\n<p>En ce qui concerne les de\u0301fis qui l\u2019attendent, il pre\u0301cise que: \u00ab la re\u0301alite\u0301 que vous savez, c\u0327a bouge tout le temps ! Et nous ge\u0301rons dans ce qu\u2019on appelle la se\u0301curite\u0301 donc je mesure amplement les de\u0301fis qui nous attendent parce qu\u2019il faut e\u0302tre pre\u0301cis et rigoureux. Bref, les de\u0301fis sont immenses \u00bb, murmura-t-il.<\/p>\n<p>Cependant, pour le ministre des transports et de l\u2019aviation civile, c\u2019est une re\u0301ussite de voir les deux repre\u0301sentants passer le service dans un climat de convivialite\u0301: \u00ab De tradition, lorsqu\u2019il y a des nominations pareilles, il y a toujours des passations de service entre le repre\u0301sentant entrant et sortant et il est des pre\u0301rogatives du ministre de superviser ces passations. Je pense que tout s\u2019est bien passe\u0301 dans un climat de convivialite\u0301, de collaboration et de continuite\u0301 de service. J\u2019ai donne\u0301 les orientations ne\u0301cessaires pour qu\u2019au niveau de la plateforme la responsable puisse travailler en interaction afin que nous puissions relever le de\u0301fi en ce qui concerne l\u2019entretien de l\u2019espace vert et l\u2019embellissement de l\u2019ae\u0301rogare \u00bb.<\/p>\n<p>Content des re\u0301sultats atteints au cours des anne\u0301es e\u0301coule\u0301es, huit cadres de l\u2019ASECNA ont rec\u0327u des me\u0301dailles ae\u0301ronautiques comme prix pour marquer e\u0301galement cette circonstance. Il s\u2019agit de trois femmes et cinq hommes dont le Directeur Ge\u0301ne\u0301ral de l\u2019ASECNA.<\/p>\n<p><strong>Pour plus d&rsquo;informations et d&rsquo;analyses sur la <a href=\"https:\/\/www.africa-press.net\/centrafricaine\">CentrAfricaine<\/a>, suivez <a href=\"https:\/\/www.africa-press.net\/\">Africa-Press<\/a><\/strong><\/p>\n","protected":false},"excerpt":{"rendered":"<p>Africa-Press &#8211; CentrAfricaine. C\u2019est dans la matine\u0301e du jeudi 28 de\u0301cembre 2023 que le Repre\u0301sentant sortant de l\u2019ASECNA aupre\u0300s de la Centrafrique Monsieur Fulgence Edgar Ouedraogo ce\u0300de officiellement son fauteuil a\u0300 Monsieur Serge Anicet Kodja. La ce\u0301re\u0301monie de cette passation de service est pre\u0301side\u0301e par le ministre des transports et de l\u2019aviation civile Monsieur Gontran [&hellip;]<\/p>\n","protected":false},"author":82,"featured_media":51430,"comment_status":"open","ping_status":"closed","sticky":false,"template":"","format":"standard","meta":{"footnotes":""},"categories":[2,10],"tags":[36,58,30],"class_list":["post-51431","post","type-post","status-publish","format-standard","has-post-thumbnail","hentry","category-politique","category-toutes-les-actualites","tag-africa-press","tag-africa-press-centrafricaine","tag-centrafricaine"],"yoast_head":"<!-- This site is optimized with the Yoast SEO Premium plugin v26.1 (Yoast SEO v27.0) - https:\/\/yoast.com\/product\/yoast-seo-premium-wordpress\/ -->\n<title>Prise de poste officielle du nouveau repr\u00e9sentant de l\u2019ASECNA aupr\u00e8s de la Centrafrique - centrafricaine<\/title>\n<meta name=\"description\" content=\"C\u2019est dans la matine\u0301e du jeudi 28 de\u0301cembre 2023 que le Repre\u0301sentant sortant de l\u2019ASECNA aupre\u0300s de la Centrafrique Mo ...\" \/>\n<meta name=\"robots\" content=\"index, follow, max-snippet:-1, max-image-preview:large, max-video-preview:-1\" \/>\n<link rel=\"canonical\" href=\"https:\/\/www.africa-press.net\/centrafricaine\/politique\/prise-de-poste-officielle-du-nouveau-representant-de-lasecna-aupres-de-la-centrafrique\" \/>\n<meta property=\"og:locale\" content=\"fr_FR\" \/>\n<meta property=\"og:type\" content=\"article\" \/>\n<meta property=\"og:title\" content=\"Prise de poste officielle du nouveau repr\u00e9sentant de l\u2019ASECNA aupr\u00e8s de la Centrafrique\" \/>\n<meta property=\"og:description\" content=\"C\u2019est dans la matine\u0301e du jeudi 28 de\u0301cembre 2023 que le Repre\u0301sentant sortant de l\u2019ASECNA aupre\u0300s de la Centrafrique Mo ...\" \/>\n<meta property=\"og:url\" content=\"https:\/\/www.africa-press.net\/centrafricaine\/politique\/prise-de-poste-officielle-du-nouveau-representant-de-lasecna-aupres-de-la-centrafrique\" \/>\n<meta property=\"og:site_name\" content=\"centrafricaine\" \/>\n<meta property=\"article:published_time\" content=\"2024-01-08T16:11:04+00:00\" \/>\n<meta property=\"article:modified_time\" content=\"2024-01-09T15:41:09+00:00\" \/>\n<meta property=\"og:image\" content=\"https:\/\/static.africa-press.net\/centrafricaine\/sites\/45\/2024\/01\/sm_1704719722.839502.jpg\" \/>\n\t<meta property=\"og:image:width\" content=\"1009\" \/>\n\t<meta property=\"og:image:height\" content=\"598\" \/>\n\t<meta property=\"og:image:type\" content=\"image\/jpeg\" \/>\n<meta name=\"author\" content=\"cfeditorfr\" \/>\n<meta name=\"twitter:card\" content=\"summary_large_image\" \/>\n<meta name=\"twitter:label1\" content=\"\u00c9crit par\" \/>\n\t<meta name=\"twitter:data1\" content=\"cfeditorfr\" \/>\n\t<meta name=\"twitter:label2\" content=\"Dur\u00e9e de lecture estim\u00e9e\" \/>\n\t<meta name=\"twitter:data2\" content=\"3 minutes\" \/>\n<script type=\"application\/ld+json\" class=\"yoast-schema-graph\">{\"@context\":\"https:\/\/schema.org\",\"@graph\":[{\"@type\":\"Article\",\"@id\":\"https:\/\/www.africa-press.net\/centrafricaine\/politique\/prise-de-poste-officielle-du-nouveau-representant-de-lasecna-aupres-de-la-centrafrique#article\",\"isPartOf\":{\"@id\":\"https:\/\/www.africa-press.net\/centrafricaine\/politique\/prise-de-poste-officielle-du-nouveau-representant-de-lasecna-aupres-de-la-centrafrique\"},\"author\":{\"name\":\"cfeditorfr\",\"@id\":\"https:\/\/www.africa-press.net\/centrafricaine\/#\/schema\/person\/2b1cf3cd81a31e3cd26889ca66d677f1\"},\"headline\":\"Prise de poste officielle du nouveau repr\u00e9sentant de l\u2019ASECNA aupr\u00e8s de la Centrafrique\",\"datePublished\":\"2024-01-08T16:11:04+00:00\",\"dateModified\":\"2024-01-09T15:41:09+00:00\",\"mainEntityOfPage\":{\"@id\":\"https:\/\/www.africa-press.net\/centrafricaine\/politique\/prise-de-poste-officielle-du-nouveau-representant-de-lasecna-aupres-de-la-centrafrique\"},\"wordCount\":624,\"commentCount\":0,\"image\":{\"@id\":\"https:\/\/www.africa-press.net\/centrafricaine\/politique\/prise-de-poste-officielle-du-nouveau-representant-de-lasecna-aupres-de-la-centrafrique#primaryimage\"},\"thumbnailUrl\":\"https:\/\/static.africa-press.net\/centrafricaine\/sites\/45\/2024\/01\/sm_1704719722.839502.jpg\",\"keywords\":[\"Africa Press\",\"Africa Press-CentrAfricaine\",\"CentrAfricaine\"],\"articleSection\":[\"Politique\",\"Toutes les actualit\u00e9s\"],\"inLanguage\":\"fr-FR\",\"potentialAction\":[{\"@type\":\"CommentAction\",\"name\":\"Comment\",\"target\":[\"https:\/\/www.africa-press.net\/centrafricaine\/politique\/prise-de-poste-officielle-du-nouveau-representant-de-lasecna-aupres-de-la-centrafrique#respond\"]}]},{\"@type\":\"WebPage\",\"@id\":\"https:\/\/www.africa-press.net\/centrafricaine\/politique\/prise-de-poste-officielle-du-nouveau-representant-de-lasecna-aupres-de-la-centrafrique\",\"url\":\"https:\/\/www.africa-press.net\/centrafricaine\/politique\/prise-de-poste-officielle-du-nouveau-representant-de-lasecna-aupres-de-la-centrafrique\",\"name\":\"Prise de poste officielle du nouveau repr\u00e9sentant de l\u2019ASECNA aupr\u00e8s de la Centrafrique - centrafricaine\",\"isPartOf\":{\"@id\":\"https:\/\/www.africa-press.net\/centrafricaine\/#website\"},\"primaryImageOfPage\":{\"@id\":\"https:\/\/www.africa-press.net\/centrafricaine\/politique\/prise-de-poste-officielle-du-nouveau-representant-de-lasecna-aupres-de-la-centrafrique#primaryimage\"},\"image\":{\"@id\":\"https:\/\/www.africa-press.net\/centrafricaine\/politique\/prise-de-poste-officielle-du-nouveau-representant-de-lasecna-aupres-de-la-centrafrique#primaryimage\"},\"thumbnailUrl\":\"https:\/\/static.africa-press.net\/centrafricaine\/sites\/45\/2024\/01\/sm_1704719722.839502.jpg\",\"datePublished\":\"2024-01-08T16:11:04+00:00\",\"dateModified\":\"2024-01-09T15:41:09+00:00\",\"author\":{\"@id\":\"https:\/\/www.africa-press.net\/centrafricaine\/#\/schema\/person\/2b1cf3cd81a31e3cd26889ca66d677f1\"},\"description\":\"C\u2019est dans la matine\u0301e du jeudi 28 de\u0301cembre 2023 que le Repre\u0301sentant sortant de l\u2019ASECNA aupre\u0300s de la Centrafrique Mo ...\",\"breadcrumb\":{\"@id\":\"https:\/\/www.africa-press.net\/centrafricaine\/politique\/prise-de-poste-officielle-du-nouveau-representant-de-lasecna-aupres-de-la-centrafrique#breadcrumb\"},\"inLanguage\":\"fr-FR\",\"potentialAction\":[{\"@type\":\"ReadAction\",\"target\":[\"https:\/\/www.africa-press.net\/centrafricaine\/politique\/prise-de-poste-officielle-du-nouveau-representant-de-lasecna-aupres-de-la-centrafrique\"]}]},{\"@type\":\"ImageObject\",\"inLanguage\":\"fr-FR\",\"@id\":\"https:\/\/www.africa-press.net\/centrafricaine\/politique\/prise-de-poste-officielle-du-nouveau-representant-de-lasecna-aupres-de-la-centrafrique#primaryimage\",\"url\":\"https:\/\/static.africa-press.net\/centrafricaine\/sites\/45\/2024\/01\/sm_1704719722.839502.jpg\",\"contentUrl\":\"https:\/\/static.africa-press.net\/centrafricaine\/sites\/45\/2024\/01\/sm_1704719722.839502.jpg\",\"width\":1009,\"height\":598,\"caption\":\"Prise de poste officielle du nouveau repr\u00e9sentant de l\u2019ASECNA aupr\u00e8s de la Centrafrique\"},{\"@type\":\"BreadcrumbList\",\"@id\":\"https:\/\/www.africa-press.net\/centrafricaine\/politique\/prise-de-poste-officielle-du-nouveau-representant-de-lasecna-aupres-de-la-centrafrique#breadcrumb\",\"itemListElement\":[{\"@type\":\"ListItem\",\"position\":1,\"name\":\"Accueil\",\"item\":\"https:\/\/www.africa-press.net\/centrafricaine\/\"},{\"@type\":\"ListItem\",\"position\":2,\"name\":\"Prise de poste officielle du nouveau repr\u00e9sentant de l\u2019ASECNA aupr\u00e8s de la Centrafrique\"}]},{\"@type\":\"WebSite\",\"@id\":\"https:\/\/www.africa-press.net\/centrafricaine\/#website\",\"url\":\"https:\/\/www.africa-press.net\/centrafricaine\/\",\"name\":\"centrafricaine\",\"description\":\"Just another Africa News Agency Sites site\",\"potentialAction\":[{\"@type\":\"SearchAction\",\"target\":{\"@type\":\"EntryPoint\",\"urlTemplate\":\"https:\/\/www.africa-press.net\/centrafricaine\/?s={search_term_string}\"},\"query-input\":{\"@type\":\"PropertyValueSpecification\",\"valueRequired\":true,\"valueName\":\"search_term_string\"}}],\"inLanguage\":\"fr-FR\"},{\"@type\":\"Person\",\"@id\":\"https:\/\/www.africa-press.net\/centrafricaine\/#\/schema\/person\/2b1cf3cd81a31e3cd26889ca66d677f1\",\"name\":\"cfeditorfr\"}]}<\/script>\n<!-- \/ Yoast SEO Premium plugin. -->","yoast_head_json":{"title":"Prise de poste officielle du nouveau repr\u00e9sentant de l\u2019ASECNA aupr\u00e8s de la Centrafrique - centrafricaine","description":"C\u2019est dans la matine\u0301e du jeudi 28 de\u0301cembre 2023 que le Repre\u0301sentant sortant de l\u2019ASECNA aupre\u0300s de la Centrafrique Mo ...","robots":{"index":"index","follow":"follow","max-snippet":"max-snippet:-1","max-image-preview":"max-image-preview:large","max-video-preview":"max-video-preview:-1"},"canonical":"https:\/\/www.africa-press.net\/centrafricaine\/politique\/prise-de-poste-officielle-du-nouveau-representant-de-lasecna-aupres-de-la-centrafrique","og_locale":"fr_FR","og_type":"article","og_title":"Prise de poste officielle du nouveau repr\u00e9sentant de l\u2019ASECNA aupr\u00e8s de la Centrafrique","og_description":"C\u2019est dans la matine\u0301e du jeudi 28 de\u0301cembre 2023 que le Repre\u0301sentant sortant de l\u2019ASECNA aupre\u0300s de la Centrafrique Mo ...","og_url":"https:\/\/www.africa-press.net\/centrafricaine\/politique\/prise-de-poste-officielle-du-nouveau-representant-de-lasecna-aupres-de-la-centrafrique","og_site_name":"centrafricaine","article_published_time":"2024-01-08T16:11:04+00:00","article_modified_time":"2024-01-09T15:41:09+00:00","og_image":[{"width":1009,"height":598,"url":"https:\/\/static.africa-press.net\/centrafricaine\/sites\/45\/2024\/01\/sm_1704719722.839502.jpg","type":"image\/jpeg"}],"author":"cfeditorfr","twitter_card":"summary_large_image","twitter_misc":{"\u00c9crit par":"cfeditorfr","Dur\u00e9e de lecture estim\u00e9e":"3 minutes"},"schema":{"@context":"https:\/\/schema.org","@graph":[{"@type":"Article","@id":"https:\/\/www.africa-press.net\/centrafricaine\/politique\/prise-de-poste-officielle-du-nouveau-representant-de-lasecna-aupres-de-la-centrafrique#article","isPartOf":{"@id":"https:\/\/www.africa-press.net\/centrafricaine\/politique\/prise-de-poste-officielle-du-nouveau-representant-de-lasecna-aupres-de-la-centrafrique"},"author":{"name":"cfeditorfr","@id":"https:\/\/www.africa-press.net\/centrafricaine\/#\/schema\/person\/2b1cf3cd81a31e3cd26889ca66d677f1"},"headline":"Prise de poste officielle du nouveau repr\u00e9sentant de l\u2019ASECNA aupr\u00e8s de la Centrafrique","datePublished":"2024-01-08T16:11:04+00:00","dateModified":"2024-01-09T15:41:09+00:00","mainEntityOfPage":{"@id":"https:\/\/www.africa-press.net\/centrafricaine\/politique\/prise-de-poste-officielle-du-nouveau-representant-de-lasecna-aupres-de-la-centrafrique"},"wordCount":624,"commentCount":0,"image":{"@id":"https:\/\/www.africa-press.net\/centrafricaine\/politique\/prise-de-poste-officielle-du-nouveau-representant-de-lasecna-aupres-de-la-centrafrique#primaryimage"},"thumbnailUrl":"https:\/\/static.africa-press.net\/centrafricaine\/sites\/45\/2024\/01\/sm_1704719722.839502.jpg","keywords":["Africa Press","Africa Press-CentrAfricaine","CentrAfricaine"],"articleSection":["Politique","Toutes les actualit\u00e9s"],"inLanguage":"fr-FR","potentialAction":[{"@type":"CommentAction","name":"Comment","target":["https:\/\/www.africa-press.net\/centrafricaine\/politique\/prise-de-poste-officielle-du-nouveau-representant-de-lasecna-aupres-de-la-centrafrique#respond"]}]},{"@type":"WebPage","@id":"https:\/\/www.africa-press.net\/centrafricaine\/politique\/prise-de-poste-officielle-du-nouveau-representant-de-lasecna-aupres-de-la-centrafrique","url":"https:\/\/www.africa-press.net\/centrafricaine\/politique\/prise-de-poste-officielle-du-nouveau-representant-de-lasecna-aupres-de-la-centrafrique","name":"Prise de poste officielle du nouveau repr\u00e9sentant de l\u2019ASECNA aupr\u00e8s de la Centrafrique - centrafricaine","isPartOf":{"@id":"https:\/\/www.africa-press.net\/centrafricaine\/#website"},"primaryImageOfPage":{"@id":"https:\/\/www.africa-press.net\/centrafricaine\/politique\/prise-de-poste-officielle-du-nouveau-representant-de-lasecna-aupres-de-la-centrafrique#primaryimage"},"image":{"@id":"https:\/\/www.africa-press.net\/centrafricaine\/politique\/prise-de-poste-officielle-du-nouveau-representant-de-lasecna-aupres-de-la-centrafrique#primaryimage"},"thumbnailUrl":"https:\/\/static.africa-press.net\/centrafricaine\/sites\/45\/2024\/01\/sm_1704719722.839502.jpg","datePublished":"2024-01-08T16:11:04+00:00","dateModified":"2024-01-09T15:41:09+00:00","author":{"@id":"https:\/\/www.africa-press.net\/centrafricaine\/#\/schema\/person\/2b1cf3cd81a31e3cd26889ca66d677f1"},"description":"C\u2019est dans la matine\u0301e du jeudi 28 de\u0301cembre 2023 que le Repre\u0301sentant sortant de l\u2019ASECNA aupre\u0300s de la Centrafrique Mo ...","breadcrumb":{"@id":"https:\/\/www.africa-press.net\/centrafricaine\/politique\/prise-de-poste-officielle-du-nouveau-representant-de-lasecna-aupres-de-la-centrafrique#breadcrumb"},"inLanguage":"fr-FR","potentialAction":[{"@type":"ReadAction","target":["https:\/\/www.africa-press.net\/centrafricaine\/politique\/prise-de-poste-officielle-du-nouveau-representant-de-lasecna-aupres-de-la-centrafrique"]}]},{"@type":"ImageObject","inLanguage":"fr-FR","@id":"https:\/\/www.africa-press.net\/centrafricaine\/politique\/prise-de-poste-officielle-du-nouveau-representant-de-lasecna-aupres-de-la-centrafrique#primaryimage","url":"https:\/\/static.africa-press.net\/centrafricaine\/sites\/45\/2024\/01\/sm_1704719722.839502.jpg","contentUrl":"https:\/\/static.africa-press.net\/centrafricaine\/sites\/45\/2024\/01\/sm_1704719722.839502.jpg","width":1009,"height":598,"caption":"Prise de poste officielle du nouveau repr\u00e9sentant de l\u2019ASECNA aupr\u00e8s de la Centrafrique"},{"@type":"BreadcrumbList","@id":"https:\/\/www.africa-press.net\/centrafricaine\/politique\/prise-de-poste-officielle-du-nouveau-representant-de-lasecna-aupres-de-la-centrafrique#breadcrumb","itemListElement":[{"@type":"ListItem","position":1,"name":"Accueil","item":"https:\/\/www.africa-press.net\/centrafricaine\/"},{"@type":"ListItem","position":2,"name":"Prise de poste officielle du nouveau repr\u00e9sentant de l\u2019ASECNA aupr\u00e8s de la Centrafrique"}]},{"@type":"WebSite","@id":"https:\/\/www.africa-press.net\/centrafricaine\/#website","url":"https:\/\/www.africa-press.net\/centrafricaine\/","name":"centrafricaine","description":"Just another Africa News Agency Sites site","potentialAction":[{"@type":"SearchAction","target":{"@type":"EntryPoint","urlTemplate":"https:\/\/www.africa-press.net\/centrafricaine\/?s={search_term_string}"},"query-input":{"@type":"PropertyValueSpecification","valueRequired":true,"valueName":"search_term_string"}}],"inLanguage":"fr-FR"},{"@type":"Person","@id":"https:\/\/www.africa-press.net\/centrafricaine\/#\/schema\/person\/2b1cf3cd81a31e3cd26889ca66d677f1","name":"cfeditorfr"}]}},"_links":{"self":[{"href":"https:\/\/www.africa-press.net\/centrafricaine\/wp-json\/wp\/v2\/posts\/51431","targetHints":{"allow":["GET"]}}],"collection":[{"href":"https:\/\/www.africa-press.net\/centrafricaine\/wp-json\/wp\/v2\/posts"}],"about":[{"href":"https:\/\/www.africa-press.net\/centrafricaine\/wp-json\/wp\/v2\/types\/post"}],"author":[{"embeddable":true,"href":"https:\/\/www.africa-press.net\/centrafricaine\/wp-json\/wp\/v2\/users\/82"}],"replies":[{"embeddable":true,"href":"https:\/\/www.africa-press.net\/centrafricaine\/wp-json\/wp\/v2\/comments?post=51431"}],"version-history":[{"count":0,"href":"https:\/\/www.africa-press.net\/centrafricaine\/wp-json\/wp\/v2\/posts\/51431\/revisions"}],"wp:featuredmedia":[{"embeddable":true,"href":"https:\/\/www.africa-press.net\/centrafricaine\/wp-json\/wp\/v2\/media\/51430"}],"wp:attachment":[{"href":"https:\/\/www.africa-press.net\/centrafricaine\/wp-json\/wp\/v2\/media?parent=51431"}],"wp:term":[{"taxonomy":"category","embeddable":true,"href":"https:\/\/www.africa-press.net\/centrafricaine\/wp-json\/wp\/v2\/categories?post=51431"},{"taxonomy":"post_tag","embeddable":true,"href":"https:\/\/www.africa-press.net\/centrafricaine\/wp-json\/wp\/v2\/tags?post=51431"}],"curies":[{"name":"wp","href":"https:\/\/api.w.org\/{rel}","templated":true}]}}