{"id":51435,"date":"2024-01-08T16:12:19","date_gmt":"2024-01-08T16:12:19","guid":{"rendered":"https:\/\/www.africa-press.net\/centrafricaine\/politique\/open-karate-de-bimbo-pour-cloturer-lannee-2023"},"modified":"2024-01-09T15:41:52","modified_gmt":"2024-01-09T15:41:52","slug":"open-karate-de-bimbo-pour-cloturer-lannee-2023","status":"publish","type":"post","link":"https:\/\/www.africa-press.net\/centrafricaine\/sports\/open-karate-de-bimbo-pour-cloturer-lannee-2023","title":{"rendered":"\u00ab Open Karat\u00e9 de Bimbo \u00bb pour cl\u00f4turer l\u2019ann\u00e9e 2023"},"content":{"rendered":"<p><span style=\"color: #ff6600\"><strong>Africa-Press &#8211; CentrAfricaine. <\/strong><\/span>En de\u0301but d\u2019apre\u0300s-midi du 30 de\u0301cembre 2023, le club karate\u0301 shotokan de Bimbo, a organise\u0301 une compe\u0301tition de\u0301nomme\u0301e \u00ab Open Karate\u0301 de Bimbo \u00bb sur le terrain de Basketball de l\u2019e\u0301cole pre\u0301fectorale avec la participation de plusieurs athle\u0300tes dudit club.<\/p>\n<p>L\u2019anne\u0301e 2023, s\u2019ache\u0300ve sur note de satisfaction dans une compe\u0301tition de\u0301nomme\u0301e \u00ab Open Karate\u0301 de Bimbo \u00bb, le club de Bimbo, travaille sous la Fe\u0301de\u0301ration Centrafricaine de Karate\u0301 et Arts martiaux Affinitaire (Feckama). Il sensibilise le public particulie\u0300rement les parents d\u2019inscrire leurs enfants dans cette discipline d\u2019art martial qui est toute une e\u0301cole d\u2019apprentissage extra e\u0301ducationnel.<\/p>\n<p>Le directeur technique, Marcel Makpayen Kpamanda, ceinture noire, 5eme Dan, revient sur la clo\u0302ture du calendrier sportif 2023: \u00ab Nous sommes en train de finir notre calendrier sportif 2023, la toute dernie\u0300re activite\u0301 de l\u2019anne\u0301e ce, \u00ab Open karate\u0301 de Bimbo \u00bb avec toutes les cate\u0301gories confondues, des enfants et des adultes ou on note une participation de plus d\u2019une vingtaine d\u2019athle\u0300tes qui sont sur le terrain \u00bb<\/p>\n<p>Maitre Richard Ndems, capitaine de l\u2019e\u0301quipe nationale a approuve\u0301 l\u2019organisation de cette compe\u0301tition \u00ab Open karate\u0301 de Bimbo \u00bb, alors qu\u2019il a contribue\u0301 techniquement dans l\u2019arbitrage et le classement: \u00ab Je suis content pour venir assister le club shotokan karate\u0301 de Bimbo qui, est en train de boucler son agenda 2023. Mon appui au co\u0302te\u0301 technique de l\u2019arbitrage et le classement des compe\u0301titeurs est important suite a\u0300 des stages et formations a\u0300 l\u2019e\u0301tranger, cela m\u2019a permis d\u2019e\u0302tre plus utile, de valoriser cette discipline de l\u2019art martial en donnant un coup de main indispensable. Je fe\u0301licite le club karate\u0301 de Bimbo de leur manie\u0300re de pousser ce sport vers l\u2019avant \u00bb<\/p>\n<p>En 2024, le bureau du club Shotokan de karate\u0301 a de\u0301ja\u0300 projete\u0301 des se\u0301ries d\u2019activite\u0301s a\u0300 re\u0301aliser plus des activite\u0301s que l\u2019anne\u0301e qui s\u2019est acheve\u0301e. L\u2019espoir demeure, certainement sur l\u2019appui de la diaspora qui ne me\u0301nage aucun effort pour soutenir ledit club avec une bonne re\u0301ussite en 2023.<\/p>\n<p>Pour les responsables de club Karate\u0301 shotokan de Bimbo, les difficulte\u0301s rencontre\u0301es en cour de cette anne\u0301e sont e\u0301normes. Les responsables se sont rendus compte de l\u2019abandon par les administre\u0301s ainsi que les autorite\u0301s locales. Ce club lance un appel a\u0300 toutes les entreprises re\u0301sidentes a\u0300 Bimbo, de lui venir en aide pour la promotion de sport.<\/p>\n<p>Le principe de karate\u0301, c\u2019est de la pratiquer dans la salle mais la maison des jeunes de Bimbo ne re\u0301pond pas aux exigences de la pratique des sports en salle. Mais, les athle\u0300tes le font dehors et manquent de tatami.<\/p>\n<p><strong>Pour plus d&rsquo;informations et d&rsquo;analyses sur la <a href=\"https:\/\/www.africa-press.net\/centrafricaine\">CentrAfricaine<\/a>, suivez <a href=\"https:\/\/www.africa-press.net\/\">Africa-Press<\/a><\/strong><\/p>\n","protected":false},"excerpt":{"rendered":"<p>Africa-Press &#8211; CentrAfricaine. En de\u0301but d\u2019apre\u0300s-midi du 30 de\u0301cembre 2023, le club karate\u0301 shotokan de Bimbo, a organise\u0301 une compe\u0301tition de\u0301nomme\u0301e \u00ab Open Karate\u0301 de Bimbo \u00bb sur le terrain de Basketball de l\u2019e\u0301cole pre\u0301fectorale avec la participation de plusieurs athle\u0300tes dudit club. L\u2019anne\u0301e 2023, s\u2019ache\u0300ve sur note de satisfaction dans une compe\u0301tition de\u0301nomme\u0301e \u00ab [&hellip;]<\/p>\n","protected":false},"author":82,"featured_media":51434,"comment_status":"open","ping_status":"closed","sticky":false,"template":"","format":"standard","meta":{"footnotes":""},"categories":[6,10],"tags":[36,58,30],"class_list":["post-51435","post","type-post","status-publish","format-standard","has-post-thumbnail","hentry","category-sports","category-toutes-les-actualites","tag-africa-press","tag-africa-press-centrafricaine","tag-centrafricaine"],"yoast_head":"<!-- This site is optimized with the Yoast SEO Premium plugin v26.1 (Yoast SEO v27.0) - https:\/\/yoast.com\/product\/yoast-seo-premium-wordpress\/ -->\n<title>\u00ab Open Karat\u00e9 de Bimbo \u00bb pour cl\u00f4turer l\u2019ann\u00e9e 2023 - centrafricaine<\/title>\n<meta name=\"description\" content=\"En de\u0301but d\u2019apre\u0300s-midi du 30 de\u0301cembre 2023, le club karate\u0301 shotokan de Bimbo, a organise\u0301 une compe\u0301tition de\u0301nomme\u0301e ...\" \/>\n<meta name=\"robots\" content=\"index, follow, max-snippet:-1, max-image-preview:large, max-video-preview:-1\" \/>\n<link rel=\"canonical\" href=\"https:\/\/www.africa-press.net\/centrafricaine\/sports\/open-karate-de-bimbo-pour-cloturer-lannee-2023\" \/>\n<meta property=\"og:locale\" content=\"fr_FR\" \/>\n<meta property=\"og:type\" content=\"article\" \/>\n<meta property=\"og:title\" content=\"\u00ab Open Karat\u00e9 de Bimbo \u00bb pour cl\u00f4turer l\u2019ann\u00e9e 2023\" \/>\n<meta property=\"og:description\" content=\"En de\u0301but d\u2019apre\u0300s-midi du 30 de\u0301cembre 2023, le club karate\u0301 shotokan de Bimbo, a organise\u0301 une compe\u0301tition de\u0301nomme\u0301e ...\" \/>\n<meta property=\"og:url\" content=\"https:\/\/www.africa-press.net\/centrafricaine\/sports\/open-karate-de-bimbo-pour-cloturer-lannee-2023\" \/>\n<meta property=\"og:site_name\" content=\"centrafricaine\" \/>\n<meta property=\"article:published_time\" content=\"2024-01-08T16:12:19+00:00\" \/>\n<meta property=\"article:modified_time\" content=\"2024-01-09T15:41:52+00:00\" \/>\n<meta property=\"og:image\" content=\"https:\/\/static.africa-press.net\/centrafricaine\/sites\/45\/2024\/01\/sm_1704719762.652779.jpg\" \/>\n\t<meta property=\"og:image:width\" content=\"951\" \/>\n\t<meta property=\"og:image:height\" content=\"637\" \/>\n\t<meta property=\"og:image:type\" content=\"image\/jpeg\" \/>\n<meta name=\"author\" content=\"cfeditorfr\" \/>\n<meta name=\"twitter:card\" content=\"summary_large_image\" \/>\n<meta name=\"twitter:label1\" content=\"\u00c9crit par\" \/>\n\t<meta name=\"twitter:data1\" content=\"cfeditorfr\" \/>\n\t<meta name=\"twitter:label2\" content=\"Dur\u00e9e de lecture estim\u00e9e\" \/>\n\t<meta name=\"twitter:data2\" content=\"2 minutes\" \/>\n<script type=\"application\/ld+json\" class=\"yoast-schema-graph\">{\"@context\":\"https:\/\/schema.org\",\"@graph\":[{\"@type\":\"Article\",\"@id\":\"https:\/\/www.africa-press.net\/centrafricaine\/sports\/open-karate-de-bimbo-pour-cloturer-lannee-2023#article\",\"isPartOf\":{\"@id\":\"https:\/\/www.africa-press.net\/centrafricaine\/sports\/open-karate-de-bimbo-pour-cloturer-lannee-2023\"},\"author\":{\"name\":\"cfeditorfr\",\"@id\":\"https:\/\/www.africa-press.net\/centrafricaine\/#\/schema\/person\/2b1cf3cd81a31e3cd26889ca66d677f1\"},\"headline\":\"\u00ab Open Karat\u00e9 de Bimbo \u00bb pour cl\u00f4turer l\u2019ann\u00e9e 2023\",\"datePublished\":\"2024-01-08T16:12:19+00:00\",\"dateModified\":\"2024-01-09T15:41:52+00:00\",\"mainEntityOfPage\":{\"@id\":\"https:\/\/www.africa-press.net\/centrafricaine\/sports\/open-karate-de-bimbo-pour-cloturer-lannee-2023\"},\"wordCount\":501,\"commentCount\":0,\"image\":{\"@id\":\"https:\/\/www.africa-press.net\/centrafricaine\/sports\/open-karate-de-bimbo-pour-cloturer-lannee-2023#primaryimage\"},\"thumbnailUrl\":\"https:\/\/static.africa-press.net\/centrafricaine\/sites\/45\/2024\/01\/sm_1704719762.652779.jpg\",\"keywords\":[\"Africa Press\",\"Africa Press-CentrAfricaine\",\"CentrAfricaine\"],\"articleSection\":[\"Sports\",\"Toutes les actualit\u00e9s\"],\"inLanguage\":\"fr-FR\",\"potentialAction\":[{\"@type\":\"CommentAction\",\"name\":\"Comment\",\"target\":[\"https:\/\/www.africa-press.net\/centrafricaine\/sports\/open-karate-de-bimbo-pour-cloturer-lannee-2023#respond\"]}]},{\"@type\":\"WebPage\",\"@id\":\"https:\/\/www.africa-press.net\/centrafricaine\/sports\/open-karate-de-bimbo-pour-cloturer-lannee-2023\",\"url\":\"https:\/\/www.africa-press.net\/centrafricaine\/sports\/open-karate-de-bimbo-pour-cloturer-lannee-2023\",\"name\":\"\u00ab Open Karat\u00e9 de Bimbo \u00bb pour cl\u00f4turer l\u2019ann\u00e9e 2023 - centrafricaine\",\"isPartOf\":{\"@id\":\"https:\/\/www.africa-press.net\/centrafricaine\/#website\"},\"primaryImageOfPage\":{\"@id\":\"https:\/\/www.africa-press.net\/centrafricaine\/sports\/open-karate-de-bimbo-pour-cloturer-lannee-2023#primaryimage\"},\"image\":{\"@id\":\"https:\/\/www.africa-press.net\/centrafricaine\/sports\/open-karate-de-bimbo-pour-cloturer-lannee-2023#primaryimage\"},\"thumbnailUrl\":\"https:\/\/static.africa-press.net\/centrafricaine\/sites\/45\/2024\/01\/sm_1704719762.652779.jpg\",\"datePublished\":\"2024-01-08T16:12:19+00:00\",\"dateModified\":\"2024-01-09T15:41:52+00:00\",\"author\":{\"@id\":\"https:\/\/www.africa-press.net\/centrafricaine\/#\/schema\/person\/2b1cf3cd81a31e3cd26889ca66d677f1\"},\"description\":\"En de\u0301but d\u2019apre\u0300s-midi du 30 de\u0301cembre 2023, le club karate\u0301 shotokan de Bimbo, a organise\u0301 une compe\u0301tition de\u0301nomme\u0301e ...\",\"breadcrumb\":{\"@id\":\"https:\/\/www.africa-press.net\/centrafricaine\/sports\/open-karate-de-bimbo-pour-cloturer-lannee-2023#breadcrumb\"},\"inLanguage\":\"fr-FR\",\"potentialAction\":[{\"@type\":\"ReadAction\",\"target\":[\"https:\/\/www.africa-press.net\/centrafricaine\/sports\/open-karate-de-bimbo-pour-cloturer-lannee-2023\"]}]},{\"@type\":\"ImageObject\",\"inLanguage\":\"fr-FR\",\"@id\":\"https:\/\/www.africa-press.net\/centrafricaine\/sports\/open-karate-de-bimbo-pour-cloturer-lannee-2023#primaryimage\",\"url\":\"https:\/\/static.africa-press.net\/centrafricaine\/sites\/45\/2024\/01\/sm_1704719762.652779.jpg\",\"contentUrl\":\"https:\/\/static.africa-press.net\/centrafricaine\/sites\/45\/2024\/01\/sm_1704719762.652779.jpg\",\"width\":951,\"height\":637,\"caption\":\"\u00ab Open Karat\u00e9 de Bimbo \u00bb pour cl\u00f4turer l\u2019ann\u00e9e 2023\"},{\"@type\":\"BreadcrumbList\",\"@id\":\"https:\/\/www.africa-press.net\/centrafricaine\/sports\/open-karate-de-bimbo-pour-cloturer-lannee-2023#breadcrumb\",\"itemListElement\":[{\"@type\":\"ListItem\",\"position\":1,\"name\":\"Accueil\",\"item\":\"https:\/\/www.africa-press.net\/centrafricaine\/\"},{\"@type\":\"ListItem\",\"position\":2,\"name\":\"\u00ab Open Karat\u00e9 de Bimbo \u00bb pour cl\u00f4turer l\u2019ann\u00e9e 2023\"}]},{\"@type\":\"WebSite\",\"@id\":\"https:\/\/www.africa-press.net\/centrafricaine\/#website\",\"url\":\"https:\/\/www.africa-press.net\/centrafricaine\/\",\"name\":\"centrafricaine\",\"description\":\"Just another Africa News Agency Sites site\",\"potentialAction\":[{\"@type\":\"SearchAction\",\"target\":{\"@type\":\"EntryPoint\",\"urlTemplate\":\"https:\/\/www.africa-press.net\/centrafricaine\/?s={search_term_string}\"},\"query-input\":{\"@type\":\"PropertyValueSpecification\",\"valueRequired\":true,\"valueName\":\"search_term_string\"}}],\"inLanguage\":\"fr-FR\"},{\"@type\":\"Person\",\"@id\":\"https:\/\/www.africa-press.net\/centrafricaine\/#\/schema\/person\/2b1cf3cd81a31e3cd26889ca66d677f1\",\"name\":\"cfeditorfr\"}]}<\/script>\n<!-- \/ Yoast SEO Premium plugin. -->","yoast_head_json":{"title":"\u00ab Open Karat\u00e9 de Bimbo \u00bb pour cl\u00f4turer l\u2019ann\u00e9e 2023 - centrafricaine","description":"En de\u0301but d\u2019apre\u0300s-midi du 30 de\u0301cembre 2023, le club karate\u0301 shotokan de Bimbo, a organise\u0301 une compe\u0301tition de\u0301nomme\u0301e ...","robots":{"index":"index","follow":"follow","max-snippet":"max-snippet:-1","max-image-preview":"max-image-preview:large","max-video-preview":"max-video-preview:-1"},"canonical":"https:\/\/www.africa-press.net\/centrafricaine\/sports\/open-karate-de-bimbo-pour-cloturer-lannee-2023","og_locale":"fr_FR","og_type":"article","og_title":"\u00ab Open Karat\u00e9 de Bimbo \u00bb pour cl\u00f4turer l\u2019ann\u00e9e 2023","og_description":"En de\u0301but d\u2019apre\u0300s-midi du 30 de\u0301cembre 2023, le club karate\u0301 shotokan de Bimbo, a organise\u0301 une compe\u0301tition de\u0301nomme\u0301e ...","og_url":"https:\/\/www.africa-press.net\/centrafricaine\/sports\/open-karate-de-bimbo-pour-cloturer-lannee-2023","og_site_name":"centrafricaine","article_published_time":"2024-01-08T16:12:19+00:00","article_modified_time":"2024-01-09T15:41:52+00:00","og_image":[{"width":951,"height":637,"url":"https:\/\/static.africa-press.net\/centrafricaine\/sites\/45\/2024\/01\/sm_1704719762.652779.jpg","type":"image\/jpeg"}],"author":"cfeditorfr","twitter_card":"summary_large_image","twitter_misc":{"\u00c9crit par":"cfeditorfr","Dur\u00e9e de lecture estim\u00e9e":"2 minutes"},"schema":{"@context":"https:\/\/schema.org","@graph":[{"@type":"Article","@id":"https:\/\/www.africa-press.net\/centrafricaine\/sports\/open-karate-de-bimbo-pour-cloturer-lannee-2023#article","isPartOf":{"@id":"https:\/\/www.africa-press.net\/centrafricaine\/sports\/open-karate-de-bimbo-pour-cloturer-lannee-2023"},"author":{"name":"cfeditorfr","@id":"https:\/\/www.africa-press.net\/centrafricaine\/#\/schema\/person\/2b1cf3cd81a31e3cd26889ca66d677f1"},"headline":"\u00ab Open Karat\u00e9 de Bimbo \u00bb pour cl\u00f4turer l\u2019ann\u00e9e 2023","datePublished":"2024-01-08T16:12:19+00:00","dateModified":"2024-01-09T15:41:52+00:00","mainEntityOfPage":{"@id":"https:\/\/www.africa-press.net\/centrafricaine\/sports\/open-karate-de-bimbo-pour-cloturer-lannee-2023"},"wordCount":501,"commentCount":0,"image":{"@id":"https:\/\/www.africa-press.net\/centrafricaine\/sports\/open-karate-de-bimbo-pour-cloturer-lannee-2023#primaryimage"},"thumbnailUrl":"https:\/\/static.africa-press.net\/centrafricaine\/sites\/45\/2024\/01\/sm_1704719762.652779.jpg","keywords":["Africa Press","Africa Press-CentrAfricaine","CentrAfricaine"],"articleSection":["Sports","Toutes les actualit\u00e9s"],"inLanguage":"fr-FR","potentialAction":[{"@type":"CommentAction","name":"Comment","target":["https:\/\/www.africa-press.net\/centrafricaine\/sports\/open-karate-de-bimbo-pour-cloturer-lannee-2023#respond"]}]},{"@type":"WebPage","@id":"https:\/\/www.africa-press.net\/centrafricaine\/sports\/open-karate-de-bimbo-pour-cloturer-lannee-2023","url":"https:\/\/www.africa-press.net\/centrafricaine\/sports\/open-karate-de-bimbo-pour-cloturer-lannee-2023","name":"\u00ab Open Karat\u00e9 de Bimbo \u00bb pour cl\u00f4turer l\u2019ann\u00e9e 2023 - centrafricaine","isPartOf":{"@id":"https:\/\/www.africa-press.net\/centrafricaine\/#website"},"primaryImageOfPage":{"@id":"https:\/\/www.africa-press.net\/centrafricaine\/sports\/open-karate-de-bimbo-pour-cloturer-lannee-2023#primaryimage"},"image":{"@id":"https:\/\/www.africa-press.net\/centrafricaine\/sports\/open-karate-de-bimbo-pour-cloturer-lannee-2023#primaryimage"},"thumbnailUrl":"https:\/\/static.africa-press.net\/centrafricaine\/sites\/45\/2024\/01\/sm_1704719762.652779.jpg","datePublished":"2024-01-08T16:12:19+00:00","dateModified":"2024-01-09T15:41:52+00:00","author":{"@id":"https:\/\/www.africa-press.net\/centrafricaine\/#\/schema\/person\/2b1cf3cd81a31e3cd26889ca66d677f1"},"description":"En de\u0301but d\u2019apre\u0300s-midi du 30 de\u0301cembre 2023, le club karate\u0301 shotokan de Bimbo, a organise\u0301 une compe\u0301tition de\u0301nomme\u0301e ...","breadcrumb":{"@id":"https:\/\/www.africa-press.net\/centrafricaine\/sports\/open-karate-de-bimbo-pour-cloturer-lannee-2023#breadcrumb"},"inLanguage":"fr-FR","potentialAction":[{"@type":"ReadAction","target":["https:\/\/www.africa-press.net\/centrafricaine\/sports\/open-karate-de-bimbo-pour-cloturer-lannee-2023"]}]},{"@type":"ImageObject","inLanguage":"fr-FR","@id":"https:\/\/www.africa-press.net\/centrafricaine\/sports\/open-karate-de-bimbo-pour-cloturer-lannee-2023#primaryimage","url":"https:\/\/static.africa-press.net\/centrafricaine\/sites\/45\/2024\/01\/sm_1704719762.652779.jpg","contentUrl":"https:\/\/static.africa-press.net\/centrafricaine\/sites\/45\/2024\/01\/sm_1704719762.652779.jpg","width":951,"height":637,"caption":"\u00ab Open Karat\u00e9 de Bimbo \u00bb pour cl\u00f4turer l\u2019ann\u00e9e 2023"},{"@type":"BreadcrumbList","@id":"https:\/\/www.africa-press.net\/centrafricaine\/sports\/open-karate-de-bimbo-pour-cloturer-lannee-2023#breadcrumb","itemListElement":[{"@type":"ListItem","position":1,"name":"Accueil","item":"https:\/\/www.africa-press.net\/centrafricaine\/"},{"@type":"ListItem","position":2,"name":"\u00ab Open Karat\u00e9 de Bimbo \u00bb pour cl\u00f4turer l\u2019ann\u00e9e 2023"}]},{"@type":"WebSite","@id":"https:\/\/www.africa-press.net\/centrafricaine\/#website","url":"https:\/\/www.africa-press.net\/centrafricaine\/","name":"centrafricaine","description":"Just another Africa News Agency Sites site","potentialAction":[{"@type":"SearchAction","target":{"@type":"EntryPoint","urlTemplate":"https:\/\/www.africa-press.net\/centrafricaine\/?s={search_term_string}"},"query-input":{"@type":"PropertyValueSpecification","valueRequired":true,"valueName":"search_term_string"}}],"inLanguage":"fr-FR"},{"@type":"Person","@id":"https:\/\/www.africa-press.net\/centrafricaine\/#\/schema\/person\/2b1cf3cd81a31e3cd26889ca66d677f1","name":"cfeditorfr"}]}},"_links":{"self":[{"href":"https:\/\/www.africa-press.net\/centrafricaine\/wp-json\/wp\/v2\/posts\/51435","targetHints":{"allow":["GET"]}}],"collection":[{"href":"https:\/\/www.africa-press.net\/centrafricaine\/wp-json\/wp\/v2\/posts"}],"about":[{"href":"https:\/\/www.africa-press.net\/centrafricaine\/wp-json\/wp\/v2\/types\/post"}],"author":[{"embeddable":true,"href":"https:\/\/www.africa-press.net\/centrafricaine\/wp-json\/wp\/v2\/users\/82"}],"replies":[{"embeddable":true,"href":"https:\/\/www.africa-press.net\/centrafricaine\/wp-json\/wp\/v2\/comments?post=51435"}],"version-history":[{"count":0,"href":"https:\/\/www.africa-press.net\/centrafricaine\/wp-json\/wp\/v2\/posts\/51435\/revisions"}],"wp:featuredmedia":[{"embeddable":true,"href":"https:\/\/www.africa-press.net\/centrafricaine\/wp-json\/wp\/v2\/media\/51434"}],"wp:attachment":[{"href":"https:\/\/www.africa-press.net\/centrafricaine\/wp-json\/wp\/v2\/media?parent=51435"}],"wp:term":[{"taxonomy":"category","embeddable":true,"href":"https:\/\/www.africa-press.net\/centrafricaine\/wp-json\/wp\/v2\/categories?post=51435"},{"taxonomy":"post_tag","embeddable":true,"href":"https:\/\/www.africa-press.net\/centrafricaine\/wp-json\/wp\/v2\/tags?post=51435"}],"curies":[{"name":"wp","href":"https:\/\/api.w.org\/{rel}","templated":true}]}}