{"id":51470,"date":"2024-01-09T16:39:26","date_gmt":"2024-01-09T16:39:26","guid":{"rendered":"https:\/\/www.africa-press.net\/centrafricaine\/politique\/des-morts-et-des-blesses-dans-lattaque-de-la-base-des-faca-a-kabo"},"modified":"2024-01-09T17:50:07","modified_gmt":"2024-01-09T17:50:07","slug":"des-morts-et-des-blesses-dans-lattaque-de-la-base-des-faca-a-kabo","status":"publish","type":"post","link":"https:\/\/www.africa-press.net\/centrafricaine\/politique\/des-morts-et-des-blesses-dans-lattaque-de-la-base-des-faca-a-kabo","title":{"rendered":"des morts et des bless\u00e9s dans l\u2019attaque de la base des Faca \u00e0 Kabo"},"content":{"rendered":"<p><span style=\"color: #ff6600\"><strong>Africa-Press &#8211; CentrAfricaine. <\/strong><\/span>La base des Forces arme\u0301es centrafricaines de Kabo a e\u0301te\u0301 vise\u0301e to\u0302t ce matin par une attaque d\u2019hommes arme\u0301s assimile\u0301s aux rebelles de la Coalition des patriotes pour le changement (CPC). Le bilan provisoire fait e\u0301tat de plusieurs militaires et d\u2019un civil tue\u0301s. On de\u0301nombre aussi plus d\u2019une dizaine de blesse\u0301s, majoritairement des civils. Pour le moment, la ville est sous le contro\u0302le de l\u2019arme\u0301e et de ses allie\u0301s russes de\u0301ploye\u0301s en renforts.<\/p>\n<p>Alors que l\u2019attaque n\u2019est pas encore revendique\u0301e, ni l\u2019E\u0301tat-major des arme\u0301es ni le gouvernement n\u2019ont encore officiellement re\u0301agi.<\/p>\n<p><strong>Pour plus d&rsquo;informations et d&rsquo;analyses sur la <a href=\"https:\/\/www.africa-press.net\/centrafricaine\">CentrAfricaine<\/a>, suivez <a href=\"https:\/\/www.africa-press.net\/\">Africa-Press<\/a><\/strong><\/p>\n","protected":false},"excerpt":{"rendered":"<p>Africa-Press &#8211; CentrAfricaine. La base des Forces arme\u0301es centrafricaines de Kabo a e\u0301te\u0301 vise\u0301e to\u0302t ce matin par une attaque d\u2019hommes arme\u0301s assimile\u0301s aux rebelles de la Coalition des patriotes pour le changement (CPC). Le bilan provisoire fait e\u0301tat de plusieurs militaires et d\u2019un civil tue\u0301s. On de\u0301nombre aussi plus d\u2019une dizaine de blesse\u0301s, majoritairement [&hellip;]<\/p>\n","protected":false},"author":82,"featured_media":51469,"comment_status":"open","ping_status":"closed","sticky":false,"template":"","format":"standard","meta":{"footnotes":""},"categories":[2,20,10],"tags":[36,58,30],"class_list":["post-51470","post","type-post","status-publish","format-standard","has-post-thumbnail","hentry","category-politique","category-top-nouvelles","category-toutes-les-actualites","tag-africa-press","tag-africa-press-centrafricaine","tag-centrafricaine"],"yoast_head":"<!-- This site is optimized with the Yoast SEO Premium plugin v26.1 (Yoast SEO v27.0) - https:\/\/yoast.com\/product\/yoast-seo-premium-wordpress\/ -->\n<title>des morts et des bless\u00e9s dans l\u2019attaque de la base des Faca \u00e0 Kabo - centrafricaine<\/title>\n<meta name=\"description\" content=\"La base des Forces arme\u0301es centrafricaines de Kabo a e\u0301te\u0301 vise\u0301e to\u0302t ce matin par une attaque d\u2019hommes arme\u0301s assimile ...\" \/>\n<meta name=\"robots\" content=\"index, follow, max-snippet:-1, max-image-preview:large, max-video-preview:-1\" \/>\n<link rel=\"canonical\" href=\"https:\/\/www.africa-press.net\/centrafricaine\/politique\/des-morts-et-des-blesses-dans-lattaque-de-la-base-des-faca-a-kabo\" \/>\n<meta property=\"og:locale\" content=\"fr_FR\" \/>\n<meta property=\"og:type\" content=\"article\" \/>\n<meta property=\"og:title\" content=\"des morts et des bless\u00e9s dans l\u2019attaque de la base des Faca \u00e0 Kabo\" \/>\n<meta property=\"og:description\" content=\"La base des Forces arme\u0301es centrafricaines de Kabo a e\u0301te\u0301 vise\u0301e to\u0302t ce matin par une attaque d\u2019hommes arme\u0301s assimile ...\" \/>\n<meta property=\"og:url\" content=\"https:\/\/www.africa-press.net\/centrafricaine\/politique\/des-morts-et-des-blesses-dans-lattaque-de-la-base-des-faca-a-kabo\" \/>\n<meta property=\"og:site_name\" content=\"centrafricaine\" \/>\n<meta property=\"article:published_time\" content=\"2024-01-09T16:39:26+00:00\" \/>\n<meta property=\"article:modified_time\" content=\"2024-01-09T17:50:07+00:00\" \/>\n<meta property=\"og:image\" content=\"https:\/\/static.africa-press.net\/centrafricaine\/sites\/45\/2024\/01\/sm_1704809880.029216.jpg\" \/>\n\t<meta property=\"og:image:width\" content=\"720\" \/>\n\t<meta property=\"og:image:height\" content=\"457\" \/>\n\t<meta property=\"og:image:type\" content=\"image\/jpeg\" \/>\n<meta name=\"author\" content=\"cfeditorfr\" \/>\n<meta name=\"twitter:card\" content=\"summary_large_image\" \/>\n<meta name=\"twitter:label1\" content=\"\u00c9crit par\" \/>\n\t<meta name=\"twitter:data1\" content=\"cfeditorfr\" \/>\n\t<meta name=\"twitter:label2\" content=\"Dur\u00e9e de lecture estim\u00e9e\" \/>\n\t<meta name=\"twitter:data2\" content=\"1 minute\" \/>\n<script type=\"application\/ld+json\" class=\"yoast-schema-graph\">{\"@context\":\"https:\/\/schema.org\",\"@graph\":[{\"@type\":\"Article\",\"@id\":\"https:\/\/www.africa-press.net\/centrafricaine\/politique\/des-morts-et-des-blesses-dans-lattaque-de-la-base-des-faca-a-kabo#article\",\"isPartOf\":{\"@id\":\"https:\/\/www.africa-press.net\/centrafricaine\/politique\/des-morts-et-des-blesses-dans-lattaque-de-la-base-des-faca-a-kabo\"},\"author\":{\"name\":\"cfeditorfr\",\"@id\":\"https:\/\/www.africa-press.net\/centrafricaine\/#\/schema\/person\/2b1cf3cd81a31e3cd26889ca66d677f1\"},\"headline\":\"des morts et des bless\u00e9s dans l\u2019attaque de la base des Faca \u00e0 Kabo\",\"datePublished\":\"2024-01-09T16:39:26+00:00\",\"dateModified\":\"2024-01-09T17:50:07+00:00\",\"mainEntityOfPage\":{\"@id\":\"https:\/\/www.africa-press.net\/centrafricaine\/politique\/des-morts-et-des-blesses-dans-lattaque-de-la-base-des-faca-a-kabo\"},\"wordCount\":148,\"commentCount\":0,\"image\":{\"@id\":\"https:\/\/www.africa-press.net\/centrafricaine\/politique\/des-morts-et-des-blesses-dans-lattaque-de-la-base-des-faca-a-kabo#primaryimage\"},\"thumbnailUrl\":\"https:\/\/static.africa-press.net\/centrafricaine\/sites\/45\/2024\/01\/sm_1704809880.029216.jpg\",\"keywords\":[\"Africa Press\",\"Africa Press-CentrAfricaine\",\"CentrAfricaine\"],\"articleSection\":[\"Politique\",\"Top Nouvelles\",\"Toutes les actualit\u00e9s\"],\"inLanguage\":\"fr-FR\",\"potentialAction\":[{\"@type\":\"CommentAction\",\"name\":\"Comment\",\"target\":[\"https:\/\/www.africa-press.net\/centrafricaine\/politique\/des-morts-et-des-blesses-dans-lattaque-de-la-base-des-faca-a-kabo#respond\"]}]},{\"@type\":\"WebPage\",\"@id\":\"https:\/\/www.africa-press.net\/centrafricaine\/politique\/des-morts-et-des-blesses-dans-lattaque-de-la-base-des-faca-a-kabo\",\"url\":\"https:\/\/www.africa-press.net\/centrafricaine\/politique\/des-morts-et-des-blesses-dans-lattaque-de-la-base-des-faca-a-kabo\",\"name\":\"des morts et des bless\u00e9s dans l\u2019attaque de la base des Faca \u00e0 Kabo - centrafricaine\",\"isPartOf\":{\"@id\":\"https:\/\/www.africa-press.net\/centrafricaine\/#website\"},\"primaryImageOfPage\":{\"@id\":\"https:\/\/www.africa-press.net\/centrafricaine\/politique\/des-morts-et-des-blesses-dans-lattaque-de-la-base-des-faca-a-kabo#primaryimage\"},\"image\":{\"@id\":\"https:\/\/www.africa-press.net\/centrafricaine\/politique\/des-morts-et-des-blesses-dans-lattaque-de-la-base-des-faca-a-kabo#primaryimage\"},\"thumbnailUrl\":\"https:\/\/static.africa-press.net\/centrafricaine\/sites\/45\/2024\/01\/sm_1704809880.029216.jpg\",\"datePublished\":\"2024-01-09T16:39:26+00:00\",\"dateModified\":\"2024-01-09T17:50:07+00:00\",\"author\":{\"@id\":\"https:\/\/www.africa-press.net\/centrafricaine\/#\/schema\/person\/2b1cf3cd81a31e3cd26889ca66d677f1\"},\"description\":\"La base des Forces arme\u0301es centrafricaines de Kabo a e\u0301te\u0301 vise\u0301e to\u0302t ce matin par une attaque d\u2019hommes arme\u0301s assimile ...\",\"breadcrumb\":{\"@id\":\"https:\/\/www.africa-press.net\/centrafricaine\/politique\/des-morts-et-des-blesses-dans-lattaque-de-la-base-des-faca-a-kabo#breadcrumb\"},\"inLanguage\":\"fr-FR\",\"potentialAction\":[{\"@type\":\"ReadAction\",\"target\":[\"https:\/\/www.africa-press.net\/centrafricaine\/politique\/des-morts-et-des-blesses-dans-lattaque-de-la-base-des-faca-a-kabo\"]}]},{\"@type\":\"ImageObject\",\"inLanguage\":\"fr-FR\",\"@id\":\"https:\/\/www.africa-press.net\/centrafricaine\/politique\/des-morts-et-des-blesses-dans-lattaque-de-la-base-des-faca-a-kabo#primaryimage\",\"url\":\"https:\/\/static.africa-press.net\/centrafricaine\/sites\/45\/2024\/01\/sm_1704809880.029216.jpg\",\"contentUrl\":\"https:\/\/static.africa-press.net\/centrafricaine\/sites\/45\/2024\/01\/sm_1704809880.029216.jpg\",\"width\":720,\"height\":457,\"caption\":\"des morts et des bless\u00e9s dans l\u2019attaque de la base des Faca \u00e0 Kabo\"},{\"@type\":\"BreadcrumbList\",\"@id\":\"https:\/\/www.africa-press.net\/centrafricaine\/politique\/des-morts-et-des-blesses-dans-lattaque-de-la-base-des-faca-a-kabo#breadcrumb\",\"itemListElement\":[{\"@type\":\"ListItem\",\"position\":1,\"name\":\"Accueil\",\"item\":\"https:\/\/www.africa-press.net\/centrafricaine\/\"},{\"@type\":\"ListItem\",\"position\":2,\"name\":\"des morts et des bless\u00e9s dans l\u2019attaque de la base des Faca \u00e0 Kabo\"}]},{\"@type\":\"WebSite\",\"@id\":\"https:\/\/www.africa-press.net\/centrafricaine\/#website\",\"url\":\"https:\/\/www.africa-press.net\/centrafricaine\/\",\"name\":\"centrafricaine\",\"description\":\"Just another Africa News Agency Sites site\",\"potentialAction\":[{\"@type\":\"SearchAction\",\"target\":{\"@type\":\"EntryPoint\",\"urlTemplate\":\"https:\/\/www.africa-press.net\/centrafricaine\/?s={search_term_string}\"},\"query-input\":{\"@type\":\"PropertyValueSpecification\",\"valueRequired\":true,\"valueName\":\"search_term_string\"}}],\"inLanguage\":\"fr-FR\"},{\"@type\":\"Person\",\"@id\":\"https:\/\/www.africa-press.net\/centrafricaine\/#\/schema\/person\/2b1cf3cd81a31e3cd26889ca66d677f1\",\"name\":\"cfeditorfr\"}]}<\/script>\n<!-- \/ Yoast SEO Premium plugin. -->","yoast_head_json":{"title":"des morts et des bless\u00e9s dans l\u2019attaque de la base des Faca \u00e0 Kabo - centrafricaine","description":"La base des Forces arme\u0301es centrafricaines de Kabo a e\u0301te\u0301 vise\u0301e to\u0302t ce matin par une attaque d\u2019hommes arme\u0301s assimile ...","robots":{"index":"index","follow":"follow","max-snippet":"max-snippet:-1","max-image-preview":"max-image-preview:large","max-video-preview":"max-video-preview:-1"},"canonical":"https:\/\/www.africa-press.net\/centrafricaine\/politique\/des-morts-et-des-blesses-dans-lattaque-de-la-base-des-faca-a-kabo","og_locale":"fr_FR","og_type":"article","og_title":"des morts et des bless\u00e9s dans l\u2019attaque de la base des Faca \u00e0 Kabo","og_description":"La base des Forces arme\u0301es centrafricaines de Kabo a e\u0301te\u0301 vise\u0301e to\u0302t ce matin par une attaque d\u2019hommes arme\u0301s assimile ...","og_url":"https:\/\/www.africa-press.net\/centrafricaine\/politique\/des-morts-et-des-blesses-dans-lattaque-de-la-base-des-faca-a-kabo","og_site_name":"centrafricaine","article_published_time":"2024-01-09T16:39:26+00:00","article_modified_time":"2024-01-09T17:50:07+00:00","og_image":[{"width":720,"height":457,"url":"https:\/\/static.africa-press.net\/centrafricaine\/sites\/45\/2024\/01\/sm_1704809880.029216.jpg","type":"image\/jpeg"}],"author":"cfeditorfr","twitter_card":"summary_large_image","twitter_misc":{"\u00c9crit par":"cfeditorfr","Dur\u00e9e de lecture estim\u00e9e":"1 minute"},"schema":{"@context":"https:\/\/schema.org","@graph":[{"@type":"Article","@id":"https:\/\/www.africa-press.net\/centrafricaine\/politique\/des-morts-et-des-blesses-dans-lattaque-de-la-base-des-faca-a-kabo#article","isPartOf":{"@id":"https:\/\/www.africa-press.net\/centrafricaine\/politique\/des-morts-et-des-blesses-dans-lattaque-de-la-base-des-faca-a-kabo"},"author":{"name":"cfeditorfr","@id":"https:\/\/www.africa-press.net\/centrafricaine\/#\/schema\/person\/2b1cf3cd81a31e3cd26889ca66d677f1"},"headline":"des morts et des bless\u00e9s dans l\u2019attaque de la base des Faca \u00e0 Kabo","datePublished":"2024-01-09T16:39:26+00:00","dateModified":"2024-01-09T17:50:07+00:00","mainEntityOfPage":{"@id":"https:\/\/www.africa-press.net\/centrafricaine\/politique\/des-morts-et-des-blesses-dans-lattaque-de-la-base-des-faca-a-kabo"},"wordCount":148,"commentCount":0,"image":{"@id":"https:\/\/www.africa-press.net\/centrafricaine\/politique\/des-morts-et-des-blesses-dans-lattaque-de-la-base-des-faca-a-kabo#primaryimage"},"thumbnailUrl":"https:\/\/static.africa-press.net\/centrafricaine\/sites\/45\/2024\/01\/sm_1704809880.029216.jpg","keywords":["Africa Press","Africa Press-CentrAfricaine","CentrAfricaine"],"articleSection":["Politique","Top Nouvelles","Toutes les actualit\u00e9s"],"inLanguage":"fr-FR","potentialAction":[{"@type":"CommentAction","name":"Comment","target":["https:\/\/www.africa-press.net\/centrafricaine\/politique\/des-morts-et-des-blesses-dans-lattaque-de-la-base-des-faca-a-kabo#respond"]}]},{"@type":"WebPage","@id":"https:\/\/www.africa-press.net\/centrafricaine\/politique\/des-morts-et-des-blesses-dans-lattaque-de-la-base-des-faca-a-kabo","url":"https:\/\/www.africa-press.net\/centrafricaine\/politique\/des-morts-et-des-blesses-dans-lattaque-de-la-base-des-faca-a-kabo","name":"des morts et des bless\u00e9s dans l\u2019attaque de la base des Faca \u00e0 Kabo - centrafricaine","isPartOf":{"@id":"https:\/\/www.africa-press.net\/centrafricaine\/#website"},"primaryImageOfPage":{"@id":"https:\/\/www.africa-press.net\/centrafricaine\/politique\/des-morts-et-des-blesses-dans-lattaque-de-la-base-des-faca-a-kabo#primaryimage"},"image":{"@id":"https:\/\/www.africa-press.net\/centrafricaine\/politique\/des-morts-et-des-blesses-dans-lattaque-de-la-base-des-faca-a-kabo#primaryimage"},"thumbnailUrl":"https:\/\/static.africa-press.net\/centrafricaine\/sites\/45\/2024\/01\/sm_1704809880.029216.jpg","datePublished":"2024-01-09T16:39:26+00:00","dateModified":"2024-01-09T17:50:07+00:00","author":{"@id":"https:\/\/www.africa-press.net\/centrafricaine\/#\/schema\/person\/2b1cf3cd81a31e3cd26889ca66d677f1"},"description":"La base des Forces arme\u0301es centrafricaines de Kabo a e\u0301te\u0301 vise\u0301e to\u0302t ce matin par une attaque d\u2019hommes arme\u0301s assimile ...","breadcrumb":{"@id":"https:\/\/www.africa-press.net\/centrafricaine\/politique\/des-morts-et-des-blesses-dans-lattaque-de-la-base-des-faca-a-kabo#breadcrumb"},"inLanguage":"fr-FR","potentialAction":[{"@type":"ReadAction","target":["https:\/\/www.africa-press.net\/centrafricaine\/politique\/des-morts-et-des-blesses-dans-lattaque-de-la-base-des-faca-a-kabo"]}]},{"@type":"ImageObject","inLanguage":"fr-FR","@id":"https:\/\/www.africa-press.net\/centrafricaine\/politique\/des-morts-et-des-blesses-dans-lattaque-de-la-base-des-faca-a-kabo#primaryimage","url":"https:\/\/static.africa-press.net\/centrafricaine\/sites\/45\/2024\/01\/sm_1704809880.029216.jpg","contentUrl":"https:\/\/static.africa-press.net\/centrafricaine\/sites\/45\/2024\/01\/sm_1704809880.029216.jpg","width":720,"height":457,"caption":"des morts et des bless\u00e9s dans l\u2019attaque de la base des Faca \u00e0 Kabo"},{"@type":"BreadcrumbList","@id":"https:\/\/www.africa-press.net\/centrafricaine\/politique\/des-morts-et-des-blesses-dans-lattaque-de-la-base-des-faca-a-kabo#breadcrumb","itemListElement":[{"@type":"ListItem","position":1,"name":"Accueil","item":"https:\/\/www.africa-press.net\/centrafricaine\/"},{"@type":"ListItem","position":2,"name":"des morts et des bless\u00e9s dans l\u2019attaque de la base des Faca \u00e0 Kabo"}]},{"@type":"WebSite","@id":"https:\/\/www.africa-press.net\/centrafricaine\/#website","url":"https:\/\/www.africa-press.net\/centrafricaine\/","name":"centrafricaine","description":"Just another Africa News Agency Sites site","potentialAction":[{"@type":"SearchAction","target":{"@type":"EntryPoint","urlTemplate":"https:\/\/www.africa-press.net\/centrafricaine\/?s={search_term_string}"},"query-input":{"@type":"PropertyValueSpecification","valueRequired":true,"valueName":"search_term_string"}}],"inLanguage":"fr-FR"},{"@type":"Person","@id":"https:\/\/www.africa-press.net\/centrafricaine\/#\/schema\/person\/2b1cf3cd81a31e3cd26889ca66d677f1","name":"cfeditorfr"}]}},"_links":{"self":[{"href":"https:\/\/www.africa-press.net\/centrafricaine\/wp-json\/wp\/v2\/posts\/51470","targetHints":{"allow":["GET"]}}],"collection":[{"href":"https:\/\/www.africa-press.net\/centrafricaine\/wp-json\/wp\/v2\/posts"}],"about":[{"href":"https:\/\/www.africa-press.net\/centrafricaine\/wp-json\/wp\/v2\/types\/post"}],"author":[{"embeddable":true,"href":"https:\/\/www.africa-press.net\/centrafricaine\/wp-json\/wp\/v2\/users\/82"}],"replies":[{"embeddable":true,"href":"https:\/\/www.africa-press.net\/centrafricaine\/wp-json\/wp\/v2\/comments?post=51470"}],"version-history":[{"count":0,"href":"https:\/\/www.africa-press.net\/centrafricaine\/wp-json\/wp\/v2\/posts\/51470\/revisions"}],"wp:featuredmedia":[{"embeddable":true,"href":"https:\/\/www.africa-press.net\/centrafricaine\/wp-json\/wp\/v2\/media\/51469"}],"wp:attachment":[{"href":"https:\/\/www.africa-press.net\/centrafricaine\/wp-json\/wp\/v2\/media?parent=51470"}],"wp:term":[{"taxonomy":"category","embeddable":true,"href":"https:\/\/www.africa-press.net\/centrafricaine\/wp-json\/wp\/v2\/categories?post=51470"},{"taxonomy":"post_tag","embeddable":true,"href":"https:\/\/www.africa-press.net\/centrafricaine\/wp-json\/wp\/v2\/tags?post=51470"}],"curies":[{"name":"wp","href":"https:\/\/api.w.org\/{rel}","templated":true}]}}