{"id":51507,"date":"2024-01-10T16:07:59","date_gmt":"2024-01-10T16:07:59","guid":{"rendered":"https:\/\/www.africa-press.net\/centrafricaine\/politique\/gendarmerie-nationale-la-fpu2-senvole-aujourdhui-pour-une-mission-de-maintien-de-la-paix-en-republique-centrafricaine"},"modified":"2024-01-10T16:49:25","modified_gmt":"2024-01-10T16:49:25","slug":"gendarmerie-nationale-la-fpu2-senvole-aujourdhui-pour-une-mission-de-maintien-de-la-paix-en-republique-centrafricaine","status":"publish","type":"post","link":"https:\/\/www.africa-press.net\/centrafricaine\/politique\/gendarmerie-nationale-la-fpu2-senvole-aujourdhui-pour-une-mission-de-maintien-de-la-paix-en-republique-centrafricaine","title":{"rendered":"Gendarmerie nationale :  La FPU2 s\u2019envole aujourd\u2019hui pour une mission de maintien de la paix en R\u00e9publique centrafricaine"},"content":{"rendered":"<p><span style=\"color: #ff6600\"><strong>Africa-Press &#8211; CentrAfricaine. <\/strong><\/span>Un an apre\u0300s le de\u0301ploiement re\u0301ussi de la premie\u0300re unite\u0301 de police constitue\u0301e en mission de maintien de la paix en Re\u0301publique centrafricaine, la Gendarmerie Nationale se pre\u0301pare a\u0300 proce\u0301der a\u0300 la rotation de la FPU1 qui rentre le 9 janvier 2024 et la FPU2 en partance pour la Centrafrique le 10 janvier pour la rele\u0300ve.<\/p>\n<p>Dans ce cadre, le Haut Commandement de la Gendarmerie a organise\u0301 lundi 8 janvier 2024 une ce\u0301re\u0301monie grandiose en l\u2019honneur du de\u0301part de la 2e\u0300me FPU de la Gendarmerie Nationale.<\/p>\n<p>Organise\u0301 au Centre de Confe\u0301rence \u00ab Lieutenant-colonel Hoche Robleh Idleh \u00bb sous la pre\u0301sidence du ministre de la De\u0301fense, charge\u0301 des relations avec le parlement, Hassan Omar Mohamed Bourhan, l\u2019e\u0301ve\u0301nement a vu la participation du colonel Zakaria Hassan Aden, Chef d\u2019Etat-major de la Gendarmerie Nationale, de tous les officiers supe\u0301rieurs de la Gendarmerie et de l\u2019ensemble des personnels de la FPU2.<\/p>\n<p>A son arrive\u0301e au centre de confe\u0301rence, le Ministre de la De\u0301fense a d\u2019abord salue\u0301 le piquet d\u2019honneur dresse\u0301 en son honneur avant de prendre part a\u0300 la photo de groupe aux co\u0302te\u0301s du chef d\u2019Etat-major de la Gendarmerie et des membres de la FPU2.<\/p>\n<p>La ce\u0301re\u0301monie a de\u0301bute\u0301 par la lecture de quelques versets du saint Coran, suivie des allocutions du Chef d\u2019Etat-Major de la Gendarmerie Nationale et du Ministre de la De\u0301fense, en charge des relations avec le Parlement. La ce\u0301re\u0301monie a e\u0301te\u0301 agre\u0301mente\u0301e d\u2019un petit de\u0301jeuner offert par le Chef d\u2019Etat-major de la Gendarmerie Nationale.<\/p>\n<p>Dans son allocution, le colonel Zakaria Hassan Aden a rendu un vibrant hommage au Pre\u0301sident de la Re\u0301publique et Chef Supre\u0302me des Arme\u0301es, Ismai\u0308l Omar Guelleh, pour sa confiance et son soutien inconditionnel a\u0300 la Gendarmerie, plus particulie\u0300rement dans l\u2019aboutissement de ce projet majeur.<\/p>\n<p>L\u2019autorite\u0301 militaire a e\u0301galement te\u0301moigne\u0301 sa gratitude au Ministre de la De\u0301fense, Hassan Omar Mohamed Bourhan, pour son soutien de tous les instants.<\/p>\n<p>Ensuite, le Chef d\u2019Etat-major s\u2019est longuement adresse\u0301 aux femmes et aux hommes de la FPU2 et prodigue\u0301 des conseils en ces termes: \u00ab je vous exhorte a\u0300 faire toujours montre de rigueur, de discipline, de se\u0301rieux, de de\u0301vouement. Portez haut les couleurs de la Gendarmerie, agissez avec professionnalisme et compassion et contribuez de manie\u0300re significative a\u0300 la paix et a\u0300 la se\u0301curite\u0301 en Centrafrique \u00bb.<\/p>\n<p>Enfin, le Colonel Zakaria Hassan Aden a remercie\u0301 tous les partenaires locaux et des pays amis pour leur pre\u0301cieuse assistance dans la pre\u0301paration de la FPU2. Pour conclure, le chef militaire a fe\u0301licite\u0301 l\u2019ensemble de la troupe pour son engagement et lui a souhaite\u0301 plein succe\u0300s dans sa mission.<\/p>\n<p>Le ministre de la De\u0301fense, charge\u0301 des relations avec le parlement, Hassan Omar Mohamed Bourhan, a, lui aussi, prononce\u0301 un discours lors de cette ce\u0301re\u0301monie dans lequel il a dit: \u00ab Aujourd\u2019hui nous envoyons nos femmes et hommes les plus compe\u0301tents, les plus forme\u0301s et les plus de\u0301voue\u0301s pour participer a\u0300 la construction d\u2019une paix durable dans une re\u0301gion qui en a grand besoin \u00bb.<\/p>\n<p>En poursuivant son allocution, le ministre de la De\u0301fense s\u2019est adresse\u0301 a\u0300 la troupe en ces termes: \u00ab Vous partez avec la mission noble de promouvoir la paix, la stabilite\u0301 et la re\u0301conciliation dans un pays en trouble. Soyez assure\u0301s que votre gouvernement et vos concitoyens sont derrie\u0300re vous, vous soutenant inconditionnellement dans votre que\u0302te pour apporter l\u2019espoir a\u0300 ceux qui en ont le plus besoin. \u00bb<\/p>\n<p>L\u2019autorite\u0301 gouvernementale a formule\u0301 une prie\u0300re a\u0300 l\u2019endroit de la troupe dans ces mots: \u00ab Que cette mission soit couronne\u0301e de succe\u0300s, que vos efforts contribuent a\u0300 ba\u0302tir un avenir meilleur et plus su\u0302r pour nos fre\u0300res centrafricains. Que la protection divine soit avec vous tout au long de votre mission et que vous reveniez tous sains et saufs \u00bb.<\/p>\n<p>La ce\u0301re\u0301monie a pris fin par la lecture de prie\u0300res collectives dirige\u0301es par l\u2019imam de l\u2019Institution.<\/p>\n\r\n                <style type=\"text\/css\">\r\n                    \r\n                    #td_uid_1_69f20dd36f7ac  .td-doubleSlider-2 .td-item1 {\r\n                        background: url(https:\/\/static.africa-press.net\/centrafricaine\/sites\/45\/2024\/01\/sm_1704892650.117161-80x60.jpg) 0 0 no-repeat;\r\n                    }\r\n                    #td_uid_1_69f20dd36f7ac  .td-doubleSlider-2 .td-item2 {\r\n                        background: url(https:\/\/static.africa-press.net\/centrafricaine\/sites\/45\/2024\/01\/sm_1704892664.139342-80x60.jpg) 0 0 no-repeat;\r\n                    }\r\n                    #td_uid_1_69f20dd36f7ac  .td-doubleSlider-2 .td-item3 {\r\n                        background: url(https:\/\/static.africa-press.net\/centrafricaine\/sites\/45\/2024\/01\/sm_1704892679.137241-80x60.jpg) 0 0 no-repeat;\r\n                    }\r\n                    #td_uid_1_69f20dd36f7ac  .td-doubleSlider-2 .td-item4 {\r\n                        background: url(https:\/\/static.africa-press.net\/centrafricaine\/sites\/45\/2024\/01\/sm_1704892691.410067-80x60.jpg) 0 0 no-repeat;\r\n                    }\r\n                    #td_uid_1_69f20dd36f7ac  .td-doubleSlider-2 .td-item5 {\r\n                        background: url(https:\/\/static.africa-press.net\/centrafricaine\/sites\/45\/2024\/01\/sm_1704892705.071337-80x60.jpg) 0 0 no-repeat;\r\n                    }\r\n                    #td_uid_1_69f20dd36f7ac  .td-doubleSlider-2 .td-item6 {\r\n                        background: url(https:\/\/static.africa-press.net\/centrafricaine\/sites\/45\/2024\/01\/sm_1704892719.203367-80x60.jpg) 0 0 no-repeat;\r\n                    }\r\n                <\/style>\r\n\r\n                <div id=\"td_uid_1_69f20dd36f7ac\" class=\"td-gallery td-slide-on-2-columns\">\r\n                    <div class=\"post_td_gallery\">\r\n                        <div class=\"td-gallery-slide-top\">\r\n                           <div class=\"td-gallery-title\"><\/div>\r\n\r\n                            <div class=\"td-gallery-controls-wrapper\">\r\n                                <div class=\"td-gallery-slide-count\"><span class=\"td-gallery-slide-item-focus\">1<\/span> de 6<\/div>\r\n                                <div class=\"td-gallery-slide-prev-next-but\">\r\n                                    <i class = \"td-icon-left doubleSliderPrevButton\"><\/i>\r\n                                    <i class = \"td-icon-right doubleSliderNextButton\"><\/i>\r\n                                <\/div>\r\n                            <\/div>\r\n                        <\/div>\r\n\r\n                        <div class = \"td-doubleSlider-1 \">\r\n                            <div class = \"td-slider\">\r\n                                \r\n                    <div class = \"td-slide-item td-item1\">\r\n                        <figure class=\"td-slide-galery-figure td-slide-popup-gallery\">\r\n                            <a class=\"slide-gallery-image-link\" href=\"https:\/\/static.africa-press.net\/centrafricaine\/sites\/45\/2024\/01\/sm_1704892650.117161.jpg\" title=\"sm_1704892650.117161\"  data-caption=\"\"  data-description=\"\">\r\n                                <img decoding=\"async\" src=\"https:\/\/static.africa-press.net\/centrafricaine\/sites\/45\/2024\/01\/sm_1704892650.117161.jpg\" srcset=\"https:\/\/static.africa-press.net\/centrafricaine\/sites\/45\/2024\/01\/sm_1704892650.117161.jpg 1024w, https:\/\/static.africa-press.net\/centrafricaine\/sites\/45\/2024\/01\/sm_1704892650.117161-300x200.jpg 300w, https:\/\/static.africa-press.net\/centrafricaine\/sites\/45\/2024\/01\/sm_1704892650.117161-768x512.jpg 768w\" sizes=\"(max-width: 1024px) 100vw, 1024px\" alt=\"\">\r\n                            <\/a>\r\n                            \r\n                        <\/figure>\r\n                    <\/div>\r\n                    <div class = \"td-slide-item td-item2\">\r\n                        <figure class=\"td-slide-galery-figure td-slide-popup-gallery\">\r\n                            <a class=\"slide-gallery-image-link\" href=\"https:\/\/static.africa-press.net\/centrafricaine\/sites\/45\/2024\/01\/sm_1704892664.139342.jpg\" title=\"sm_1704892664.139342\"  data-caption=\"\"  data-description=\"\">\r\n                                <img decoding=\"async\" src=\"https:\/\/static.africa-press.net\/centrafricaine\/sites\/45\/2024\/01\/sm_1704892664.139342.jpg\" srcset=\"https:\/\/static.africa-press.net\/centrafricaine\/sites\/45\/2024\/01\/sm_1704892664.139342.jpg 1024w, https:\/\/static.africa-press.net\/centrafricaine\/sites\/45\/2024\/01\/sm_1704892664.139342-300x200.jpg 300w, https:\/\/static.africa-press.net\/centrafricaine\/sites\/45\/2024\/01\/sm_1704892664.139342-768x512.jpg 768w\" sizes=\"(max-width: 1024px) 100vw, 1024px\" alt=\"\">\r\n                            <\/a>\r\n                            \r\n                        <\/figure>\r\n                    <\/div>\r\n                    <div class = \"td-slide-item td-item3\">\r\n                        <figure class=\"td-slide-galery-figure td-slide-popup-gallery\">\r\n                            <a class=\"slide-gallery-image-link\" href=\"https:\/\/static.africa-press.net\/centrafricaine\/sites\/45\/2024\/01\/sm_1704892679.137241.jpg\" title=\"sm_1704892679.137241\"  data-caption=\"\"  data-description=\"\">\r\n                                <img decoding=\"async\" src=\"https:\/\/static.africa-press.net\/centrafricaine\/sites\/45\/2024\/01\/sm_1704892679.137241.jpg\" srcset=\"https:\/\/static.africa-press.net\/centrafricaine\/sites\/45\/2024\/01\/sm_1704892679.137241.jpg 1024w, https:\/\/static.africa-press.net\/centrafricaine\/sites\/45\/2024\/01\/sm_1704892679.137241-300x200.jpg 300w, https:\/\/static.africa-press.net\/centrafricaine\/sites\/45\/2024\/01\/sm_1704892679.137241-768x512.jpg 768w\" sizes=\"(max-width: 1024px) 100vw, 1024px\" alt=\"\">\r\n                            <\/a>\r\n                            \r\n                        <\/figure>\r\n                    <\/div>\r\n                    <div class = \"td-slide-item td-item4\">\r\n                        <figure class=\"td-slide-galery-figure td-slide-popup-gallery\">\r\n                            <a class=\"slide-gallery-image-link\" href=\"https:\/\/static.africa-press.net\/centrafricaine\/sites\/45\/2024\/01\/sm_1704892691.410067.jpg\" title=\"sm_1704892691.410067\"  data-caption=\"\"  data-description=\"\">\r\n                                <img decoding=\"async\" src=\"https:\/\/static.africa-press.net\/centrafricaine\/sites\/45\/2024\/01\/sm_1704892691.410067.jpg\" srcset=\"https:\/\/static.africa-press.net\/centrafricaine\/sites\/45\/2024\/01\/sm_1704892691.410067.jpg 1024w, https:\/\/static.africa-press.net\/centrafricaine\/sites\/45\/2024\/01\/sm_1704892691.410067-300x200.jpg 300w, https:\/\/static.africa-press.net\/centrafricaine\/sites\/45\/2024\/01\/sm_1704892691.410067-768x512.jpg 768w\" sizes=\"(max-width: 1024px) 100vw, 1024px\" alt=\"\">\r\n                            <\/a>\r\n                            \r\n                        <\/figure>\r\n                    <\/div>\r\n                    <div class = \"td-slide-item td-item5\">\r\n                        <figure class=\"td-slide-galery-figure td-slide-popup-gallery\">\r\n                            <a class=\"slide-gallery-image-link\" href=\"https:\/\/static.africa-press.net\/centrafricaine\/sites\/45\/2024\/01\/sm_1704892705.071337.jpg\" title=\"sm_1704892705.071337\"  data-caption=\"\"  data-description=\"\">\r\n                                <img decoding=\"async\" src=\"https:\/\/static.africa-press.net\/centrafricaine\/sites\/45\/2024\/01\/sm_1704892705.071337.jpg\" srcset=\"https:\/\/static.africa-press.net\/centrafricaine\/sites\/45\/2024\/01\/sm_1704892705.071337.jpg 1024w, https:\/\/static.africa-press.net\/centrafricaine\/sites\/45\/2024\/01\/sm_1704892705.071337-300x200.jpg 300w, https:\/\/static.africa-press.net\/centrafricaine\/sites\/45\/2024\/01\/sm_1704892705.071337-768x512.jpg 768w\" sizes=\"(max-width: 1024px) 100vw, 1024px\" alt=\"\">\r\n                            <\/a>\r\n                            \r\n                        <\/figure>\r\n                    <\/div>\r\n                    <div class = \"td-slide-item td-item6\">\r\n                        <figure class=\"td-slide-galery-figure td-slide-popup-gallery\">\r\n                            <a class=\"slide-gallery-image-link\" href=\"https:\/\/static.africa-press.net\/centrafricaine\/sites\/45\/2024\/01\/sm_1704892719.203367.jpg\" title=\"sm_1704892719.203367\"  data-caption=\"\"  data-description=\"\">\r\n                                <img decoding=\"async\" src=\"https:\/\/static.africa-press.net\/centrafricaine\/sites\/45\/2024\/01\/sm_1704892719.203367.jpg\" srcset=\"https:\/\/static.africa-press.net\/centrafricaine\/sites\/45\/2024\/01\/sm_1704892719.203367.jpg 1024w, https:\/\/static.africa-press.net\/centrafricaine\/sites\/45\/2024\/01\/sm_1704892719.203367-300x200.jpg 300w, https:\/\/static.africa-press.net\/centrafricaine\/sites\/45\/2024\/01\/sm_1704892719.203367-768x512.jpg 768w\" sizes=\"(max-width: 1024px) 100vw, 1024px\" alt=\"\">\r\n                            <\/a>\r\n                            \r\n                        <\/figure>\r\n                    <\/div>\r\n                            <\/div>\r\n                        <\/div>\r\n\r\n                        <div class = \"td-doubleSlider-2\">\r\n                            <div class = \"td-slider\">\r\n                                \r\n                    <div class = \"td-button td-item1\">\r\n                        <div class = \"td-border\"><\/div>\r\n                    <\/div>\r\n                    <div class = \"td-button td-item2\">\r\n                        <div class = \"td-border\"><\/div>\r\n                    <\/div>\r\n                    <div class = \"td-button td-item3\">\r\n                        <div class = \"td-border\"><\/div>\r\n                    <\/div>\r\n                    <div class = \"td-button td-item4\">\r\n                        <div class = \"td-border\"><\/div>\r\n                    <\/div>\r\n                    <div class = \"td-button td-item5\">\r\n                        <div class = \"td-border\"><\/div>\r\n                    <\/div>\r\n                    <div class = \"td-button td-item6\">\r\n                        <div class = \"td-border\"><\/div>\r\n                    <\/div>\r\n                            <\/div>\r\n                        <\/div>\r\n\r\n                    <\/div>\r\n\r\n                <\/div>\r\n                \n<p><strong>Pour plus d&rsquo;informations et d&rsquo;analyses sur la <a href=\"https:\/\/www.africa-press.net\/centrafricaine\">CentrAfricaine<\/a>, suivez <a href=\"https:\/\/www.africa-press.net\/\">Africa-Press<\/a><\/strong><\/p>\n","protected":false},"excerpt":{"rendered":"<p>Africa-Press &#8211; CentrAfricaine. Un an apre\u0300s le de\u0301ploiement re\u0301ussi de la premie\u0300re unite\u0301 de police constitue\u0301e en mission de maintien de la paix en Re\u0301publique centrafricaine, la Gendarmerie Nationale se pre\u0301pare a\u0300 proce\u0301der a\u0300 la rotation de la FPU1 qui rentre le 9 janvier 2024 et la FPU2 en partance pour la Centrafrique le 10 [&hellip;]<\/p>\n","protected":false},"author":82,"featured_media":51506,"comment_status":"open","ping_status":"closed","sticky":false,"template":"","format":"standard","meta":{"footnotes":""},"categories":[8,2,10],"tags":[36,58,30],"class_list":["post-51507","post","type-post","status-publish","format-standard","has-post-thumbnail","hentry","category-photo","category-politique","category-toutes-les-actualites","tag-africa-press","tag-africa-press-centrafricaine","tag-centrafricaine"],"yoast_head":"<!-- This site is optimized with the Yoast SEO Premium plugin v26.1 (Yoast SEO v27.0) - https:\/\/yoast.com\/product\/yoast-seo-premium-wordpress\/ -->\n<title>Gendarmerie nationale : La FPU2 s\u2019envole aujourd\u2019hui pour une mission de maintien de la paix en R\u00e9publique centrafricaine - centrafricaine<\/title>\n<meta name=\"description\" content=\"Un an apre\u0300s le de\u0301ploiement re\u0301ussi de la premie\u0300re unite\u0301 de police constitue\u0301e en mission de maintien de la paix en R ...\" \/>\n<meta name=\"robots\" content=\"index, follow, max-snippet:-1, max-image-preview:large, max-video-preview:-1\" \/>\n<link rel=\"canonical\" href=\"https:\/\/www.africa-press.net\/centrafricaine\/politique\/gendarmerie-nationale-la-fpu2-senvole-aujourdhui-pour-une-mission-de-maintien-de-la-paix-en-republique-centrafricaine\" \/>\n<meta property=\"og:locale\" content=\"fr_FR\" \/>\n<meta property=\"og:type\" content=\"article\" \/>\n<meta property=\"og:title\" content=\"Gendarmerie nationale : La FPU2 s\u2019envole aujourd\u2019hui pour une mission de maintien de la paix en R\u00e9publique centrafricaine\" \/>\n<meta property=\"og:description\" content=\"Un an apre\u0300s le de\u0301ploiement re\u0301ussi de la premie\u0300re unite\u0301 de police constitue\u0301e en mission de maintien de la paix en R ...\" \/>\n<meta property=\"og:url\" content=\"https:\/\/www.africa-press.net\/centrafricaine\/politique\/gendarmerie-nationale-la-fpu2-senvole-aujourdhui-pour-une-mission-de-maintien-de-la-paix-en-republique-centrafricaine\" \/>\n<meta property=\"og:site_name\" content=\"centrafricaine\" \/>\n<meta property=\"article:published_time\" content=\"2024-01-10T16:07:59+00:00\" \/>\n<meta property=\"article:modified_time\" content=\"2024-01-10T16:49:25+00:00\" \/>\n<meta property=\"og:image\" content=\"https:\/\/static.africa-press.net\/centrafricaine\/sites\/45\/2024\/01\/sm_1704892731.113266.jpg\" \/>\n\t<meta property=\"og:image:width\" content=\"720\" \/>\n\t<meta property=\"og:image:height\" content=\"480\" \/>\n\t<meta property=\"og:image:type\" content=\"image\/jpeg\" \/>\n<meta name=\"author\" content=\"cfeditorfr\" \/>\n<meta name=\"twitter:card\" content=\"summary_large_image\" \/>\n<meta name=\"twitter:label1\" content=\"\u00c9crit par\" \/>\n\t<meta name=\"twitter:data1\" content=\"cfeditorfr\" \/>\n\t<meta name=\"twitter:label2\" content=\"Dur\u00e9e de lecture estim\u00e9e\" \/>\n\t<meta name=\"twitter:data2\" content=\"4 minutes\" \/>\n<script type=\"application\/ld+json\" class=\"yoast-schema-graph\">{\"@context\":\"https:\/\/schema.org\",\"@graph\":[{\"@type\":\"Article\",\"@id\":\"https:\/\/www.africa-press.net\/centrafricaine\/politique\/gendarmerie-nationale-la-fpu2-senvole-aujourdhui-pour-une-mission-de-maintien-de-la-paix-en-republique-centrafricaine#article\",\"isPartOf\":{\"@id\":\"https:\/\/www.africa-press.net\/centrafricaine\/politique\/gendarmerie-nationale-la-fpu2-senvole-aujourdhui-pour-une-mission-de-maintien-de-la-paix-en-republique-centrafricaine\"},\"author\":{\"name\":\"cfeditorfr\",\"@id\":\"https:\/\/www.africa-press.net\/centrafricaine\/#\/schema\/person\/2b1cf3cd81a31e3cd26889ca66d677f1\"},\"headline\":\"Gendarmerie nationale : La FPU2 s\u2019envole aujourd\u2019hui pour une mission de maintien de la paix en R\u00e9publique centrafricaine\",\"datePublished\":\"2024-01-10T16:07:59+00:00\",\"dateModified\":\"2024-01-10T16:49:25+00:00\",\"mainEntityOfPage\":{\"@id\":\"https:\/\/www.africa-press.net\/centrafricaine\/politique\/gendarmerie-nationale-la-fpu2-senvole-aujourdhui-pour-une-mission-de-maintien-de-la-paix-en-republique-centrafricaine\"},\"wordCount\":761,\"commentCount\":0,\"image\":{\"@id\":\"https:\/\/www.africa-press.net\/centrafricaine\/politique\/gendarmerie-nationale-la-fpu2-senvole-aujourdhui-pour-une-mission-de-maintien-de-la-paix-en-republique-centrafricaine#primaryimage\"},\"thumbnailUrl\":\"https:\/\/static.africa-press.net\/centrafricaine\/sites\/45\/2024\/01\/sm_1704892731.113266.jpg\",\"keywords\":[\"Africa Press\",\"Africa Press-CentrAfricaine\",\"CentrAfricaine\"],\"articleSection\":[\"Photo\",\"Politique\",\"Toutes les actualit\u00e9s\"],\"inLanguage\":\"fr-FR\",\"potentialAction\":[{\"@type\":\"CommentAction\",\"name\":\"Comment\",\"target\":[\"https:\/\/www.africa-press.net\/centrafricaine\/politique\/gendarmerie-nationale-la-fpu2-senvole-aujourdhui-pour-une-mission-de-maintien-de-la-paix-en-republique-centrafricaine#respond\"]}]},{\"@type\":\"WebPage\",\"@id\":\"https:\/\/www.africa-press.net\/centrafricaine\/politique\/gendarmerie-nationale-la-fpu2-senvole-aujourdhui-pour-une-mission-de-maintien-de-la-paix-en-republique-centrafricaine\",\"url\":\"https:\/\/www.africa-press.net\/centrafricaine\/politique\/gendarmerie-nationale-la-fpu2-senvole-aujourdhui-pour-une-mission-de-maintien-de-la-paix-en-republique-centrafricaine\",\"name\":\"Gendarmerie nationale : La FPU2 s\u2019envole aujourd\u2019hui pour une mission de maintien de la paix en R\u00e9publique centrafricaine - centrafricaine\",\"isPartOf\":{\"@id\":\"https:\/\/www.africa-press.net\/centrafricaine\/#website\"},\"primaryImageOfPage\":{\"@id\":\"https:\/\/www.africa-press.net\/centrafricaine\/politique\/gendarmerie-nationale-la-fpu2-senvole-aujourdhui-pour-une-mission-de-maintien-de-la-paix-en-republique-centrafricaine#primaryimage\"},\"image\":{\"@id\":\"https:\/\/www.africa-press.net\/centrafricaine\/politique\/gendarmerie-nationale-la-fpu2-senvole-aujourdhui-pour-une-mission-de-maintien-de-la-paix-en-republique-centrafricaine#primaryimage\"},\"thumbnailUrl\":\"https:\/\/static.africa-press.net\/centrafricaine\/sites\/45\/2024\/01\/sm_1704892731.113266.jpg\",\"datePublished\":\"2024-01-10T16:07:59+00:00\",\"dateModified\":\"2024-01-10T16:49:25+00:00\",\"author\":{\"@id\":\"https:\/\/www.africa-press.net\/centrafricaine\/#\/schema\/person\/2b1cf3cd81a31e3cd26889ca66d677f1\"},\"description\":\"Un an apre\u0300s le de\u0301ploiement re\u0301ussi de la premie\u0300re unite\u0301 de police constitue\u0301e en mission de maintien de la paix en R ...\",\"breadcrumb\":{\"@id\":\"https:\/\/www.africa-press.net\/centrafricaine\/politique\/gendarmerie-nationale-la-fpu2-senvole-aujourdhui-pour-une-mission-de-maintien-de-la-paix-en-republique-centrafricaine#breadcrumb\"},\"inLanguage\":\"fr-FR\",\"potentialAction\":[{\"@type\":\"ReadAction\",\"target\":[\"https:\/\/www.africa-press.net\/centrafricaine\/politique\/gendarmerie-nationale-la-fpu2-senvole-aujourdhui-pour-une-mission-de-maintien-de-la-paix-en-republique-centrafricaine\"]}]},{\"@type\":\"ImageObject\",\"inLanguage\":\"fr-FR\",\"@id\":\"https:\/\/www.africa-press.net\/centrafricaine\/politique\/gendarmerie-nationale-la-fpu2-senvole-aujourdhui-pour-une-mission-de-maintien-de-la-paix-en-republique-centrafricaine#primaryimage\",\"url\":\"https:\/\/static.africa-press.net\/centrafricaine\/sites\/45\/2024\/01\/sm_1704892731.113266.jpg\",\"contentUrl\":\"https:\/\/static.africa-press.net\/centrafricaine\/sites\/45\/2024\/01\/sm_1704892731.113266.jpg\",\"width\":720,\"height\":480,\"caption\":\"Gendarmerie nationale : La FPU2 s\u2019envole aujourd\u2019hui pour une mission de maintien de la paix en R\u00e9publique centrafricaine\"},{\"@type\":\"BreadcrumbList\",\"@id\":\"https:\/\/www.africa-press.net\/centrafricaine\/politique\/gendarmerie-nationale-la-fpu2-senvole-aujourdhui-pour-une-mission-de-maintien-de-la-paix-en-republique-centrafricaine#breadcrumb\",\"itemListElement\":[{\"@type\":\"ListItem\",\"position\":1,\"name\":\"Accueil\",\"item\":\"https:\/\/www.africa-press.net\/centrafricaine\/\"},{\"@type\":\"ListItem\",\"position\":2,\"name\":\"Gendarmerie nationale : La FPU2 s\u2019envole aujourd\u2019hui pour une mission de maintien de la paix en R\u00e9publique centrafricaine\"}]},{\"@type\":\"WebSite\",\"@id\":\"https:\/\/www.africa-press.net\/centrafricaine\/#website\",\"url\":\"https:\/\/www.africa-press.net\/centrafricaine\/\",\"name\":\"centrafricaine\",\"description\":\"Just another Africa News Agency Sites site\",\"potentialAction\":[{\"@type\":\"SearchAction\",\"target\":{\"@type\":\"EntryPoint\",\"urlTemplate\":\"https:\/\/www.africa-press.net\/centrafricaine\/?s={search_term_string}\"},\"query-input\":{\"@type\":\"PropertyValueSpecification\",\"valueRequired\":true,\"valueName\":\"search_term_string\"}}],\"inLanguage\":\"fr-FR\"},{\"@type\":\"Person\",\"@id\":\"https:\/\/www.africa-press.net\/centrafricaine\/#\/schema\/person\/2b1cf3cd81a31e3cd26889ca66d677f1\",\"name\":\"cfeditorfr\"}]}<\/script>\n<!-- \/ Yoast SEO Premium plugin. -->","yoast_head_json":{"title":"Gendarmerie nationale : La FPU2 s\u2019envole aujourd\u2019hui pour une mission de maintien de la paix en R\u00e9publique centrafricaine - centrafricaine","description":"Un an apre\u0300s le de\u0301ploiement re\u0301ussi de la premie\u0300re unite\u0301 de police constitue\u0301e en mission de maintien de la paix en R ...","robots":{"index":"index","follow":"follow","max-snippet":"max-snippet:-1","max-image-preview":"max-image-preview:large","max-video-preview":"max-video-preview:-1"},"canonical":"https:\/\/www.africa-press.net\/centrafricaine\/politique\/gendarmerie-nationale-la-fpu2-senvole-aujourdhui-pour-une-mission-de-maintien-de-la-paix-en-republique-centrafricaine","og_locale":"fr_FR","og_type":"article","og_title":"Gendarmerie nationale : La FPU2 s\u2019envole aujourd\u2019hui pour une mission de maintien de la paix en R\u00e9publique centrafricaine","og_description":"Un an apre\u0300s le de\u0301ploiement re\u0301ussi de la premie\u0300re unite\u0301 de police constitue\u0301e en mission de maintien de la paix en R ...","og_url":"https:\/\/www.africa-press.net\/centrafricaine\/politique\/gendarmerie-nationale-la-fpu2-senvole-aujourdhui-pour-une-mission-de-maintien-de-la-paix-en-republique-centrafricaine","og_site_name":"centrafricaine","article_published_time":"2024-01-10T16:07:59+00:00","article_modified_time":"2024-01-10T16:49:25+00:00","og_image":[{"width":720,"height":480,"url":"https:\/\/static.africa-press.net\/centrafricaine\/sites\/45\/2024\/01\/sm_1704892731.113266.jpg","type":"image\/jpeg"}],"author":"cfeditorfr","twitter_card":"summary_large_image","twitter_misc":{"\u00c9crit par":"cfeditorfr","Dur\u00e9e de lecture estim\u00e9e":"4 minutes"},"schema":{"@context":"https:\/\/schema.org","@graph":[{"@type":"Article","@id":"https:\/\/www.africa-press.net\/centrafricaine\/politique\/gendarmerie-nationale-la-fpu2-senvole-aujourdhui-pour-une-mission-de-maintien-de-la-paix-en-republique-centrafricaine#article","isPartOf":{"@id":"https:\/\/www.africa-press.net\/centrafricaine\/politique\/gendarmerie-nationale-la-fpu2-senvole-aujourdhui-pour-une-mission-de-maintien-de-la-paix-en-republique-centrafricaine"},"author":{"name":"cfeditorfr","@id":"https:\/\/www.africa-press.net\/centrafricaine\/#\/schema\/person\/2b1cf3cd81a31e3cd26889ca66d677f1"},"headline":"Gendarmerie nationale : La FPU2 s\u2019envole aujourd\u2019hui pour une mission de maintien de la paix en R\u00e9publique centrafricaine","datePublished":"2024-01-10T16:07:59+00:00","dateModified":"2024-01-10T16:49:25+00:00","mainEntityOfPage":{"@id":"https:\/\/www.africa-press.net\/centrafricaine\/politique\/gendarmerie-nationale-la-fpu2-senvole-aujourdhui-pour-une-mission-de-maintien-de-la-paix-en-republique-centrafricaine"},"wordCount":761,"commentCount":0,"image":{"@id":"https:\/\/www.africa-press.net\/centrafricaine\/politique\/gendarmerie-nationale-la-fpu2-senvole-aujourdhui-pour-une-mission-de-maintien-de-la-paix-en-republique-centrafricaine#primaryimage"},"thumbnailUrl":"https:\/\/static.africa-press.net\/centrafricaine\/sites\/45\/2024\/01\/sm_1704892731.113266.jpg","keywords":["Africa Press","Africa Press-CentrAfricaine","CentrAfricaine"],"articleSection":["Photo","Politique","Toutes les actualit\u00e9s"],"inLanguage":"fr-FR","potentialAction":[{"@type":"CommentAction","name":"Comment","target":["https:\/\/www.africa-press.net\/centrafricaine\/politique\/gendarmerie-nationale-la-fpu2-senvole-aujourdhui-pour-une-mission-de-maintien-de-la-paix-en-republique-centrafricaine#respond"]}]},{"@type":"WebPage","@id":"https:\/\/www.africa-press.net\/centrafricaine\/politique\/gendarmerie-nationale-la-fpu2-senvole-aujourdhui-pour-une-mission-de-maintien-de-la-paix-en-republique-centrafricaine","url":"https:\/\/www.africa-press.net\/centrafricaine\/politique\/gendarmerie-nationale-la-fpu2-senvole-aujourdhui-pour-une-mission-de-maintien-de-la-paix-en-republique-centrafricaine","name":"Gendarmerie nationale : La FPU2 s\u2019envole aujourd\u2019hui pour une mission de maintien de la paix en R\u00e9publique centrafricaine - centrafricaine","isPartOf":{"@id":"https:\/\/www.africa-press.net\/centrafricaine\/#website"},"primaryImageOfPage":{"@id":"https:\/\/www.africa-press.net\/centrafricaine\/politique\/gendarmerie-nationale-la-fpu2-senvole-aujourdhui-pour-une-mission-de-maintien-de-la-paix-en-republique-centrafricaine#primaryimage"},"image":{"@id":"https:\/\/www.africa-press.net\/centrafricaine\/politique\/gendarmerie-nationale-la-fpu2-senvole-aujourdhui-pour-une-mission-de-maintien-de-la-paix-en-republique-centrafricaine#primaryimage"},"thumbnailUrl":"https:\/\/static.africa-press.net\/centrafricaine\/sites\/45\/2024\/01\/sm_1704892731.113266.jpg","datePublished":"2024-01-10T16:07:59+00:00","dateModified":"2024-01-10T16:49:25+00:00","author":{"@id":"https:\/\/www.africa-press.net\/centrafricaine\/#\/schema\/person\/2b1cf3cd81a31e3cd26889ca66d677f1"},"description":"Un an apre\u0300s le de\u0301ploiement re\u0301ussi de la premie\u0300re unite\u0301 de police constitue\u0301e en mission de maintien de la paix en R ...","breadcrumb":{"@id":"https:\/\/www.africa-press.net\/centrafricaine\/politique\/gendarmerie-nationale-la-fpu2-senvole-aujourdhui-pour-une-mission-de-maintien-de-la-paix-en-republique-centrafricaine#breadcrumb"},"inLanguage":"fr-FR","potentialAction":[{"@type":"ReadAction","target":["https:\/\/www.africa-press.net\/centrafricaine\/politique\/gendarmerie-nationale-la-fpu2-senvole-aujourdhui-pour-une-mission-de-maintien-de-la-paix-en-republique-centrafricaine"]}]},{"@type":"ImageObject","inLanguage":"fr-FR","@id":"https:\/\/www.africa-press.net\/centrafricaine\/politique\/gendarmerie-nationale-la-fpu2-senvole-aujourdhui-pour-une-mission-de-maintien-de-la-paix-en-republique-centrafricaine#primaryimage","url":"https:\/\/static.africa-press.net\/centrafricaine\/sites\/45\/2024\/01\/sm_1704892731.113266.jpg","contentUrl":"https:\/\/static.africa-press.net\/centrafricaine\/sites\/45\/2024\/01\/sm_1704892731.113266.jpg","width":720,"height":480,"caption":"Gendarmerie nationale : La FPU2 s\u2019envole aujourd\u2019hui pour une mission de maintien de la paix en R\u00e9publique centrafricaine"},{"@type":"BreadcrumbList","@id":"https:\/\/www.africa-press.net\/centrafricaine\/politique\/gendarmerie-nationale-la-fpu2-senvole-aujourdhui-pour-une-mission-de-maintien-de-la-paix-en-republique-centrafricaine#breadcrumb","itemListElement":[{"@type":"ListItem","position":1,"name":"Accueil","item":"https:\/\/www.africa-press.net\/centrafricaine\/"},{"@type":"ListItem","position":2,"name":"Gendarmerie nationale : La FPU2 s\u2019envole aujourd\u2019hui pour une mission de maintien de la paix en R\u00e9publique centrafricaine"}]},{"@type":"WebSite","@id":"https:\/\/www.africa-press.net\/centrafricaine\/#website","url":"https:\/\/www.africa-press.net\/centrafricaine\/","name":"centrafricaine","description":"Just another Africa News Agency Sites site","potentialAction":[{"@type":"SearchAction","target":{"@type":"EntryPoint","urlTemplate":"https:\/\/www.africa-press.net\/centrafricaine\/?s={search_term_string}"},"query-input":{"@type":"PropertyValueSpecification","valueRequired":true,"valueName":"search_term_string"}}],"inLanguage":"fr-FR"},{"@type":"Person","@id":"https:\/\/www.africa-press.net\/centrafricaine\/#\/schema\/person\/2b1cf3cd81a31e3cd26889ca66d677f1","name":"cfeditorfr"}]}},"_links":{"self":[{"href":"https:\/\/www.africa-press.net\/centrafricaine\/wp-json\/wp\/v2\/posts\/51507","targetHints":{"allow":["GET"]}}],"collection":[{"href":"https:\/\/www.africa-press.net\/centrafricaine\/wp-json\/wp\/v2\/posts"}],"about":[{"href":"https:\/\/www.africa-press.net\/centrafricaine\/wp-json\/wp\/v2\/types\/post"}],"author":[{"embeddable":true,"href":"https:\/\/www.africa-press.net\/centrafricaine\/wp-json\/wp\/v2\/users\/82"}],"replies":[{"embeddable":true,"href":"https:\/\/www.africa-press.net\/centrafricaine\/wp-json\/wp\/v2\/comments?post=51507"}],"version-history":[{"count":0,"href":"https:\/\/www.africa-press.net\/centrafricaine\/wp-json\/wp\/v2\/posts\/51507\/revisions"}],"wp:featuredmedia":[{"embeddable":true,"href":"https:\/\/www.africa-press.net\/centrafricaine\/wp-json\/wp\/v2\/media\/51506"}],"wp:attachment":[{"href":"https:\/\/www.africa-press.net\/centrafricaine\/wp-json\/wp\/v2\/media?parent=51507"}],"wp:term":[{"taxonomy":"category","embeddable":true,"href":"https:\/\/www.africa-press.net\/centrafricaine\/wp-json\/wp\/v2\/categories?post=51507"},{"taxonomy":"post_tag","embeddable":true,"href":"https:\/\/www.africa-press.net\/centrafricaine\/wp-json\/wp\/v2\/tags?post=51507"}],"curies":[{"name":"wp","href":"https:\/\/api.w.org\/{rel}","templated":true}]}}