{"id":51513,"date":"2024-01-10T16:39:07","date_gmt":"2024-01-10T16:39:07","guid":{"rendered":"https:\/\/www.africa-press.net\/centrafricaine\/politique\/ceremonie-de-passation-de-service-au-ministere-charge-du-secretariat-general-du-gouvernement-et-des-relations-avec-les-institutions-de-la-republique"},"modified":"2024-01-10T17:20:32","modified_gmt":"2024-01-10T17:20:32","slug":"ceremonie-de-passation-de-service-au-ministere-charge-du-secretariat-general-du-gouvernement-et-des-relations-avec-les-institutions-de-la-republique","status":"publish","type":"post","link":"https:\/\/www.africa-press.net\/centrafricaine\/politique\/ceremonie-de-passation-de-service-au-ministere-charge-du-secretariat-general-du-gouvernement-et-des-relations-avec-les-institutions-de-la-republique","title":{"rendered":"C\u00e9r\u00e9monie de passation de service au minist\u00e8re charg\u00e9 du secr\u00e9tariat g\u00e9n\u00e9ral du gouvernement et des relations avec les institutions de la r\u00e9publique"},"content":{"rendered":"<p><span style=\"color: #ff6600\"><strong>Africa-Press &#8211; CentrAfricaine. <\/strong><\/span>Une ce\u0301re\u0301monie de passation de service s\u2019est de\u0301roule\u0301e le mardi 09 janvier 2024 entre Monsieur Maxime BALALOU , Ministre sortant et Monsieur Ernest MADA, Ministre entrant au Ministe\u0300re charge\u0301 du Secre\u0301tariat Ge\u0301ne\u0301ral du Gouvernement et des Relations avec les Institutions de la Re\u0301publique.<\/p>\n<p>Cette ce\u0301re\u0301monie s\u2019est de\u0301roule\u0301e sous la supervision de Monsieur Janin Nazaire DAMOSSA, Inpecteur d\u2019E\u0301tat, en pre\u0301sence des membres du Cabinet et de l\u2019ensemble du personnel.<\/p>\n<p>Il est a\u0300 rappeler que le Ministre entrant Ernest Mada est enseignant a\u0300 l\u2019universite\u0301 de Bangui et occupait le poste du Directeur de cabinet du Premier ministre avant son entre\u0301e au Gouvernement.<\/p>\n<p><strong>Pour plus d&rsquo;informations et d&rsquo;analyses sur la <a href=\"https:\/\/www.africa-press.net\/centrafricaine\">CentrAfricaine<\/a>, suivez <a href=\"https:\/\/www.africa-press.net\/\">Africa-Press<\/a><\/strong><\/p>\n","protected":false},"excerpt":{"rendered":"<p>Africa-Press &#8211; CentrAfricaine. Une ce\u0301re\u0301monie de passation de service s\u2019est de\u0301roule\u0301e le mardi 09 janvier 2024 entre Monsieur Maxime BALALOU , Ministre sortant et Monsieur Ernest MADA, Ministre entrant au Ministe\u0300re charge\u0301 du Secre\u0301tariat Ge\u0301ne\u0301ral du Gouvernement et des Relations avec les Institutions de la Re\u0301publique. Cette ce\u0301re\u0301monie s\u2019est de\u0301roule\u0301e sous la supervision de Monsieur [&hellip;]<\/p>\n","protected":false},"author":82,"featured_media":51512,"comment_status":"open","ping_status":"closed","sticky":false,"template":"","format":"standard","meta":{"footnotes":""},"categories":[2,10],"tags":[36,58,30],"class_list":["post-51513","post","type-post","status-publish","format-standard","has-post-thumbnail","hentry","category-politique","category-toutes-les-actualites","tag-africa-press","tag-africa-press-centrafricaine","tag-centrafricaine"],"yoast_head":"<!-- This site is optimized with the Yoast SEO Premium plugin v26.1 (Yoast SEO v27.0) - https:\/\/yoast.com\/product\/yoast-seo-premium-wordpress\/ -->\n<title>C\u00e9r\u00e9monie de passation de service au minist\u00e8re charg\u00e9 du secr\u00e9tariat g\u00e9n\u00e9ral du gouvernement et des relations avec les institutions de la r\u00e9publique - centrafricaine<\/title>\n<meta name=\"description\" content=\"Une ce\u0301re\u0301monie de passation de service s\u2019est de\u0301roule\u0301e le mardi 09 janvier 2024 entre Monsieur Maxime BALALOU , Minist ...\" \/>\n<meta name=\"robots\" content=\"index, follow, max-snippet:-1, max-image-preview:large, max-video-preview:-1\" \/>\n<link rel=\"canonical\" href=\"https:\/\/www.africa-press.net\/centrafricaine\/politique\/ceremonie-de-passation-de-service-au-ministere-charge-du-secretariat-general-du-gouvernement-et-des-relations-avec-les-institutions-de-la-republique\" \/>\n<meta property=\"og:locale\" content=\"fr_FR\" \/>\n<meta property=\"og:type\" content=\"article\" \/>\n<meta property=\"og:title\" content=\"C\u00e9r\u00e9monie de passation de service au minist\u00e8re charg\u00e9 du secr\u00e9tariat g\u00e9n\u00e9ral du gouvernement et des relations avec les institutions de la r\u00e9publique\" \/>\n<meta property=\"og:description\" content=\"Une ce\u0301re\u0301monie de passation de service s\u2019est de\u0301roule\u0301e le mardi 09 janvier 2024 entre Monsieur Maxime BALALOU , Minist ...\" \/>\n<meta property=\"og:url\" content=\"https:\/\/www.africa-press.net\/centrafricaine\/politique\/ceremonie-de-passation-de-service-au-ministere-charge-du-secretariat-general-du-gouvernement-et-des-relations-avec-les-institutions-de-la-republique\" \/>\n<meta property=\"og:site_name\" content=\"centrafricaine\" \/>\n<meta property=\"article:published_time\" content=\"2024-01-10T16:39:07+00:00\" \/>\n<meta property=\"article:modified_time\" content=\"2024-01-10T17:20:32+00:00\" \/>\n<meta property=\"og:image\" content=\"https:\/\/static.africa-press.net\/centrafricaine\/sites\/45\/2024\/01\/sm_1704894497.877013.jpg\" \/>\n\t<meta property=\"og:image:width\" content=\"1280\" \/>\n\t<meta property=\"og:image:height\" content=\"720\" \/>\n\t<meta property=\"og:image:type\" content=\"image\/jpeg\" \/>\n<meta name=\"author\" content=\"cfeditorfr\" \/>\n<meta name=\"twitter:card\" content=\"summary_large_image\" \/>\n<meta name=\"twitter:label1\" content=\"\u00c9crit par\" \/>\n\t<meta name=\"twitter:data1\" content=\"cfeditorfr\" \/>\n\t<meta name=\"twitter:label2\" content=\"Dur\u00e9e de lecture estim\u00e9e\" \/>\n\t<meta name=\"twitter:data2\" content=\"1 minute\" \/>\n<script type=\"application\/ld+json\" class=\"yoast-schema-graph\">{\"@context\":\"https:\/\/schema.org\",\"@graph\":[{\"@type\":\"Article\",\"@id\":\"https:\/\/www.africa-press.net\/centrafricaine\/politique\/ceremonie-de-passation-de-service-au-ministere-charge-du-secretariat-general-du-gouvernement-et-des-relations-avec-les-institutions-de-la-republique#article\",\"isPartOf\":{\"@id\":\"https:\/\/www.africa-press.net\/centrafricaine\/politique\/ceremonie-de-passation-de-service-au-ministere-charge-du-secretariat-general-du-gouvernement-et-des-relations-avec-les-institutions-de-la-republique\"},\"author\":{\"name\":\"cfeditorfr\",\"@id\":\"https:\/\/www.africa-press.net\/centrafricaine\/#\/schema\/person\/2b1cf3cd81a31e3cd26889ca66d677f1\"},\"headline\":\"C\u00e9r\u00e9monie de passation de service au minist\u00e8re charg\u00e9 du secr\u00e9tariat g\u00e9n\u00e9ral du gouvernement et des relations avec les institutions de la r\u00e9publique\",\"datePublished\":\"2024-01-10T16:39:07+00:00\",\"dateModified\":\"2024-01-10T17:20:32+00:00\",\"mainEntityOfPage\":{\"@id\":\"https:\/\/www.africa-press.net\/centrafricaine\/politique\/ceremonie-de-passation-de-service-au-ministere-charge-du-secretariat-general-du-gouvernement-et-des-relations-avec-les-institutions-de-la-republique\"},\"wordCount\":162,\"commentCount\":0,\"image\":{\"@id\":\"https:\/\/www.africa-press.net\/centrafricaine\/politique\/ceremonie-de-passation-de-service-au-ministere-charge-du-secretariat-general-du-gouvernement-et-des-relations-avec-les-institutions-de-la-republique#primaryimage\"},\"thumbnailUrl\":\"https:\/\/static.africa-press.net\/centrafricaine\/sites\/45\/2024\/01\/sm_1704894497.877013.jpg\",\"keywords\":[\"Africa Press\",\"Africa Press-CentrAfricaine\",\"CentrAfricaine\"],\"articleSection\":[\"Politique\",\"Toutes les actualit\u00e9s\"],\"inLanguage\":\"fr-FR\",\"potentialAction\":[{\"@type\":\"CommentAction\",\"name\":\"Comment\",\"target\":[\"https:\/\/www.africa-press.net\/centrafricaine\/politique\/ceremonie-de-passation-de-service-au-ministere-charge-du-secretariat-general-du-gouvernement-et-des-relations-avec-les-institutions-de-la-republique#respond\"]}]},{\"@type\":\"WebPage\",\"@id\":\"https:\/\/www.africa-press.net\/centrafricaine\/politique\/ceremonie-de-passation-de-service-au-ministere-charge-du-secretariat-general-du-gouvernement-et-des-relations-avec-les-institutions-de-la-republique\",\"url\":\"https:\/\/www.africa-press.net\/centrafricaine\/politique\/ceremonie-de-passation-de-service-au-ministere-charge-du-secretariat-general-du-gouvernement-et-des-relations-avec-les-institutions-de-la-republique\",\"name\":\"C\u00e9r\u00e9monie de passation de service au minist\u00e8re charg\u00e9 du secr\u00e9tariat g\u00e9n\u00e9ral du gouvernement et des relations avec les institutions de la r\u00e9publique - centrafricaine\",\"isPartOf\":{\"@id\":\"https:\/\/www.africa-press.net\/centrafricaine\/#website\"},\"primaryImageOfPage\":{\"@id\":\"https:\/\/www.africa-press.net\/centrafricaine\/politique\/ceremonie-de-passation-de-service-au-ministere-charge-du-secretariat-general-du-gouvernement-et-des-relations-avec-les-institutions-de-la-republique#primaryimage\"},\"image\":{\"@id\":\"https:\/\/www.africa-press.net\/centrafricaine\/politique\/ceremonie-de-passation-de-service-au-ministere-charge-du-secretariat-general-du-gouvernement-et-des-relations-avec-les-institutions-de-la-republique#primaryimage\"},\"thumbnailUrl\":\"https:\/\/static.africa-press.net\/centrafricaine\/sites\/45\/2024\/01\/sm_1704894497.877013.jpg\",\"datePublished\":\"2024-01-10T16:39:07+00:00\",\"dateModified\":\"2024-01-10T17:20:32+00:00\",\"author\":{\"@id\":\"https:\/\/www.africa-press.net\/centrafricaine\/#\/schema\/person\/2b1cf3cd81a31e3cd26889ca66d677f1\"},\"description\":\"Une ce\u0301re\u0301monie de passation de service s\u2019est de\u0301roule\u0301e le mardi 09 janvier 2024 entre Monsieur Maxime BALALOU , Minist ...\",\"breadcrumb\":{\"@id\":\"https:\/\/www.africa-press.net\/centrafricaine\/politique\/ceremonie-de-passation-de-service-au-ministere-charge-du-secretariat-general-du-gouvernement-et-des-relations-avec-les-institutions-de-la-republique#breadcrumb\"},\"inLanguage\":\"fr-FR\",\"potentialAction\":[{\"@type\":\"ReadAction\",\"target\":[\"https:\/\/www.africa-press.net\/centrafricaine\/politique\/ceremonie-de-passation-de-service-au-ministere-charge-du-secretariat-general-du-gouvernement-et-des-relations-avec-les-institutions-de-la-republique\"]}]},{\"@type\":\"ImageObject\",\"inLanguage\":\"fr-FR\",\"@id\":\"https:\/\/www.africa-press.net\/centrafricaine\/politique\/ceremonie-de-passation-de-service-au-ministere-charge-du-secretariat-general-du-gouvernement-et-des-relations-avec-les-institutions-de-la-republique#primaryimage\",\"url\":\"https:\/\/static.africa-press.net\/centrafricaine\/sites\/45\/2024\/01\/sm_1704894497.877013.jpg\",\"contentUrl\":\"https:\/\/static.africa-press.net\/centrafricaine\/sites\/45\/2024\/01\/sm_1704894497.877013.jpg\",\"width\":1280,\"height\":720,\"caption\":\"C\u00e9r\u00e9monie de passation de service au minist\u00e8re charg\u00e9 du secr\u00e9tariat g\u00e9n\u00e9ral du gouvernement et des relations avec les institutions de la r\u00e9publique\"},{\"@type\":\"BreadcrumbList\",\"@id\":\"https:\/\/www.africa-press.net\/centrafricaine\/politique\/ceremonie-de-passation-de-service-au-ministere-charge-du-secretariat-general-du-gouvernement-et-des-relations-avec-les-institutions-de-la-republique#breadcrumb\",\"itemListElement\":[{\"@type\":\"ListItem\",\"position\":1,\"name\":\"Accueil\",\"item\":\"https:\/\/www.africa-press.net\/centrafricaine\/\"},{\"@type\":\"ListItem\",\"position\":2,\"name\":\"C\u00e9r\u00e9monie de passation de service au minist\u00e8re charg\u00e9 du secr\u00e9tariat g\u00e9n\u00e9ral du gouvernement et des relations avec les institutions de la r\u00e9publique\"}]},{\"@type\":\"WebSite\",\"@id\":\"https:\/\/www.africa-press.net\/centrafricaine\/#website\",\"url\":\"https:\/\/www.africa-press.net\/centrafricaine\/\",\"name\":\"centrafricaine\",\"description\":\"Just another Africa News Agency Sites site\",\"potentialAction\":[{\"@type\":\"SearchAction\",\"target\":{\"@type\":\"EntryPoint\",\"urlTemplate\":\"https:\/\/www.africa-press.net\/centrafricaine\/?s={search_term_string}\"},\"query-input\":{\"@type\":\"PropertyValueSpecification\",\"valueRequired\":true,\"valueName\":\"search_term_string\"}}],\"inLanguage\":\"fr-FR\"},{\"@type\":\"Person\",\"@id\":\"https:\/\/www.africa-press.net\/centrafricaine\/#\/schema\/person\/2b1cf3cd81a31e3cd26889ca66d677f1\",\"name\":\"cfeditorfr\"}]}<\/script>\n<!-- \/ Yoast SEO Premium plugin. -->","yoast_head_json":{"title":"C\u00e9r\u00e9monie de passation de service au minist\u00e8re charg\u00e9 du secr\u00e9tariat g\u00e9n\u00e9ral du gouvernement et des relations avec les institutions de la r\u00e9publique - centrafricaine","description":"Une ce\u0301re\u0301monie de passation de service s\u2019est de\u0301roule\u0301e le mardi 09 janvier 2024 entre Monsieur Maxime BALALOU , Minist ...","robots":{"index":"index","follow":"follow","max-snippet":"max-snippet:-1","max-image-preview":"max-image-preview:large","max-video-preview":"max-video-preview:-1"},"canonical":"https:\/\/www.africa-press.net\/centrafricaine\/politique\/ceremonie-de-passation-de-service-au-ministere-charge-du-secretariat-general-du-gouvernement-et-des-relations-avec-les-institutions-de-la-republique","og_locale":"fr_FR","og_type":"article","og_title":"C\u00e9r\u00e9monie de passation de service au minist\u00e8re charg\u00e9 du secr\u00e9tariat g\u00e9n\u00e9ral du gouvernement et des relations avec les institutions de la r\u00e9publique","og_description":"Une ce\u0301re\u0301monie de passation de service s\u2019est de\u0301roule\u0301e le mardi 09 janvier 2024 entre Monsieur Maxime BALALOU , Minist ...","og_url":"https:\/\/www.africa-press.net\/centrafricaine\/politique\/ceremonie-de-passation-de-service-au-ministere-charge-du-secretariat-general-du-gouvernement-et-des-relations-avec-les-institutions-de-la-republique","og_site_name":"centrafricaine","article_published_time":"2024-01-10T16:39:07+00:00","article_modified_time":"2024-01-10T17:20:32+00:00","og_image":[{"width":1280,"height":720,"url":"https:\/\/static.africa-press.net\/centrafricaine\/sites\/45\/2024\/01\/sm_1704894497.877013.jpg","type":"image\/jpeg"}],"author":"cfeditorfr","twitter_card":"summary_large_image","twitter_misc":{"\u00c9crit par":"cfeditorfr","Dur\u00e9e de lecture estim\u00e9e":"1 minute"},"schema":{"@context":"https:\/\/schema.org","@graph":[{"@type":"Article","@id":"https:\/\/www.africa-press.net\/centrafricaine\/politique\/ceremonie-de-passation-de-service-au-ministere-charge-du-secretariat-general-du-gouvernement-et-des-relations-avec-les-institutions-de-la-republique#article","isPartOf":{"@id":"https:\/\/www.africa-press.net\/centrafricaine\/politique\/ceremonie-de-passation-de-service-au-ministere-charge-du-secretariat-general-du-gouvernement-et-des-relations-avec-les-institutions-de-la-republique"},"author":{"name":"cfeditorfr","@id":"https:\/\/www.africa-press.net\/centrafricaine\/#\/schema\/person\/2b1cf3cd81a31e3cd26889ca66d677f1"},"headline":"C\u00e9r\u00e9monie de passation de service au minist\u00e8re charg\u00e9 du secr\u00e9tariat g\u00e9n\u00e9ral du gouvernement et des relations avec les institutions de la r\u00e9publique","datePublished":"2024-01-10T16:39:07+00:00","dateModified":"2024-01-10T17:20:32+00:00","mainEntityOfPage":{"@id":"https:\/\/www.africa-press.net\/centrafricaine\/politique\/ceremonie-de-passation-de-service-au-ministere-charge-du-secretariat-general-du-gouvernement-et-des-relations-avec-les-institutions-de-la-republique"},"wordCount":162,"commentCount":0,"image":{"@id":"https:\/\/www.africa-press.net\/centrafricaine\/politique\/ceremonie-de-passation-de-service-au-ministere-charge-du-secretariat-general-du-gouvernement-et-des-relations-avec-les-institutions-de-la-republique#primaryimage"},"thumbnailUrl":"https:\/\/static.africa-press.net\/centrafricaine\/sites\/45\/2024\/01\/sm_1704894497.877013.jpg","keywords":["Africa Press","Africa Press-CentrAfricaine","CentrAfricaine"],"articleSection":["Politique","Toutes les actualit\u00e9s"],"inLanguage":"fr-FR","potentialAction":[{"@type":"CommentAction","name":"Comment","target":["https:\/\/www.africa-press.net\/centrafricaine\/politique\/ceremonie-de-passation-de-service-au-ministere-charge-du-secretariat-general-du-gouvernement-et-des-relations-avec-les-institutions-de-la-republique#respond"]}]},{"@type":"WebPage","@id":"https:\/\/www.africa-press.net\/centrafricaine\/politique\/ceremonie-de-passation-de-service-au-ministere-charge-du-secretariat-general-du-gouvernement-et-des-relations-avec-les-institutions-de-la-republique","url":"https:\/\/www.africa-press.net\/centrafricaine\/politique\/ceremonie-de-passation-de-service-au-ministere-charge-du-secretariat-general-du-gouvernement-et-des-relations-avec-les-institutions-de-la-republique","name":"C\u00e9r\u00e9monie de passation de service au minist\u00e8re charg\u00e9 du secr\u00e9tariat g\u00e9n\u00e9ral du gouvernement et des relations avec les institutions de la r\u00e9publique - centrafricaine","isPartOf":{"@id":"https:\/\/www.africa-press.net\/centrafricaine\/#website"},"primaryImageOfPage":{"@id":"https:\/\/www.africa-press.net\/centrafricaine\/politique\/ceremonie-de-passation-de-service-au-ministere-charge-du-secretariat-general-du-gouvernement-et-des-relations-avec-les-institutions-de-la-republique#primaryimage"},"image":{"@id":"https:\/\/www.africa-press.net\/centrafricaine\/politique\/ceremonie-de-passation-de-service-au-ministere-charge-du-secretariat-general-du-gouvernement-et-des-relations-avec-les-institutions-de-la-republique#primaryimage"},"thumbnailUrl":"https:\/\/static.africa-press.net\/centrafricaine\/sites\/45\/2024\/01\/sm_1704894497.877013.jpg","datePublished":"2024-01-10T16:39:07+00:00","dateModified":"2024-01-10T17:20:32+00:00","author":{"@id":"https:\/\/www.africa-press.net\/centrafricaine\/#\/schema\/person\/2b1cf3cd81a31e3cd26889ca66d677f1"},"description":"Une ce\u0301re\u0301monie de passation de service s\u2019est de\u0301roule\u0301e le mardi 09 janvier 2024 entre Monsieur Maxime BALALOU , Minist ...","breadcrumb":{"@id":"https:\/\/www.africa-press.net\/centrafricaine\/politique\/ceremonie-de-passation-de-service-au-ministere-charge-du-secretariat-general-du-gouvernement-et-des-relations-avec-les-institutions-de-la-republique#breadcrumb"},"inLanguage":"fr-FR","potentialAction":[{"@type":"ReadAction","target":["https:\/\/www.africa-press.net\/centrafricaine\/politique\/ceremonie-de-passation-de-service-au-ministere-charge-du-secretariat-general-du-gouvernement-et-des-relations-avec-les-institutions-de-la-republique"]}]},{"@type":"ImageObject","inLanguage":"fr-FR","@id":"https:\/\/www.africa-press.net\/centrafricaine\/politique\/ceremonie-de-passation-de-service-au-ministere-charge-du-secretariat-general-du-gouvernement-et-des-relations-avec-les-institutions-de-la-republique#primaryimage","url":"https:\/\/static.africa-press.net\/centrafricaine\/sites\/45\/2024\/01\/sm_1704894497.877013.jpg","contentUrl":"https:\/\/static.africa-press.net\/centrafricaine\/sites\/45\/2024\/01\/sm_1704894497.877013.jpg","width":1280,"height":720,"caption":"C\u00e9r\u00e9monie de passation de service au minist\u00e8re charg\u00e9 du secr\u00e9tariat g\u00e9n\u00e9ral du gouvernement et des relations avec les institutions de la r\u00e9publique"},{"@type":"BreadcrumbList","@id":"https:\/\/www.africa-press.net\/centrafricaine\/politique\/ceremonie-de-passation-de-service-au-ministere-charge-du-secretariat-general-du-gouvernement-et-des-relations-avec-les-institutions-de-la-republique#breadcrumb","itemListElement":[{"@type":"ListItem","position":1,"name":"Accueil","item":"https:\/\/www.africa-press.net\/centrafricaine\/"},{"@type":"ListItem","position":2,"name":"C\u00e9r\u00e9monie de passation de service au minist\u00e8re charg\u00e9 du secr\u00e9tariat g\u00e9n\u00e9ral du gouvernement et des relations avec les institutions de la r\u00e9publique"}]},{"@type":"WebSite","@id":"https:\/\/www.africa-press.net\/centrafricaine\/#website","url":"https:\/\/www.africa-press.net\/centrafricaine\/","name":"centrafricaine","description":"Just another Africa News Agency Sites site","potentialAction":[{"@type":"SearchAction","target":{"@type":"EntryPoint","urlTemplate":"https:\/\/www.africa-press.net\/centrafricaine\/?s={search_term_string}"},"query-input":{"@type":"PropertyValueSpecification","valueRequired":true,"valueName":"search_term_string"}}],"inLanguage":"fr-FR"},{"@type":"Person","@id":"https:\/\/www.africa-press.net\/centrafricaine\/#\/schema\/person\/2b1cf3cd81a31e3cd26889ca66d677f1","name":"cfeditorfr"}]}},"_links":{"self":[{"href":"https:\/\/www.africa-press.net\/centrafricaine\/wp-json\/wp\/v2\/posts\/51513","targetHints":{"allow":["GET"]}}],"collection":[{"href":"https:\/\/www.africa-press.net\/centrafricaine\/wp-json\/wp\/v2\/posts"}],"about":[{"href":"https:\/\/www.africa-press.net\/centrafricaine\/wp-json\/wp\/v2\/types\/post"}],"author":[{"embeddable":true,"href":"https:\/\/www.africa-press.net\/centrafricaine\/wp-json\/wp\/v2\/users\/82"}],"replies":[{"embeddable":true,"href":"https:\/\/www.africa-press.net\/centrafricaine\/wp-json\/wp\/v2\/comments?post=51513"}],"version-history":[{"count":0,"href":"https:\/\/www.africa-press.net\/centrafricaine\/wp-json\/wp\/v2\/posts\/51513\/revisions"}],"wp:featuredmedia":[{"embeddable":true,"href":"https:\/\/www.africa-press.net\/centrafricaine\/wp-json\/wp\/v2\/media\/51512"}],"wp:attachment":[{"href":"https:\/\/www.africa-press.net\/centrafricaine\/wp-json\/wp\/v2\/media?parent=51513"}],"wp:term":[{"taxonomy":"category","embeddable":true,"href":"https:\/\/www.africa-press.net\/centrafricaine\/wp-json\/wp\/v2\/categories?post=51513"},{"taxonomy":"post_tag","embeddable":true,"href":"https:\/\/www.africa-press.net\/centrafricaine\/wp-json\/wp\/v2\/tags?post=51513"}],"curies":[{"name":"wp","href":"https:\/\/api.w.org\/{rel}","templated":true}]}}