{"id":51517,"date":"2024-01-10T16:40:40","date_gmt":"2024-01-10T16:40:40","guid":{"rendered":"https:\/\/www.africa-press.net\/centrafricaine\/politique\/ceremonie-de-linauguration-du-centre-technique-kaimba-blasco-de-gbangouma"},"modified":"2024-01-10T17:21:37","modified_gmt":"2024-01-10T17:21:37","slug":"ceremonie-de-linauguration-du-centre-technique-kaimba-blasco-de-gbangouma","status":"publish","type":"post","link":"https:\/\/www.africa-press.net\/centrafricaine\/sports\/ceremonie-de-linauguration-du-centre-technique-kaimba-blasco-de-gbangouma","title":{"rendered":"C\u00e9r\u00e9monie de l\u2019inauguration du centre technique Kaimba Blasco de Gbangouma"},"content":{"rendered":"<p><span style=\"color: #ff6600\"><strong>Africa-Press &#8211; CentrAfricaine. <\/strong><\/span>Faisant du de\u0301veloppement du sport dans toutes ses dimensions l\u2019une de ses priorite\u0301s, le Pre\u0301sident de la Re\u0301publique Faustin Archange TOUADERA a pre\u0301side\u0301 pour la deuxie\u0300me fois conse\u0301cutive dans la journe\u0301e du 09 janvier 2024 la ce\u0301re\u0301monie de l\u2019inauguration du Centre Technique KAIMBA Blasco de GBANGOUMA. La pre\u0301sence du Pre\u0301sident TOUADERA a\u0300 cette ce\u0301re\u0301monie inaugurale intervient apre\u0300s la pose de la premie\u0300re pierre du Centre Technique Fe\u0301minin baptise\u0301 en son nom au village Liton au PK 22 sur la route de Damara.<\/p>\n<p>Le Pre\u0301sident de la Re\u0301publique a ouvert cette ce\u0301re\u0301monie par la remise a\u0300 titre exceptionnel des grades d\u2019Officier et de Chevalier dans l\u2019ordre national de la reconnaissance Centrafricaine aux membres de la de\u0301le\u0301gation de la FIFA. La remise de de\u0301corations a\u0300 ces personnalite\u0301s est une marque de reconnaissance du peuple centrafricain a\u0300 leur endroit pour les actions qui ont permis a\u0300 la mise en \u0153uvre de ces projets sportifs innovants.<\/p>\n<p>Dans son intervention de circonstance, le Pre\u0301sident de la Fe\u0301de\u0301ration Centrafricaine de Football Ce\u0301lestin YADENDJI a salue\u0301 la pre\u0301sence du Chef de l\u2019Etat qui illustre son engagement en faveur de la jeunesse Centrafricaine et du sport vecteur de de\u0301veloppement.<\/p>\n<p>En choisissant de baptiser ce centre au nom de KAIMBA Blasco, le peuple centrafricain veut lui te\u0301moigner sa reconnaissance pour avoir porte\u0301 haut les couleurs de la Re\u0301publique Centrafricaine sur l\u2019e\u0301chiquier international.<\/p>\n<p>Il a sollicite\u0301 au-dela\u0300 de l\u2019appui du gouvernement, le soutien multiforme des entreprises de la place pour contribuer au de\u0301veloppement du sport centrafricain.<\/p>\n<p>La construction du Complexe Technique KAIMBA Blasco de GBANGOUMA est un projet initie\u0301 par la Fe\u0301de\u0301ration Centrafricaine de Football (FCF) sur financement de la Fe\u0301de\u0301ration Internationale de Football Association(FIFA).<\/p>\n<p>Finance\u0301e a\u0300 hauteur de 1,8 milliards, la construction de ces infrastructures sportives vise a\u0300 apporter une re\u0301ponse au proble\u0300me de formation de futures stars du football centrafricain. Ce projet innovant permettra d\u2019interner 40 jeunes talents centrafricains a\u0302ge\u0301s de 11 a\u0300 13 ans avec un cycle sport-e\u0301tude.<\/p>\n<p>Il convient de relever que le Centre Technique KAIMBA Blasco de GBANGOUMA est une infrastructure acquise dans le cadre du Projet \u00ab Goal FIFA. Il est compose\u0301 d\u2019un vestiaire aux normes FIFA, d\u2019un re\u0301fectoire dortoir, d\u2019un ba\u0302timent annexe et d\u2019une salle de repos et d\u2019un bureau pour la Direction Technique. Dans le me\u0302me registre, les Projets Forward approuve\u0301 par la FIFA ont permis la construction d\u2019un terrain synthe\u0301tique de 4e\u0300me ge\u0301ne\u0301ration avec un gradin de 500 places au complexe KAIMBA BLASCO de GBANGOUMA. Ce joyau offre un cadre propice pour l\u2019organisation des championnats des jeunes et l\u2019entrai\u0302nement des e\u0301quipes nationales.<\/p>\n<p>Cette ce\u0301re\u0301monie inaugurale riche en couleurs s\u2019est termine\u0301e par un parade sportif des jeunes e\u0301toiles du football centrafricain.<\/p>\n<p><strong>Pour plus d&rsquo;informations et d&rsquo;analyses sur la <a href=\"https:\/\/www.africa-press.net\/centrafricaine\">CentrAfricaine<\/a>, suivez <a href=\"https:\/\/www.africa-press.net\/\">Africa-Press<\/a><\/strong><\/p>\n","protected":false},"excerpt":{"rendered":"<p>Africa-Press &#8211; CentrAfricaine. Faisant du de\u0301veloppement du sport dans toutes ses dimensions l\u2019une de ses priorite\u0301s, le Pre\u0301sident de la Re\u0301publique Faustin Archange TOUADERA a pre\u0301side\u0301 pour la deuxie\u0300me fois conse\u0301cutive dans la journe\u0301e du 09 janvier 2024 la ce\u0301re\u0301monie de l\u2019inauguration du Centre Technique KAIMBA Blasco de GBANGOUMA. La pre\u0301sence du Pre\u0301sident TOUADERA a\u0300 [&hellip;]<\/p>\n","protected":false},"author":82,"featured_media":51516,"comment_status":"open","ping_status":"closed","sticky":false,"template":"","format":"standard","meta":{"footnotes":""},"categories":[6,10],"tags":[36,58,30],"class_list":["post-51517","post","type-post","status-publish","format-standard","has-post-thumbnail","hentry","category-sports","category-toutes-les-actualites","tag-africa-press","tag-africa-press-centrafricaine","tag-centrafricaine"],"yoast_head":"<!-- This site is optimized with the Yoast SEO Premium plugin v26.1 (Yoast SEO v27.0) - https:\/\/yoast.com\/product\/yoast-seo-premium-wordpress\/ -->\n<title>C\u00e9r\u00e9monie de l\u2019inauguration du centre technique Kaimba Blasco de Gbangouma - centrafricaine<\/title>\n<meta name=\"description\" content=\"Faisant du de\u0301veloppement du sport dans toutes ses dimensions l\u2019une de ses priorite\u0301s, le Pre\u0301sident de la Re\u0301publique F ...\" \/>\n<meta name=\"robots\" content=\"index, follow, max-snippet:-1, max-image-preview:large, max-video-preview:-1\" \/>\n<link rel=\"canonical\" href=\"https:\/\/www.africa-press.net\/centrafricaine\/sports\/ceremonie-de-linauguration-du-centre-technique-kaimba-blasco-de-gbangouma\" \/>\n<meta property=\"og:locale\" content=\"fr_FR\" \/>\n<meta property=\"og:type\" content=\"article\" \/>\n<meta property=\"og:title\" content=\"C\u00e9r\u00e9monie de l\u2019inauguration du centre technique Kaimba Blasco de Gbangouma\" \/>\n<meta property=\"og:description\" content=\"Faisant du de\u0301veloppement du sport dans toutes ses dimensions l\u2019une de ses priorite\u0301s, le Pre\u0301sident de la Re\u0301publique F ...\" \/>\n<meta property=\"og:url\" content=\"https:\/\/www.africa-press.net\/centrafricaine\/sports\/ceremonie-de-linauguration-du-centre-technique-kaimba-blasco-de-gbangouma\" \/>\n<meta property=\"og:site_name\" content=\"centrafricaine\" \/>\n<meta property=\"article:published_time\" content=\"2024-01-10T16:40:40+00:00\" \/>\n<meta property=\"article:modified_time\" content=\"2024-01-10T17:21:37+00:00\" \/>\n<meta property=\"og:image\" content=\"https:\/\/static.africa-press.net\/centrafricaine\/sites\/45\/2024\/01\/sm_1704894544.678.jpg\" \/>\n\t<meta property=\"og:image:width\" content=\"720\" \/>\n\t<meta property=\"og:image:height\" content=\"480\" \/>\n\t<meta property=\"og:image:type\" content=\"image\/jpeg\" \/>\n<meta name=\"author\" content=\"cfeditorfr\" \/>\n<meta name=\"twitter:card\" content=\"summary_large_image\" \/>\n<meta name=\"twitter:label1\" content=\"\u00c9crit par\" \/>\n\t<meta name=\"twitter:data1\" content=\"cfeditorfr\" \/>\n\t<meta name=\"twitter:label2\" content=\"Dur\u00e9e de lecture estim\u00e9e\" \/>\n\t<meta name=\"twitter:data2\" content=\"3 minutes\" \/>\n<script type=\"application\/ld+json\" class=\"yoast-schema-graph\">{\"@context\":\"https:\/\/schema.org\",\"@graph\":[{\"@type\":\"Article\",\"@id\":\"https:\/\/www.africa-press.net\/centrafricaine\/sports\/ceremonie-de-linauguration-du-centre-technique-kaimba-blasco-de-gbangouma#article\",\"isPartOf\":{\"@id\":\"https:\/\/www.africa-press.net\/centrafricaine\/sports\/ceremonie-de-linauguration-du-centre-technique-kaimba-blasco-de-gbangouma\"},\"author\":{\"name\":\"cfeditorfr\",\"@id\":\"https:\/\/www.africa-press.net\/centrafricaine\/#\/schema\/person\/2b1cf3cd81a31e3cd26889ca66d677f1\"},\"headline\":\"C\u00e9r\u00e9monie de l\u2019inauguration du centre technique Kaimba Blasco de Gbangouma\",\"datePublished\":\"2024-01-10T16:40:40+00:00\",\"dateModified\":\"2024-01-10T17:21:37+00:00\",\"mainEntityOfPage\":{\"@id\":\"https:\/\/www.africa-press.net\/centrafricaine\/sports\/ceremonie-de-linauguration-du-centre-technique-kaimba-blasco-de-gbangouma\"},\"wordCount\":534,\"commentCount\":0,\"image\":{\"@id\":\"https:\/\/www.africa-press.net\/centrafricaine\/sports\/ceremonie-de-linauguration-du-centre-technique-kaimba-blasco-de-gbangouma#primaryimage\"},\"thumbnailUrl\":\"https:\/\/static.africa-press.net\/centrafricaine\/sites\/45\/2024\/01\/sm_1704894544.678.jpg\",\"keywords\":[\"Africa Press\",\"Africa Press-CentrAfricaine\",\"CentrAfricaine\"],\"articleSection\":[\"Sports\",\"Toutes les actualit\u00e9s\"],\"inLanguage\":\"fr-FR\",\"potentialAction\":[{\"@type\":\"CommentAction\",\"name\":\"Comment\",\"target\":[\"https:\/\/www.africa-press.net\/centrafricaine\/sports\/ceremonie-de-linauguration-du-centre-technique-kaimba-blasco-de-gbangouma#respond\"]}]},{\"@type\":\"WebPage\",\"@id\":\"https:\/\/www.africa-press.net\/centrafricaine\/sports\/ceremonie-de-linauguration-du-centre-technique-kaimba-blasco-de-gbangouma\",\"url\":\"https:\/\/www.africa-press.net\/centrafricaine\/sports\/ceremonie-de-linauguration-du-centre-technique-kaimba-blasco-de-gbangouma\",\"name\":\"C\u00e9r\u00e9monie de l\u2019inauguration du centre technique Kaimba Blasco de Gbangouma - centrafricaine\",\"isPartOf\":{\"@id\":\"https:\/\/www.africa-press.net\/centrafricaine\/#website\"},\"primaryImageOfPage\":{\"@id\":\"https:\/\/www.africa-press.net\/centrafricaine\/sports\/ceremonie-de-linauguration-du-centre-technique-kaimba-blasco-de-gbangouma#primaryimage\"},\"image\":{\"@id\":\"https:\/\/www.africa-press.net\/centrafricaine\/sports\/ceremonie-de-linauguration-du-centre-technique-kaimba-blasco-de-gbangouma#primaryimage\"},\"thumbnailUrl\":\"https:\/\/static.africa-press.net\/centrafricaine\/sites\/45\/2024\/01\/sm_1704894544.678.jpg\",\"datePublished\":\"2024-01-10T16:40:40+00:00\",\"dateModified\":\"2024-01-10T17:21:37+00:00\",\"author\":{\"@id\":\"https:\/\/www.africa-press.net\/centrafricaine\/#\/schema\/person\/2b1cf3cd81a31e3cd26889ca66d677f1\"},\"description\":\"Faisant du de\u0301veloppement du sport dans toutes ses dimensions l\u2019une de ses priorite\u0301s, le Pre\u0301sident de la Re\u0301publique F ...\",\"breadcrumb\":{\"@id\":\"https:\/\/www.africa-press.net\/centrafricaine\/sports\/ceremonie-de-linauguration-du-centre-technique-kaimba-blasco-de-gbangouma#breadcrumb\"},\"inLanguage\":\"fr-FR\",\"potentialAction\":[{\"@type\":\"ReadAction\",\"target\":[\"https:\/\/www.africa-press.net\/centrafricaine\/sports\/ceremonie-de-linauguration-du-centre-technique-kaimba-blasco-de-gbangouma\"]}]},{\"@type\":\"ImageObject\",\"inLanguage\":\"fr-FR\",\"@id\":\"https:\/\/www.africa-press.net\/centrafricaine\/sports\/ceremonie-de-linauguration-du-centre-technique-kaimba-blasco-de-gbangouma#primaryimage\",\"url\":\"https:\/\/static.africa-press.net\/centrafricaine\/sites\/45\/2024\/01\/sm_1704894544.678.jpg\",\"contentUrl\":\"https:\/\/static.africa-press.net\/centrafricaine\/sites\/45\/2024\/01\/sm_1704894544.678.jpg\",\"width\":720,\"height\":480,\"caption\":\"C\u00e9r\u00e9monie de l\u2019inauguration du centre technique Kaimba Blasco de Gbangouma\"},{\"@type\":\"BreadcrumbList\",\"@id\":\"https:\/\/www.africa-press.net\/centrafricaine\/sports\/ceremonie-de-linauguration-du-centre-technique-kaimba-blasco-de-gbangouma#breadcrumb\",\"itemListElement\":[{\"@type\":\"ListItem\",\"position\":1,\"name\":\"Accueil\",\"item\":\"https:\/\/www.africa-press.net\/centrafricaine\/\"},{\"@type\":\"ListItem\",\"position\":2,\"name\":\"C\u00e9r\u00e9monie de l\u2019inauguration du centre technique Kaimba Blasco de Gbangouma\"}]},{\"@type\":\"WebSite\",\"@id\":\"https:\/\/www.africa-press.net\/centrafricaine\/#website\",\"url\":\"https:\/\/www.africa-press.net\/centrafricaine\/\",\"name\":\"centrafricaine\",\"description\":\"Just another Africa News Agency Sites site\",\"potentialAction\":[{\"@type\":\"SearchAction\",\"target\":{\"@type\":\"EntryPoint\",\"urlTemplate\":\"https:\/\/www.africa-press.net\/centrafricaine\/?s={search_term_string}\"},\"query-input\":{\"@type\":\"PropertyValueSpecification\",\"valueRequired\":true,\"valueName\":\"search_term_string\"}}],\"inLanguage\":\"fr-FR\"},{\"@type\":\"Person\",\"@id\":\"https:\/\/www.africa-press.net\/centrafricaine\/#\/schema\/person\/2b1cf3cd81a31e3cd26889ca66d677f1\",\"name\":\"cfeditorfr\"}]}<\/script>\n<!-- \/ Yoast SEO Premium plugin. -->","yoast_head_json":{"title":"C\u00e9r\u00e9monie de l\u2019inauguration du centre technique Kaimba Blasco de Gbangouma - centrafricaine","description":"Faisant du de\u0301veloppement du sport dans toutes ses dimensions l\u2019une de ses priorite\u0301s, le Pre\u0301sident de la Re\u0301publique F ...","robots":{"index":"index","follow":"follow","max-snippet":"max-snippet:-1","max-image-preview":"max-image-preview:large","max-video-preview":"max-video-preview:-1"},"canonical":"https:\/\/www.africa-press.net\/centrafricaine\/sports\/ceremonie-de-linauguration-du-centre-technique-kaimba-blasco-de-gbangouma","og_locale":"fr_FR","og_type":"article","og_title":"C\u00e9r\u00e9monie de l\u2019inauguration du centre technique Kaimba Blasco de Gbangouma","og_description":"Faisant du de\u0301veloppement du sport dans toutes ses dimensions l\u2019une de ses priorite\u0301s, le Pre\u0301sident de la Re\u0301publique F ...","og_url":"https:\/\/www.africa-press.net\/centrafricaine\/sports\/ceremonie-de-linauguration-du-centre-technique-kaimba-blasco-de-gbangouma","og_site_name":"centrafricaine","article_published_time":"2024-01-10T16:40:40+00:00","article_modified_time":"2024-01-10T17:21:37+00:00","og_image":[{"width":720,"height":480,"url":"https:\/\/static.africa-press.net\/centrafricaine\/sites\/45\/2024\/01\/sm_1704894544.678.jpg","type":"image\/jpeg"}],"author":"cfeditorfr","twitter_card":"summary_large_image","twitter_misc":{"\u00c9crit par":"cfeditorfr","Dur\u00e9e de lecture estim\u00e9e":"3 minutes"},"schema":{"@context":"https:\/\/schema.org","@graph":[{"@type":"Article","@id":"https:\/\/www.africa-press.net\/centrafricaine\/sports\/ceremonie-de-linauguration-du-centre-technique-kaimba-blasco-de-gbangouma#article","isPartOf":{"@id":"https:\/\/www.africa-press.net\/centrafricaine\/sports\/ceremonie-de-linauguration-du-centre-technique-kaimba-blasco-de-gbangouma"},"author":{"name":"cfeditorfr","@id":"https:\/\/www.africa-press.net\/centrafricaine\/#\/schema\/person\/2b1cf3cd81a31e3cd26889ca66d677f1"},"headline":"C\u00e9r\u00e9monie de l\u2019inauguration du centre technique Kaimba Blasco de Gbangouma","datePublished":"2024-01-10T16:40:40+00:00","dateModified":"2024-01-10T17:21:37+00:00","mainEntityOfPage":{"@id":"https:\/\/www.africa-press.net\/centrafricaine\/sports\/ceremonie-de-linauguration-du-centre-technique-kaimba-blasco-de-gbangouma"},"wordCount":534,"commentCount":0,"image":{"@id":"https:\/\/www.africa-press.net\/centrafricaine\/sports\/ceremonie-de-linauguration-du-centre-technique-kaimba-blasco-de-gbangouma#primaryimage"},"thumbnailUrl":"https:\/\/static.africa-press.net\/centrafricaine\/sites\/45\/2024\/01\/sm_1704894544.678.jpg","keywords":["Africa Press","Africa Press-CentrAfricaine","CentrAfricaine"],"articleSection":["Sports","Toutes les actualit\u00e9s"],"inLanguage":"fr-FR","potentialAction":[{"@type":"CommentAction","name":"Comment","target":["https:\/\/www.africa-press.net\/centrafricaine\/sports\/ceremonie-de-linauguration-du-centre-technique-kaimba-blasco-de-gbangouma#respond"]}]},{"@type":"WebPage","@id":"https:\/\/www.africa-press.net\/centrafricaine\/sports\/ceremonie-de-linauguration-du-centre-technique-kaimba-blasco-de-gbangouma","url":"https:\/\/www.africa-press.net\/centrafricaine\/sports\/ceremonie-de-linauguration-du-centre-technique-kaimba-blasco-de-gbangouma","name":"C\u00e9r\u00e9monie de l\u2019inauguration du centre technique Kaimba Blasco de Gbangouma - centrafricaine","isPartOf":{"@id":"https:\/\/www.africa-press.net\/centrafricaine\/#website"},"primaryImageOfPage":{"@id":"https:\/\/www.africa-press.net\/centrafricaine\/sports\/ceremonie-de-linauguration-du-centre-technique-kaimba-blasco-de-gbangouma#primaryimage"},"image":{"@id":"https:\/\/www.africa-press.net\/centrafricaine\/sports\/ceremonie-de-linauguration-du-centre-technique-kaimba-blasco-de-gbangouma#primaryimage"},"thumbnailUrl":"https:\/\/static.africa-press.net\/centrafricaine\/sites\/45\/2024\/01\/sm_1704894544.678.jpg","datePublished":"2024-01-10T16:40:40+00:00","dateModified":"2024-01-10T17:21:37+00:00","author":{"@id":"https:\/\/www.africa-press.net\/centrafricaine\/#\/schema\/person\/2b1cf3cd81a31e3cd26889ca66d677f1"},"description":"Faisant du de\u0301veloppement du sport dans toutes ses dimensions l\u2019une de ses priorite\u0301s, le Pre\u0301sident de la Re\u0301publique F ...","breadcrumb":{"@id":"https:\/\/www.africa-press.net\/centrafricaine\/sports\/ceremonie-de-linauguration-du-centre-technique-kaimba-blasco-de-gbangouma#breadcrumb"},"inLanguage":"fr-FR","potentialAction":[{"@type":"ReadAction","target":["https:\/\/www.africa-press.net\/centrafricaine\/sports\/ceremonie-de-linauguration-du-centre-technique-kaimba-blasco-de-gbangouma"]}]},{"@type":"ImageObject","inLanguage":"fr-FR","@id":"https:\/\/www.africa-press.net\/centrafricaine\/sports\/ceremonie-de-linauguration-du-centre-technique-kaimba-blasco-de-gbangouma#primaryimage","url":"https:\/\/static.africa-press.net\/centrafricaine\/sites\/45\/2024\/01\/sm_1704894544.678.jpg","contentUrl":"https:\/\/static.africa-press.net\/centrafricaine\/sites\/45\/2024\/01\/sm_1704894544.678.jpg","width":720,"height":480,"caption":"C\u00e9r\u00e9monie de l\u2019inauguration du centre technique Kaimba Blasco de Gbangouma"},{"@type":"BreadcrumbList","@id":"https:\/\/www.africa-press.net\/centrafricaine\/sports\/ceremonie-de-linauguration-du-centre-technique-kaimba-blasco-de-gbangouma#breadcrumb","itemListElement":[{"@type":"ListItem","position":1,"name":"Accueil","item":"https:\/\/www.africa-press.net\/centrafricaine\/"},{"@type":"ListItem","position":2,"name":"C\u00e9r\u00e9monie de l\u2019inauguration du centre technique Kaimba Blasco de Gbangouma"}]},{"@type":"WebSite","@id":"https:\/\/www.africa-press.net\/centrafricaine\/#website","url":"https:\/\/www.africa-press.net\/centrafricaine\/","name":"centrafricaine","description":"Just another Africa News Agency Sites site","potentialAction":[{"@type":"SearchAction","target":{"@type":"EntryPoint","urlTemplate":"https:\/\/www.africa-press.net\/centrafricaine\/?s={search_term_string}"},"query-input":{"@type":"PropertyValueSpecification","valueRequired":true,"valueName":"search_term_string"}}],"inLanguage":"fr-FR"},{"@type":"Person","@id":"https:\/\/www.africa-press.net\/centrafricaine\/#\/schema\/person\/2b1cf3cd81a31e3cd26889ca66d677f1","name":"cfeditorfr"}]}},"_links":{"self":[{"href":"https:\/\/www.africa-press.net\/centrafricaine\/wp-json\/wp\/v2\/posts\/51517","targetHints":{"allow":["GET"]}}],"collection":[{"href":"https:\/\/www.africa-press.net\/centrafricaine\/wp-json\/wp\/v2\/posts"}],"about":[{"href":"https:\/\/www.africa-press.net\/centrafricaine\/wp-json\/wp\/v2\/types\/post"}],"author":[{"embeddable":true,"href":"https:\/\/www.africa-press.net\/centrafricaine\/wp-json\/wp\/v2\/users\/82"}],"replies":[{"embeddable":true,"href":"https:\/\/www.africa-press.net\/centrafricaine\/wp-json\/wp\/v2\/comments?post=51517"}],"version-history":[{"count":0,"href":"https:\/\/www.africa-press.net\/centrafricaine\/wp-json\/wp\/v2\/posts\/51517\/revisions"}],"wp:featuredmedia":[{"embeddable":true,"href":"https:\/\/www.africa-press.net\/centrafricaine\/wp-json\/wp\/v2\/media\/51516"}],"wp:attachment":[{"href":"https:\/\/www.africa-press.net\/centrafricaine\/wp-json\/wp\/v2\/media?parent=51517"}],"wp:term":[{"taxonomy":"category","embeddable":true,"href":"https:\/\/www.africa-press.net\/centrafricaine\/wp-json\/wp\/v2\/categories?post=51517"},{"taxonomy":"post_tag","embeddable":true,"href":"https:\/\/www.africa-press.net\/centrafricaine\/wp-json\/wp\/v2\/tags?post=51517"}],"curies":[{"name":"wp","href":"https:\/\/api.w.org\/{rel}","templated":true}]}}