{"id":51524,"date":"2024-01-10T16:44:12","date_gmt":"2024-01-10T16:44:12","guid":{"rendered":"https:\/\/www.africa-press.net\/centrafricaine\/politique\/vers-le-deploiement-des-banques-commerciales-au-port-sec-de-pk-26"},"modified":"2024-01-10T17:24:25","modified_gmt":"2024-01-10T17:24:25","slug":"vers-le-deploiement-des-banques-commerciales-au-port-sec-de-pk-26","status":"publish","type":"post","link":"https:\/\/www.africa-press.net\/centrafricaine\/toutes-les-actualites\/vers-le-deploiement-des-banques-commerciales-au-port-sec-de-pk-26","title":{"rendered":"Vers le d\u00e9ploiement des banques commerciales au port sec de pk 26"},"content":{"rendered":"<p><span style=\"color: #ff6600\"><strong>Africa-Press &#8211; CentrAfricaine. <\/strong><\/span>Afin d\u2019atteindre les objectifs du gouvernement en mati\u00e8re de mobilisation crescendo des ressources int\u00e9rieures, le directeur de cabinet du minist\u00e8re des finances et du budget, M. Wamata Yambouka a pr\u00e9sid\u00e9, le vendredi 05 janvier 2023, une rencontre relative au d\u00e9ploiement des banques commerciales sur le site du port sec de Pk26, en pr\u00e9sences des toutes les parties prenantes.<\/p>\n<p>Cette rencontre vise \u00e0 examiner les points de blocages afin d\u2019y trouver des solutions idoines. Pour M. Wamata, la bancarisation des recettes fiscalo-douani\u00e8res n\u2019est pas une option. Tout doit \u00eatre mis en \u0153uvre pour que les banques soient d\u00e9ploy\u00e9es au niveau de PK 26 et que l\u2019argent collect\u00e9 soit s\u00e9curis\u00e9, transf\u00e9r\u00e9 et d\u00e9pos\u00e9 sur le Compte Unique du Tr\u00e9sor (CUT).<\/p>\n<p>L\u2019\u00e9largissement de la bancarisation des recettes domestiques de l\u2019Etat est une approche qui contribuera sans nul doute \u00e0 la maximisation de recouvrement desdites recettes, car les encaissements seront biens canalis\u00e9s et s\u00e9curis\u00e9s par les banques. Raison pour laquelle, sous l\u2019impulsion du ministre charg\u00e9 des finances et du budget Herv\u00e9 Ndoba, le directeur de cabinet M. Yambouka travaille d\u2019arrachepied en intelligence avec les banques de la place pour atteindre cet objectif.<\/p>\n<p><strong>Pour plus d&rsquo;informations et d&rsquo;analyses sur la <a href=\"https:\/\/www.africa-press.net\/centrafricaine\">CentrAfricaine<\/a>, suivez <a href=\"https:\/\/www.africa-press.net\/\">Africa-Press<\/a><\/strong><\/p>\n","protected":false},"excerpt":{"rendered":"<p>Africa-Press &#8211; CentrAfricaine. Afin d\u2019atteindre les objectifs du gouvernement en mati\u00e8re de mobilisation crescendo des ressources int\u00e9rieures, le directeur de cabinet du minist\u00e8re des finances et du budget, M. Wamata Yambouka a pr\u00e9sid\u00e9, le vendredi 05 janvier 2023, une rencontre relative au d\u00e9ploiement des banques commerciales sur le site du port sec de Pk26, en [&hellip;]<\/p>\n","protected":false},"author":82,"featured_media":51523,"comment_status":"open","ping_status":"closed","sticky":false,"template":"","format":"standard","meta":{"footnotes":""},"categories":[21,10],"tags":[36,58,30],"class_list":["post-51524","post","type-post","status-publish","format-standard","has-post-thumbnail","hentry","category-communaute","category-toutes-les-actualites","tag-africa-press","tag-africa-press-centrafricaine","tag-centrafricaine"],"yoast_head":"<!-- This site is optimized with the Yoast SEO Premium plugin v26.1 (Yoast SEO v27.0) - https:\/\/yoast.com\/product\/yoast-seo-premium-wordpress\/ -->\n<title>Vers le d\u00e9ploiement des banques commerciales au port sec de pk 26 - centrafricaine<\/title>\n<meta name=\"description\" content=\"Afin d\u2019atteindre les objectifs du gouvernement en matie\u0300re de mobilisation crescendo des ressources inte\u0301rieures, le direc ...\" \/>\n<meta name=\"robots\" content=\"index, follow, max-snippet:-1, max-image-preview:large, max-video-preview:-1\" \/>\n<link rel=\"canonical\" href=\"https:\/\/www.africa-press.net\/centrafricaine\/toutes-les-actualites\/vers-le-deploiement-des-banques-commerciales-au-port-sec-de-pk-26\" \/>\n<meta property=\"og:locale\" content=\"fr_FR\" \/>\n<meta property=\"og:type\" content=\"article\" \/>\n<meta property=\"og:title\" content=\"Vers le d\u00e9ploiement des banques commerciales au port sec de pk 26\" \/>\n<meta property=\"og:description\" content=\"Afin d\u2019atteindre les objectifs du gouvernement en matie\u0300re de mobilisation crescendo des ressources inte\u0301rieures, le direc ...\" \/>\n<meta property=\"og:url\" content=\"https:\/\/www.africa-press.net\/centrafricaine\/toutes-les-actualites\/vers-le-deploiement-des-banques-commerciales-au-port-sec-de-pk-26\" \/>\n<meta property=\"og:site_name\" content=\"centrafricaine\" \/>\n<meta property=\"article:published_time\" content=\"2024-01-10T16:44:12+00:00\" \/>\n<meta property=\"article:modified_time\" content=\"2024-01-10T17:24:25+00:00\" \/>\n<meta property=\"og:image\" content=\"https:\/\/static.africa-press.net\/centrafricaine\/sites\/45\/2024\/01\/sm_1704894739.251285.jpg\" \/>\n\t<meta property=\"og:image:width\" content=\"1280\" \/>\n\t<meta property=\"og:image:height\" content=\"640\" \/>\n\t<meta property=\"og:image:type\" content=\"image\/jpeg\" \/>\n<meta name=\"author\" content=\"cfeditorfr\" \/>\n<meta name=\"twitter:card\" content=\"summary_large_image\" \/>\n<meta name=\"twitter:label1\" content=\"\u00c9crit par\" \/>\n\t<meta name=\"twitter:data1\" content=\"cfeditorfr\" \/>\n\t<meta name=\"twitter:label2\" content=\"Dur\u00e9e de lecture estim\u00e9e\" \/>\n\t<meta name=\"twitter:data2\" content=\"1 minute\" \/>\n<script type=\"application\/ld+json\" class=\"yoast-schema-graph\">{\"@context\":\"https:\/\/schema.org\",\"@graph\":[{\"@type\":\"Article\",\"@id\":\"https:\/\/www.africa-press.net\/centrafricaine\/toutes-les-actualites\/vers-le-deploiement-des-banques-commerciales-au-port-sec-de-pk-26#article\",\"isPartOf\":{\"@id\":\"https:\/\/www.africa-press.net\/centrafricaine\/toutes-les-actualites\/vers-le-deploiement-des-banques-commerciales-au-port-sec-de-pk-26\"},\"author\":{\"name\":\"cfeditorfr\",\"@id\":\"https:\/\/www.africa-press.net\/centrafricaine\/#\/schema\/person\/2b1cf3cd81a31e3cd26889ca66d677f1\"},\"headline\":\"Vers le d\u00e9ploiement des banques commerciales au port sec de pk 26\",\"datePublished\":\"2024-01-10T16:44:12+00:00\",\"dateModified\":\"2024-01-10T17:24:25+00:00\",\"mainEntityOfPage\":{\"@id\":\"https:\/\/www.africa-press.net\/centrafricaine\/toutes-les-actualites\/vers-le-deploiement-des-banques-commerciales-au-port-sec-de-pk-26\"},\"wordCount\":234,\"commentCount\":0,\"image\":{\"@id\":\"https:\/\/www.africa-press.net\/centrafricaine\/toutes-les-actualites\/vers-le-deploiement-des-banques-commerciales-au-port-sec-de-pk-26#primaryimage\"},\"thumbnailUrl\":\"https:\/\/static.africa-press.net\/centrafricaine\/sites\/45\/2024\/01\/sm_1704894739.251285.jpg\",\"keywords\":[\"Africa Press\",\"Africa Press-CentrAfricaine\",\"CentrAfricaine\"],\"articleSection\":[\"Communaut\u00e9\",\"Toutes les actualit\u00e9s\"],\"inLanguage\":\"fr-FR\",\"potentialAction\":[{\"@type\":\"CommentAction\",\"name\":\"Comment\",\"target\":[\"https:\/\/www.africa-press.net\/centrafricaine\/toutes-les-actualites\/vers-le-deploiement-des-banques-commerciales-au-port-sec-de-pk-26#respond\"]}]},{\"@type\":\"WebPage\",\"@id\":\"https:\/\/www.africa-press.net\/centrafricaine\/toutes-les-actualites\/vers-le-deploiement-des-banques-commerciales-au-port-sec-de-pk-26\",\"url\":\"https:\/\/www.africa-press.net\/centrafricaine\/toutes-les-actualites\/vers-le-deploiement-des-banques-commerciales-au-port-sec-de-pk-26\",\"name\":\"Vers le d\u00e9ploiement des banques commerciales au port sec de pk 26 - centrafricaine\",\"isPartOf\":{\"@id\":\"https:\/\/www.africa-press.net\/centrafricaine\/#website\"},\"primaryImageOfPage\":{\"@id\":\"https:\/\/www.africa-press.net\/centrafricaine\/toutes-les-actualites\/vers-le-deploiement-des-banques-commerciales-au-port-sec-de-pk-26#primaryimage\"},\"image\":{\"@id\":\"https:\/\/www.africa-press.net\/centrafricaine\/toutes-les-actualites\/vers-le-deploiement-des-banques-commerciales-au-port-sec-de-pk-26#primaryimage\"},\"thumbnailUrl\":\"https:\/\/static.africa-press.net\/centrafricaine\/sites\/45\/2024\/01\/sm_1704894739.251285.jpg\",\"datePublished\":\"2024-01-10T16:44:12+00:00\",\"dateModified\":\"2024-01-10T17:24:25+00:00\",\"author\":{\"@id\":\"https:\/\/www.africa-press.net\/centrafricaine\/#\/schema\/person\/2b1cf3cd81a31e3cd26889ca66d677f1\"},\"description\":\"Afin d\u2019atteindre les objectifs du gouvernement en matie\u0300re de mobilisation crescendo des ressources inte\u0301rieures, le direc ...\",\"breadcrumb\":{\"@id\":\"https:\/\/www.africa-press.net\/centrafricaine\/toutes-les-actualites\/vers-le-deploiement-des-banques-commerciales-au-port-sec-de-pk-26#breadcrumb\"},\"inLanguage\":\"fr-FR\",\"potentialAction\":[{\"@type\":\"ReadAction\",\"target\":[\"https:\/\/www.africa-press.net\/centrafricaine\/toutes-les-actualites\/vers-le-deploiement-des-banques-commerciales-au-port-sec-de-pk-26\"]}]},{\"@type\":\"ImageObject\",\"inLanguage\":\"fr-FR\",\"@id\":\"https:\/\/www.africa-press.net\/centrafricaine\/toutes-les-actualites\/vers-le-deploiement-des-banques-commerciales-au-port-sec-de-pk-26#primaryimage\",\"url\":\"https:\/\/static.africa-press.net\/centrafricaine\/sites\/45\/2024\/01\/sm_1704894739.251285.jpg\",\"contentUrl\":\"https:\/\/static.africa-press.net\/centrafricaine\/sites\/45\/2024\/01\/sm_1704894739.251285.jpg\",\"width\":1280,\"height\":640,\"caption\":\"Vers le d\u00e9ploiement des banques commerciales au port sec de pk 26\"},{\"@type\":\"BreadcrumbList\",\"@id\":\"https:\/\/www.africa-press.net\/centrafricaine\/toutes-les-actualites\/vers-le-deploiement-des-banques-commerciales-au-port-sec-de-pk-26#breadcrumb\",\"itemListElement\":[{\"@type\":\"ListItem\",\"position\":1,\"name\":\"Accueil\",\"item\":\"https:\/\/www.africa-press.net\/centrafricaine\/\"},{\"@type\":\"ListItem\",\"position\":2,\"name\":\"Vers le d\u00e9ploiement des banques commerciales au port sec de pk 26\"}]},{\"@type\":\"WebSite\",\"@id\":\"https:\/\/www.africa-press.net\/centrafricaine\/#website\",\"url\":\"https:\/\/www.africa-press.net\/centrafricaine\/\",\"name\":\"centrafricaine\",\"description\":\"Just another Africa News Agency Sites site\",\"potentialAction\":[{\"@type\":\"SearchAction\",\"target\":{\"@type\":\"EntryPoint\",\"urlTemplate\":\"https:\/\/www.africa-press.net\/centrafricaine\/?s={search_term_string}\"},\"query-input\":{\"@type\":\"PropertyValueSpecification\",\"valueRequired\":true,\"valueName\":\"search_term_string\"}}],\"inLanguage\":\"fr-FR\"},{\"@type\":\"Person\",\"@id\":\"https:\/\/www.africa-press.net\/centrafricaine\/#\/schema\/person\/2b1cf3cd81a31e3cd26889ca66d677f1\",\"name\":\"cfeditorfr\"}]}<\/script>\n<!-- \/ Yoast SEO Premium plugin. -->","yoast_head_json":{"title":"Vers le d\u00e9ploiement des banques commerciales au port sec de pk 26 - centrafricaine","description":"Afin d\u2019atteindre les objectifs du gouvernement en matie\u0300re de mobilisation crescendo des ressources inte\u0301rieures, le direc ...","robots":{"index":"index","follow":"follow","max-snippet":"max-snippet:-1","max-image-preview":"max-image-preview:large","max-video-preview":"max-video-preview:-1"},"canonical":"https:\/\/www.africa-press.net\/centrafricaine\/toutes-les-actualites\/vers-le-deploiement-des-banques-commerciales-au-port-sec-de-pk-26","og_locale":"fr_FR","og_type":"article","og_title":"Vers le d\u00e9ploiement des banques commerciales au port sec de pk 26","og_description":"Afin d\u2019atteindre les objectifs du gouvernement en matie\u0300re de mobilisation crescendo des ressources inte\u0301rieures, le direc ...","og_url":"https:\/\/www.africa-press.net\/centrafricaine\/toutes-les-actualites\/vers-le-deploiement-des-banques-commerciales-au-port-sec-de-pk-26","og_site_name":"centrafricaine","article_published_time":"2024-01-10T16:44:12+00:00","article_modified_time":"2024-01-10T17:24:25+00:00","og_image":[{"width":1280,"height":640,"url":"https:\/\/static.africa-press.net\/centrafricaine\/sites\/45\/2024\/01\/sm_1704894739.251285.jpg","type":"image\/jpeg"}],"author":"cfeditorfr","twitter_card":"summary_large_image","twitter_misc":{"\u00c9crit par":"cfeditorfr","Dur\u00e9e de lecture estim\u00e9e":"1 minute"},"schema":{"@context":"https:\/\/schema.org","@graph":[{"@type":"Article","@id":"https:\/\/www.africa-press.net\/centrafricaine\/toutes-les-actualites\/vers-le-deploiement-des-banques-commerciales-au-port-sec-de-pk-26#article","isPartOf":{"@id":"https:\/\/www.africa-press.net\/centrafricaine\/toutes-les-actualites\/vers-le-deploiement-des-banques-commerciales-au-port-sec-de-pk-26"},"author":{"name":"cfeditorfr","@id":"https:\/\/www.africa-press.net\/centrafricaine\/#\/schema\/person\/2b1cf3cd81a31e3cd26889ca66d677f1"},"headline":"Vers le d\u00e9ploiement des banques commerciales au port sec de pk 26","datePublished":"2024-01-10T16:44:12+00:00","dateModified":"2024-01-10T17:24:25+00:00","mainEntityOfPage":{"@id":"https:\/\/www.africa-press.net\/centrafricaine\/toutes-les-actualites\/vers-le-deploiement-des-banques-commerciales-au-port-sec-de-pk-26"},"wordCount":234,"commentCount":0,"image":{"@id":"https:\/\/www.africa-press.net\/centrafricaine\/toutes-les-actualites\/vers-le-deploiement-des-banques-commerciales-au-port-sec-de-pk-26#primaryimage"},"thumbnailUrl":"https:\/\/static.africa-press.net\/centrafricaine\/sites\/45\/2024\/01\/sm_1704894739.251285.jpg","keywords":["Africa Press","Africa Press-CentrAfricaine","CentrAfricaine"],"articleSection":["Communaut\u00e9","Toutes les actualit\u00e9s"],"inLanguage":"fr-FR","potentialAction":[{"@type":"CommentAction","name":"Comment","target":["https:\/\/www.africa-press.net\/centrafricaine\/toutes-les-actualites\/vers-le-deploiement-des-banques-commerciales-au-port-sec-de-pk-26#respond"]}]},{"@type":"WebPage","@id":"https:\/\/www.africa-press.net\/centrafricaine\/toutes-les-actualites\/vers-le-deploiement-des-banques-commerciales-au-port-sec-de-pk-26","url":"https:\/\/www.africa-press.net\/centrafricaine\/toutes-les-actualites\/vers-le-deploiement-des-banques-commerciales-au-port-sec-de-pk-26","name":"Vers le d\u00e9ploiement des banques commerciales au port sec de pk 26 - centrafricaine","isPartOf":{"@id":"https:\/\/www.africa-press.net\/centrafricaine\/#website"},"primaryImageOfPage":{"@id":"https:\/\/www.africa-press.net\/centrafricaine\/toutes-les-actualites\/vers-le-deploiement-des-banques-commerciales-au-port-sec-de-pk-26#primaryimage"},"image":{"@id":"https:\/\/www.africa-press.net\/centrafricaine\/toutes-les-actualites\/vers-le-deploiement-des-banques-commerciales-au-port-sec-de-pk-26#primaryimage"},"thumbnailUrl":"https:\/\/static.africa-press.net\/centrafricaine\/sites\/45\/2024\/01\/sm_1704894739.251285.jpg","datePublished":"2024-01-10T16:44:12+00:00","dateModified":"2024-01-10T17:24:25+00:00","author":{"@id":"https:\/\/www.africa-press.net\/centrafricaine\/#\/schema\/person\/2b1cf3cd81a31e3cd26889ca66d677f1"},"description":"Afin d\u2019atteindre les objectifs du gouvernement en matie\u0300re de mobilisation crescendo des ressources inte\u0301rieures, le direc ...","breadcrumb":{"@id":"https:\/\/www.africa-press.net\/centrafricaine\/toutes-les-actualites\/vers-le-deploiement-des-banques-commerciales-au-port-sec-de-pk-26#breadcrumb"},"inLanguage":"fr-FR","potentialAction":[{"@type":"ReadAction","target":["https:\/\/www.africa-press.net\/centrafricaine\/toutes-les-actualites\/vers-le-deploiement-des-banques-commerciales-au-port-sec-de-pk-26"]}]},{"@type":"ImageObject","inLanguage":"fr-FR","@id":"https:\/\/www.africa-press.net\/centrafricaine\/toutes-les-actualites\/vers-le-deploiement-des-banques-commerciales-au-port-sec-de-pk-26#primaryimage","url":"https:\/\/static.africa-press.net\/centrafricaine\/sites\/45\/2024\/01\/sm_1704894739.251285.jpg","contentUrl":"https:\/\/static.africa-press.net\/centrafricaine\/sites\/45\/2024\/01\/sm_1704894739.251285.jpg","width":1280,"height":640,"caption":"Vers le d\u00e9ploiement des banques commerciales au port sec de pk 26"},{"@type":"BreadcrumbList","@id":"https:\/\/www.africa-press.net\/centrafricaine\/toutes-les-actualites\/vers-le-deploiement-des-banques-commerciales-au-port-sec-de-pk-26#breadcrumb","itemListElement":[{"@type":"ListItem","position":1,"name":"Accueil","item":"https:\/\/www.africa-press.net\/centrafricaine\/"},{"@type":"ListItem","position":2,"name":"Vers le d\u00e9ploiement des banques commerciales au port sec de pk 26"}]},{"@type":"WebSite","@id":"https:\/\/www.africa-press.net\/centrafricaine\/#website","url":"https:\/\/www.africa-press.net\/centrafricaine\/","name":"centrafricaine","description":"Just another Africa News Agency Sites site","potentialAction":[{"@type":"SearchAction","target":{"@type":"EntryPoint","urlTemplate":"https:\/\/www.africa-press.net\/centrafricaine\/?s={search_term_string}"},"query-input":{"@type":"PropertyValueSpecification","valueRequired":true,"valueName":"search_term_string"}}],"inLanguage":"fr-FR"},{"@type":"Person","@id":"https:\/\/www.africa-press.net\/centrafricaine\/#\/schema\/person\/2b1cf3cd81a31e3cd26889ca66d677f1","name":"cfeditorfr"}]}},"_links":{"self":[{"href":"https:\/\/www.africa-press.net\/centrafricaine\/wp-json\/wp\/v2\/posts\/51524","targetHints":{"allow":["GET"]}}],"collection":[{"href":"https:\/\/www.africa-press.net\/centrafricaine\/wp-json\/wp\/v2\/posts"}],"about":[{"href":"https:\/\/www.africa-press.net\/centrafricaine\/wp-json\/wp\/v2\/types\/post"}],"author":[{"embeddable":true,"href":"https:\/\/www.africa-press.net\/centrafricaine\/wp-json\/wp\/v2\/users\/82"}],"replies":[{"embeddable":true,"href":"https:\/\/www.africa-press.net\/centrafricaine\/wp-json\/wp\/v2\/comments?post=51524"}],"version-history":[{"count":0,"href":"https:\/\/www.africa-press.net\/centrafricaine\/wp-json\/wp\/v2\/posts\/51524\/revisions"}],"wp:featuredmedia":[{"embeddable":true,"href":"https:\/\/www.africa-press.net\/centrafricaine\/wp-json\/wp\/v2\/media\/51523"}],"wp:attachment":[{"href":"https:\/\/www.africa-press.net\/centrafricaine\/wp-json\/wp\/v2\/media?parent=51524"}],"wp:term":[{"taxonomy":"category","embeddable":true,"href":"https:\/\/www.africa-press.net\/centrafricaine\/wp-json\/wp\/v2\/categories?post=51524"},{"taxonomy":"post_tag","embeddable":true,"href":"https:\/\/www.africa-press.net\/centrafricaine\/wp-json\/wp\/v2\/tags?post=51524"}],"curies":[{"name":"wp","href":"https:\/\/api.w.org\/{rel}","templated":true}]}}