{"id":51546,"date":"2024-01-11T17:48:20","date_gmt":"2024-01-11T17:48:20","guid":{"rendered":"https:\/\/www.africa-press.net\/centrafricaine\/politique\/la-necessite-de-lutter-contre-la-vente-des-produits-frelates-sur-les-marches"},"modified":"2024-01-12T16:12:12","modified_gmt":"2024-01-12T16:12:12","slug":"la-necessite-de-lutter-contre-la-vente-des-produits-frelates-sur-les-marches","status":"publish","type":"post","link":"https:\/\/www.africa-press.net\/centrafricaine\/toutes-les-actualites\/la-necessite-de-lutter-contre-la-vente-des-produits-frelates-sur-les-marches","title":{"rendered":"la n\u00e9cessit\u00e9 de lutter contre la vente des produits frelat\u00e9s sur les march\u00e9s"},"content":{"rendered":"<p><span style=\"color: #ff6600\"><strong>Africa-Press &#8211; CentrAfricaine. <\/strong><\/span>Sans conscience, certains commerces vendent des produits de\u0301nature\u0301s aux Centrafricains, exposant ces derniers au risque de contamination de certaines maladies graves. Face a\u0300 une telle occasion, les autorite\u0301s sont appele\u0301es a\u0300 barrer la route a\u0300 ces produits en vue de pre\u0301server la sante\u0301 de la population.<\/p>\n<p>En effet, les produits frelate\u0301s constituent un ve\u0301ritable danger pour la sante\u0301 publique que de nombreux Centrafricains ignorent. Pour l\u2019inte\u0301re\u0302t e\u0301goi\u0308ste et l\u2019amour aggrave\u0301 de l\u2019argent, des commerc\u0327ants gardent ces produits dans le plus grand secret pour les mettre sur les marche\u0301s mettant en danger les consommateurs.<\/p>\n<p>Cette prolife\u0301ration des produits de\u0301nature\u0301s interpelle le gouvernement a\u0300 faire preuve de diligence pour combattre ce mal susceptible d\u2019occasionner des conse\u0301quences ne\u0301fastes sur la sante\u0301 de la population.<\/p>\n<p>Selon Dieu Donne\u0301 Debissa le chef de centre de l\u2019ho\u0302pital de Hermann a\u0300 Bouar <b>\u00ab La consommation de ces stupe\u0301fiants peut entrainer le cancer de la bouche, de l\u2019\u0153sophage, de la gorge, du foie et c\u0327a peut entrainer la maladie que l\u2019on appelle cardiovasculaire c\u2019est-a\u0300-dire la maladie du c\u0153ur et des vaisseaux. Une autre conse\u0301quence c\u0327a e\u0301le\u0300ve la pression arte\u0301rielle et augmente le risque de l\u2019hypertension arte\u0301rielle, e\u0301galement c\u0327a peut favoriser le risque d\u2019he\u0301morragie ce\u0301re\u0301brale et entrainer des troubles du rythme cardiaque. Comme vous le savez le foie est la principale cible des effets toxiques de l\u2019alcool et a\u0300 ce niveau-la\u0300 plusieurs pathologies he\u0301patites peuvent e\u0302tre provoque\u0301es. Nous pouvons citer entre autres la scirrhose du foie avec la circulation veineuse collate\u0301rale \u00bb, <\/b>a signifie\u0301 le chef de centre au microphone de Guira Fm.<\/p>\n<p>II a en outre demande\u0301 aux autorite\u0301 d\u2019envisager une voie de lutte sans merci contre ces commerces de diffe\u0301rents produits frelate\u0301s qui sont en train de de\u0301truire les jeunes a\u0300 petits feux.<\/p>\n<p><strong>Pour plus d&rsquo;informations et d&rsquo;analyses sur la <a href=\"https:\/\/www.africa-press.net\/centrafricaine\">CentrAfricaine<\/a>, suivez <a href=\"https:\/\/www.africa-press.net\/\">Africa-Press<\/a><\/strong><\/p>\n","protected":false},"excerpt":{"rendered":"<p>Africa-Press &#8211; CentrAfricaine. Sans conscience, certains commerces vendent des produits de\u0301nature\u0301s aux Centrafricains, exposant ces derniers au risque de contamination de certaines maladies graves. Face a\u0300 une telle occasion, les autorite\u0301s sont appele\u0301es a\u0300 barrer la route a\u0300 ces produits en vue de pre\u0301server la sante\u0301 de la population. En effet, les produits frelate\u0301s constituent [&hellip;]<\/p>\n","protected":false},"author":82,"featured_media":51545,"comment_status":"open","ping_status":"closed","sticky":false,"template":"","format":"standard","meta":{"footnotes":""},"categories":[21,10],"tags":[36,58,30,41,4841],"class_list":["post-51546","post","type-post","status-publish","format-standard","has-post-thumbnail","hentry","category-communaute","category-toutes-les-actualites","tag-africa-press","tag-africa-press-centrafricaine","tag-centrafricaine","tag-centrafrique","tag-produits-frelates"],"yoast_head":"<!-- This site is optimized with the Yoast SEO Premium plugin v26.1 (Yoast SEO v27.0) - https:\/\/yoast.com\/product\/yoast-seo-premium-wordpress\/ -->\n<title>la n\u00e9cessit\u00e9 de lutter contre la vente des produits frelat\u00e9s sur les march\u00e9s - centrafricaine<\/title>\n<meta name=\"description\" content=\"Sans conscience, certains commerces vendent des produits de\u0301nature\u0301s aux Centrafricains, exposant ces derniers au risque ...\" \/>\n<meta name=\"robots\" content=\"index, follow, max-snippet:-1, max-image-preview:large, max-video-preview:-1\" \/>\n<link rel=\"canonical\" href=\"https:\/\/www.africa-press.net\/centrafricaine\/toutes-les-actualites\/la-necessite-de-lutter-contre-la-vente-des-produits-frelates-sur-les-marches\" \/>\n<meta property=\"og:locale\" content=\"fr_FR\" \/>\n<meta property=\"og:type\" content=\"article\" \/>\n<meta property=\"og:title\" content=\"la n\u00e9cessit\u00e9 de lutter contre la vente des produits frelat\u00e9s sur les march\u00e9s\" \/>\n<meta property=\"og:description\" content=\"Sans conscience, certains commerces vendent des produits de\u0301nature\u0301s aux Centrafricains, exposant ces derniers au risque ...\" \/>\n<meta property=\"og:url\" content=\"https:\/\/www.africa-press.net\/centrafricaine\/toutes-les-actualites\/la-necessite-de-lutter-contre-la-vente-des-produits-frelates-sur-les-marches\" \/>\n<meta property=\"og:site_name\" content=\"centrafricaine\" \/>\n<meta property=\"article:published_time\" content=\"2024-01-11T17:48:20+00:00\" \/>\n<meta property=\"article:modified_time\" content=\"2024-01-12T16:12:12+00:00\" \/>\n<meta property=\"og:image\" content=\"https:\/\/static.africa-press.net\/centrafricaine\/sites\/45\/2024\/01\/sm_1704989868.917929.jpg\" \/>\n\t<meta property=\"og:image:width\" content=\"720\" \/>\n\t<meta property=\"og:image:height\" content=\"540\" \/>\n\t<meta property=\"og:image:type\" content=\"image\/jpeg\" \/>\n<meta name=\"author\" content=\"cfeditorfr\" \/>\n<meta name=\"twitter:card\" content=\"summary_large_image\" \/>\n<meta name=\"twitter:label1\" content=\"\u00c9crit par\" \/>\n\t<meta name=\"twitter:data1\" content=\"cfeditorfr\" \/>\n\t<meta name=\"twitter:label2\" content=\"Dur\u00e9e de lecture estim\u00e9e\" \/>\n\t<meta name=\"twitter:data2\" content=\"2 minutes\" \/>\n<script type=\"application\/ld+json\" class=\"yoast-schema-graph\">{\"@context\":\"https:\/\/schema.org\",\"@graph\":[{\"@type\":\"Article\",\"@id\":\"https:\/\/www.africa-press.net\/centrafricaine\/toutes-les-actualites\/la-necessite-de-lutter-contre-la-vente-des-produits-frelates-sur-les-marches#article\",\"isPartOf\":{\"@id\":\"https:\/\/www.africa-press.net\/centrafricaine\/toutes-les-actualites\/la-necessite-de-lutter-contre-la-vente-des-produits-frelates-sur-les-marches\"},\"author\":{\"name\":\"cfeditorfr\",\"@id\":\"https:\/\/www.africa-press.net\/centrafricaine\/#\/schema\/person\/2b1cf3cd81a31e3cd26889ca66d677f1\"},\"headline\":\"la n\u00e9cessit\u00e9 de lutter contre la vente des produits frelat\u00e9s sur les march\u00e9s\",\"datePublished\":\"2024-01-11T17:48:20+00:00\",\"dateModified\":\"2024-01-12T16:12:12+00:00\",\"mainEntityOfPage\":{\"@id\":\"https:\/\/www.africa-press.net\/centrafricaine\/toutes-les-actualites\/la-necessite-de-lutter-contre-la-vente-des-produits-frelates-sur-les-marches\"},\"wordCount\":368,\"commentCount\":0,\"image\":{\"@id\":\"https:\/\/www.africa-press.net\/centrafricaine\/toutes-les-actualites\/la-necessite-de-lutter-contre-la-vente-des-produits-frelates-sur-les-marches#primaryimage\"},\"thumbnailUrl\":\"https:\/\/static.africa-press.net\/centrafricaine\/sites\/45\/2024\/01\/sm_1704989868.917929.jpg\",\"keywords\":[\"Africa Press\",\"Africa Press-CentrAfricaine\",\"CentrAfricaine\",\"Centrafrique\",\"produits frelat\u00e9s\"],\"articleSection\":[\"Communaut\u00e9\",\"Toutes les actualit\u00e9s\"],\"inLanguage\":\"fr-FR\",\"potentialAction\":[{\"@type\":\"CommentAction\",\"name\":\"Comment\",\"target\":[\"https:\/\/www.africa-press.net\/centrafricaine\/toutes-les-actualites\/la-necessite-de-lutter-contre-la-vente-des-produits-frelates-sur-les-marches#respond\"]}]},{\"@type\":\"WebPage\",\"@id\":\"https:\/\/www.africa-press.net\/centrafricaine\/toutes-les-actualites\/la-necessite-de-lutter-contre-la-vente-des-produits-frelates-sur-les-marches\",\"url\":\"https:\/\/www.africa-press.net\/centrafricaine\/toutes-les-actualites\/la-necessite-de-lutter-contre-la-vente-des-produits-frelates-sur-les-marches\",\"name\":\"la n\u00e9cessit\u00e9 de lutter contre la vente des produits frelat\u00e9s sur les march\u00e9s - centrafricaine\",\"isPartOf\":{\"@id\":\"https:\/\/www.africa-press.net\/centrafricaine\/#website\"},\"primaryImageOfPage\":{\"@id\":\"https:\/\/www.africa-press.net\/centrafricaine\/toutes-les-actualites\/la-necessite-de-lutter-contre-la-vente-des-produits-frelates-sur-les-marches#primaryimage\"},\"image\":{\"@id\":\"https:\/\/www.africa-press.net\/centrafricaine\/toutes-les-actualites\/la-necessite-de-lutter-contre-la-vente-des-produits-frelates-sur-les-marches#primaryimage\"},\"thumbnailUrl\":\"https:\/\/static.africa-press.net\/centrafricaine\/sites\/45\/2024\/01\/sm_1704989868.917929.jpg\",\"datePublished\":\"2024-01-11T17:48:20+00:00\",\"dateModified\":\"2024-01-12T16:12:12+00:00\",\"author\":{\"@id\":\"https:\/\/www.africa-press.net\/centrafricaine\/#\/schema\/person\/2b1cf3cd81a31e3cd26889ca66d677f1\"},\"description\":\"Sans conscience, certains commerces vendent des produits de\u0301nature\u0301s aux Centrafricains, exposant ces derniers au risque ...\",\"breadcrumb\":{\"@id\":\"https:\/\/www.africa-press.net\/centrafricaine\/toutes-les-actualites\/la-necessite-de-lutter-contre-la-vente-des-produits-frelates-sur-les-marches#breadcrumb\"},\"inLanguage\":\"fr-FR\",\"potentialAction\":[{\"@type\":\"ReadAction\",\"target\":[\"https:\/\/www.africa-press.net\/centrafricaine\/toutes-les-actualites\/la-necessite-de-lutter-contre-la-vente-des-produits-frelates-sur-les-marches\"]}]},{\"@type\":\"ImageObject\",\"inLanguage\":\"fr-FR\",\"@id\":\"https:\/\/www.africa-press.net\/centrafricaine\/toutes-les-actualites\/la-necessite-de-lutter-contre-la-vente-des-produits-frelates-sur-les-marches#primaryimage\",\"url\":\"https:\/\/static.africa-press.net\/centrafricaine\/sites\/45\/2024\/01\/sm_1704989868.917929.jpg\",\"contentUrl\":\"https:\/\/static.africa-press.net\/centrafricaine\/sites\/45\/2024\/01\/sm_1704989868.917929.jpg\",\"width\":720,\"height\":540,\"caption\":\"la n\u00e9cessit\u00e9 de lutter contre la vente des produits frelat\u00e9s sur les march\u00e9s\"},{\"@type\":\"BreadcrumbList\",\"@id\":\"https:\/\/www.africa-press.net\/centrafricaine\/toutes-les-actualites\/la-necessite-de-lutter-contre-la-vente-des-produits-frelates-sur-les-marches#breadcrumb\",\"itemListElement\":[{\"@type\":\"ListItem\",\"position\":1,\"name\":\"Accueil\",\"item\":\"https:\/\/www.africa-press.net\/centrafricaine\/\"},{\"@type\":\"ListItem\",\"position\":2,\"name\":\"la n\u00e9cessit\u00e9 de lutter contre la vente des produits frelat\u00e9s sur les march\u00e9s\"}]},{\"@type\":\"WebSite\",\"@id\":\"https:\/\/www.africa-press.net\/centrafricaine\/#website\",\"url\":\"https:\/\/www.africa-press.net\/centrafricaine\/\",\"name\":\"centrafricaine\",\"description\":\"Just another Africa News Agency Sites site\",\"potentialAction\":[{\"@type\":\"SearchAction\",\"target\":{\"@type\":\"EntryPoint\",\"urlTemplate\":\"https:\/\/www.africa-press.net\/centrafricaine\/?s={search_term_string}\"},\"query-input\":{\"@type\":\"PropertyValueSpecification\",\"valueRequired\":true,\"valueName\":\"search_term_string\"}}],\"inLanguage\":\"fr-FR\"},{\"@type\":\"Person\",\"@id\":\"https:\/\/www.africa-press.net\/centrafricaine\/#\/schema\/person\/2b1cf3cd81a31e3cd26889ca66d677f1\",\"name\":\"cfeditorfr\"}]}<\/script>\n<!-- \/ Yoast SEO Premium plugin. -->","yoast_head_json":{"title":"la n\u00e9cessit\u00e9 de lutter contre la vente des produits frelat\u00e9s sur les march\u00e9s - centrafricaine","description":"Sans conscience, certains commerces vendent des produits de\u0301nature\u0301s aux Centrafricains, exposant ces derniers au risque ...","robots":{"index":"index","follow":"follow","max-snippet":"max-snippet:-1","max-image-preview":"max-image-preview:large","max-video-preview":"max-video-preview:-1"},"canonical":"https:\/\/www.africa-press.net\/centrafricaine\/toutes-les-actualites\/la-necessite-de-lutter-contre-la-vente-des-produits-frelates-sur-les-marches","og_locale":"fr_FR","og_type":"article","og_title":"la n\u00e9cessit\u00e9 de lutter contre la vente des produits frelat\u00e9s sur les march\u00e9s","og_description":"Sans conscience, certains commerces vendent des produits de\u0301nature\u0301s aux Centrafricains, exposant ces derniers au risque ...","og_url":"https:\/\/www.africa-press.net\/centrafricaine\/toutes-les-actualites\/la-necessite-de-lutter-contre-la-vente-des-produits-frelates-sur-les-marches","og_site_name":"centrafricaine","article_published_time":"2024-01-11T17:48:20+00:00","article_modified_time":"2024-01-12T16:12:12+00:00","og_image":[{"width":720,"height":540,"url":"https:\/\/static.africa-press.net\/centrafricaine\/sites\/45\/2024\/01\/sm_1704989868.917929.jpg","type":"image\/jpeg"}],"author":"cfeditorfr","twitter_card":"summary_large_image","twitter_misc":{"\u00c9crit par":"cfeditorfr","Dur\u00e9e de lecture estim\u00e9e":"2 minutes"},"schema":{"@context":"https:\/\/schema.org","@graph":[{"@type":"Article","@id":"https:\/\/www.africa-press.net\/centrafricaine\/toutes-les-actualites\/la-necessite-de-lutter-contre-la-vente-des-produits-frelates-sur-les-marches#article","isPartOf":{"@id":"https:\/\/www.africa-press.net\/centrafricaine\/toutes-les-actualites\/la-necessite-de-lutter-contre-la-vente-des-produits-frelates-sur-les-marches"},"author":{"name":"cfeditorfr","@id":"https:\/\/www.africa-press.net\/centrafricaine\/#\/schema\/person\/2b1cf3cd81a31e3cd26889ca66d677f1"},"headline":"la n\u00e9cessit\u00e9 de lutter contre la vente des produits frelat\u00e9s sur les march\u00e9s","datePublished":"2024-01-11T17:48:20+00:00","dateModified":"2024-01-12T16:12:12+00:00","mainEntityOfPage":{"@id":"https:\/\/www.africa-press.net\/centrafricaine\/toutes-les-actualites\/la-necessite-de-lutter-contre-la-vente-des-produits-frelates-sur-les-marches"},"wordCount":368,"commentCount":0,"image":{"@id":"https:\/\/www.africa-press.net\/centrafricaine\/toutes-les-actualites\/la-necessite-de-lutter-contre-la-vente-des-produits-frelates-sur-les-marches#primaryimage"},"thumbnailUrl":"https:\/\/static.africa-press.net\/centrafricaine\/sites\/45\/2024\/01\/sm_1704989868.917929.jpg","keywords":["Africa Press","Africa Press-CentrAfricaine","CentrAfricaine","Centrafrique","produits frelat\u00e9s"],"articleSection":["Communaut\u00e9","Toutes les actualit\u00e9s"],"inLanguage":"fr-FR","potentialAction":[{"@type":"CommentAction","name":"Comment","target":["https:\/\/www.africa-press.net\/centrafricaine\/toutes-les-actualites\/la-necessite-de-lutter-contre-la-vente-des-produits-frelates-sur-les-marches#respond"]}]},{"@type":"WebPage","@id":"https:\/\/www.africa-press.net\/centrafricaine\/toutes-les-actualites\/la-necessite-de-lutter-contre-la-vente-des-produits-frelates-sur-les-marches","url":"https:\/\/www.africa-press.net\/centrafricaine\/toutes-les-actualites\/la-necessite-de-lutter-contre-la-vente-des-produits-frelates-sur-les-marches","name":"la n\u00e9cessit\u00e9 de lutter contre la vente des produits frelat\u00e9s sur les march\u00e9s - centrafricaine","isPartOf":{"@id":"https:\/\/www.africa-press.net\/centrafricaine\/#website"},"primaryImageOfPage":{"@id":"https:\/\/www.africa-press.net\/centrafricaine\/toutes-les-actualites\/la-necessite-de-lutter-contre-la-vente-des-produits-frelates-sur-les-marches#primaryimage"},"image":{"@id":"https:\/\/www.africa-press.net\/centrafricaine\/toutes-les-actualites\/la-necessite-de-lutter-contre-la-vente-des-produits-frelates-sur-les-marches#primaryimage"},"thumbnailUrl":"https:\/\/static.africa-press.net\/centrafricaine\/sites\/45\/2024\/01\/sm_1704989868.917929.jpg","datePublished":"2024-01-11T17:48:20+00:00","dateModified":"2024-01-12T16:12:12+00:00","author":{"@id":"https:\/\/www.africa-press.net\/centrafricaine\/#\/schema\/person\/2b1cf3cd81a31e3cd26889ca66d677f1"},"description":"Sans conscience, certains commerces vendent des produits de\u0301nature\u0301s aux Centrafricains, exposant ces derniers au risque ...","breadcrumb":{"@id":"https:\/\/www.africa-press.net\/centrafricaine\/toutes-les-actualites\/la-necessite-de-lutter-contre-la-vente-des-produits-frelates-sur-les-marches#breadcrumb"},"inLanguage":"fr-FR","potentialAction":[{"@type":"ReadAction","target":["https:\/\/www.africa-press.net\/centrafricaine\/toutes-les-actualites\/la-necessite-de-lutter-contre-la-vente-des-produits-frelates-sur-les-marches"]}]},{"@type":"ImageObject","inLanguage":"fr-FR","@id":"https:\/\/www.africa-press.net\/centrafricaine\/toutes-les-actualites\/la-necessite-de-lutter-contre-la-vente-des-produits-frelates-sur-les-marches#primaryimage","url":"https:\/\/static.africa-press.net\/centrafricaine\/sites\/45\/2024\/01\/sm_1704989868.917929.jpg","contentUrl":"https:\/\/static.africa-press.net\/centrafricaine\/sites\/45\/2024\/01\/sm_1704989868.917929.jpg","width":720,"height":540,"caption":"la n\u00e9cessit\u00e9 de lutter contre la vente des produits frelat\u00e9s sur les march\u00e9s"},{"@type":"BreadcrumbList","@id":"https:\/\/www.africa-press.net\/centrafricaine\/toutes-les-actualites\/la-necessite-de-lutter-contre-la-vente-des-produits-frelates-sur-les-marches#breadcrumb","itemListElement":[{"@type":"ListItem","position":1,"name":"Accueil","item":"https:\/\/www.africa-press.net\/centrafricaine\/"},{"@type":"ListItem","position":2,"name":"la n\u00e9cessit\u00e9 de lutter contre la vente des produits frelat\u00e9s sur les march\u00e9s"}]},{"@type":"WebSite","@id":"https:\/\/www.africa-press.net\/centrafricaine\/#website","url":"https:\/\/www.africa-press.net\/centrafricaine\/","name":"centrafricaine","description":"Just another Africa News Agency Sites site","potentialAction":[{"@type":"SearchAction","target":{"@type":"EntryPoint","urlTemplate":"https:\/\/www.africa-press.net\/centrafricaine\/?s={search_term_string}"},"query-input":{"@type":"PropertyValueSpecification","valueRequired":true,"valueName":"search_term_string"}}],"inLanguage":"fr-FR"},{"@type":"Person","@id":"https:\/\/www.africa-press.net\/centrafricaine\/#\/schema\/person\/2b1cf3cd81a31e3cd26889ca66d677f1","name":"cfeditorfr"}]}},"_links":{"self":[{"href":"https:\/\/www.africa-press.net\/centrafricaine\/wp-json\/wp\/v2\/posts\/51546","targetHints":{"allow":["GET"]}}],"collection":[{"href":"https:\/\/www.africa-press.net\/centrafricaine\/wp-json\/wp\/v2\/posts"}],"about":[{"href":"https:\/\/www.africa-press.net\/centrafricaine\/wp-json\/wp\/v2\/types\/post"}],"author":[{"embeddable":true,"href":"https:\/\/www.africa-press.net\/centrafricaine\/wp-json\/wp\/v2\/users\/82"}],"replies":[{"embeddable":true,"href":"https:\/\/www.africa-press.net\/centrafricaine\/wp-json\/wp\/v2\/comments?post=51546"}],"version-history":[{"count":0,"href":"https:\/\/www.africa-press.net\/centrafricaine\/wp-json\/wp\/v2\/posts\/51546\/revisions"}],"wp:featuredmedia":[{"embeddable":true,"href":"https:\/\/www.africa-press.net\/centrafricaine\/wp-json\/wp\/v2\/media\/51545"}],"wp:attachment":[{"href":"https:\/\/www.africa-press.net\/centrafricaine\/wp-json\/wp\/v2\/media?parent=51546"}],"wp:term":[{"taxonomy":"category","embeddable":true,"href":"https:\/\/www.africa-press.net\/centrafricaine\/wp-json\/wp\/v2\/categories?post=51546"},{"taxonomy":"post_tag","embeddable":true,"href":"https:\/\/www.africa-press.net\/centrafricaine\/wp-json\/wp\/v2\/tags?post=51546"}],"curies":[{"name":"wp","href":"https:\/\/api.w.org\/{rel}","templated":true}]}}