{"id":51578,"date":"2024-01-12T17:46:55","date_gmt":"2024-01-12T17:46:55","guid":{"rendered":"https:\/\/www.africa-press.net\/centrafricaine\/politique\/washington-dement-son-implication-dans-une-societe-militaire-en-discussion-avec-la-centrafrique"},"modified":"2024-01-12T20:42:08","modified_gmt":"2024-01-12T20:42:08","slug":"washington-dement-son-implication-dans-une-societe-militaire-en-discussion-avec-la-centrafrique","status":"publish","type":"post","link":"https:\/\/www.africa-press.net\/centrafricaine\/politique\/washington-dement-son-implication-dans-une-societe-militaire-en-discussion-avec-la-centrafrique","title":{"rendered":"Washington d\u00e9ment son implication dans une soci\u00e9t\u00e9 militaire en discussion avec la Centrafrique"},"content":{"rendered":"<p><span style=\"color: #ff6600\"><strong>Africa-Press &#8211; CentrAfricaine. <\/strong><\/span>Les Etats-Unis ont nie\u0301, jeudi 11 janvier, e\u0302tre implique\u0301s dans les activite\u0301s de la socie\u0301te\u0301 militaire ame\u0301ricaine Bancroft en Re\u0301publique centrafricaine (RCA), au moment ou\u0300 Bangui, lie\u0301e depuis 2018 au groupe de mercenaires russe Wagner, tente de diversifier ses partenariats strate\u0301giques. Re\u0301pondant a\u0300 une question de l\u2019AFP, le service de communication de Bancroft avait reconnu fin de\u0301cembre 2023 des contacts avec le re\u0301gime du pre\u0301sident Faustin Archange Touade\u0301ra, mais le groupe s\u2019e\u0301tait dissocie\u0301 des autorite\u0301s ame\u0301ricaines.<\/p>\n<p>Selon les informations du Monde, Washington avait propose\u0301 a\u0300 Bangui fin 2022 un accord de se\u0301curite\u0301 en e\u0301change d\u2019une prise de distance avec Wagner. Ni Washington, ni Bangui n\u2019ont confirme\u0301. Washington n\u2019a pas donne\u0301 de \u00ab feu vert \u00bb a\u0300 Bancroft, a de\u0301clare\u0301, jeudi, le porte-parole du de\u0301partement d\u2019Etat ame\u0301ricain, Vedant Patel.<\/p>\n<p>\u00ab Le de\u0301partement d\u2019Etat n\u2019a pas e\u0301te\u0301 implique\u0301 dans la de\u0301cision suppose\u0301e de Bancroft Global Development d\u2019e\u0301tablir une pre\u0301sence en RCA, et le de\u0301partement d\u2019Etat n\u2019a pas sollicite\u0301 l\u2019implication d\u2019une quelconque socie\u0301te\u0301 militaire prive\u0301e en RCA \u00bb, a de\u0301clare\u0301 le porte-parole a\u0300 la presse. Selon lui, les Etats-Unis aspirent plus largement a\u0300 voir \u00ab une Re\u0301publique centrafricaine prospe\u0300re, qui respecte les droits humains et l\u2019Etat de droit \u00bb.<\/p>\n<p><b>Phase de recomposition<\/b><\/p>\n<p>Apre\u0300s le de\u0301part en 2016 d\u2019un important contingent franc\u0327ais venu aider le pays trois ans plus to\u0302t a\u0300 faire cesser les violences intercommunautaires, des centaines de mercenaires du groupe Wagner sont arrive\u0301es en 2018 en Centrafrique, officiellement pour entrai\u0302ner l\u2019arme\u0301e, selon Moscou.<\/p>\n<p>Le sulfureux groupe russe est cependant entre\u0301 dans une phase de recomposition depuis sa mutinerie avorte\u0301e en Russie en juin, puis la mort de son fondateur Evgueni Prigojine dans un accident d\u2019avion en aou\u0302t.<\/p>\n<p>Les entreprises de se\u0301curite\u0301 prive\u0301e ame\u0301ricaine disposent souvent de liens avec l\u2019Etat ame\u0301ricain. Le de\u0301partement d\u2019Etat est ainsi l\u2019un des principaux soutiens financiers de Bancroft et le groupe est compose\u0301 en partie d\u2019anciens soldats ame\u0301ricains. Leurs relations sont cependant non officielles et les entreprises ne travaillent pas sous l\u2019e\u0301gide de l\u2019Etat ame\u0301ricain.<\/p>\n<p>Sie\u0301geant a\u0300 Washington, Bancroft a e\u0301te\u0301 cre\u0301e\u0301e pour l\u2019e\u0301limination de mines antipersonnelles avant d\u2019e\u0301largir ses activite\u0301s a\u0300 la se\u0301curite\u0301 prive\u0301e, formant notamment de longue date des troupes en Somalie.<\/p>\n<p><b>Source: Le Monde.fr<\/b><\/p>\n<p><strong>Pour plus d&rsquo;informations et d&rsquo;analyses sur la <a href=\"https:\/\/www.africa-press.net\/centrafricaine\">CentrAfricaine<\/a>, suivez <a href=\"https:\/\/www.africa-press.net\/\">Africa-Press<\/a><\/strong><\/p>\n","protected":false},"excerpt":{"rendered":"<p>Africa-Press &#8211; CentrAfricaine. Les Etats-Unis ont nie\u0301, jeudi 11 janvier, e\u0302tre implique\u0301s dans les activite\u0301s de la socie\u0301te\u0301 militaire ame\u0301ricaine Bancroft en Re\u0301publique centrafricaine (RCA), au moment ou\u0300 Bangui, lie\u0301e depuis 2018 au groupe de mercenaires russe Wagner, tente de diversifier ses partenariats strate\u0301giques. Re\u0301pondant a\u0300 une question de l\u2019AFP, le service de communication de [&hellip;]<\/p>\n","protected":false},"author":82,"featured_media":51577,"comment_status":"open","ping_status":"closed","sticky":false,"template":"","format":"standard","meta":{"footnotes":""},"categories":[2,20,10],"tags":[36,58,30],"class_list":["post-51578","post","type-post","status-publish","format-standard","has-post-thumbnail","hentry","category-politique","category-top-nouvelles","category-toutes-les-actualites","tag-africa-press","tag-africa-press-centrafricaine","tag-centrafricaine"],"yoast_head":"<!-- This site is optimized with the Yoast SEO Premium plugin v26.1 (Yoast SEO v27.0) - https:\/\/yoast.com\/product\/yoast-seo-premium-wordpress\/ -->\n<title>Washington d\u00e9ment son implication dans une soci\u00e9t\u00e9 militaire en discussion avec la Centrafrique - centrafricaine<\/title>\n<meta name=\"description\" content=\"Les Etats-Unis ont nie\u0301, jeudi 11 janvier, e\u0302tre implique\u0301s dans les activite\u0301s de la socie\u0301te\u0301 militaire ame\u0301ricaine Ba ...\" \/>\n<meta name=\"robots\" content=\"index, follow, max-snippet:-1, max-image-preview:large, max-video-preview:-1\" \/>\n<link rel=\"canonical\" href=\"https:\/\/www.africa-press.net\/centrafricaine\/politique\/washington-dement-son-implication-dans-une-societe-militaire-en-discussion-avec-la-centrafrique\" \/>\n<meta property=\"og:locale\" content=\"fr_FR\" \/>\n<meta property=\"og:type\" content=\"article\" \/>\n<meta property=\"og:title\" content=\"Washington d\u00e9ment son implication dans une soci\u00e9t\u00e9 militaire en discussion avec la Centrafrique\" \/>\n<meta property=\"og:description\" content=\"Les Etats-Unis ont nie\u0301, jeudi 11 janvier, e\u0302tre implique\u0301s dans les activite\u0301s de la socie\u0301te\u0301 militaire ame\u0301ricaine Ba ...\" \/>\n<meta property=\"og:url\" content=\"https:\/\/www.africa-press.net\/centrafricaine\/politique\/washington-dement-son-implication-dans-une-societe-militaire-en-discussion-avec-la-centrafrique\" \/>\n<meta property=\"og:site_name\" content=\"centrafricaine\" \/>\n<meta property=\"article:published_time\" content=\"2024-01-12T17:46:55+00:00\" \/>\n<meta property=\"article:modified_time\" content=\"2024-01-12T20:42:08+00:00\" \/>\n<meta property=\"og:image\" content=\"https:\/\/static.africa-press.net\/centrafricaine\/sites\/45\/2024\/01\/sm_1705070727.576575.jpg\" \/>\n\t<meta property=\"og:image:width\" content=\"1440\" \/>\n\t<meta property=\"og:image:height\" content=\"960\" \/>\n\t<meta property=\"og:image:type\" content=\"image\/jpeg\" \/>\n<meta name=\"author\" content=\"cfeditorfr\" \/>\n<meta name=\"twitter:card\" content=\"summary_large_image\" \/>\n<meta name=\"twitter:label1\" content=\"\u00c9crit par\" \/>\n\t<meta name=\"twitter:data1\" content=\"cfeditorfr\" \/>\n\t<meta name=\"twitter:label2\" content=\"Dur\u00e9e de lecture estim\u00e9e\" \/>\n\t<meta name=\"twitter:data2\" content=\"3 minutes\" \/>\n<script type=\"application\/ld+json\" class=\"yoast-schema-graph\">{\"@context\":\"https:\/\/schema.org\",\"@graph\":[{\"@type\":\"Article\",\"@id\":\"https:\/\/www.africa-press.net\/centrafricaine\/politique\/washington-dement-son-implication-dans-une-societe-militaire-en-discussion-avec-la-centrafrique#article\",\"isPartOf\":{\"@id\":\"https:\/\/www.africa-press.net\/centrafricaine\/politique\/washington-dement-son-implication-dans-une-societe-militaire-en-discussion-avec-la-centrafrique\"},\"author\":{\"name\":\"cfeditorfr\",\"@id\":\"https:\/\/www.africa-press.net\/centrafricaine\/#\/schema\/person\/2b1cf3cd81a31e3cd26889ca66d677f1\"},\"headline\":\"Washington d\u00e9ment son implication dans une soci\u00e9t\u00e9 militaire en discussion avec la Centrafrique\",\"datePublished\":\"2024-01-12T17:46:55+00:00\",\"dateModified\":\"2024-01-12T20:42:08+00:00\",\"mainEntityOfPage\":{\"@id\":\"https:\/\/www.africa-press.net\/centrafricaine\/politique\/washington-dement-son-implication-dans-une-societe-militaire-en-discussion-avec-la-centrafrique\"},\"wordCount\":462,\"commentCount\":0,\"image\":{\"@id\":\"https:\/\/www.africa-press.net\/centrafricaine\/politique\/washington-dement-son-implication-dans-une-societe-militaire-en-discussion-avec-la-centrafrique#primaryimage\"},\"thumbnailUrl\":\"https:\/\/static.africa-press.net\/centrafricaine\/sites\/45\/2024\/01\/sm_1705070727.576575.jpg\",\"keywords\":[\"Africa Press\",\"Africa Press-CentrAfricaine\",\"CentrAfricaine\"],\"articleSection\":[\"Politique\",\"Top Nouvelles\",\"Toutes les actualit\u00e9s\"],\"inLanguage\":\"fr-FR\",\"potentialAction\":[{\"@type\":\"CommentAction\",\"name\":\"Comment\",\"target\":[\"https:\/\/www.africa-press.net\/centrafricaine\/politique\/washington-dement-son-implication-dans-une-societe-militaire-en-discussion-avec-la-centrafrique#respond\"]}]},{\"@type\":\"WebPage\",\"@id\":\"https:\/\/www.africa-press.net\/centrafricaine\/politique\/washington-dement-son-implication-dans-une-societe-militaire-en-discussion-avec-la-centrafrique\",\"url\":\"https:\/\/www.africa-press.net\/centrafricaine\/politique\/washington-dement-son-implication-dans-une-societe-militaire-en-discussion-avec-la-centrafrique\",\"name\":\"Washington d\u00e9ment son implication dans une soci\u00e9t\u00e9 militaire en discussion avec la Centrafrique - centrafricaine\",\"isPartOf\":{\"@id\":\"https:\/\/www.africa-press.net\/centrafricaine\/#website\"},\"primaryImageOfPage\":{\"@id\":\"https:\/\/www.africa-press.net\/centrafricaine\/politique\/washington-dement-son-implication-dans-une-societe-militaire-en-discussion-avec-la-centrafrique#primaryimage\"},\"image\":{\"@id\":\"https:\/\/www.africa-press.net\/centrafricaine\/politique\/washington-dement-son-implication-dans-une-societe-militaire-en-discussion-avec-la-centrafrique#primaryimage\"},\"thumbnailUrl\":\"https:\/\/static.africa-press.net\/centrafricaine\/sites\/45\/2024\/01\/sm_1705070727.576575.jpg\",\"datePublished\":\"2024-01-12T17:46:55+00:00\",\"dateModified\":\"2024-01-12T20:42:08+00:00\",\"author\":{\"@id\":\"https:\/\/www.africa-press.net\/centrafricaine\/#\/schema\/person\/2b1cf3cd81a31e3cd26889ca66d677f1\"},\"description\":\"Les Etats-Unis ont nie\u0301, jeudi 11 janvier, e\u0302tre implique\u0301s dans les activite\u0301s de la socie\u0301te\u0301 militaire ame\u0301ricaine Ba ...\",\"breadcrumb\":{\"@id\":\"https:\/\/www.africa-press.net\/centrafricaine\/politique\/washington-dement-son-implication-dans-une-societe-militaire-en-discussion-avec-la-centrafrique#breadcrumb\"},\"inLanguage\":\"fr-FR\",\"potentialAction\":[{\"@type\":\"ReadAction\",\"target\":[\"https:\/\/www.africa-press.net\/centrafricaine\/politique\/washington-dement-son-implication-dans-une-societe-militaire-en-discussion-avec-la-centrafrique\"]}]},{\"@type\":\"ImageObject\",\"inLanguage\":\"fr-FR\",\"@id\":\"https:\/\/www.africa-press.net\/centrafricaine\/politique\/washington-dement-son-implication-dans-une-societe-militaire-en-discussion-avec-la-centrafrique#primaryimage\",\"url\":\"https:\/\/static.africa-press.net\/centrafricaine\/sites\/45\/2024\/01\/sm_1705070727.576575.jpg\",\"contentUrl\":\"https:\/\/static.africa-press.net\/centrafricaine\/sites\/45\/2024\/01\/sm_1705070727.576575.jpg\",\"width\":1440,\"height\":960,\"caption\":\"Washington d\u00e9ment son implication dans une soci\u00e9t\u00e9 militaire en discussion avec la Centrafrique\"},{\"@type\":\"BreadcrumbList\",\"@id\":\"https:\/\/www.africa-press.net\/centrafricaine\/politique\/washington-dement-son-implication-dans-une-societe-militaire-en-discussion-avec-la-centrafrique#breadcrumb\",\"itemListElement\":[{\"@type\":\"ListItem\",\"position\":1,\"name\":\"Accueil\",\"item\":\"https:\/\/www.africa-press.net\/centrafricaine\/\"},{\"@type\":\"ListItem\",\"position\":2,\"name\":\"Washington d\u00e9ment son implication dans une soci\u00e9t\u00e9 militaire en discussion avec la Centrafrique\"}]},{\"@type\":\"WebSite\",\"@id\":\"https:\/\/www.africa-press.net\/centrafricaine\/#website\",\"url\":\"https:\/\/www.africa-press.net\/centrafricaine\/\",\"name\":\"centrafricaine\",\"description\":\"Just another Africa News Agency Sites site\",\"potentialAction\":[{\"@type\":\"SearchAction\",\"target\":{\"@type\":\"EntryPoint\",\"urlTemplate\":\"https:\/\/www.africa-press.net\/centrafricaine\/?s={search_term_string}\"},\"query-input\":{\"@type\":\"PropertyValueSpecification\",\"valueRequired\":true,\"valueName\":\"search_term_string\"}}],\"inLanguage\":\"fr-FR\"},{\"@type\":\"Person\",\"@id\":\"https:\/\/www.africa-press.net\/centrafricaine\/#\/schema\/person\/2b1cf3cd81a31e3cd26889ca66d677f1\",\"name\":\"cfeditorfr\"}]}<\/script>\n<!-- \/ Yoast SEO Premium plugin. -->","yoast_head_json":{"title":"Washington d\u00e9ment son implication dans une soci\u00e9t\u00e9 militaire en discussion avec la Centrafrique - centrafricaine","description":"Les Etats-Unis ont nie\u0301, jeudi 11 janvier, e\u0302tre implique\u0301s dans les activite\u0301s de la socie\u0301te\u0301 militaire ame\u0301ricaine Ba ...","robots":{"index":"index","follow":"follow","max-snippet":"max-snippet:-1","max-image-preview":"max-image-preview:large","max-video-preview":"max-video-preview:-1"},"canonical":"https:\/\/www.africa-press.net\/centrafricaine\/politique\/washington-dement-son-implication-dans-une-societe-militaire-en-discussion-avec-la-centrafrique","og_locale":"fr_FR","og_type":"article","og_title":"Washington d\u00e9ment son implication dans une soci\u00e9t\u00e9 militaire en discussion avec la Centrafrique","og_description":"Les Etats-Unis ont nie\u0301, jeudi 11 janvier, e\u0302tre implique\u0301s dans les activite\u0301s de la socie\u0301te\u0301 militaire ame\u0301ricaine Ba ...","og_url":"https:\/\/www.africa-press.net\/centrafricaine\/politique\/washington-dement-son-implication-dans-une-societe-militaire-en-discussion-avec-la-centrafrique","og_site_name":"centrafricaine","article_published_time":"2024-01-12T17:46:55+00:00","article_modified_time":"2024-01-12T20:42:08+00:00","og_image":[{"width":1440,"height":960,"url":"https:\/\/static.africa-press.net\/centrafricaine\/sites\/45\/2024\/01\/sm_1705070727.576575.jpg","type":"image\/jpeg"}],"author":"cfeditorfr","twitter_card":"summary_large_image","twitter_misc":{"\u00c9crit par":"cfeditorfr","Dur\u00e9e de lecture estim\u00e9e":"3 minutes"},"schema":{"@context":"https:\/\/schema.org","@graph":[{"@type":"Article","@id":"https:\/\/www.africa-press.net\/centrafricaine\/politique\/washington-dement-son-implication-dans-une-societe-militaire-en-discussion-avec-la-centrafrique#article","isPartOf":{"@id":"https:\/\/www.africa-press.net\/centrafricaine\/politique\/washington-dement-son-implication-dans-une-societe-militaire-en-discussion-avec-la-centrafrique"},"author":{"name":"cfeditorfr","@id":"https:\/\/www.africa-press.net\/centrafricaine\/#\/schema\/person\/2b1cf3cd81a31e3cd26889ca66d677f1"},"headline":"Washington d\u00e9ment son implication dans une soci\u00e9t\u00e9 militaire en discussion avec la Centrafrique","datePublished":"2024-01-12T17:46:55+00:00","dateModified":"2024-01-12T20:42:08+00:00","mainEntityOfPage":{"@id":"https:\/\/www.africa-press.net\/centrafricaine\/politique\/washington-dement-son-implication-dans-une-societe-militaire-en-discussion-avec-la-centrafrique"},"wordCount":462,"commentCount":0,"image":{"@id":"https:\/\/www.africa-press.net\/centrafricaine\/politique\/washington-dement-son-implication-dans-une-societe-militaire-en-discussion-avec-la-centrafrique#primaryimage"},"thumbnailUrl":"https:\/\/static.africa-press.net\/centrafricaine\/sites\/45\/2024\/01\/sm_1705070727.576575.jpg","keywords":["Africa Press","Africa Press-CentrAfricaine","CentrAfricaine"],"articleSection":["Politique","Top Nouvelles","Toutes les actualit\u00e9s"],"inLanguage":"fr-FR","potentialAction":[{"@type":"CommentAction","name":"Comment","target":["https:\/\/www.africa-press.net\/centrafricaine\/politique\/washington-dement-son-implication-dans-une-societe-militaire-en-discussion-avec-la-centrafrique#respond"]}]},{"@type":"WebPage","@id":"https:\/\/www.africa-press.net\/centrafricaine\/politique\/washington-dement-son-implication-dans-une-societe-militaire-en-discussion-avec-la-centrafrique","url":"https:\/\/www.africa-press.net\/centrafricaine\/politique\/washington-dement-son-implication-dans-une-societe-militaire-en-discussion-avec-la-centrafrique","name":"Washington d\u00e9ment son implication dans une soci\u00e9t\u00e9 militaire en discussion avec la Centrafrique - centrafricaine","isPartOf":{"@id":"https:\/\/www.africa-press.net\/centrafricaine\/#website"},"primaryImageOfPage":{"@id":"https:\/\/www.africa-press.net\/centrafricaine\/politique\/washington-dement-son-implication-dans-une-societe-militaire-en-discussion-avec-la-centrafrique#primaryimage"},"image":{"@id":"https:\/\/www.africa-press.net\/centrafricaine\/politique\/washington-dement-son-implication-dans-une-societe-militaire-en-discussion-avec-la-centrafrique#primaryimage"},"thumbnailUrl":"https:\/\/static.africa-press.net\/centrafricaine\/sites\/45\/2024\/01\/sm_1705070727.576575.jpg","datePublished":"2024-01-12T17:46:55+00:00","dateModified":"2024-01-12T20:42:08+00:00","author":{"@id":"https:\/\/www.africa-press.net\/centrafricaine\/#\/schema\/person\/2b1cf3cd81a31e3cd26889ca66d677f1"},"description":"Les Etats-Unis ont nie\u0301, jeudi 11 janvier, e\u0302tre implique\u0301s dans les activite\u0301s de la socie\u0301te\u0301 militaire ame\u0301ricaine Ba ...","breadcrumb":{"@id":"https:\/\/www.africa-press.net\/centrafricaine\/politique\/washington-dement-son-implication-dans-une-societe-militaire-en-discussion-avec-la-centrafrique#breadcrumb"},"inLanguage":"fr-FR","potentialAction":[{"@type":"ReadAction","target":["https:\/\/www.africa-press.net\/centrafricaine\/politique\/washington-dement-son-implication-dans-une-societe-militaire-en-discussion-avec-la-centrafrique"]}]},{"@type":"ImageObject","inLanguage":"fr-FR","@id":"https:\/\/www.africa-press.net\/centrafricaine\/politique\/washington-dement-son-implication-dans-une-societe-militaire-en-discussion-avec-la-centrafrique#primaryimage","url":"https:\/\/static.africa-press.net\/centrafricaine\/sites\/45\/2024\/01\/sm_1705070727.576575.jpg","contentUrl":"https:\/\/static.africa-press.net\/centrafricaine\/sites\/45\/2024\/01\/sm_1705070727.576575.jpg","width":1440,"height":960,"caption":"Washington d\u00e9ment son implication dans une soci\u00e9t\u00e9 militaire en discussion avec la Centrafrique"},{"@type":"BreadcrumbList","@id":"https:\/\/www.africa-press.net\/centrafricaine\/politique\/washington-dement-son-implication-dans-une-societe-militaire-en-discussion-avec-la-centrafrique#breadcrumb","itemListElement":[{"@type":"ListItem","position":1,"name":"Accueil","item":"https:\/\/www.africa-press.net\/centrafricaine\/"},{"@type":"ListItem","position":2,"name":"Washington d\u00e9ment son implication dans une soci\u00e9t\u00e9 militaire en discussion avec la Centrafrique"}]},{"@type":"WebSite","@id":"https:\/\/www.africa-press.net\/centrafricaine\/#website","url":"https:\/\/www.africa-press.net\/centrafricaine\/","name":"centrafricaine","description":"Just another Africa News Agency Sites site","potentialAction":[{"@type":"SearchAction","target":{"@type":"EntryPoint","urlTemplate":"https:\/\/www.africa-press.net\/centrafricaine\/?s={search_term_string}"},"query-input":{"@type":"PropertyValueSpecification","valueRequired":true,"valueName":"search_term_string"}}],"inLanguage":"fr-FR"},{"@type":"Person","@id":"https:\/\/www.africa-press.net\/centrafricaine\/#\/schema\/person\/2b1cf3cd81a31e3cd26889ca66d677f1","name":"cfeditorfr"}]}},"_links":{"self":[{"href":"https:\/\/www.africa-press.net\/centrafricaine\/wp-json\/wp\/v2\/posts\/51578","targetHints":{"allow":["GET"]}}],"collection":[{"href":"https:\/\/www.africa-press.net\/centrafricaine\/wp-json\/wp\/v2\/posts"}],"about":[{"href":"https:\/\/www.africa-press.net\/centrafricaine\/wp-json\/wp\/v2\/types\/post"}],"author":[{"embeddable":true,"href":"https:\/\/www.africa-press.net\/centrafricaine\/wp-json\/wp\/v2\/users\/82"}],"replies":[{"embeddable":true,"href":"https:\/\/www.africa-press.net\/centrafricaine\/wp-json\/wp\/v2\/comments?post=51578"}],"version-history":[{"count":0,"href":"https:\/\/www.africa-press.net\/centrafricaine\/wp-json\/wp\/v2\/posts\/51578\/revisions"}],"wp:featuredmedia":[{"embeddable":true,"href":"https:\/\/www.africa-press.net\/centrafricaine\/wp-json\/wp\/v2\/media\/51577"}],"wp:attachment":[{"href":"https:\/\/www.africa-press.net\/centrafricaine\/wp-json\/wp\/v2\/media?parent=51578"}],"wp:term":[{"taxonomy":"category","embeddable":true,"href":"https:\/\/www.africa-press.net\/centrafricaine\/wp-json\/wp\/v2\/categories?post=51578"},{"taxonomy":"post_tag","embeddable":true,"href":"https:\/\/www.africa-press.net\/centrafricaine\/wp-json\/wp\/v2\/tags?post=51578"}],"curies":[{"name":"wp","href":"https:\/\/api.w.org\/{rel}","templated":true}]}}