{"id":51599,"date":"2024-01-13T14:30:31","date_gmt":"2024-01-13T14:30:31","guid":{"rendered":"https:\/\/www.africa-press.net\/centrafricaine\/politique\/le-college-de-ouandago-dans-la-detresse"},"modified":"2024-01-15T06:48:24","modified_gmt":"2024-01-15T06:48:24","slug":"le-college-de-ouandago-dans-la-detresse","status":"publish","type":"post","link":"https:\/\/www.africa-press.net\/centrafricaine\/culture-et-art\/le-college-de-ouandago-dans-la-detresse","title":{"rendered":"Le Coll\u00e8ge de Ouandago dans la d\u00e9tresse"},"content":{"rendered":"<p><span style=\"color: #ff6600\"><strong>Africa-Press &#8211; CentrAfricaine. <\/strong><\/span>Le Colle\u0300ge de Ouandago, situe\u0301 a\u0300 48 km de Kaga Bandoro, se trouve dans une situation pre\u0301occupante. Depuis trois ans, les e\u0301le\u0300ves, du niveau 6e a\u0300 la 3e\u0300me, suivent leurs cours sous des hangars qu&rsquo;ils ont construits apre\u0300s qu&rsquo;un vent violent a emporte\u0301 le toit du ba\u0302timent.<\/p>\n<p>Il est important de rappeler que Kaga-Bandoro est une ville de la Re\u0301publique Centrafricaine, chef-lieu de la pre\u0301fecture de Nana-Gre\u0301bizi et d&rsquo;une de ses deux sous-pre\u0301fectures. Cette re\u0301gion est souvent secoue\u0301e par des flambe\u0301es de violence, des attaques et des pillages contre des e\u0301coles et des organisations humanitaires, ce qui a de\u0301ja\u0300 amene\u0301 les acteurs humanitaires a\u0300 re\u0301duire se\u0301rieusement leurs activite\u0301s.<\/p>\n\r\n                <style type=\"text\/css\">\r\n                    \r\n                    #td_uid_1_69f1db13af30e  .td-doubleSlider-2 .td-item1 {\r\n                        background: url(https:\/\/static.africa-press.net\/centrafricaine\/sites\/45\/2024\/01\/sm_1705145629.179923-80x60.jpg) 0 0 no-repeat;\r\n                    }\r\n                    #td_uid_1_69f1db13af30e  .td-doubleSlider-2 .td-item2 {\r\n                        background: url(https:\/\/static.africa-press.net\/centrafricaine\/sites\/45\/2024\/01\/sm_1705145647.658063-80x60.jpg) 0 0 no-repeat;\r\n                    }\r\n                <\/style>\r\n\r\n                <div id=\"td_uid_1_69f1db13af30e\" class=\"td-gallery td-slide-on-2-columns\">\r\n                    <div class=\"post_td_gallery\">\r\n                        <div class=\"td-gallery-slide-top\">\r\n                           <div class=\"td-gallery-title\"><\/div>\r\n\r\n                            <div class=\"td-gallery-controls-wrapper\">\r\n                                <div class=\"td-gallery-slide-count\"><span class=\"td-gallery-slide-item-focus\">1<\/span> de 2<\/div>\r\n                                <div class=\"td-gallery-slide-prev-next-but\">\r\n                                    <i class = \"td-icon-left doubleSliderPrevButton\"><\/i>\r\n                                    <i class = \"td-icon-right doubleSliderNextButton\"><\/i>\r\n                                <\/div>\r\n                            <\/div>\r\n                        <\/div>\r\n\r\n                        <div class = \"td-doubleSlider-1 \">\r\n                            <div class = \"td-slider\">\r\n                                \r\n                    <div class = \"td-slide-item td-item1\">\r\n                        <figure class=\"td-slide-galery-figure td-slide-popup-gallery\">\r\n                            <a class=\"slide-gallery-image-link\" href=\"https:\/\/static.africa-press.net\/centrafricaine\/sites\/45\/2024\/01\/sm_1705145629.179923.jpg\" title=\"sm_1705145629.179923\"  data-caption=\"\"  data-description=\"\">\r\n                                <img decoding=\"async\" src=\"https:\/\/static.africa-press.net\/centrafricaine\/sites\/45\/2024\/01\/sm_1705145629.179923.jpg\" srcset=\"https:\/\/static.africa-press.net\/centrafricaine\/sites\/45\/2024\/01\/sm_1705145629.179923.jpg 868w, https:\/\/static.africa-press.net\/centrafricaine\/sites\/45\/2024\/01\/sm_1705145629.179923-300x135.jpg 300w, https:\/\/static.africa-press.net\/centrafricaine\/sites\/45\/2024\/01\/sm_1705145629.179923-768x346.jpg 768w\" sizes=\"(max-width: 868px) 100vw, 868px\" alt=\"\">\r\n                            <\/a>\r\n                            \r\n                        <\/figure>\r\n                    <\/div>\r\n                    <div class = \"td-slide-item td-item2\">\r\n                        <figure class=\"td-slide-galery-figure td-slide-popup-gallery\">\r\n                            <a class=\"slide-gallery-image-link\" href=\"https:\/\/static.africa-press.net\/centrafricaine\/sites\/45\/2024\/01\/sm_1705145647.658063.jpg\" title=\"sm_1705145647.658063\"  data-caption=\"\"  data-description=\"\">\r\n                                <img decoding=\"async\" src=\"https:\/\/static.africa-press.net\/centrafricaine\/sites\/45\/2024\/01\/sm_1705145647.658063.jpg\" srcset=\"https:\/\/static.africa-press.net\/centrafricaine\/sites\/45\/2024\/01\/sm_1705145647.658063.jpg 868w, https:\/\/static.africa-press.net\/centrafricaine\/sites\/45\/2024\/01\/sm_1705145647.658063-300x135.jpg 300w, https:\/\/static.africa-press.net\/centrafricaine\/sites\/45\/2024\/01\/sm_1705145647.658063-768x346.jpg 768w\" sizes=\"(max-width: 868px) 100vw, 868px\" alt=\"\">\r\n                            <\/a>\r\n                            \r\n                        <\/figure>\r\n                    <\/div>\r\n                            <\/div>\r\n                        <\/div>\r\n\r\n                        <div class = \"td-doubleSlider-2\">\r\n                            <div class = \"td-slider\">\r\n                                \r\n                    <div class = \"td-button td-item1\">\r\n                        <div class = \"td-border\"><\/div>\r\n                    <\/div>\r\n                    <div class = \"td-button td-item2\">\r\n                        <div class = \"td-border\"><\/div>\r\n                    <\/div>\r\n                            <\/div>\r\n                        <\/div>\r\n\r\n                    <\/div>\r\n\r\n                <\/div>\r\n                \n<p><strong>Pour plus d&rsquo;informations et d&rsquo;analyses sur la <a href=\"https:\/\/www.africa-press.net\/centrafricaine\">CentrAfricaine<\/a>, suivez <a href=\"https:\/\/www.africa-press.net\/\">Africa-Press<\/a><\/strong><\/p>\n","protected":false},"excerpt":{"rendered":"<p>Africa-Press &#8211; CentrAfricaine. Le Colle\u0300ge de Ouandago, situe\u0301 a\u0300 48 km de Kaga Bandoro, se trouve dans une situation pre\u0301occupante. Depuis trois ans, les e\u0301le\u0300ves, du niveau 6e a\u0300 la 3e\u0300me, suivent leurs cours sous des hangars qu&rsquo;ils ont construits apre\u0300s qu&rsquo;un vent violent a emporte\u0301 le toit du ba\u0302timent. Il est important de rappeler [&hellip;]<\/p>\n","protected":false},"author":82,"featured_media":51598,"comment_status":"open","ping_status":"closed","sticky":false,"template":"","format":"standard","meta":{"footnotes":""},"categories":[5,8,10],"tags":[36,58,30],"class_list":["post-51599","post","type-post","status-publish","format-standard","has-post-thumbnail","hentry","category-culture-et-art","category-photo","category-toutes-les-actualites","tag-africa-press","tag-africa-press-centrafricaine","tag-centrafricaine"],"yoast_head":"<!-- This site is optimized with the Yoast SEO Premium plugin v26.1 (Yoast SEO v27.0) - https:\/\/yoast.com\/product\/yoast-seo-premium-wordpress\/ -->\n<title>Le Coll\u00e8ge de Ouandago dans la d\u00e9tresse - centrafricaine<\/title>\n<meta name=\"description\" content=\"Le Colle\u0300ge de Ouandago, situe\u0301 a\u0300 48 km de Kaga Bandoro, se trouve dans une situation pre\u0301occupante. Depuis trois ans, ...\" \/>\n<meta name=\"robots\" content=\"index, follow, max-snippet:-1, max-image-preview:large, max-video-preview:-1\" \/>\n<link rel=\"canonical\" href=\"https:\/\/www.africa-press.net\/centrafricaine\/culture-et-art\/le-college-de-ouandago-dans-la-detresse\" \/>\n<meta property=\"og:locale\" content=\"fr_FR\" \/>\n<meta property=\"og:type\" content=\"article\" \/>\n<meta property=\"og:title\" content=\"Le Coll\u00e8ge de Ouandago dans la d\u00e9tresse\" \/>\n<meta property=\"og:description\" content=\"Le Colle\u0300ge de Ouandago, situe\u0301 a\u0300 48 km de Kaga Bandoro, se trouve dans une situation pre\u0301occupante. Depuis trois ans, ...\" \/>\n<meta property=\"og:url\" content=\"https:\/\/www.africa-press.net\/centrafricaine\/culture-et-art\/le-college-de-ouandago-dans-la-detresse\" \/>\n<meta property=\"og:site_name\" content=\"centrafricaine\" \/>\n<meta property=\"article:published_time\" content=\"2024-01-13T14:30:31+00:00\" \/>\n<meta property=\"article:modified_time\" content=\"2024-01-15T06:48:24+00:00\" \/>\n<meta property=\"og:image\" content=\"https:\/\/static.africa-press.net\/centrafricaine\/sites\/45\/2024\/01\/sm_1705145661.171942.jpg\" \/>\n\t<meta property=\"og:image:width\" content=\"960\" \/>\n\t<meta property=\"og:image:height\" content=\"432\" \/>\n\t<meta property=\"og:image:type\" content=\"image\/jpeg\" \/>\n<meta name=\"author\" content=\"cfeditorfr\" \/>\n<meta name=\"twitter:card\" content=\"summary_large_image\" \/>\n<meta name=\"twitter:label1\" content=\"\u00c9crit par\" \/>\n\t<meta name=\"twitter:data1\" content=\"cfeditorfr\" \/>\n\t<meta name=\"twitter:label2\" content=\"Dur\u00e9e de lecture estim\u00e9e\" \/>\n\t<meta name=\"twitter:data2\" content=\"1 minute\" \/>\n<script type=\"application\/ld+json\" class=\"yoast-schema-graph\">{\"@context\":\"https:\/\/schema.org\",\"@graph\":[{\"@type\":\"Article\",\"@id\":\"https:\/\/www.africa-press.net\/centrafricaine\/culture-et-art\/le-college-de-ouandago-dans-la-detresse#article\",\"isPartOf\":{\"@id\":\"https:\/\/www.africa-press.net\/centrafricaine\/culture-et-art\/le-college-de-ouandago-dans-la-detresse\"},\"author\":{\"name\":\"cfeditorfr\",\"@id\":\"https:\/\/www.africa-press.net\/centrafricaine\/#\/schema\/person\/2b1cf3cd81a31e3cd26889ca66d677f1\"},\"headline\":\"Le Coll\u00e8ge de Ouandago dans la d\u00e9tresse\",\"datePublished\":\"2024-01-13T14:30:31+00:00\",\"dateModified\":\"2024-01-15T06:48:24+00:00\",\"mainEntityOfPage\":{\"@id\":\"https:\/\/www.africa-press.net\/centrafricaine\/culture-et-art\/le-college-de-ouandago-dans-la-detresse\"},\"wordCount\":163,\"commentCount\":0,\"image\":{\"@id\":\"https:\/\/www.africa-press.net\/centrafricaine\/culture-et-art\/le-college-de-ouandago-dans-la-detresse#primaryimage\"},\"thumbnailUrl\":\"https:\/\/static.africa-press.net\/centrafricaine\/sites\/45\/2024\/01\/sm_1705145661.171942.jpg\",\"keywords\":[\"Africa Press\",\"Africa Press-CentrAfricaine\",\"CentrAfricaine\"],\"articleSection\":[\"Culture et Art\",\"Photo\",\"Toutes les actualit\u00e9s\"],\"inLanguage\":\"fr-FR\",\"potentialAction\":[{\"@type\":\"CommentAction\",\"name\":\"Comment\",\"target\":[\"https:\/\/www.africa-press.net\/centrafricaine\/culture-et-art\/le-college-de-ouandago-dans-la-detresse#respond\"]}]},{\"@type\":\"WebPage\",\"@id\":\"https:\/\/www.africa-press.net\/centrafricaine\/culture-et-art\/le-college-de-ouandago-dans-la-detresse\",\"url\":\"https:\/\/www.africa-press.net\/centrafricaine\/culture-et-art\/le-college-de-ouandago-dans-la-detresse\",\"name\":\"Le Coll\u00e8ge de Ouandago dans la d\u00e9tresse - centrafricaine\",\"isPartOf\":{\"@id\":\"https:\/\/www.africa-press.net\/centrafricaine\/#website\"},\"primaryImageOfPage\":{\"@id\":\"https:\/\/www.africa-press.net\/centrafricaine\/culture-et-art\/le-college-de-ouandago-dans-la-detresse#primaryimage\"},\"image\":{\"@id\":\"https:\/\/www.africa-press.net\/centrafricaine\/culture-et-art\/le-college-de-ouandago-dans-la-detresse#primaryimage\"},\"thumbnailUrl\":\"https:\/\/static.africa-press.net\/centrafricaine\/sites\/45\/2024\/01\/sm_1705145661.171942.jpg\",\"datePublished\":\"2024-01-13T14:30:31+00:00\",\"dateModified\":\"2024-01-15T06:48:24+00:00\",\"author\":{\"@id\":\"https:\/\/www.africa-press.net\/centrafricaine\/#\/schema\/person\/2b1cf3cd81a31e3cd26889ca66d677f1\"},\"description\":\"Le Colle\u0300ge de Ouandago, situe\u0301 a\u0300 48 km de Kaga Bandoro, se trouve dans une situation pre\u0301occupante. Depuis trois ans, ...\",\"breadcrumb\":{\"@id\":\"https:\/\/www.africa-press.net\/centrafricaine\/culture-et-art\/le-college-de-ouandago-dans-la-detresse#breadcrumb\"},\"inLanguage\":\"fr-FR\",\"potentialAction\":[{\"@type\":\"ReadAction\",\"target\":[\"https:\/\/www.africa-press.net\/centrafricaine\/culture-et-art\/le-college-de-ouandago-dans-la-detresse\"]}]},{\"@type\":\"ImageObject\",\"inLanguage\":\"fr-FR\",\"@id\":\"https:\/\/www.africa-press.net\/centrafricaine\/culture-et-art\/le-college-de-ouandago-dans-la-detresse#primaryimage\",\"url\":\"https:\/\/static.africa-press.net\/centrafricaine\/sites\/45\/2024\/01\/sm_1705145661.171942.jpg\",\"contentUrl\":\"https:\/\/static.africa-press.net\/centrafricaine\/sites\/45\/2024\/01\/sm_1705145661.171942.jpg\",\"width\":960,\"height\":432,\"caption\":\"Le Coll\u00e8ge de Ouandago dans la d\u00e9tresse\"},{\"@type\":\"BreadcrumbList\",\"@id\":\"https:\/\/www.africa-press.net\/centrafricaine\/culture-et-art\/le-college-de-ouandago-dans-la-detresse#breadcrumb\",\"itemListElement\":[{\"@type\":\"ListItem\",\"position\":1,\"name\":\"Accueil\",\"item\":\"https:\/\/www.africa-press.net\/centrafricaine\/\"},{\"@type\":\"ListItem\",\"position\":2,\"name\":\"Le Coll\u00e8ge de Ouandago dans la d\u00e9tresse\"}]},{\"@type\":\"WebSite\",\"@id\":\"https:\/\/www.africa-press.net\/centrafricaine\/#website\",\"url\":\"https:\/\/www.africa-press.net\/centrafricaine\/\",\"name\":\"centrafricaine\",\"description\":\"Just another Africa News Agency Sites site\",\"potentialAction\":[{\"@type\":\"SearchAction\",\"target\":{\"@type\":\"EntryPoint\",\"urlTemplate\":\"https:\/\/www.africa-press.net\/centrafricaine\/?s={search_term_string}\"},\"query-input\":{\"@type\":\"PropertyValueSpecification\",\"valueRequired\":true,\"valueName\":\"search_term_string\"}}],\"inLanguage\":\"fr-FR\"},{\"@type\":\"Person\",\"@id\":\"https:\/\/www.africa-press.net\/centrafricaine\/#\/schema\/person\/2b1cf3cd81a31e3cd26889ca66d677f1\",\"name\":\"cfeditorfr\"}]}<\/script>\n<!-- \/ Yoast SEO Premium plugin. -->","yoast_head_json":{"title":"Le Coll\u00e8ge de Ouandago dans la d\u00e9tresse - centrafricaine","description":"Le Colle\u0300ge de Ouandago, situe\u0301 a\u0300 48 km de Kaga Bandoro, se trouve dans une situation pre\u0301occupante. Depuis trois ans, ...","robots":{"index":"index","follow":"follow","max-snippet":"max-snippet:-1","max-image-preview":"max-image-preview:large","max-video-preview":"max-video-preview:-1"},"canonical":"https:\/\/www.africa-press.net\/centrafricaine\/culture-et-art\/le-college-de-ouandago-dans-la-detresse","og_locale":"fr_FR","og_type":"article","og_title":"Le Coll\u00e8ge de Ouandago dans la d\u00e9tresse","og_description":"Le Colle\u0300ge de Ouandago, situe\u0301 a\u0300 48 km de Kaga Bandoro, se trouve dans une situation pre\u0301occupante. Depuis trois ans, ...","og_url":"https:\/\/www.africa-press.net\/centrafricaine\/culture-et-art\/le-college-de-ouandago-dans-la-detresse","og_site_name":"centrafricaine","article_published_time":"2024-01-13T14:30:31+00:00","article_modified_time":"2024-01-15T06:48:24+00:00","og_image":[{"width":960,"height":432,"url":"https:\/\/static.africa-press.net\/centrafricaine\/sites\/45\/2024\/01\/sm_1705145661.171942.jpg","type":"image\/jpeg"}],"author":"cfeditorfr","twitter_card":"summary_large_image","twitter_misc":{"\u00c9crit par":"cfeditorfr","Dur\u00e9e de lecture estim\u00e9e":"1 minute"},"schema":{"@context":"https:\/\/schema.org","@graph":[{"@type":"Article","@id":"https:\/\/www.africa-press.net\/centrafricaine\/culture-et-art\/le-college-de-ouandago-dans-la-detresse#article","isPartOf":{"@id":"https:\/\/www.africa-press.net\/centrafricaine\/culture-et-art\/le-college-de-ouandago-dans-la-detresse"},"author":{"name":"cfeditorfr","@id":"https:\/\/www.africa-press.net\/centrafricaine\/#\/schema\/person\/2b1cf3cd81a31e3cd26889ca66d677f1"},"headline":"Le Coll\u00e8ge de Ouandago dans la d\u00e9tresse","datePublished":"2024-01-13T14:30:31+00:00","dateModified":"2024-01-15T06:48:24+00:00","mainEntityOfPage":{"@id":"https:\/\/www.africa-press.net\/centrafricaine\/culture-et-art\/le-college-de-ouandago-dans-la-detresse"},"wordCount":163,"commentCount":0,"image":{"@id":"https:\/\/www.africa-press.net\/centrafricaine\/culture-et-art\/le-college-de-ouandago-dans-la-detresse#primaryimage"},"thumbnailUrl":"https:\/\/static.africa-press.net\/centrafricaine\/sites\/45\/2024\/01\/sm_1705145661.171942.jpg","keywords":["Africa Press","Africa Press-CentrAfricaine","CentrAfricaine"],"articleSection":["Culture et Art","Photo","Toutes les actualit\u00e9s"],"inLanguage":"fr-FR","potentialAction":[{"@type":"CommentAction","name":"Comment","target":["https:\/\/www.africa-press.net\/centrafricaine\/culture-et-art\/le-college-de-ouandago-dans-la-detresse#respond"]}]},{"@type":"WebPage","@id":"https:\/\/www.africa-press.net\/centrafricaine\/culture-et-art\/le-college-de-ouandago-dans-la-detresse","url":"https:\/\/www.africa-press.net\/centrafricaine\/culture-et-art\/le-college-de-ouandago-dans-la-detresse","name":"Le Coll\u00e8ge de Ouandago dans la d\u00e9tresse - centrafricaine","isPartOf":{"@id":"https:\/\/www.africa-press.net\/centrafricaine\/#website"},"primaryImageOfPage":{"@id":"https:\/\/www.africa-press.net\/centrafricaine\/culture-et-art\/le-college-de-ouandago-dans-la-detresse#primaryimage"},"image":{"@id":"https:\/\/www.africa-press.net\/centrafricaine\/culture-et-art\/le-college-de-ouandago-dans-la-detresse#primaryimage"},"thumbnailUrl":"https:\/\/static.africa-press.net\/centrafricaine\/sites\/45\/2024\/01\/sm_1705145661.171942.jpg","datePublished":"2024-01-13T14:30:31+00:00","dateModified":"2024-01-15T06:48:24+00:00","author":{"@id":"https:\/\/www.africa-press.net\/centrafricaine\/#\/schema\/person\/2b1cf3cd81a31e3cd26889ca66d677f1"},"description":"Le Colle\u0300ge de Ouandago, situe\u0301 a\u0300 48 km de Kaga Bandoro, se trouve dans une situation pre\u0301occupante. Depuis trois ans, ...","breadcrumb":{"@id":"https:\/\/www.africa-press.net\/centrafricaine\/culture-et-art\/le-college-de-ouandago-dans-la-detresse#breadcrumb"},"inLanguage":"fr-FR","potentialAction":[{"@type":"ReadAction","target":["https:\/\/www.africa-press.net\/centrafricaine\/culture-et-art\/le-college-de-ouandago-dans-la-detresse"]}]},{"@type":"ImageObject","inLanguage":"fr-FR","@id":"https:\/\/www.africa-press.net\/centrafricaine\/culture-et-art\/le-college-de-ouandago-dans-la-detresse#primaryimage","url":"https:\/\/static.africa-press.net\/centrafricaine\/sites\/45\/2024\/01\/sm_1705145661.171942.jpg","contentUrl":"https:\/\/static.africa-press.net\/centrafricaine\/sites\/45\/2024\/01\/sm_1705145661.171942.jpg","width":960,"height":432,"caption":"Le Coll\u00e8ge de Ouandago dans la d\u00e9tresse"},{"@type":"BreadcrumbList","@id":"https:\/\/www.africa-press.net\/centrafricaine\/culture-et-art\/le-college-de-ouandago-dans-la-detresse#breadcrumb","itemListElement":[{"@type":"ListItem","position":1,"name":"Accueil","item":"https:\/\/www.africa-press.net\/centrafricaine\/"},{"@type":"ListItem","position":2,"name":"Le Coll\u00e8ge de Ouandago dans la d\u00e9tresse"}]},{"@type":"WebSite","@id":"https:\/\/www.africa-press.net\/centrafricaine\/#website","url":"https:\/\/www.africa-press.net\/centrafricaine\/","name":"centrafricaine","description":"Just another Africa News Agency Sites site","potentialAction":[{"@type":"SearchAction","target":{"@type":"EntryPoint","urlTemplate":"https:\/\/www.africa-press.net\/centrafricaine\/?s={search_term_string}"},"query-input":{"@type":"PropertyValueSpecification","valueRequired":true,"valueName":"search_term_string"}}],"inLanguage":"fr-FR"},{"@type":"Person","@id":"https:\/\/www.africa-press.net\/centrafricaine\/#\/schema\/person\/2b1cf3cd81a31e3cd26889ca66d677f1","name":"cfeditorfr"}]}},"_links":{"self":[{"href":"https:\/\/www.africa-press.net\/centrafricaine\/wp-json\/wp\/v2\/posts\/51599","targetHints":{"allow":["GET"]}}],"collection":[{"href":"https:\/\/www.africa-press.net\/centrafricaine\/wp-json\/wp\/v2\/posts"}],"about":[{"href":"https:\/\/www.africa-press.net\/centrafricaine\/wp-json\/wp\/v2\/types\/post"}],"author":[{"embeddable":true,"href":"https:\/\/www.africa-press.net\/centrafricaine\/wp-json\/wp\/v2\/users\/82"}],"replies":[{"embeddable":true,"href":"https:\/\/www.africa-press.net\/centrafricaine\/wp-json\/wp\/v2\/comments?post=51599"}],"version-history":[{"count":0,"href":"https:\/\/www.africa-press.net\/centrafricaine\/wp-json\/wp\/v2\/posts\/51599\/revisions"}],"wp:featuredmedia":[{"embeddable":true,"href":"https:\/\/www.africa-press.net\/centrafricaine\/wp-json\/wp\/v2\/media\/51598"}],"wp:attachment":[{"href":"https:\/\/www.africa-press.net\/centrafricaine\/wp-json\/wp\/v2\/media?parent=51599"}],"wp:term":[{"taxonomy":"category","embeddable":true,"href":"https:\/\/www.africa-press.net\/centrafricaine\/wp-json\/wp\/v2\/categories?post=51599"},{"taxonomy":"post_tag","embeddable":true,"href":"https:\/\/www.africa-press.net\/centrafricaine\/wp-json\/wp\/v2\/tags?post=51599"}],"curies":[{"name":"wp","href":"https:\/\/api.w.org\/{rel}","templated":true}]}}