{"id":51601,"date":"2024-01-13T14:35:16","date_gmt":"2024-01-13T14:35:16","guid":{"rendered":"https:\/\/www.africa-press.net\/centrafricaine\/politique\/crash-dun-helicoptere-de-lonu"},"modified":"2024-01-15T06:58:03","modified_gmt":"2024-01-15T06:58:03","slug":"crash-dun-helicoptere-de-lonu","status":"publish","type":"post","link":"https:\/\/www.africa-press.net\/centrafricaine\/politique\/crash-dun-helicoptere-de-lonu","title":{"rendered":"Crash d&rsquo;un  h\u00e9licopt\u00e8re de l\u2019ONU"},"content":{"rendered":"<p><span style=\"color: #ff6600\"><strong>Africa-Press &#8211; CentrAfricaine. <\/strong><\/span>Un ae\u0301ronef des Nations Unies a eu un crash vendredi 13 janvier 2024 a\u0300 Sam Ouandja dans le nord-est de la Centrafrique, ont rapporte\u0301 des sources locales.<\/p>\n<p>En Centrafrique, \u00ab un he\u0301licopte\u0300re de l\u2019ONU 325 s&rsquo;est crashe\u0301 a\u0300 l&rsquo;atterrissage de Sam Ouandja, l&rsquo;he\u0301licopte\u0300re est divise\u0301 en deux mais les pilotes sont sortis indemnes. Ils sont conduits a\u0300 l&rsquo;ho\u0302pital pour des soins \u00bb, nous a rapporte\u0301 le confre\u0300re centrafricain Fridolin Ngoulou ajoutant que l\u2019accident a eu lieu vendredi 12 janvier 2024.<\/p>\n<p>Des sources concordantes ont indique\u0301 a\u0300 Radio Ndeke Luka qu\u2019il s\u2019agit d\u2019un appareil, en provenance de Bria, qui transportait des effets militaires. \u00ab L\u2019he\u0301licopte\u0300re, qui avait a\u0300 son bord cinq (5) personnes, aurait rate\u0301 son atterrissage avant d\u2019heurter de mottes de terre. Le bilan, selon des sources locales, fait e\u0301tat de 3 blesse\u0301s le\u0301gers \u00bb, a souligne\u0301 vendredi cette radio locale.<\/p>\n<p><strong>Pour plus d&rsquo;informations et d&rsquo;analyses sur la <a href=\"https:\/\/www.africa-press.net\/centrafricaine\">CentrAfricaine<\/a>, suivez <a href=\"https:\/\/www.africa-press.net\/\">Africa-Press<\/a><\/strong><\/p>\n","protected":false},"excerpt":{"rendered":"<p>Africa-Press &#8211; CentrAfricaine. Un ae\u0301ronef des Nations Unies a eu un crash vendredi 13 janvier 2024 a\u0300 Sam Ouandja dans le nord-est de la Centrafrique, ont rapporte\u0301 des sources locales. En Centrafrique, \u00ab un he\u0301licopte\u0300re de l\u2019ONU 325 s&rsquo;est crashe\u0301 a\u0300 l&rsquo;atterrissage de Sam Ouandja, l&rsquo;he\u0301licopte\u0300re est divise\u0301 en deux mais les pilotes sont sortis [&hellip;]<\/p>\n","protected":false},"author":82,"featured_media":51600,"comment_status":"open","ping_status":"closed","sticky":false,"template":"","format":"standard","meta":{"footnotes":""},"categories":[2,84,20,10],"tags":[36,58,30],"class_list":["post-51601","post","type-post","status-publish","format-standard","has-post-thumbnail","hentry","category-politique","category-to-homepage","category-top-nouvelles","category-toutes-les-actualites","tag-africa-press","tag-africa-press-centrafricaine","tag-centrafricaine"],"yoast_head":"<!-- This site is optimized with the Yoast SEO Premium plugin v26.1 (Yoast SEO v27.0) - https:\/\/yoast.com\/product\/yoast-seo-premium-wordpress\/ -->\n<title>Crash d&#039;un h\u00e9licopt\u00e8re de l\u2019ONU - centrafricaine<\/title>\n<meta name=\"description\" content=\"Un ae\u0301ronef des Nations Unies a eu un crash vendredi 13 janvier 2024 a\u0300 Sam Ouandja dans le nord-est de la Centrafrique, ...\" \/>\n<meta name=\"robots\" content=\"index, follow, max-snippet:-1, max-image-preview:large, max-video-preview:-1\" \/>\n<link rel=\"canonical\" href=\"https:\/\/www.africa-press.net\/centrafricaine\/politique\/crash-dun-helicoptere-de-lonu\" \/>\n<meta property=\"og:locale\" content=\"fr_FR\" \/>\n<meta property=\"og:type\" content=\"article\" \/>\n<meta property=\"og:title\" content=\"Crash d&#039;un h\u00e9licopt\u00e8re de l\u2019ONU\" \/>\n<meta property=\"og:description\" content=\"Un ae\u0301ronef des Nations Unies a eu un crash vendredi 13 janvier 2024 a\u0300 Sam Ouandja dans le nord-est de la Centrafrique, ...\" \/>\n<meta property=\"og:url\" content=\"https:\/\/www.africa-press.net\/centrafricaine\/politique\/crash-dun-helicoptere-de-lonu\" \/>\n<meta property=\"og:site_name\" content=\"centrafricaine\" \/>\n<meta property=\"article:published_time\" content=\"2024-01-13T14:35:16+00:00\" \/>\n<meta property=\"article:modified_time\" content=\"2024-01-15T06:58:03+00:00\" \/>\n<meta property=\"og:image\" content=\"https:\/\/static.africa-press.net\/centrafricaine\/sites\/45\/2024\/01\/sm_1705145952.643175.jpg\" \/>\n\t<meta property=\"og:image:width\" content=\"720\" \/>\n\t<meta property=\"og:image:height\" content=\"540\" \/>\n\t<meta property=\"og:image:type\" content=\"image\/jpeg\" \/>\n<meta name=\"author\" content=\"cfeditorfr\" \/>\n<meta name=\"twitter:card\" content=\"summary_large_image\" \/>\n<meta name=\"twitter:label1\" content=\"\u00c9crit par\" \/>\n\t<meta name=\"twitter:data1\" content=\"cfeditorfr\" \/>\n\t<meta name=\"twitter:label2\" content=\"Dur\u00e9e de lecture estim\u00e9e\" \/>\n\t<meta name=\"twitter:data2\" content=\"1 minute\" \/>\n<script type=\"application\/ld+json\" class=\"yoast-schema-graph\">{\"@context\":\"https:\/\/schema.org\",\"@graph\":[{\"@type\":\"Article\",\"@id\":\"https:\/\/www.africa-press.net\/centrafricaine\/politique\/crash-dun-helicoptere-de-lonu#article\",\"isPartOf\":{\"@id\":\"https:\/\/www.africa-press.net\/centrafricaine\/politique\/crash-dun-helicoptere-de-lonu\"},\"author\":{\"name\":\"cfeditorfr\",\"@id\":\"https:\/\/www.africa-press.net\/centrafricaine\/#\/schema\/person\/2b1cf3cd81a31e3cd26889ca66d677f1\"},\"headline\":\"Crash d&rsquo;un h\u00e9licopt\u00e8re de l\u2019ONU\",\"datePublished\":\"2024-01-13T14:35:16+00:00\",\"dateModified\":\"2024-01-15T06:58:03+00:00\",\"mainEntityOfPage\":{\"@id\":\"https:\/\/www.africa-press.net\/centrafricaine\/politique\/crash-dun-helicoptere-de-lonu\"},\"wordCount\":177,\"commentCount\":0,\"image\":{\"@id\":\"https:\/\/www.africa-press.net\/centrafricaine\/politique\/crash-dun-helicoptere-de-lonu#primaryimage\"},\"thumbnailUrl\":\"https:\/\/static.africa-press.net\/centrafricaine\/sites\/45\/2024\/01\/sm_1705145952.643175.jpg\",\"keywords\":[\"Africa Press\",\"Africa Press-CentrAfricaine\",\"CentrAfricaine\"],\"articleSection\":[\"Politique\",\"to-homepage\",\"Top Nouvelles\",\"Toutes les actualit\u00e9s\"],\"inLanguage\":\"fr-FR\",\"potentialAction\":[{\"@type\":\"CommentAction\",\"name\":\"Comment\",\"target\":[\"https:\/\/www.africa-press.net\/centrafricaine\/politique\/crash-dun-helicoptere-de-lonu#respond\"]}]},{\"@type\":\"WebPage\",\"@id\":\"https:\/\/www.africa-press.net\/centrafricaine\/politique\/crash-dun-helicoptere-de-lonu\",\"url\":\"https:\/\/www.africa-press.net\/centrafricaine\/politique\/crash-dun-helicoptere-de-lonu\",\"name\":\"Crash d'un h\u00e9licopt\u00e8re de l\u2019ONU - centrafricaine\",\"isPartOf\":{\"@id\":\"https:\/\/www.africa-press.net\/centrafricaine\/#website\"},\"primaryImageOfPage\":{\"@id\":\"https:\/\/www.africa-press.net\/centrafricaine\/politique\/crash-dun-helicoptere-de-lonu#primaryimage\"},\"image\":{\"@id\":\"https:\/\/www.africa-press.net\/centrafricaine\/politique\/crash-dun-helicoptere-de-lonu#primaryimage\"},\"thumbnailUrl\":\"https:\/\/static.africa-press.net\/centrafricaine\/sites\/45\/2024\/01\/sm_1705145952.643175.jpg\",\"datePublished\":\"2024-01-13T14:35:16+00:00\",\"dateModified\":\"2024-01-15T06:58:03+00:00\",\"author\":{\"@id\":\"https:\/\/www.africa-press.net\/centrafricaine\/#\/schema\/person\/2b1cf3cd81a31e3cd26889ca66d677f1\"},\"description\":\"Un ae\u0301ronef des Nations Unies a eu un crash vendredi 13 janvier 2024 a\u0300 Sam Ouandja dans le nord-est de la Centrafrique, ...\",\"breadcrumb\":{\"@id\":\"https:\/\/www.africa-press.net\/centrafricaine\/politique\/crash-dun-helicoptere-de-lonu#breadcrumb\"},\"inLanguage\":\"fr-FR\",\"potentialAction\":[{\"@type\":\"ReadAction\",\"target\":[\"https:\/\/www.africa-press.net\/centrafricaine\/politique\/crash-dun-helicoptere-de-lonu\"]}]},{\"@type\":\"ImageObject\",\"inLanguage\":\"fr-FR\",\"@id\":\"https:\/\/www.africa-press.net\/centrafricaine\/politique\/crash-dun-helicoptere-de-lonu#primaryimage\",\"url\":\"https:\/\/static.africa-press.net\/centrafricaine\/sites\/45\/2024\/01\/sm_1705145952.643175.jpg\",\"contentUrl\":\"https:\/\/static.africa-press.net\/centrafricaine\/sites\/45\/2024\/01\/sm_1705145952.643175.jpg\",\"width\":720,\"height\":540,\"caption\":\"Crash d'un h\u00e9licopt\u00e8re de l\u2019ONU\"},{\"@type\":\"BreadcrumbList\",\"@id\":\"https:\/\/www.africa-press.net\/centrafricaine\/politique\/crash-dun-helicoptere-de-lonu#breadcrumb\",\"itemListElement\":[{\"@type\":\"ListItem\",\"position\":1,\"name\":\"Accueil\",\"item\":\"https:\/\/www.africa-press.net\/centrafricaine\/\"},{\"@type\":\"ListItem\",\"position\":2,\"name\":\"Crash d&#8217;un h\u00e9licopt\u00e8re de l\u2019ONU\"}]},{\"@type\":\"WebSite\",\"@id\":\"https:\/\/www.africa-press.net\/centrafricaine\/#website\",\"url\":\"https:\/\/www.africa-press.net\/centrafricaine\/\",\"name\":\"centrafricaine\",\"description\":\"Just another Africa News Agency Sites site\",\"potentialAction\":[{\"@type\":\"SearchAction\",\"target\":{\"@type\":\"EntryPoint\",\"urlTemplate\":\"https:\/\/www.africa-press.net\/centrafricaine\/?s={search_term_string}\"},\"query-input\":{\"@type\":\"PropertyValueSpecification\",\"valueRequired\":true,\"valueName\":\"search_term_string\"}}],\"inLanguage\":\"fr-FR\"},{\"@type\":\"Person\",\"@id\":\"https:\/\/www.africa-press.net\/centrafricaine\/#\/schema\/person\/2b1cf3cd81a31e3cd26889ca66d677f1\",\"name\":\"cfeditorfr\"}]}<\/script>\n<!-- \/ Yoast SEO Premium plugin. -->","yoast_head_json":{"title":"Crash d'un h\u00e9licopt\u00e8re de l\u2019ONU - centrafricaine","description":"Un ae\u0301ronef des Nations Unies a eu un crash vendredi 13 janvier 2024 a\u0300 Sam Ouandja dans le nord-est de la Centrafrique, ...","robots":{"index":"index","follow":"follow","max-snippet":"max-snippet:-1","max-image-preview":"max-image-preview:large","max-video-preview":"max-video-preview:-1"},"canonical":"https:\/\/www.africa-press.net\/centrafricaine\/politique\/crash-dun-helicoptere-de-lonu","og_locale":"fr_FR","og_type":"article","og_title":"Crash d'un h\u00e9licopt\u00e8re de l\u2019ONU","og_description":"Un ae\u0301ronef des Nations Unies a eu un crash vendredi 13 janvier 2024 a\u0300 Sam Ouandja dans le nord-est de la Centrafrique, ...","og_url":"https:\/\/www.africa-press.net\/centrafricaine\/politique\/crash-dun-helicoptere-de-lonu","og_site_name":"centrafricaine","article_published_time":"2024-01-13T14:35:16+00:00","article_modified_time":"2024-01-15T06:58:03+00:00","og_image":[{"width":720,"height":540,"url":"https:\/\/static.africa-press.net\/centrafricaine\/sites\/45\/2024\/01\/sm_1705145952.643175.jpg","type":"image\/jpeg"}],"author":"cfeditorfr","twitter_card":"summary_large_image","twitter_misc":{"\u00c9crit par":"cfeditorfr","Dur\u00e9e de lecture estim\u00e9e":"1 minute"},"schema":{"@context":"https:\/\/schema.org","@graph":[{"@type":"Article","@id":"https:\/\/www.africa-press.net\/centrafricaine\/politique\/crash-dun-helicoptere-de-lonu#article","isPartOf":{"@id":"https:\/\/www.africa-press.net\/centrafricaine\/politique\/crash-dun-helicoptere-de-lonu"},"author":{"name":"cfeditorfr","@id":"https:\/\/www.africa-press.net\/centrafricaine\/#\/schema\/person\/2b1cf3cd81a31e3cd26889ca66d677f1"},"headline":"Crash d&rsquo;un h\u00e9licopt\u00e8re de l\u2019ONU","datePublished":"2024-01-13T14:35:16+00:00","dateModified":"2024-01-15T06:58:03+00:00","mainEntityOfPage":{"@id":"https:\/\/www.africa-press.net\/centrafricaine\/politique\/crash-dun-helicoptere-de-lonu"},"wordCount":177,"commentCount":0,"image":{"@id":"https:\/\/www.africa-press.net\/centrafricaine\/politique\/crash-dun-helicoptere-de-lonu#primaryimage"},"thumbnailUrl":"https:\/\/static.africa-press.net\/centrafricaine\/sites\/45\/2024\/01\/sm_1705145952.643175.jpg","keywords":["Africa Press","Africa Press-CentrAfricaine","CentrAfricaine"],"articleSection":["Politique","to-homepage","Top Nouvelles","Toutes les actualit\u00e9s"],"inLanguage":"fr-FR","potentialAction":[{"@type":"CommentAction","name":"Comment","target":["https:\/\/www.africa-press.net\/centrafricaine\/politique\/crash-dun-helicoptere-de-lonu#respond"]}]},{"@type":"WebPage","@id":"https:\/\/www.africa-press.net\/centrafricaine\/politique\/crash-dun-helicoptere-de-lonu","url":"https:\/\/www.africa-press.net\/centrafricaine\/politique\/crash-dun-helicoptere-de-lonu","name":"Crash d'un h\u00e9licopt\u00e8re de l\u2019ONU - centrafricaine","isPartOf":{"@id":"https:\/\/www.africa-press.net\/centrafricaine\/#website"},"primaryImageOfPage":{"@id":"https:\/\/www.africa-press.net\/centrafricaine\/politique\/crash-dun-helicoptere-de-lonu#primaryimage"},"image":{"@id":"https:\/\/www.africa-press.net\/centrafricaine\/politique\/crash-dun-helicoptere-de-lonu#primaryimage"},"thumbnailUrl":"https:\/\/static.africa-press.net\/centrafricaine\/sites\/45\/2024\/01\/sm_1705145952.643175.jpg","datePublished":"2024-01-13T14:35:16+00:00","dateModified":"2024-01-15T06:58:03+00:00","author":{"@id":"https:\/\/www.africa-press.net\/centrafricaine\/#\/schema\/person\/2b1cf3cd81a31e3cd26889ca66d677f1"},"description":"Un ae\u0301ronef des Nations Unies a eu un crash vendredi 13 janvier 2024 a\u0300 Sam Ouandja dans le nord-est de la Centrafrique, ...","breadcrumb":{"@id":"https:\/\/www.africa-press.net\/centrafricaine\/politique\/crash-dun-helicoptere-de-lonu#breadcrumb"},"inLanguage":"fr-FR","potentialAction":[{"@type":"ReadAction","target":["https:\/\/www.africa-press.net\/centrafricaine\/politique\/crash-dun-helicoptere-de-lonu"]}]},{"@type":"ImageObject","inLanguage":"fr-FR","@id":"https:\/\/www.africa-press.net\/centrafricaine\/politique\/crash-dun-helicoptere-de-lonu#primaryimage","url":"https:\/\/static.africa-press.net\/centrafricaine\/sites\/45\/2024\/01\/sm_1705145952.643175.jpg","contentUrl":"https:\/\/static.africa-press.net\/centrafricaine\/sites\/45\/2024\/01\/sm_1705145952.643175.jpg","width":720,"height":540,"caption":"Crash d'un h\u00e9licopt\u00e8re de l\u2019ONU"},{"@type":"BreadcrumbList","@id":"https:\/\/www.africa-press.net\/centrafricaine\/politique\/crash-dun-helicoptere-de-lonu#breadcrumb","itemListElement":[{"@type":"ListItem","position":1,"name":"Accueil","item":"https:\/\/www.africa-press.net\/centrafricaine\/"},{"@type":"ListItem","position":2,"name":"Crash d&#8217;un h\u00e9licopt\u00e8re de l\u2019ONU"}]},{"@type":"WebSite","@id":"https:\/\/www.africa-press.net\/centrafricaine\/#website","url":"https:\/\/www.africa-press.net\/centrafricaine\/","name":"centrafricaine","description":"Just another Africa News Agency Sites site","potentialAction":[{"@type":"SearchAction","target":{"@type":"EntryPoint","urlTemplate":"https:\/\/www.africa-press.net\/centrafricaine\/?s={search_term_string}"},"query-input":{"@type":"PropertyValueSpecification","valueRequired":true,"valueName":"search_term_string"}}],"inLanguage":"fr-FR"},{"@type":"Person","@id":"https:\/\/www.africa-press.net\/centrafricaine\/#\/schema\/person\/2b1cf3cd81a31e3cd26889ca66d677f1","name":"cfeditorfr"}]}},"_links":{"self":[{"href":"https:\/\/www.africa-press.net\/centrafricaine\/wp-json\/wp\/v2\/posts\/51601","targetHints":{"allow":["GET"]}}],"collection":[{"href":"https:\/\/www.africa-press.net\/centrafricaine\/wp-json\/wp\/v2\/posts"}],"about":[{"href":"https:\/\/www.africa-press.net\/centrafricaine\/wp-json\/wp\/v2\/types\/post"}],"author":[{"embeddable":true,"href":"https:\/\/www.africa-press.net\/centrafricaine\/wp-json\/wp\/v2\/users\/82"}],"replies":[{"embeddable":true,"href":"https:\/\/www.africa-press.net\/centrafricaine\/wp-json\/wp\/v2\/comments?post=51601"}],"version-history":[{"count":0,"href":"https:\/\/www.africa-press.net\/centrafricaine\/wp-json\/wp\/v2\/posts\/51601\/revisions"}],"wp:featuredmedia":[{"embeddable":true,"href":"https:\/\/www.africa-press.net\/centrafricaine\/wp-json\/wp\/v2\/media\/51600"}],"wp:attachment":[{"href":"https:\/\/www.africa-press.net\/centrafricaine\/wp-json\/wp\/v2\/media?parent=51601"}],"wp:term":[{"taxonomy":"category","embeddable":true,"href":"https:\/\/www.africa-press.net\/centrafricaine\/wp-json\/wp\/v2\/categories?post=51601"},{"taxonomy":"post_tag","embeddable":true,"href":"https:\/\/www.africa-press.net\/centrafricaine\/wp-json\/wp\/v2\/tags?post=51601"}],"curies":[{"name":"wp","href":"https:\/\/api.w.org\/{rel}","templated":true}]}}