{"id":51630,"date":"2024-01-14T18:21:54","date_gmt":"2024-01-14T18:21:54","guid":{"rendered":"https:\/\/www.africa-press.net\/centrafricaine\/politique\/une-delegation-de-la-mission-pentecotistes-suisse-au-palais-de-la-renaissance"},"modified":"2024-01-14T18:53:52","modified_gmt":"2024-01-14T18:53:52","slug":"une-delegation-de-la-mission-pentecotistes-suisse-au-palais-de-la-renaissance","status":"publish","type":"post","link":"https:\/\/www.africa-press.net\/centrafricaine\/politique\/une-delegation-de-la-mission-pentecotistes-suisse-au-palais-de-la-renaissance","title":{"rendered":"Une d\u00e9l\u00e9gation de la mission pentec\u00f4tistes suisse au palais de la renaissance"},"content":{"rendered":"<p><span style=\"color: #ff6600\"><strong>Africa-Press &#8211; CentrAfricaine. <\/strong><\/span>Une de\u0301le\u0301gation de la mission Penteco\u0302tiste suisse conduite par le Re\u0301ve\u0301rend Pasteur Nicolas GUEREKOYAME a e\u0301te\u0301 rec\u0327u en de\u0301but d\u2019apre\u0300s-midi du 12 janvier 2024 par le Pre\u0301sident de la Re\u0301publique Faustin Archange TOUADERA.<\/p>\n<p>Les membres de la de\u0301le\u0301gation sont venus informer le Chef de l&rsquo;Etat centrafricain sur l&rsquo;e\u0301tat d\u2019avancement des travaux de construction d\u2019un complexe qui regroupe le centre de formation biblique et the\u0301ologique, d&rsquo;un centre de formation polytechnique, d\u2019une e\u0301cole et d\u2019un centre de sante\u0301 au village Sabongo sur la route de M\u2019baiki. Ce projet de de\u0301veloppement est re\u0301alise\u0301 gra\u0302ce a\u0300 l\u2019appui financier des partenaires Suisses et Allemands.<\/p>\n<p>Pour le Re\u0301ve\u0301rend Pasteur Nicolas GUEREKOYAME, cette visite a pour objectif d\u2019informer le Pre\u0301sident de la Re\u0301publique Faustin Archange TOUADERA de la finition de la premie\u0300re tranche de ce projet notamment la construction du centre de formation biblique.<\/p>\n<p>La de\u0301le\u0301gation a saisi l\u2019occasion pour adresser au Pre\u0301sident de la Re\u0301publique une lettre d\u2019invitation pour prendre part personnellement a\u0300 la ce\u0301re\u0301monie d\u2019inauguration de ce centre qui aura lieu de\u0301but avril en pre\u0301sence des partenaires Allemands et Suisses.<\/p>\n<p><strong>Pour plus d&rsquo;informations et d&rsquo;analyses sur la <a href=\"https:\/\/www.africa-press.net\/centrafricaine\">CentrAfricaine<\/a>, suivez <a href=\"https:\/\/www.africa-press.net\/\">Africa-Press<\/a><\/strong><\/p>\n","protected":false},"excerpt":{"rendered":"<p>Africa-Press &#8211; CentrAfricaine. Une de\u0301le\u0301gation de la mission Penteco\u0302tiste suisse conduite par le Re\u0301ve\u0301rend Pasteur Nicolas GUEREKOYAME a e\u0301te\u0301 rec\u0327u en de\u0301but d\u2019apre\u0300s-midi du 12 janvier 2024 par le Pre\u0301sident de la Re\u0301publique Faustin Archange TOUADERA. Les membres de la de\u0301le\u0301gation sont venus informer le Chef de l&rsquo;Etat centrafricain sur l&rsquo;e\u0301tat d\u2019avancement des travaux de [&hellip;]<\/p>\n","protected":false},"author":82,"featured_media":51629,"comment_status":"open","ping_status":"closed","sticky":false,"template":"","format":"standard","meta":{"footnotes":""},"categories":[2,10],"tags":[36,58,30],"class_list":["post-51630","post","type-post","status-publish","format-standard","has-post-thumbnail","hentry","category-politique","category-toutes-les-actualites","tag-africa-press","tag-africa-press-centrafricaine","tag-centrafricaine"],"yoast_head":"<!-- This site is optimized with the Yoast SEO Premium plugin v26.1 (Yoast SEO v27.0) - https:\/\/yoast.com\/product\/yoast-seo-premium-wordpress\/ -->\n<title>Une d\u00e9l\u00e9gation de la mission pentec\u00f4tistes suisse au palais de la renaissance - centrafricaine<\/title>\n<meta name=\"description\" content=\"Une de\u0301le\u0301gation de la mission Penteco\u0302tiste suisse conduite par le Re\u0301ve\u0301rend Pasteur Nicolas GUEREKOYAME a e\u0301te\u0301 rec\u0327u ...\" \/>\n<meta name=\"robots\" content=\"index, follow, max-snippet:-1, max-image-preview:large, max-video-preview:-1\" \/>\n<link rel=\"canonical\" href=\"https:\/\/www.africa-press.net\/centrafricaine\/politique\/une-delegation-de-la-mission-pentecotistes-suisse-au-palais-de-la-renaissance\" \/>\n<meta property=\"og:locale\" content=\"fr_FR\" \/>\n<meta property=\"og:type\" content=\"article\" \/>\n<meta property=\"og:title\" content=\"Une d\u00e9l\u00e9gation de la mission pentec\u00f4tistes suisse au palais de la renaissance\" \/>\n<meta property=\"og:description\" content=\"Une de\u0301le\u0301gation de la mission Penteco\u0302tiste suisse conduite par le Re\u0301ve\u0301rend Pasteur Nicolas GUEREKOYAME a e\u0301te\u0301 rec\u0327u ...\" \/>\n<meta property=\"og:url\" content=\"https:\/\/www.africa-press.net\/centrafricaine\/politique\/une-delegation-de-la-mission-pentecotistes-suisse-au-palais-de-la-renaissance\" \/>\n<meta property=\"og:site_name\" content=\"centrafricaine\" \/>\n<meta property=\"article:published_time\" content=\"2024-01-14T18:21:54+00:00\" \/>\n<meta property=\"article:modified_time\" content=\"2024-01-14T18:53:52+00:00\" \/>\n<meta property=\"og:image\" content=\"https:\/\/static.africa-press.net\/centrafricaine\/sites\/45\/2024\/01\/sm_1705245338.919543.jpg\" \/>\n\t<meta property=\"og:image:width\" content=\"720\" \/>\n\t<meta property=\"og:image:height\" content=\"480\" \/>\n\t<meta property=\"og:image:type\" content=\"image\/jpeg\" \/>\n<meta name=\"author\" content=\"cfeditorfr\" \/>\n<meta name=\"twitter:card\" content=\"summary_large_image\" \/>\n<meta name=\"twitter:label1\" content=\"\u00c9crit par\" \/>\n\t<meta name=\"twitter:data1\" content=\"cfeditorfr\" \/>\n\t<meta name=\"twitter:label2\" content=\"Dur\u00e9e de lecture estim\u00e9e\" \/>\n\t<meta name=\"twitter:data2\" content=\"2 minutes\" \/>\n<script type=\"application\/ld+json\" class=\"yoast-schema-graph\">{\"@context\":\"https:\/\/schema.org\",\"@graph\":[{\"@type\":\"Article\",\"@id\":\"https:\/\/www.africa-press.net\/centrafricaine\/politique\/une-delegation-de-la-mission-pentecotistes-suisse-au-palais-de-la-renaissance#article\",\"isPartOf\":{\"@id\":\"https:\/\/www.africa-press.net\/centrafricaine\/politique\/une-delegation-de-la-mission-pentecotistes-suisse-au-palais-de-la-renaissance\"},\"author\":{\"name\":\"cfeditorfr\",\"@id\":\"https:\/\/www.africa-press.net\/centrafricaine\/#\/schema\/person\/2b1cf3cd81a31e3cd26889ca66d677f1\"},\"headline\":\"Une d\u00e9l\u00e9gation de la mission pentec\u00f4tistes suisse au palais de la renaissance\",\"datePublished\":\"2024-01-14T18:21:54+00:00\",\"dateModified\":\"2024-01-14T18:53:52+00:00\",\"mainEntityOfPage\":{\"@id\":\"https:\/\/www.africa-press.net\/centrafricaine\/politique\/une-delegation-de-la-mission-pentecotistes-suisse-au-palais-de-la-renaissance\"},\"wordCount\":249,\"commentCount\":0,\"image\":{\"@id\":\"https:\/\/www.africa-press.net\/centrafricaine\/politique\/une-delegation-de-la-mission-pentecotistes-suisse-au-palais-de-la-renaissance#primaryimage\"},\"thumbnailUrl\":\"https:\/\/static.africa-press.net\/centrafricaine\/sites\/45\/2024\/01\/sm_1705245338.919543.jpg\",\"keywords\":[\"Africa Press\",\"Africa Press-CentrAfricaine\",\"CentrAfricaine\"],\"articleSection\":[\"Politique\",\"Toutes les actualit\u00e9s\"],\"inLanguage\":\"fr-FR\",\"potentialAction\":[{\"@type\":\"CommentAction\",\"name\":\"Comment\",\"target\":[\"https:\/\/www.africa-press.net\/centrafricaine\/politique\/une-delegation-de-la-mission-pentecotistes-suisse-au-palais-de-la-renaissance#respond\"]}]},{\"@type\":\"WebPage\",\"@id\":\"https:\/\/www.africa-press.net\/centrafricaine\/politique\/une-delegation-de-la-mission-pentecotistes-suisse-au-palais-de-la-renaissance\",\"url\":\"https:\/\/www.africa-press.net\/centrafricaine\/politique\/une-delegation-de-la-mission-pentecotistes-suisse-au-palais-de-la-renaissance\",\"name\":\"Une d\u00e9l\u00e9gation de la mission pentec\u00f4tistes suisse au palais de la renaissance - centrafricaine\",\"isPartOf\":{\"@id\":\"https:\/\/www.africa-press.net\/centrafricaine\/#website\"},\"primaryImageOfPage\":{\"@id\":\"https:\/\/www.africa-press.net\/centrafricaine\/politique\/une-delegation-de-la-mission-pentecotistes-suisse-au-palais-de-la-renaissance#primaryimage\"},\"image\":{\"@id\":\"https:\/\/www.africa-press.net\/centrafricaine\/politique\/une-delegation-de-la-mission-pentecotistes-suisse-au-palais-de-la-renaissance#primaryimage\"},\"thumbnailUrl\":\"https:\/\/static.africa-press.net\/centrafricaine\/sites\/45\/2024\/01\/sm_1705245338.919543.jpg\",\"datePublished\":\"2024-01-14T18:21:54+00:00\",\"dateModified\":\"2024-01-14T18:53:52+00:00\",\"author\":{\"@id\":\"https:\/\/www.africa-press.net\/centrafricaine\/#\/schema\/person\/2b1cf3cd81a31e3cd26889ca66d677f1\"},\"description\":\"Une de\u0301le\u0301gation de la mission Penteco\u0302tiste suisse conduite par le Re\u0301ve\u0301rend Pasteur Nicolas GUEREKOYAME a e\u0301te\u0301 rec\u0327u ...\",\"breadcrumb\":{\"@id\":\"https:\/\/www.africa-press.net\/centrafricaine\/politique\/une-delegation-de-la-mission-pentecotistes-suisse-au-palais-de-la-renaissance#breadcrumb\"},\"inLanguage\":\"fr-FR\",\"potentialAction\":[{\"@type\":\"ReadAction\",\"target\":[\"https:\/\/www.africa-press.net\/centrafricaine\/politique\/une-delegation-de-la-mission-pentecotistes-suisse-au-palais-de-la-renaissance\"]}]},{\"@type\":\"ImageObject\",\"inLanguage\":\"fr-FR\",\"@id\":\"https:\/\/www.africa-press.net\/centrafricaine\/politique\/une-delegation-de-la-mission-pentecotistes-suisse-au-palais-de-la-renaissance#primaryimage\",\"url\":\"https:\/\/static.africa-press.net\/centrafricaine\/sites\/45\/2024\/01\/sm_1705245338.919543.jpg\",\"contentUrl\":\"https:\/\/static.africa-press.net\/centrafricaine\/sites\/45\/2024\/01\/sm_1705245338.919543.jpg\",\"width\":720,\"height\":480,\"caption\":\"Une d\u00e9l\u00e9gation de la mission pentec\u00f4tistes suisse au palais de la renaissance\"},{\"@type\":\"BreadcrumbList\",\"@id\":\"https:\/\/www.africa-press.net\/centrafricaine\/politique\/une-delegation-de-la-mission-pentecotistes-suisse-au-palais-de-la-renaissance#breadcrumb\",\"itemListElement\":[{\"@type\":\"ListItem\",\"position\":1,\"name\":\"Accueil\",\"item\":\"https:\/\/www.africa-press.net\/centrafricaine\/\"},{\"@type\":\"ListItem\",\"position\":2,\"name\":\"Une d\u00e9l\u00e9gation de la mission pentec\u00f4tistes suisse au palais de la renaissance\"}]},{\"@type\":\"WebSite\",\"@id\":\"https:\/\/www.africa-press.net\/centrafricaine\/#website\",\"url\":\"https:\/\/www.africa-press.net\/centrafricaine\/\",\"name\":\"centrafricaine\",\"description\":\"Just another Africa News Agency Sites site\",\"potentialAction\":[{\"@type\":\"SearchAction\",\"target\":{\"@type\":\"EntryPoint\",\"urlTemplate\":\"https:\/\/www.africa-press.net\/centrafricaine\/?s={search_term_string}\"},\"query-input\":{\"@type\":\"PropertyValueSpecification\",\"valueRequired\":true,\"valueName\":\"search_term_string\"}}],\"inLanguage\":\"fr-FR\"},{\"@type\":\"Person\",\"@id\":\"https:\/\/www.africa-press.net\/centrafricaine\/#\/schema\/person\/2b1cf3cd81a31e3cd26889ca66d677f1\",\"name\":\"cfeditorfr\"}]}<\/script>\n<!-- \/ Yoast SEO Premium plugin. -->","yoast_head_json":{"title":"Une d\u00e9l\u00e9gation de la mission pentec\u00f4tistes suisse au palais de la renaissance - centrafricaine","description":"Une de\u0301le\u0301gation de la mission Penteco\u0302tiste suisse conduite par le Re\u0301ve\u0301rend Pasteur Nicolas GUEREKOYAME a e\u0301te\u0301 rec\u0327u ...","robots":{"index":"index","follow":"follow","max-snippet":"max-snippet:-1","max-image-preview":"max-image-preview:large","max-video-preview":"max-video-preview:-1"},"canonical":"https:\/\/www.africa-press.net\/centrafricaine\/politique\/une-delegation-de-la-mission-pentecotistes-suisse-au-palais-de-la-renaissance","og_locale":"fr_FR","og_type":"article","og_title":"Une d\u00e9l\u00e9gation de la mission pentec\u00f4tistes suisse au palais de la renaissance","og_description":"Une de\u0301le\u0301gation de la mission Penteco\u0302tiste suisse conduite par le Re\u0301ve\u0301rend Pasteur Nicolas GUEREKOYAME a e\u0301te\u0301 rec\u0327u ...","og_url":"https:\/\/www.africa-press.net\/centrafricaine\/politique\/une-delegation-de-la-mission-pentecotistes-suisse-au-palais-de-la-renaissance","og_site_name":"centrafricaine","article_published_time":"2024-01-14T18:21:54+00:00","article_modified_time":"2024-01-14T18:53:52+00:00","og_image":[{"width":720,"height":480,"url":"https:\/\/static.africa-press.net\/centrafricaine\/sites\/45\/2024\/01\/sm_1705245338.919543.jpg","type":"image\/jpeg"}],"author":"cfeditorfr","twitter_card":"summary_large_image","twitter_misc":{"\u00c9crit par":"cfeditorfr","Dur\u00e9e de lecture estim\u00e9e":"2 minutes"},"schema":{"@context":"https:\/\/schema.org","@graph":[{"@type":"Article","@id":"https:\/\/www.africa-press.net\/centrafricaine\/politique\/une-delegation-de-la-mission-pentecotistes-suisse-au-palais-de-la-renaissance#article","isPartOf":{"@id":"https:\/\/www.africa-press.net\/centrafricaine\/politique\/une-delegation-de-la-mission-pentecotistes-suisse-au-palais-de-la-renaissance"},"author":{"name":"cfeditorfr","@id":"https:\/\/www.africa-press.net\/centrafricaine\/#\/schema\/person\/2b1cf3cd81a31e3cd26889ca66d677f1"},"headline":"Une d\u00e9l\u00e9gation de la mission pentec\u00f4tistes suisse au palais de la renaissance","datePublished":"2024-01-14T18:21:54+00:00","dateModified":"2024-01-14T18:53:52+00:00","mainEntityOfPage":{"@id":"https:\/\/www.africa-press.net\/centrafricaine\/politique\/une-delegation-de-la-mission-pentecotistes-suisse-au-palais-de-la-renaissance"},"wordCount":249,"commentCount":0,"image":{"@id":"https:\/\/www.africa-press.net\/centrafricaine\/politique\/une-delegation-de-la-mission-pentecotistes-suisse-au-palais-de-la-renaissance#primaryimage"},"thumbnailUrl":"https:\/\/static.africa-press.net\/centrafricaine\/sites\/45\/2024\/01\/sm_1705245338.919543.jpg","keywords":["Africa Press","Africa Press-CentrAfricaine","CentrAfricaine"],"articleSection":["Politique","Toutes les actualit\u00e9s"],"inLanguage":"fr-FR","potentialAction":[{"@type":"CommentAction","name":"Comment","target":["https:\/\/www.africa-press.net\/centrafricaine\/politique\/une-delegation-de-la-mission-pentecotistes-suisse-au-palais-de-la-renaissance#respond"]}]},{"@type":"WebPage","@id":"https:\/\/www.africa-press.net\/centrafricaine\/politique\/une-delegation-de-la-mission-pentecotistes-suisse-au-palais-de-la-renaissance","url":"https:\/\/www.africa-press.net\/centrafricaine\/politique\/une-delegation-de-la-mission-pentecotistes-suisse-au-palais-de-la-renaissance","name":"Une d\u00e9l\u00e9gation de la mission pentec\u00f4tistes suisse au palais de la renaissance - centrafricaine","isPartOf":{"@id":"https:\/\/www.africa-press.net\/centrafricaine\/#website"},"primaryImageOfPage":{"@id":"https:\/\/www.africa-press.net\/centrafricaine\/politique\/une-delegation-de-la-mission-pentecotistes-suisse-au-palais-de-la-renaissance#primaryimage"},"image":{"@id":"https:\/\/www.africa-press.net\/centrafricaine\/politique\/une-delegation-de-la-mission-pentecotistes-suisse-au-palais-de-la-renaissance#primaryimage"},"thumbnailUrl":"https:\/\/static.africa-press.net\/centrafricaine\/sites\/45\/2024\/01\/sm_1705245338.919543.jpg","datePublished":"2024-01-14T18:21:54+00:00","dateModified":"2024-01-14T18:53:52+00:00","author":{"@id":"https:\/\/www.africa-press.net\/centrafricaine\/#\/schema\/person\/2b1cf3cd81a31e3cd26889ca66d677f1"},"description":"Une de\u0301le\u0301gation de la mission Penteco\u0302tiste suisse conduite par le Re\u0301ve\u0301rend Pasteur Nicolas GUEREKOYAME a e\u0301te\u0301 rec\u0327u ...","breadcrumb":{"@id":"https:\/\/www.africa-press.net\/centrafricaine\/politique\/une-delegation-de-la-mission-pentecotistes-suisse-au-palais-de-la-renaissance#breadcrumb"},"inLanguage":"fr-FR","potentialAction":[{"@type":"ReadAction","target":["https:\/\/www.africa-press.net\/centrafricaine\/politique\/une-delegation-de-la-mission-pentecotistes-suisse-au-palais-de-la-renaissance"]}]},{"@type":"ImageObject","inLanguage":"fr-FR","@id":"https:\/\/www.africa-press.net\/centrafricaine\/politique\/une-delegation-de-la-mission-pentecotistes-suisse-au-palais-de-la-renaissance#primaryimage","url":"https:\/\/static.africa-press.net\/centrafricaine\/sites\/45\/2024\/01\/sm_1705245338.919543.jpg","contentUrl":"https:\/\/static.africa-press.net\/centrafricaine\/sites\/45\/2024\/01\/sm_1705245338.919543.jpg","width":720,"height":480,"caption":"Une d\u00e9l\u00e9gation de la mission pentec\u00f4tistes suisse au palais de la renaissance"},{"@type":"BreadcrumbList","@id":"https:\/\/www.africa-press.net\/centrafricaine\/politique\/une-delegation-de-la-mission-pentecotistes-suisse-au-palais-de-la-renaissance#breadcrumb","itemListElement":[{"@type":"ListItem","position":1,"name":"Accueil","item":"https:\/\/www.africa-press.net\/centrafricaine\/"},{"@type":"ListItem","position":2,"name":"Une d\u00e9l\u00e9gation de la mission pentec\u00f4tistes suisse au palais de la renaissance"}]},{"@type":"WebSite","@id":"https:\/\/www.africa-press.net\/centrafricaine\/#website","url":"https:\/\/www.africa-press.net\/centrafricaine\/","name":"centrafricaine","description":"Just another Africa News Agency Sites site","potentialAction":[{"@type":"SearchAction","target":{"@type":"EntryPoint","urlTemplate":"https:\/\/www.africa-press.net\/centrafricaine\/?s={search_term_string}"},"query-input":{"@type":"PropertyValueSpecification","valueRequired":true,"valueName":"search_term_string"}}],"inLanguage":"fr-FR"},{"@type":"Person","@id":"https:\/\/www.africa-press.net\/centrafricaine\/#\/schema\/person\/2b1cf3cd81a31e3cd26889ca66d677f1","name":"cfeditorfr"}]}},"_links":{"self":[{"href":"https:\/\/www.africa-press.net\/centrafricaine\/wp-json\/wp\/v2\/posts\/51630","targetHints":{"allow":["GET"]}}],"collection":[{"href":"https:\/\/www.africa-press.net\/centrafricaine\/wp-json\/wp\/v2\/posts"}],"about":[{"href":"https:\/\/www.africa-press.net\/centrafricaine\/wp-json\/wp\/v2\/types\/post"}],"author":[{"embeddable":true,"href":"https:\/\/www.africa-press.net\/centrafricaine\/wp-json\/wp\/v2\/users\/82"}],"replies":[{"embeddable":true,"href":"https:\/\/www.africa-press.net\/centrafricaine\/wp-json\/wp\/v2\/comments?post=51630"}],"version-history":[{"count":0,"href":"https:\/\/www.africa-press.net\/centrafricaine\/wp-json\/wp\/v2\/posts\/51630\/revisions"}],"wp:featuredmedia":[{"embeddable":true,"href":"https:\/\/www.africa-press.net\/centrafricaine\/wp-json\/wp\/v2\/media\/51629"}],"wp:attachment":[{"href":"https:\/\/www.africa-press.net\/centrafricaine\/wp-json\/wp\/v2\/media?parent=51630"}],"wp:term":[{"taxonomy":"category","embeddable":true,"href":"https:\/\/www.africa-press.net\/centrafricaine\/wp-json\/wp\/v2\/categories?post=51630"},{"taxonomy":"post_tag","embeddable":true,"href":"https:\/\/www.africa-press.net\/centrafricaine\/wp-json\/wp\/v2\/tags?post=51630"}],"curies":[{"name":"wp","href":"https:\/\/api.w.org\/{rel}","templated":true}]}}