{"id":51634,"date":"2024-01-14T18:24:58","date_gmt":"2024-01-14T18:24:58","guid":{"rendered":"https:\/\/www.africa-press.net\/centrafricaine\/politique\/8-militaires-radies-de-larmee-pour-troubles-a-lordre-public"},"modified":"2024-01-14T18:54:29","modified_gmt":"2024-01-14T18:54:29","slug":"8-militaires-radies-de-larmee-pour-troubles-a-lordre-public","status":"publish","type":"post","link":"https:\/\/www.africa-press.net\/centrafricaine\/politique\/8-militaires-radies-de-larmee-pour-troubles-a-lordre-public","title":{"rendered":"8 militaires radi\u00e9s de l\u2019arm\u00e9e pour troubles \u00e0 l\u2019ordre public"},"content":{"rendered":"<p><span style=\"color: #ff6600\"><strong>Africa-Press &#8211; CentrAfricaine. <\/strong><\/span>Huit \u00e9l\u00e9ments des Forces arm\u00e9es centrafricaines (Faca) ont \u00e9t\u00e9 radi\u00e9s par l\u2019Etat-major des Arm\u00e9es. Il s\u2019agit de deux caporaux et de six soldats de 2\u00e8me classe. Ces derniers sont accus\u00e9s, notamment de violation flagrante des ordres du Haut-commandement et de troubles \u00e0 l\u2019ordre public.<\/p>\n<p>Ces soldats, selon le Haut-commandement de l\u2019arm\u00e9e, sont impliqu\u00e9s dans les tirs d\u2019armes non-autoris\u00e9s qui ont perturb\u00e9 le r\u00e9veillon du 31 d\u00e9cembre 2023 et qui ont bless\u00e9 une dizaine de personnes \u00e0 Bangui. Cette premi\u00e8re vague de sanctions ne concerne que les \u00e9l\u00e9ments des Forces arm\u00e9es centrafricaines.<\/p>\n<p>La sanction vise notamment les caporaux Rodrigue Asnang et Yassimango Mozika, respectivement du Bataillon hors rang et du Bataillon de commandos parachutistes. Oumar Sani et Saint Cyr Rembety, tous deux, soldats de 2e classe du BIT 7, Bertin Ossibogna et Jospin Mbiassoli, soldats de 2\u00e8me classe du BIT 6, Jilus Ekia Maliavo du BIT 4 et Jules Ferry du Bataillon du g\u00e9nie sont \u00e9galement radi\u00e9s de l\u2019arm\u00e9e nationale.<\/p>\n<p>Pour le Haut-commandement militaire, ces sanctions ont \u00e9t\u00e9 prononc\u00e9es en lien avec le trouble \u00e0 l\u2019ordre public orchestr\u00e9 par des tirs d\u2019armes durant le r\u00e9veillon du nouvel an.<\/p>\n<p>\u00ab des sanctions s\u00e9v\u00e8res \u00bb<\/p>\n<p>\u00ab Le chef d\u2019Etat-major des Arm\u00e9es avait mis en garde toute personne d\u00e9tentrice d\u2019arme de guerre ayant l\u2019intention de troubler l\u2019ordre public sur les voies, dans les quartiers ou d\u2019une mani\u00e8re isol\u00e9e. Malheureusement, certains \u00e9l\u00e9ments des forces de d\u00e9fense et de s\u00e9curit\u00e9 (militaires et policiers) ont brav\u00e9 cette mesure du commandement. Raison pour laquelle, des sanctions s\u00e9v\u00e8res ont \u00e9t\u00e9 prononc\u00e9es \u00e0 leur encontre pour servir d\u2019exemple aux autres contrevenants \u00bb, a martel\u00e9 commandant Frank Gonid\u00e9, porte-parole de l\u2019Etat-major des Arm\u00e9es.<\/p>\n<p>Selon le communiqu\u00e9 de l\u2019Etat-major des Arm\u00e9es, pour les policiers \u00e9galement appr\u00e9hend\u00e9s, la sanction sera prononc\u00e9e dans les jours \u00e0 venir.<\/p>\n<p>Le 30 d\u00e9cembre dernier, un communiqu\u00e9 du Haut-commandement de l\u2019Arm\u00e9e avait mis en garde les forces de d\u00e9fense et de s\u00e9curit\u00e9 et l\u2019opinion publique quant \u00e0 \u00ab l\u2019utilisation anarchique des armes de guerre \u00bb durant la nuit de la Saint-Sylvestre. Une mesure peu observ\u00e9e dans le pays, car dans la capitale, les armes ont retenti durant plusieurs minutes. Cons\u00e9quences, plus d\u2019une dizaine de personnes ont re\u00e7u des balles perdues.<\/p>\n<p><strong>Pour plus d&rsquo;informations et d&rsquo;analyses sur la <a href=\"https:\/\/www.africa-press.net\/centrafricaine\">CentrAfricaine<\/a>, suivez <a href=\"https:\/\/www.africa-press.net\/\">Africa-Press<\/a><\/strong><\/p>\n","protected":false},"excerpt":{"rendered":"<p>Africa-Press &#8211; CentrAfricaine. Huit \u00e9l\u00e9ments des Forces arm\u00e9es centrafricaines (Faca) ont \u00e9t\u00e9 radi\u00e9s par l\u2019Etat-major des Arm\u00e9es. Il s\u2019agit de deux caporaux et de six soldats de 2\u00e8me classe. Ces derniers sont accus\u00e9s, notamment de violation flagrante des ordres du Haut-commandement et de troubles \u00e0 l\u2019ordre public. Ces soldats, selon le Haut-commandement de l\u2019arm\u00e9e, sont [&hellip;]<\/p>\n","protected":false},"author":82,"featured_media":51633,"comment_status":"open","ping_status":"closed","sticky":false,"template":"","format":"standard","meta":{"footnotes":""},"categories":[2,10],"tags":[36,58,30],"class_list":["post-51634","post","type-post","status-publish","format-standard","has-post-thumbnail","hentry","category-politique","category-toutes-les-actualites","tag-africa-press","tag-africa-press-centrafricaine","tag-centrafricaine"],"yoast_head":"<!-- This site is optimized with the Yoast SEO Premium plugin v26.1 (Yoast SEO v27.0) - https:\/\/yoast.com\/product\/yoast-seo-premium-wordpress\/ -->\n<title>8 militaires radi\u00e9s de l\u2019arm\u00e9e pour troubles \u00e0 l\u2019ordre public - centrafricaine<\/title>\n<meta name=\"description\" content=\"des Forces arme\u0301es centrafricaines (Faca) ont e\u0301te\u0301 radie\u0301s par l\u2019Etat-major des Arme\u0301es. Il s\u2019agit de deux cap ... ...\" \/>\n<meta name=\"robots\" content=\"index, follow, max-snippet:-1, max-image-preview:large, max-video-preview:-1\" \/>\n<link rel=\"canonical\" href=\"https:\/\/www.africa-press.net\/centrafricaine\/politique\/8-militaires-radies-de-larmee-pour-troubles-a-lordre-public\" \/>\n<meta property=\"og:locale\" content=\"fr_FR\" \/>\n<meta property=\"og:type\" content=\"article\" \/>\n<meta property=\"og:title\" content=\"8 militaires radi\u00e9s de l\u2019arm\u00e9e pour troubles \u00e0 l\u2019ordre public\" \/>\n<meta property=\"og:description\" content=\"des Forces arme\u0301es centrafricaines (Faca) ont e\u0301te\u0301 radie\u0301s par l\u2019Etat-major des Arme\u0301es. Il s\u2019agit de deux cap ... ...\" \/>\n<meta property=\"og:url\" content=\"https:\/\/www.africa-press.net\/centrafricaine\/politique\/8-militaires-radies-de-larmee-pour-troubles-a-lordre-public\" \/>\n<meta property=\"og:site_name\" content=\"centrafricaine\" \/>\n<meta property=\"article:published_time\" content=\"2024-01-14T18:24:58+00:00\" \/>\n<meta property=\"article:modified_time\" content=\"2024-01-14T18:54:29+00:00\" \/>\n<meta property=\"og:image\" content=\"https:\/\/static.africa-press.net\/centrafricaine\/sites\/45\/2024\/01\/sm_1705245537.032616.jpg\" \/>\n\t<meta property=\"og:image:width\" content=\"720\" \/>\n\t<meta property=\"og:image:height\" content=\"407\" \/>\n\t<meta property=\"og:image:type\" content=\"image\/jpeg\" \/>\n<meta name=\"author\" content=\"cfeditorfr\" \/>\n<meta name=\"twitter:card\" content=\"summary_large_image\" \/>\n<meta name=\"twitter:label1\" content=\"\u00c9crit par\" \/>\n\t<meta name=\"twitter:data1\" content=\"cfeditorfr\" \/>\n\t<meta name=\"twitter:label2\" content=\"Dur\u00e9e de lecture estim\u00e9e\" \/>\n\t<meta name=\"twitter:data2\" content=\"3 minutes\" \/>\n<script type=\"application\/ld+json\" class=\"yoast-schema-graph\">{\"@context\":\"https:\/\/schema.org\",\"@graph\":[{\"@type\":\"Article\",\"@id\":\"https:\/\/www.africa-press.net\/centrafricaine\/politique\/8-militaires-radies-de-larmee-pour-troubles-a-lordre-public#article\",\"isPartOf\":{\"@id\":\"https:\/\/www.africa-press.net\/centrafricaine\/politique\/8-militaires-radies-de-larmee-pour-troubles-a-lordre-public\"},\"author\":{\"name\":\"cfeditorfr\",\"@id\":\"https:\/\/www.africa-press.net\/centrafricaine\/#\/schema\/person\/2b1cf3cd81a31e3cd26889ca66d677f1\"},\"headline\":\"8 militaires radi\u00e9s de l\u2019arm\u00e9e pour troubles \u00e0 l\u2019ordre public\",\"datePublished\":\"2024-01-14T18:24:58+00:00\",\"dateModified\":\"2024-01-14T18:54:29+00:00\",\"mainEntityOfPage\":{\"@id\":\"https:\/\/www.africa-press.net\/centrafricaine\/politique\/8-militaires-radies-de-larmee-pour-troubles-a-lordre-public\"},\"wordCount\":433,\"commentCount\":0,\"image\":{\"@id\":\"https:\/\/www.africa-press.net\/centrafricaine\/politique\/8-militaires-radies-de-larmee-pour-troubles-a-lordre-public#primaryimage\"},\"thumbnailUrl\":\"https:\/\/static.africa-press.net\/centrafricaine\/sites\/45\/2024\/01\/sm_1705245537.032616.jpg\",\"keywords\":[\"Africa Press\",\"Africa Press-CentrAfricaine\",\"CentrAfricaine\"],\"articleSection\":[\"Politique\",\"Toutes les actualit\u00e9s\"],\"inLanguage\":\"fr-FR\",\"potentialAction\":[{\"@type\":\"CommentAction\",\"name\":\"Comment\",\"target\":[\"https:\/\/www.africa-press.net\/centrafricaine\/politique\/8-militaires-radies-de-larmee-pour-troubles-a-lordre-public#respond\"]}]},{\"@type\":\"WebPage\",\"@id\":\"https:\/\/www.africa-press.net\/centrafricaine\/politique\/8-militaires-radies-de-larmee-pour-troubles-a-lordre-public\",\"url\":\"https:\/\/www.africa-press.net\/centrafricaine\/politique\/8-militaires-radies-de-larmee-pour-troubles-a-lordre-public\",\"name\":\"8 militaires radi\u00e9s de l\u2019arm\u00e9e pour troubles \u00e0 l\u2019ordre public - centrafricaine\",\"isPartOf\":{\"@id\":\"https:\/\/www.africa-press.net\/centrafricaine\/#website\"},\"primaryImageOfPage\":{\"@id\":\"https:\/\/www.africa-press.net\/centrafricaine\/politique\/8-militaires-radies-de-larmee-pour-troubles-a-lordre-public#primaryimage\"},\"image\":{\"@id\":\"https:\/\/www.africa-press.net\/centrafricaine\/politique\/8-militaires-radies-de-larmee-pour-troubles-a-lordre-public#primaryimage\"},\"thumbnailUrl\":\"https:\/\/static.africa-press.net\/centrafricaine\/sites\/45\/2024\/01\/sm_1705245537.032616.jpg\",\"datePublished\":\"2024-01-14T18:24:58+00:00\",\"dateModified\":\"2024-01-14T18:54:29+00:00\",\"author\":{\"@id\":\"https:\/\/www.africa-press.net\/centrafricaine\/#\/schema\/person\/2b1cf3cd81a31e3cd26889ca66d677f1\"},\"description\":\"des Forces arme\u0301es centrafricaines (Faca) ont e\u0301te\u0301 radie\u0301s par l\u2019Etat-major des Arme\u0301es. Il s\u2019agit de deux cap ... ...\",\"breadcrumb\":{\"@id\":\"https:\/\/www.africa-press.net\/centrafricaine\/politique\/8-militaires-radies-de-larmee-pour-troubles-a-lordre-public#breadcrumb\"},\"inLanguage\":\"fr-FR\",\"potentialAction\":[{\"@type\":\"ReadAction\",\"target\":[\"https:\/\/www.africa-press.net\/centrafricaine\/politique\/8-militaires-radies-de-larmee-pour-troubles-a-lordre-public\"]}]},{\"@type\":\"ImageObject\",\"inLanguage\":\"fr-FR\",\"@id\":\"https:\/\/www.africa-press.net\/centrafricaine\/politique\/8-militaires-radies-de-larmee-pour-troubles-a-lordre-public#primaryimage\",\"url\":\"https:\/\/static.africa-press.net\/centrafricaine\/sites\/45\/2024\/01\/sm_1705245537.032616.jpg\",\"contentUrl\":\"https:\/\/static.africa-press.net\/centrafricaine\/sites\/45\/2024\/01\/sm_1705245537.032616.jpg\",\"width\":720,\"height\":407,\"caption\":\"8 militaires radi\u00e9s de l\u2019arm\u00e9e pour troubles \u00e0 l\u2019ordre public\"},{\"@type\":\"BreadcrumbList\",\"@id\":\"https:\/\/www.africa-press.net\/centrafricaine\/politique\/8-militaires-radies-de-larmee-pour-troubles-a-lordre-public#breadcrumb\",\"itemListElement\":[{\"@type\":\"ListItem\",\"position\":1,\"name\":\"Accueil\",\"item\":\"https:\/\/www.africa-press.net\/centrafricaine\/\"},{\"@type\":\"ListItem\",\"position\":2,\"name\":\"8 militaires radi\u00e9s de l\u2019arm\u00e9e pour troubles \u00e0 l\u2019ordre public\"}]},{\"@type\":\"WebSite\",\"@id\":\"https:\/\/www.africa-press.net\/centrafricaine\/#website\",\"url\":\"https:\/\/www.africa-press.net\/centrafricaine\/\",\"name\":\"centrafricaine\",\"description\":\"Just another Africa News Agency Sites site\",\"potentialAction\":[{\"@type\":\"SearchAction\",\"target\":{\"@type\":\"EntryPoint\",\"urlTemplate\":\"https:\/\/www.africa-press.net\/centrafricaine\/?s={search_term_string}\"},\"query-input\":{\"@type\":\"PropertyValueSpecification\",\"valueRequired\":true,\"valueName\":\"search_term_string\"}}],\"inLanguage\":\"fr-FR\"},{\"@type\":\"Person\",\"@id\":\"https:\/\/www.africa-press.net\/centrafricaine\/#\/schema\/person\/2b1cf3cd81a31e3cd26889ca66d677f1\",\"name\":\"cfeditorfr\"}]}<\/script>\n<!-- \/ Yoast SEO Premium plugin. -->","yoast_head_json":{"title":"8 militaires radi\u00e9s de l\u2019arm\u00e9e pour troubles \u00e0 l\u2019ordre public - centrafricaine","description":"des Forces arme\u0301es centrafricaines (Faca) ont e\u0301te\u0301 radie\u0301s par l\u2019Etat-major des Arme\u0301es. Il s\u2019agit de deux cap ... ...","robots":{"index":"index","follow":"follow","max-snippet":"max-snippet:-1","max-image-preview":"max-image-preview:large","max-video-preview":"max-video-preview:-1"},"canonical":"https:\/\/www.africa-press.net\/centrafricaine\/politique\/8-militaires-radies-de-larmee-pour-troubles-a-lordre-public","og_locale":"fr_FR","og_type":"article","og_title":"8 militaires radi\u00e9s de l\u2019arm\u00e9e pour troubles \u00e0 l\u2019ordre public","og_description":"des Forces arme\u0301es centrafricaines (Faca) ont e\u0301te\u0301 radie\u0301s par l\u2019Etat-major des Arme\u0301es. Il s\u2019agit de deux cap ... ...","og_url":"https:\/\/www.africa-press.net\/centrafricaine\/politique\/8-militaires-radies-de-larmee-pour-troubles-a-lordre-public","og_site_name":"centrafricaine","article_published_time":"2024-01-14T18:24:58+00:00","article_modified_time":"2024-01-14T18:54:29+00:00","og_image":[{"width":720,"height":407,"url":"https:\/\/static.africa-press.net\/centrafricaine\/sites\/45\/2024\/01\/sm_1705245537.032616.jpg","type":"image\/jpeg"}],"author":"cfeditorfr","twitter_card":"summary_large_image","twitter_misc":{"\u00c9crit par":"cfeditorfr","Dur\u00e9e de lecture estim\u00e9e":"3 minutes"},"schema":{"@context":"https:\/\/schema.org","@graph":[{"@type":"Article","@id":"https:\/\/www.africa-press.net\/centrafricaine\/politique\/8-militaires-radies-de-larmee-pour-troubles-a-lordre-public#article","isPartOf":{"@id":"https:\/\/www.africa-press.net\/centrafricaine\/politique\/8-militaires-radies-de-larmee-pour-troubles-a-lordre-public"},"author":{"name":"cfeditorfr","@id":"https:\/\/www.africa-press.net\/centrafricaine\/#\/schema\/person\/2b1cf3cd81a31e3cd26889ca66d677f1"},"headline":"8 militaires radi\u00e9s de l\u2019arm\u00e9e pour troubles \u00e0 l\u2019ordre public","datePublished":"2024-01-14T18:24:58+00:00","dateModified":"2024-01-14T18:54:29+00:00","mainEntityOfPage":{"@id":"https:\/\/www.africa-press.net\/centrafricaine\/politique\/8-militaires-radies-de-larmee-pour-troubles-a-lordre-public"},"wordCount":433,"commentCount":0,"image":{"@id":"https:\/\/www.africa-press.net\/centrafricaine\/politique\/8-militaires-radies-de-larmee-pour-troubles-a-lordre-public#primaryimage"},"thumbnailUrl":"https:\/\/static.africa-press.net\/centrafricaine\/sites\/45\/2024\/01\/sm_1705245537.032616.jpg","keywords":["Africa Press","Africa Press-CentrAfricaine","CentrAfricaine"],"articleSection":["Politique","Toutes les actualit\u00e9s"],"inLanguage":"fr-FR","potentialAction":[{"@type":"CommentAction","name":"Comment","target":["https:\/\/www.africa-press.net\/centrafricaine\/politique\/8-militaires-radies-de-larmee-pour-troubles-a-lordre-public#respond"]}]},{"@type":"WebPage","@id":"https:\/\/www.africa-press.net\/centrafricaine\/politique\/8-militaires-radies-de-larmee-pour-troubles-a-lordre-public","url":"https:\/\/www.africa-press.net\/centrafricaine\/politique\/8-militaires-radies-de-larmee-pour-troubles-a-lordre-public","name":"8 militaires radi\u00e9s de l\u2019arm\u00e9e pour troubles \u00e0 l\u2019ordre public - centrafricaine","isPartOf":{"@id":"https:\/\/www.africa-press.net\/centrafricaine\/#website"},"primaryImageOfPage":{"@id":"https:\/\/www.africa-press.net\/centrafricaine\/politique\/8-militaires-radies-de-larmee-pour-troubles-a-lordre-public#primaryimage"},"image":{"@id":"https:\/\/www.africa-press.net\/centrafricaine\/politique\/8-militaires-radies-de-larmee-pour-troubles-a-lordre-public#primaryimage"},"thumbnailUrl":"https:\/\/static.africa-press.net\/centrafricaine\/sites\/45\/2024\/01\/sm_1705245537.032616.jpg","datePublished":"2024-01-14T18:24:58+00:00","dateModified":"2024-01-14T18:54:29+00:00","author":{"@id":"https:\/\/www.africa-press.net\/centrafricaine\/#\/schema\/person\/2b1cf3cd81a31e3cd26889ca66d677f1"},"description":"des Forces arme\u0301es centrafricaines (Faca) ont e\u0301te\u0301 radie\u0301s par l\u2019Etat-major des Arme\u0301es. Il s\u2019agit de deux cap ... ...","breadcrumb":{"@id":"https:\/\/www.africa-press.net\/centrafricaine\/politique\/8-militaires-radies-de-larmee-pour-troubles-a-lordre-public#breadcrumb"},"inLanguage":"fr-FR","potentialAction":[{"@type":"ReadAction","target":["https:\/\/www.africa-press.net\/centrafricaine\/politique\/8-militaires-radies-de-larmee-pour-troubles-a-lordre-public"]}]},{"@type":"ImageObject","inLanguage":"fr-FR","@id":"https:\/\/www.africa-press.net\/centrafricaine\/politique\/8-militaires-radies-de-larmee-pour-troubles-a-lordre-public#primaryimage","url":"https:\/\/static.africa-press.net\/centrafricaine\/sites\/45\/2024\/01\/sm_1705245537.032616.jpg","contentUrl":"https:\/\/static.africa-press.net\/centrafricaine\/sites\/45\/2024\/01\/sm_1705245537.032616.jpg","width":720,"height":407,"caption":"8 militaires radi\u00e9s de l\u2019arm\u00e9e pour troubles \u00e0 l\u2019ordre public"},{"@type":"BreadcrumbList","@id":"https:\/\/www.africa-press.net\/centrafricaine\/politique\/8-militaires-radies-de-larmee-pour-troubles-a-lordre-public#breadcrumb","itemListElement":[{"@type":"ListItem","position":1,"name":"Accueil","item":"https:\/\/www.africa-press.net\/centrafricaine\/"},{"@type":"ListItem","position":2,"name":"8 militaires radi\u00e9s de l\u2019arm\u00e9e pour troubles \u00e0 l\u2019ordre public"}]},{"@type":"WebSite","@id":"https:\/\/www.africa-press.net\/centrafricaine\/#website","url":"https:\/\/www.africa-press.net\/centrafricaine\/","name":"centrafricaine","description":"Just another Africa News Agency Sites site","potentialAction":[{"@type":"SearchAction","target":{"@type":"EntryPoint","urlTemplate":"https:\/\/www.africa-press.net\/centrafricaine\/?s={search_term_string}"},"query-input":{"@type":"PropertyValueSpecification","valueRequired":true,"valueName":"search_term_string"}}],"inLanguage":"fr-FR"},{"@type":"Person","@id":"https:\/\/www.africa-press.net\/centrafricaine\/#\/schema\/person\/2b1cf3cd81a31e3cd26889ca66d677f1","name":"cfeditorfr"}]}},"_links":{"self":[{"href":"https:\/\/www.africa-press.net\/centrafricaine\/wp-json\/wp\/v2\/posts\/51634","targetHints":{"allow":["GET"]}}],"collection":[{"href":"https:\/\/www.africa-press.net\/centrafricaine\/wp-json\/wp\/v2\/posts"}],"about":[{"href":"https:\/\/www.africa-press.net\/centrafricaine\/wp-json\/wp\/v2\/types\/post"}],"author":[{"embeddable":true,"href":"https:\/\/www.africa-press.net\/centrafricaine\/wp-json\/wp\/v2\/users\/82"}],"replies":[{"embeddable":true,"href":"https:\/\/www.africa-press.net\/centrafricaine\/wp-json\/wp\/v2\/comments?post=51634"}],"version-history":[{"count":0,"href":"https:\/\/www.africa-press.net\/centrafricaine\/wp-json\/wp\/v2\/posts\/51634\/revisions"}],"wp:featuredmedia":[{"embeddable":true,"href":"https:\/\/www.africa-press.net\/centrafricaine\/wp-json\/wp\/v2\/media\/51633"}],"wp:attachment":[{"href":"https:\/\/www.africa-press.net\/centrafricaine\/wp-json\/wp\/v2\/media?parent=51634"}],"wp:term":[{"taxonomy":"category","embeddable":true,"href":"https:\/\/www.africa-press.net\/centrafricaine\/wp-json\/wp\/v2\/categories?post=51634"},{"taxonomy":"post_tag","embeddable":true,"href":"https:\/\/www.africa-press.net\/centrafricaine\/wp-json\/wp\/v2\/tags?post=51634"}],"curies":[{"name":"wp","href":"https:\/\/api.w.org\/{rel}","templated":true}]}}