{"id":51636,"date":"2024-01-14T18:25:42","date_gmt":"2024-01-14T18:25:42","guid":{"rendered":"https:\/\/www.africa-press.net\/centrafricaine\/politique\/3-blesses-dans-le-crash-dun-helicoptere-de-la-minusca-dans-la-haute-kotto"},"modified":"2024-01-14T18:55:09","modified_gmt":"2024-01-14T18:55:09","slug":"3-blesses-dans-le-crash-dun-helicoptere-de-la-minusca-dans-la-haute-kotto","status":"publish","type":"post","link":"https:\/\/www.africa-press.net\/centrafricaine\/politique\/3-blesses-dans-le-crash-dun-helicoptere-de-la-minusca-dans-la-haute-kotto","title":{"rendered":"3 bless\u00e9s dans le crash d\u2019un h\u00e9licopt\u00e8re de la Minusca dans la Haute-Kotto"},"content":{"rendered":"<p><span style=\"color: #ff6600\"><strong>Africa-Press &#8211; CentrAfricaine. <\/strong><\/span>Un he\u0301licopte\u0300re de la Minusca a crashe\u0301, ce 12 janvier, dans la matine\u0301e, a\u0300 Ouandja-Kotto dans la pre\u0301fecture de la Haute-Kotto. Des sources concordantes, il s\u2019agit d\u2019un appareil, en provenance de Bria, qui transportait des effets militaires. L\u2019he\u0301licopte\u0300re, qui avait a\u0300 son bord cinq (5) personnes, aurait rate\u0301 son atterrissage avant d\u2019heurter de mottes de terre. Le bilan, selon des sources locales, fait e\u0301tat de 3 blesse\u0301s le\u0301gers.<\/p>\n<p><strong>Pour plus d&rsquo;informations et d&rsquo;analyses sur la <a href=\"https:\/\/www.africa-press.net\/centrafricaine\">CentrAfricaine<\/a>, suivez <a href=\"https:\/\/www.africa-press.net\/\">Africa-Press<\/a><\/strong><\/p>\n","protected":false},"excerpt":{"rendered":"<p>Africa-Press &#8211; CentrAfricaine. Un he\u0301licopte\u0300re de la Minusca a crashe\u0301, ce 12 janvier, dans la matine\u0301e, a\u0300 Ouandja-Kotto dans la pre\u0301fecture de la Haute-Kotto. Des sources concordantes, il s\u2019agit d\u2019un appareil, en provenance de Bria, qui transportait des effets militaires. L\u2019he\u0301licopte\u0300re, qui avait a\u0300 son bord cinq (5) personnes, aurait rate\u0301 son atterrissage avant d\u2019heurter [&hellip;]<\/p>\n","protected":false},"author":82,"featured_media":51635,"comment_status":"open","ping_status":"closed","sticky":false,"template":"","format":"standard","meta":{"footnotes":""},"categories":[2,10],"tags":[36,58,30],"class_list":["post-51636","post","type-post","status-publish","format-standard","has-post-thumbnail","hentry","category-politique","category-toutes-les-actualites","tag-africa-press","tag-africa-press-centrafricaine","tag-centrafricaine"],"yoast_head":"<!-- This site is optimized with the Yoast SEO Premium plugin v26.1 (Yoast SEO v27.0) - https:\/\/yoast.com\/product\/yoast-seo-premium-wordpress\/ -->\n<title>3 bless\u00e9s dans le crash d\u2019un h\u00e9licopt\u00e8re de la Minusca dans la Haute-Kotto - centrafricaine<\/title>\n<meta name=\"description\" content=\"Un he\u0301licopte\u0300re de la Minusca a crashe\u0301, ce 12 janvier, dans la matine\u0301e, a\u0300 Ouandja-Kotto dans la pre\u0301fecture de la Ha ...\" \/>\n<meta name=\"robots\" content=\"index, follow, max-snippet:-1, max-image-preview:large, max-video-preview:-1\" \/>\n<link rel=\"canonical\" href=\"https:\/\/www.africa-press.net\/centrafricaine\/politique\/3-blesses-dans-le-crash-dun-helicoptere-de-la-minusca-dans-la-haute-kotto\" \/>\n<meta property=\"og:locale\" content=\"fr_FR\" \/>\n<meta property=\"og:type\" content=\"article\" \/>\n<meta property=\"og:title\" content=\"3 bless\u00e9s dans le crash d\u2019un h\u00e9licopt\u00e8re de la Minusca dans la Haute-Kotto\" \/>\n<meta property=\"og:description\" content=\"Un he\u0301licopte\u0300re de la Minusca a crashe\u0301, ce 12 janvier, dans la matine\u0301e, a\u0300 Ouandja-Kotto dans la pre\u0301fecture de la Ha ...\" \/>\n<meta property=\"og:url\" content=\"https:\/\/www.africa-press.net\/centrafricaine\/politique\/3-blesses-dans-le-crash-dun-helicoptere-de-la-minusca-dans-la-haute-kotto\" \/>\n<meta property=\"og:site_name\" content=\"centrafricaine\" \/>\n<meta property=\"article:published_time\" content=\"2024-01-14T18:25:42+00:00\" \/>\n<meta property=\"article:modified_time\" content=\"2024-01-14T18:55:09+00:00\" \/>\n<meta property=\"og:image\" content=\"https:\/\/static.africa-press.net\/centrafricaine\/sites\/45\/2024\/01\/sm_1705245566.654821.jpg\" \/>\n\t<meta property=\"og:image:width\" content=\"720\" \/>\n\t<meta property=\"og:image:height\" content=\"538\" \/>\n\t<meta property=\"og:image:type\" content=\"image\/jpeg\" \/>\n<meta name=\"author\" content=\"cfeditorfr\" \/>\n<meta name=\"twitter:card\" content=\"summary_large_image\" \/>\n<meta name=\"twitter:label1\" content=\"\u00c9crit par\" \/>\n\t<meta name=\"twitter:data1\" content=\"cfeditorfr\" \/>\n\t<meta name=\"twitter:label2\" content=\"Dur\u00e9e de lecture estim\u00e9e\" \/>\n\t<meta name=\"twitter:data2\" content=\"1 minute\" \/>\n<script type=\"application\/ld+json\" class=\"yoast-schema-graph\">{\"@context\":\"https:\/\/schema.org\",\"@graph\":[{\"@type\":\"Article\",\"@id\":\"https:\/\/www.africa-press.net\/centrafricaine\/politique\/3-blesses-dans-le-crash-dun-helicoptere-de-la-minusca-dans-la-haute-kotto#article\",\"isPartOf\":{\"@id\":\"https:\/\/www.africa-press.net\/centrafricaine\/politique\/3-blesses-dans-le-crash-dun-helicoptere-de-la-minusca-dans-la-haute-kotto\"},\"author\":{\"name\":\"cfeditorfr\",\"@id\":\"https:\/\/www.africa-press.net\/centrafricaine\/#\/schema\/person\/2b1cf3cd81a31e3cd26889ca66d677f1\"},\"headline\":\"3 bless\u00e9s dans le crash d\u2019un h\u00e9licopt\u00e8re de la Minusca dans la Haute-Kotto\",\"datePublished\":\"2024-01-14T18:25:42+00:00\",\"dateModified\":\"2024-01-14T18:55:09+00:00\",\"mainEntityOfPage\":{\"@id\":\"https:\/\/www.africa-press.net\/centrafricaine\/politique\/3-blesses-dans-le-crash-dun-helicoptere-de-la-minusca-dans-la-haute-kotto\"},\"wordCount\":109,\"commentCount\":0,\"image\":{\"@id\":\"https:\/\/www.africa-press.net\/centrafricaine\/politique\/3-blesses-dans-le-crash-dun-helicoptere-de-la-minusca-dans-la-haute-kotto#primaryimage\"},\"thumbnailUrl\":\"https:\/\/static.africa-press.net\/centrafricaine\/sites\/45\/2024\/01\/sm_1705245566.654821.jpg\",\"keywords\":[\"Africa Press\",\"Africa Press-CentrAfricaine\",\"CentrAfricaine\"],\"articleSection\":[\"Politique\",\"Toutes les actualit\u00e9s\"],\"inLanguage\":\"fr-FR\",\"potentialAction\":[{\"@type\":\"CommentAction\",\"name\":\"Comment\",\"target\":[\"https:\/\/www.africa-press.net\/centrafricaine\/politique\/3-blesses-dans-le-crash-dun-helicoptere-de-la-minusca-dans-la-haute-kotto#respond\"]}]},{\"@type\":\"WebPage\",\"@id\":\"https:\/\/www.africa-press.net\/centrafricaine\/politique\/3-blesses-dans-le-crash-dun-helicoptere-de-la-minusca-dans-la-haute-kotto\",\"url\":\"https:\/\/www.africa-press.net\/centrafricaine\/politique\/3-blesses-dans-le-crash-dun-helicoptere-de-la-minusca-dans-la-haute-kotto\",\"name\":\"3 bless\u00e9s dans le crash d\u2019un h\u00e9licopt\u00e8re de la Minusca dans la Haute-Kotto - centrafricaine\",\"isPartOf\":{\"@id\":\"https:\/\/www.africa-press.net\/centrafricaine\/#website\"},\"primaryImageOfPage\":{\"@id\":\"https:\/\/www.africa-press.net\/centrafricaine\/politique\/3-blesses-dans-le-crash-dun-helicoptere-de-la-minusca-dans-la-haute-kotto#primaryimage\"},\"image\":{\"@id\":\"https:\/\/www.africa-press.net\/centrafricaine\/politique\/3-blesses-dans-le-crash-dun-helicoptere-de-la-minusca-dans-la-haute-kotto#primaryimage\"},\"thumbnailUrl\":\"https:\/\/static.africa-press.net\/centrafricaine\/sites\/45\/2024\/01\/sm_1705245566.654821.jpg\",\"datePublished\":\"2024-01-14T18:25:42+00:00\",\"dateModified\":\"2024-01-14T18:55:09+00:00\",\"author\":{\"@id\":\"https:\/\/www.africa-press.net\/centrafricaine\/#\/schema\/person\/2b1cf3cd81a31e3cd26889ca66d677f1\"},\"description\":\"Un he\u0301licopte\u0300re de la Minusca a crashe\u0301, ce 12 janvier, dans la matine\u0301e, a\u0300 Ouandja-Kotto dans la pre\u0301fecture de la Ha ...\",\"breadcrumb\":{\"@id\":\"https:\/\/www.africa-press.net\/centrafricaine\/politique\/3-blesses-dans-le-crash-dun-helicoptere-de-la-minusca-dans-la-haute-kotto#breadcrumb\"},\"inLanguage\":\"fr-FR\",\"potentialAction\":[{\"@type\":\"ReadAction\",\"target\":[\"https:\/\/www.africa-press.net\/centrafricaine\/politique\/3-blesses-dans-le-crash-dun-helicoptere-de-la-minusca-dans-la-haute-kotto\"]}]},{\"@type\":\"ImageObject\",\"inLanguage\":\"fr-FR\",\"@id\":\"https:\/\/www.africa-press.net\/centrafricaine\/politique\/3-blesses-dans-le-crash-dun-helicoptere-de-la-minusca-dans-la-haute-kotto#primaryimage\",\"url\":\"https:\/\/static.africa-press.net\/centrafricaine\/sites\/45\/2024\/01\/sm_1705245566.654821.jpg\",\"contentUrl\":\"https:\/\/static.africa-press.net\/centrafricaine\/sites\/45\/2024\/01\/sm_1705245566.654821.jpg\",\"width\":720,\"height\":538,\"caption\":\"3 bless\u00e9s dans le crash d\u2019un h\u00e9licopt\u00e8re de la Minusca dans la Haute-Kotto\"},{\"@type\":\"BreadcrumbList\",\"@id\":\"https:\/\/www.africa-press.net\/centrafricaine\/politique\/3-blesses-dans-le-crash-dun-helicoptere-de-la-minusca-dans-la-haute-kotto#breadcrumb\",\"itemListElement\":[{\"@type\":\"ListItem\",\"position\":1,\"name\":\"Accueil\",\"item\":\"https:\/\/www.africa-press.net\/centrafricaine\/\"},{\"@type\":\"ListItem\",\"position\":2,\"name\":\"3 bless\u00e9s dans le crash d\u2019un h\u00e9licopt\u00e8re de la Minusca dans la Haute-Kotto\"}]},{\"@type\":\"WebSite\",\"@id\":\"https:\/\/www.africa-press.net\/centrafricaine\/#website\",\"url\":\"https:\/\/www.africa-press.net\/centrafricaine\/\",\"name\":\"centrafricaine\",\"description\":\"Just another Africa News Agency Sites site\",\"potentialAction\":[{\"@type\":\"SearchAction\",\"target\":{\"@type\":\"EntryPoint\",\"urlTemplate\":\"https:\/\/www.africa-press.net\/centrafricaine\/?s={search_term_string}\"},\"query-input\":{\"@type\":\"PropertyValueSpecification\",\"valueRequired\":true,\"valueName\":\"search_term_string\"}}],\"inLanguage\":\"fr-FR\"},{\"@type\":\"Person\",\"@id\":\"https:\/\/www.africa-press.net\/centrafricaine\/#\/schema\/person\/2b1cf3cd81a31e3cd26889ca66d677f1\",\"name\":\"cfeditorfr\"}]}<\/script>\n<!-- \/ Yoast SEO Premium plugin. -->","yoast_head_json":{"title":"3 bless\u00e9s dans le crash d\u2019un h\u00e9licopt\u00e8re de la Minusca dans la Haute-Kotto - centrafricaine","description":"Un he\u0301licopte\u0300re de la Minusca a crashe\u0301, ce 12 janvier, dans la matine\u0301e, a\u0300 Ouandja-Kotto dans la pre\u0301fecture de la Ha ...","robots":{"index":"index","follow":"follow","max-snippet":"max-snippet:-1","max-image-preview":"max-image-preview:large","max-video-preview":"max-video-preview:-1"},"canonical":"https:\/\/www.africa-press.net\/centrafricaine\/politique\/3-blesses-dans-le-crash-dun-helicoptere-de-la-minusca-dans-la-haute-kotto","og_locale":"fr_FR","og_type":"article","og_title":"3 bless\u00e9s dans le crash d\u2019un h\u00e9licopt\u00e8re de la Minusca dans la Haute-Kotto","og_description":"Un he\u0301licopte\u0300re de la Minusca a crashe\u0301, ce 12 janvier, dans la matine\u0301e, a\u0300 Ouandja-Kotto dans la pre\u0301fecture de la Ha ...","og_url":"https:\/\/www.africa-press.net\/centrafricaine\/politique\/3-blesses-dans-le-crash-dun-helicoptere-de-la-minusca-dans-la-haute-kotto","og_site_name":"centrafricaine","article_published_time":"2024-01-14T18:25:42+00:00","article_modified_time":"2024-01-14T18:55:09+00:00","og_image":[{"width":720,"height":538,"url":"https:\/\/static.africa-press.net\/centrafricaine\/sites\/45\/2024\/01\/sm_1705245566.654821.jpg","type":"image\/jpeg"}],"author":"cfeditorfr","twitter_card":"summary_large_image","twitter_misc":{"\u00c9crit par":"cfeditorfr","Dur\u00e9e de lecture estim\u00e9e":"1 minute"},"schema":{"@context":"https:\/\/schema.org","@graph":[{"@type":"Article","@id":"https:\/\/www.africa-press.net\/centrafricaine\/politique\/3-blesses-dans-le-crash-dun-helicoptere-de-la-minusca-dans-la-haute-kotto#article","isPartOf":{"@id":"https:\/\/www.africa-press.net\/centrafricaine\/politique\/3-blesses-dans-le-crash-dun-helicoptere-de-la-minusca-dans-la-haute-kotto"},"author":{"name":"cfeditorfr","@id":"https:\/\/www.africa-press.net\/centrafricaine\/#\/schema\/person\/2b1cf3cd81a31e3cd26889ca66d677f1"},"headline":"3 bless\u00e9s dans le crash d\u2019un h\u00e9licopt\u00e8re de la Minusca dans la Haute-Kotto","datePublished":"2024-01-14T18:25:42+00:00","dateModified":"2024-01-14T18:55:09+00:00","mainEntityOfPage":{"@id":"https:\/\/www.africa-press.net\/centrafricaine\/politique\/3-blesses-dans-le-crash-dun-helicoptere-de-la-minusca-dans-la-haute-kotto"},"wordCount":109,"commentCount":0,"image":{"@id":"https:\/\/www.africa-press.net\/centrafricaine\/politique\/3-blesses-dans-le-crash-dun-helicoptere-de-la-minusca-dans-la-haute-kotto#primaryimage"},"thumbnailUrl":"https:\/\/static.africa-press.net\/centrafricaine\/sites\/45\/2024\/01\/sm_1705245566.654821.jpg","keywords":["Africa Press","Africa Press-CentrAfricaine","CentrAfricaine"],"articleSection":["Politique","Toutes les actualit\u00e9s"],"inLanguage":"fr-FR","potentialAction":[{"@type":"CommentAction","name":"Comment","target":["https:\/\/www.africa-press.net\/centrafricaine\/politique\/3-blesses-dans-le-crash-dun-helicoptere-de-la-minusca-dans-la-haute-kotto#respond"]}]},{"@type":"WebPage","@id":"https:\/\/www.africa-press.net\/centrafricaine\/politique\/3-blesses-dans-le-crash-dun-helicoptere-de-la-minusca-dans-la-haute-kotto","url":"https:\/\/www.africa-press.net\/centrafricaine\/politique\/3-blesses-dans-le-crash-dun-helicoptere-de-la-minusca-dans-la-haute-kotto","name":"3 bless\u00e9s dans le crash d\u2019un h\u00e9licopt\u00e8re de la Minusca dans la Haute-Kotto - centrafricaine","isPartOf":{"@id":"https:\/\/www.africa-press.net\/centrafricaine\/#website"},"primaryImageOfPage":{"@id":"https:\/\/www.africa-press.net\/centrafricaine\/politique\/3-blesses-dans-le-crash-dun-helicoptere-de-la-minusca-dans-la-haute-kotto#primaryimage"},"image":{"@id":"https:\/\/www.africa-press.net\/centrafricaine\/politique\/3-blesses-dans-le-crash-dun-helicoptere-de-la-minusca-dans-la-haute-kotto#primaryimage"},"thumbnailUrl":"https:\/\/static.africa-press.net\/centrafricaine\/sites\/45\/2024\/01\/sm_1705245566.654821.jpg","datePublished":"2024-01-14T18:25:42+00:00","dateModified":"2024-01-14T18:55:09+00:00","author":{"@id":"https:\/\/www.africa-press.net\/centrafricaine\/#\/schema\/person\/2b1cf3cd81a31e3cd26889ca66d677f1"},"description":"Un he\u0301licopte\u0300re de la Minusca a crashe\u0301, ce 12 janvier, dans la matine\u0301e, a\u0300 Ouandja-Kotto dans la pre\u0301fecture de la Ha ...","breadcrumb":{"@id":"https:\/\/www.africa-press.net\/centrafricaine\/politique\/3-blesses-dans-le-crash-dun-helicoptere-de-la-minusca-dans-la-haute-kotto#breadcrumb"},"inLanguage":"fr-FR","potentialAction":[{"@type":"ReadAction","target":["https:\/\/www.africa-press.net\/centrafricaine\/politique\/3-blesses-dans-le-crash-dun-helicoptere-de-la-minusca-dans-la-haute-kotto"]}]},{"@type":"ImageObject","inLanguage":"fr-FR","@id":"https:\/\/www.africa-press.net\/centrafricaine\/politique\/3-blesses-dans-le-crash-dun-helicoptere-de-la-minusca-dans-la-haute-kotto#primaryimage","url":"https:\/\/static.africa-press.net\/centrafricaine\/sites\/45\/2024\/01\/sm_1705245566.654821.jpg","contentUrl":"https:\/\/static.africa-press.net\/centrafricaine\/sites\/45\/2024\/01\/sm_1705245566.654821.jpg","width":720,"height":538,"caption":"3 bless\u00e9s dans le crash d\u2019un h\u00e9licopt\u00e8re de la Minusca dans la Haute-Kotto"},{"@type":"BreadcrumbList","@id":"https:\/\/www.africa-press.net\/centrafricaine\/politique\/3-blesses-dans-le-crash-dun-helicoptere-de-la-minusca-dans-la-haute-kotto#breadcrumb","itemListElement":[{"@type":"ListItem","position":1,"name":"Accueil","item":"https:\/\/www.africa-press.net\/centrafricaine\/"},{"@type":"ListItem","position":2,"name":"3 bless\u00e9s dans le crash d\u2019un h\u00e9licopt\u00e8re de la Minusca dans la Haute-Kotto"}]},{"@type":"WebSite","@id":"https:\/\/www.africa-press.net\/centrafricaine\/#website","url":"https:\/\/www.africa-press.net\/centrafricaine\/","name":"centrafricaine","description":"Just another Africa News Agency Sites site","potentialAction":[{"@type":"SearchAction","target":{"@type":"EntryPoint","urlTemplate":"https:\/\/www.africa-press.net\/centrafricaine\/?s={search_term_string}"},"query-input":{"@type":"PropertyValueSpecification","valueRequired":true,"valueName":"search_term_string"}}],"inLanguage":"fr-FR"},{"@type":"Person","@id":"https:\/\/www.africa-press.net\/centrafricaine\/#\/schema\/person\/2b1cf3cd81a31e3cd26889ca66d677f1","name":"cfeditorfr"}]}},"_links":{"self":[{"href":"https:\/\/www.africa-press.net\/centrafricaine\/wp-json\/wp\/v2\/posts\/51636","targetHints":{"allow":["GET"]}}],"collection":[{"href":"https:\/\/www.africa-press.net\/centrafricaine\/wp-json\/wp\/v2\/posts"}],"about":[{"href":"https:\/\/www.africa-press.net\/centrafricaine\/wp-json\/wp\/v2\/types\/post"}],"author":[{"embeddable":true,"href":"https:\/\/www.africa-press.net\/centrafricaine\/wp-json\/wp\/v2\/users\/82"}],"replies":[{"embeddable":true,"href":"https:\/\/www.africa-press.net\/centrafricaine\/wp-json\/wp\/v2\/comments?post=51636"}],"version-history":[{"count":0,"href":"https:\/\/www.africa-press.net\/centrafricaine\/wp-json\/wp\/v2\/posts\/51636\/revisions"}],"wp:featuredmedia":[{"embeddable":true,"href":"https:\/\/www.africa-press.net\/centrafricaine\/wp-json\/wp\/v2\/media\/51635"}],"wp:attachment":[{"href":"https:\/\/www.africa-press.net\/centrafricaine\/wp-json\/wp\/v2\/media?parent=51636"}],"wp:term":[{"taxonomy":"category","embeddable":true,"href":"https:\/\/www.africa-press.net\/centrafricaine\/wp-json\/wp\/v2\/categories?post=51636"},{"taxonomy":"post_tag","embeddable":true,"href":"https:\/\/www.africa-press.net\/centrafricaine\/wp-json\/wp\/v2\/tags?post=51636"}],"curies":[{"name":"wp","href":"https:\/\/api.w.org\/{rel}","templated":true}]}}