{"id":51644,"date":"2024-01-14T18:23:23","date_gmt":"2024-01-14T18:23:23","guid":{"rendered":"https:\/\/www.africa-press.net\/centrafricaine\/politique\/le-centre-technique-kaimba-blasco-de-gbangouma-operationnel"},"modified":"2024-01-24T15:38:09","modified_gmt":"2024-01-24T15:38:09","slug":"le-centre-technique-kaimba-blasco-de-gbangouma-operationnel","status":"publish","type":"post","link":"https:\/\/www.africa-press.net\/centrafricaine\/sports\/le-centre-technique-kaimba-blasco-de-gbangouma-operationnel","title":{"rendered":"le centre technique Ka\u00efmba Blasco de Gbangouma op\u00e9rationnel"},"content":{"rendered":"<p><span style=\"color: #ff6600\"><strong>Africa-Press &#8211; CentrAfricaine. <\/strong><\/span>Financ\u00e9 \u00e0 hauteur de 1,8 milliards par la F\u00e9d\u00e9ration Internationale de Football Association(FIFA), le centre technique Ka\u00efmba Blasco de Gbangouma\u2026<\/p>\n<p>Il s\u2019agit d\u2019une initiative de la F\u00e9d\u00e9ration Centrafricaine de Football (FCF) pour la formation des jeunes, acquis dans le cadre du projet \u00ab Goal FIFA \u00bb. Le centre vise \u00e0 \u00ab apporter une r\u00e9ponse au probl\u00e8me de formation de futures stars du football centrafricain. \u00bb au moins 40 jeunes talents centrafricains \u00e2g\u00e9s de 11 \u00e0 13 ans y seront intern\u00e9s avec un cycle sport-\u00e9tude.<\/p>\n<p>Le centre technique Ka\u00efmba Blasco de Gbangouma comprend, un vestiaire aux normes FIFA, un r\u00e9fectoire dortoir, un b\u00e2timent annexe et une salle de repos et un bureau pour la direction technique. \u00ab Dans le m\u00eame registre, les Projets Forward approuv\u00e9 par la FIFA ont permis la construction d\u2019un terrain synth\u00e9tique de 4\u00e8me g\u00e9n\u00e9ration avec un gradin de 500 places au complexe Ka\u00efmba Blasco de Gbangouma \u00bb, indique le pr\u00e9sident de la F\u00e9d\u00e9ration centrafricaine de football, C\u00e9lestin Yadendji.<\/p>\n<p>Pr\u00e9sidant, la c\u00e9r\u00e9monie de reception de ce centre, le chef de l\u2019Etat centrafricain, Faustin Archange Touad\u00e9ra, a remis \u00e0 titre exceptionnel des grades d\u2019Officier et de Chevalier dans l\u2019ordre national de la reconnaissance Centrafricaine aux membres de la d\u00e9l\u00e9gation de la FIFA.<\/p>\n<p><strong>Pour plus d&rsquo;informations et d&rsquo;analyses sur la <a href=\"https:\/\/www.africa-press.net\/centrafricaine\">CentrAfricaine<\/a>, suivez <a href=\"https:\/\/www.africa-press.net\/\">Africa-Press<\/a><\/strong><\/p>\n","protected":false},"excerpt":{"rendered":"<p>Africa-Press &#8211; CentrAfricaine. Financ\u00e9 \u00e0 hauteur de 1,8 milliards par la F\u00e9d\u00e9ration Internationale de Football Association(FIFA), le centre technique Ka\u00efmba Blasco de Gbangouma\u2026 Il s\u2019agit d\u2019une initiative de la F\u00e9d\u00e9ration Centrafricaine de Football (FCF) pour la formation des jeunes, acquis dans le cadre du projet \u00ab Goal FIFA \u00bb. Le centre vise \u00e0 \u00ab apporter [&hellip;]<\/p>\n","protected":false},"author":82,"featured_media":51643,"comment_status":"open","ping_status":"closed","sticky":false,"template":"","format":"standard","meta":{"footnotes":""},"categories":[6,10],"tags":[36,58,30],"class_list":["post-51644","post","type-post","status-publish","format-standard","has-post-thumbnail","hentry","category-sports","category-toutes-les-actualites","tag-africa-press","tag-africa-press-centrafricaine","tag-centrafricaine"],"yoast_head":"<!-- This site is optimized with the Yoast SEO Premium plugin v26.1 (Yoast SEO v27.0) - https:\/\/yoast.com\/product\/yoast-seo-premium-wordpress\/ -->\n<title>le centre technique Ka\u00efmba Blasco de Gbangouma op\u00e9rationnel - centrafricaine<\/title>\n<meta name=\"robots\" content=\"index, follow, max-snippet:-1, max-image-preview:large, max-video-preview:-1\" \/>\n<link rel=\"canonical\" href=\"https:\/\/www.africa-press.net\/centrafricaine\/politique\/le-centre-technique-kaimba-blasco-de-gbangouma-operationnel\" \/>\n<meta property=\"og:locale\" content=\"fr_FR\" \/>\n<meta property=\"og:type\" content=\"article\" \/>\n<meta property=\"og:title\" content=\"le centre technique Ka\u00efmba Blasco de Gbangouma op\u00e9rationnel\" \/>\n<meta property=\"og:description\" content=\"Africa-Press &#8211; CentrAfricaine. Financ\u00e9 \u00e0 hauteur de 1,8 milliards par la F\u00e9d\u00e9ration Internationale de Football Association(FIFA), le centre technique Ka\u00efmba Blasco de Gbangouma\u2026 Il s\u2019agit d\u2019une initiative de la F\u00e9d\u00e9ration Centrafricaine de Football (FCF) pour la formation des jeunes, acquis dans le cadre du projet \u00ab Goal FIFA \u00bb. Le centre vise \u00e0 \u00ab apporter [&hellip;]\" \/>\n<meta property=\"og:url\" content=\"https:\/\/www.africa-press.net\/centrafricaine\/politique\/le-centre-technique-kaimba-blasco-de-gbangouma-operationnel\" \/>\n<meta property=\"og:site_name\" content=\"centrafricaine\" \/>\n<meta property=\"article:published_time\" content=\"2024-01-14T18:23:23+00:00\" \/>\n<meta property=\"article:modified_time\" content=\"2024-01-24T15:38:09+00:00\" \/>\n<meta name=\"author\" content=\"cfeditorfr\" \/>\n<meta name=\"twitter:card\" content=\"summary_large_image\" \/>\n<meta name=\"twitter:label1\" content=\"\u00c9crit par\" \/>\n\t<meta name=\"twitter:data1\" content=\"cfeditorfr\" \/>\n\t<meta name=\"twitter:label2\" content=\"Dur\u00e9e de lecture estim\u00e9e\" \/>\n\t<meta name=\"twitter:data2\" content=\"1 minute\" \/>\n<script type=\"application\/ld+json\" class=\"yoast-schema-graph\">{\"@context\":\"https:\/\/schema.org\",\"@graph\":[{\"@type\":\"Article\",\"@id\":\"https:\/\/www.africa-press.net\/centrafricaine\/politique\/le-centre-technique-kaimba-blasco-de-gbangouma-operationnel#article\",\"isPartOf\":{\"@id\":\"https:\/\/www.africa-press.net\/centrafricaine\/politique\/le-centre-technique-kaimba-blasco-de-gbangouma-operationnel\"},\"author\":{\"name\":\"cfeditorfr\",\"@id\":\"https:\/\/www.africa-press.net\/centrafricaine\/#\/schema\/person\/2b1cf3cd81a31e3cd26889ca66d677f1\"},\"headline\":\"le centre technique Ka\u00efmba Blasco de Gbangouma op\u00e9rationnel\",\"datePublished\":\"2024-01-14T18:23:23+00:00\",\"dateModified\":\"2024-01-24T15:38:09+00:00\",\"mainEntityOfPage\":{\"@id\":\"https:\/\/www.africa-press.net\/centrafricaine\/politique\/le-centre-technique-kaimba-blasco-de-gbangouma-operationnel\"},\"wordCount\":248,\"commentCount\":0,\"image\":{\"@id\":\"https:\/\/www.africa-press.net\/centrafricaine\/politique\/le-centre-technique-kaimba-blasco-de-gbangouma-operationnel#primaryimage\"},\"thumbnailUrl\":\"https:\/\/static.africa-press.net\/centrafricaine\/sites\/45\/2024\/01\/sm_1705246426.102623.jpg\",\"keywords\":[\"Africa Press\",\"Africa Press-CentrAfricaine\",\"CentrAfricaine\"],\"articleSection\":[\"Sports\",\"Toutes les actualit\u00e9s\"],\"inLanguage\":\"fr-FR\",\"potentialAction\":[{\"@type\":\"CommentAction\",\"name\":\"Comment\",\"target\":[\"https:\/\/www.africa-press.net\/centrafricaine\/politique\/le-centre-technique-kaimba-blasco-de-gbangouma-operationnel#respond\"]}]},{\"@type\":\"WebPage\",\"@id\":\"https:\/\/www.africa-press.net\/centrafricaine\/politique\/le-centre-technique-kaimba-blasco-de-gbangouma-operationnel\",\"url\":\"https:\/\/www.africa-press.net\/centrafricaine\/politique\/le-centre-technique-kaimba-blasco-de-gbangouma-operationnel\",\"name\":\"le centre technique Ka\u00efmba Blasco de Gbangouma op\u00e9rationnel - centrafricaine\",\"isPartOf\":{\"@id\":\"https:\/\/www.africa-press.net\/centrafricaine\/#website\"},\"primaryImageOfPage\":{\"@id\":\"https:\/\/www.africa-press.net\/centrafricaine\/politique\/le-centre-technique-kaimba-blasco-de-gbangouma-operationnel#primaryimage\"},\"image\":{\"@id\":\"https:\/\/www.africa-press.net\/centrafricaine\/politique\/le-centre-technique-kaimba-blasco-de-gbangouma-operationnel#primaryimage\"},\"thumbnailUrl\":\"https:\/\/static.africa-press.net\/centrafricaine\/sites\/45\/2024\/01\/sm_1705246426.102623.jpg\",\"datePublished\":\"2024-01-14T18:23:23+00:00\",\"dateModified\":\"2024-01-24T15:38:09+00:00\",\"author\":{\"@id\":\"https:\/\/www.africa-press.net\/centrafricaine\/#\/schema\/person\/2b1cf3cd81a31e3cd26889ca66d677f1\"},\"breadcrumb\":{\"@id\":\"https:\/\/www.africa-press.net\/centrafricaine\/politique\/le-centre-technique-kaimba-blasco-de-gbangouma-operationnel#breadcrumb\"},\"inLanguage\":\"fr-FR\",\"potentialAction\":[{\"@type\":\"ReadAction\",\"target\":[\"https:\/\/www.africa-press.net\/centrafricaine\/politique\/le-centre-technique-kaimba-blasco-de-gbangouma-operationnel\"]}]},{\"@type\":\"ImageObject\",\"inLanguage\":\"fr-FR\",\"@id\":\"https:\/\/www.africa-press.net\/centrafricaine\/politique\/le-centre-technique-kaimba-blasco-de-gbangouma-operationnel#primaryimage\",\"url\":\"https:\/\/static.africa-press.net\/centrafricaine\/sites\/45\/2024\/01\/sm_1705246426.102623.jpg\",\"contentUrl\":\"https:\/\/static.africa-press.net\/centrafricaine\/sites\/45\/2024\/01\/sm_1705246426.102623.jpg\",\"width\":720,\"height\":433,\"caption\":\"le centre technique Ka\u00efmba Blasco de Gbangouma op\u00e9rationnel\"},{\"@type\":\"BreadcrumbList\",\"@id\":\"https:\/\/www.africa-press.net\/centrafricaine\/politique\/le-centre-technique-kaimba-blasco-de-gbangouma-operationnel#breadcrumb\",\"itemListElement\":[{\"@type\":\"ListItem\",\"position\":1,\"name\":\"Accueil\",\"item\":\"https:\/\/www.africa-press.net\/centrafricaine\/\"},{\"@type\":\"ListItem\",\"position\":2,\"name\":\"le centre technique Ka\u00efmba Blasco de Gbangouma op\u00e9rationnel\"}]},{\"@type\":\"WebSite\",\"@id\":\"https:\/\/www.africa-press.net\/centrafricaine\/#website\",\"url\":\"https:\/\/www.africa-press.net\/centrafricaine\/\",\"name\":\"centrafricaine\",\"description\":\"Just another Africa News Agency Sites site\",\"potentialAction\":[{\"@type\":\"SearchAction\",\"target\":{\"@type\":\"EntryPoint\",\"urlTemplate\":\"https:\/\/www.africa-press.net\/centrafricaine\/?s={search_term_string}\"},\"query-input\":{\"@type\":\"PropertyValueSpecification\",\"valueRequired\":true,\"valueName\":\"search_term_string\"}}],\"inLanguage\":\"fr-FR\"},{\"@type\":\"Person\",\"@id\":\"https:\/\/www.africa-press.net\/centrafricaine\/#\/schema\/person\/2b1cf3cd81a31e3cd26889ca66d677f1\",\"name\":\"cfeditorfr\"}]}<\/script>\n<!-- \/ Yoast SEO Premium plugin. -->","yoast_head_json":{"title":"le centre technique Ka\u00efmba Blasco de Gbangouma op\u00e9rationnel - centrafricaine","robots":{"index":"index","follow":"follow","max-snippet":"max-snippet:-1","max-image-preview":"max-image-preview:large","max-video-preview":"max-video-preview:-1"},"canonical":"https:\/\/www.africa-press.net\/centrafricaine\/politique\/le-centre-technique-kaimba-blasco-de-gbangouma-operationnel","og_locale":"fr_FR","og_type":"article","og_title":"le centre technique Ka\u00efmba Blasco de Gbangouma op\u00e9rationnel","og_description":"Africa-Press &#8211; CentrAfricaine. Financ\u00e9 \u00e0 hauteur de 1,8 milliards par la F\u00e9d\u00e9ration Internationale de Football Association(FIFA), le centre technique Ka\u00efmba Blasco de Gbangouma\u2026 Il s\u2019agit d\u2019une initiative de la F\u00e9d\u00e9ration Centrafricaine de Football (FCF) pour la formation des jeunes, acquis dans le cadre du projet \u00ab Goal FIFA \u00bb. Le centre vise \u00e0 \u00ab apporter [&hellip;]","og_url":"https:\/\/www.africa-press.net\/centrafricaine\/politique\/le-centre-technique-kaimba-blasco-de-gbangouma-operationnel","og_site_name":"centrafricaine","article_published_time":"2024-01-14T18:23:23+00:00","article_modified_time":"2024-01-24T15:38:09+00:00","author":"cfeditorfr","twitter_card":"summary_large_image","twitter_misc":{"\u00c9crit par":"cfeditorfr","Dur\u00e9e de lecture estim\u00e9e":"1 minute"},"schema":{"@context":"https:\/\/schema.org","@graph":[{"@type":"Article","@id":"https:\/\/www.africa-press.net\/centrafricaine\/politique\/le-centre-technique-kaimba-blasco-de-gbangouma-operationnel#article","isPartOf":{"@id":"https:\/\/www.africa-press.net\/centrafricaine\/politique\/le-centre-technique-kaimba-blasco-de-gbangouma-operationnel"},"author":{"name":"cfeditorfr","@id":"https:\/\/www.africa-press.net\/centrafricaine\/#\/schema\/person\/2b1cf3cd81a31e3cd26889ca66d677f1"},"headline":"le centre technique Ka\u00efmba Blasco de Gbangouma op\u00e9rationnel","datePublished":"2024-01-14T18:23:23+00:00","dateModified":"2024-01-24T15:38:09+00:00","mainEntityOfPage":{"@id":"https:\/\/www.africa-press.net\/centrafricaine\/politique\/le-centre-technique-kaimba-blasco-de-gbangouma-operationnel"},"wordCount":248,"commentCount":0,"image":{"@id":"https:\/\/www.africa-press.net\/centrafricaine\/politique\/le-centre-technique-kaimba-blasco-de-gbangouma-operationnel#primaryimage"},"thumbnailUrl":"https:\/\/static.africa-press.net\/centrafricaine\/sites\/45\/2024\/01\/sm_1705246426.102623.jpg","keywords":["Africa Press","Africa Press-CentrAfricaine","CentrAfricaine"],"articleSection":["Sports","Toutes les actualit\u00e9s"],"inLanguage":"fr-FR","potentialAction":[{"@type":"CommentAction","name":"Comment","target":["https:\/\/www.africa-press.net\/centrafricaine\/politique\/le-centre-technique-kaimba-blasco-de-gbangouma-operationnel#respond"]}]},{"@type":"WebPage","@id":"https:\/\/www.africa-press.net\/centrafricaine\/politique\/le-centre-technique-kaimba-blasco-de-gbangouma-operationnel","url":"https:\/\/www.africa-press.net\/centrafricaine\/politique\/le-centre-technique-kaimba-blasco-de-gbangouma-operationnel","name":"le centre technique Ka\u00efmba Blasco de Gbangouma op\u00e9rationnel - centrafricaine","isPartOf":{"@id":"https:\/\/www.africa-press.net\/centrafricaine\/#website"},"primaryImageOfPage":{"@id":"https:\/\/www.africa-press.net\/centrafricaine\/politique\/le-centre-technique-kaimba-blasco-de-gbangouma-operationnel#primaryimage"},"image":{"@id":"https:\/\/www.africa-press.net\/centrafricaine\/politique\/le-centre-technique-kaimba-blasco-de-gbangouma-operationnel#primaryimage"},"thumbnailUrl":"https:\/\/static.africa-press.net\/centrafricaine\/sites\/45\/2024\/01\/sm_1705246426.102623.jpg","datePublished":"2024-01-14T18:23:23+00:00","dateModified":"2024-01-24T15:38:09+00:00","author":{"@id":"https:\/\/www.africa-press.net\/centrafricaine\/#\/schema\/person\/2b1cf3cd81a31e3cd26889ca66d677f1"},"breadcrumb":{"@id":"https:\/\/www.africa-press.net\/centrafricaine\/politique\/le-centre-technique-kaimba-blasco-de-gbangouma-operationnel#breadcrumb"},"inLanguage":"fr-FR","potentialAction":[{"@type":"ReadAction","target":["https:\/\/www.africa-press.net\/centrafricaine\/politique\/le-centre-technique-kaimba-blasco-de-gbangouma-operationnel"]}]},{"@type":"ImageObject","inLanguage":"fr-FR","@id":"https:\/\/www.africa-press.net\/centrafricaine\/politique\/le-centre-technique-kaimba-blasco-de-gbangouma-operationnel#primaryimage","url":"https:\/\/static.africa-press.net\/centrafricaine\/sites\/45\/2024\/01\/sm_1705246426.102623.jpg","contentUrl":"https:\/\/static.africa-press.net\/centrafricaine\/sites\/45\/2024\/01\/sm_1705246426.102623.jpg","width":720,"height":433,"caption":"le centre technique Ka\u00efmba Blasco de Gbangouma op\u00e9rationnel"},{"@type":"BreadcrumbList","@id":"https:\/\/www.africa-press.net\/centrafricaine\/politique\/le-centre-technique-kaimba-blasco-de-gbangouma-operationnel#breadcrumb","itemListElement":[{"@type":"ListItem","position":1,"name":"Accueil","item":"https:\/\/www.africa-press.net\/centrafricaine\/"},{"@type":"ListItem","position":2,"name":"le centre technique Ka\u00efmba Blasco de Gbangouma op\u00e9rationnel"}]},{"@type":"WebSite","@id":"https:\/\/www.africa-press.net\/centrafricaine\/#website","url":"https:\/\/www.africa-press.net\/centrafricaine\/","name":"centrafricaine","description":"Just another Africa News Agency Sites site","potentialAction":[{"@type":"SearchAction","target":{"@type":"EntryPoint","urlTemplate":"https:\/\/www.africa-press.net\/centrafricaine\/?s={search_term_string}"},"query-input":{"@type":"PropertyValueSpecification","valueRequired":true,"valueName":"search_term_string"}}],"inLanguage":"fr-FR"},{"@type":"Person","@id":"https:\/\/www.africa-press.net\/centrafricaine\/#\/schema\/person\/2b1cf3cd81a31e3cd26889ca66d677f1","name":"cfeditorfr"}]}},"_links":{"self":[{"href":"https:\/\/www.africa-press.net\/centrafricaine\/wp-json\/wp\/v2\/posts\/51644","targetHints":{"allow":["GET"]}}],"collection":[{"href":"https:\/\/www.africa-press.net\/centrafricaine\/wp-json\/wp\/v2\/posts"}],"about":[{"href":"https:\/\/www.africa-press.net\/centrafricaine\/wp-json\/wp\/v2\/types\/post"}],"author":[{"embeddable":true,"href":"https:\/\/www.africa-press.net\/centrafricaine\/wp-json\/wp\/v2\/users\/82"}],"replies":[{"embeddable":true,"href":"https:\/\/www.africa-press.net\/centrafricaine\/wp-json\/wp\/v2\/comments?post=51644"}],"version-history":[{"count":0,"href":"https:\/\/www.africa-press.net\/centrafricaine\/wp-json\/wp\/v2\/posts\/51644\/revisions"}],"wp:featuredmedia":[{"embeddable":true,"href":"https:\/\/www.africa-press.net\/centrafricaine\/wp-json\/wp\/v2\/media\/51643"}],"wp:attachment":[{"href":"https:\/\/www.africa-press.net\/centrafricaine\/wp-json\/wp\/v2\/media?parent=51644"}],"wp:term":[{"taxonomy":"category","embeddable":true,"href":"https:\/\/www.africa-press.net\/centrafricaine\/wp-json\/wp\/v2\/categories?post=51644"},{"taxonomy":"post_tag","embeddable":true,"href":"https:\/\/www.africa-press.net\/centrafricaine\/wp-json\/wp\/v2\/tags?post=51644"}],"curies":[{"name":"wp","href":"https:\/\/api.w.org\/{rel}","templated":true}]}}