{"id":51648,"date":"2024-01-14T18:24:21","date_gmt":"2024-01-14T18:24:21","guid":{"rendered":"https:\/\/www.africa-press.net\/centrafricaine\/politique\/appui-au-renforcement-de-lautorite-de-letat-et-au-relevement-economique"},"modified":"2024-01-14T18:24:21","modified_gmt":"2024-01-14T18:24:21","slug":"appui-au-renforcement-de-lautorite-de-letat-et-au-relevement-economique","status":"publish","type":"post","link":"https:\/\/www.africa-press.net\/centrafricaine\/economie\/appui-au-renforcement-de-lautorite-de-letat-et-au-relevement-economique","title":{"rendered":"Appui au renforcement de l\u2019autorit\u00e9 de l\u2019Etat et au rel\u00e8vement \u00e9conomique"},"content":{"rendered":"<p><span style=\"color: #ff6600\"><strong>Africa-Press &#8211; CentrAfricaine. <\/strong><\/span>Le service des douanes a\u0300 Beloko (dans la Nana-Mambere a\u0300 l\u2019ouest du pays) a rec\u0327u le 09 janvier 2024, des ba\u0302timents pre\u0301fabrique\u0301s et un ge\u0301ne\u0301rateur de 20 kva. Un appui de la MINUSCA qui s\u2019inscrit dans le cadre de la restauration de l\u2019autorite\u0301 de l\u2019Etat et du rele\u0300vement e\u0301conomique de la Re\u0301publique centrafricaine.<\/p>\n<p>La remise des ba\u0302timents et du ge\u0301ne\u0301rateur s\u2019est faite en pre\u0301sence des autorite\u0301s locales, des repre\u0301sentants des services de\u0301concentre\u0301s de l\u2019Etat et d\u2019une de\u0301le\u0301gation de la MINUSCA de la Re\u0301gion de l\u2019Equateur. Dieudonne\u0301 Nondi, repre\u0301sentant du Pre\u0301fet de la Nana-Mambere, a, en cette occasion remercie\u0301 la MINUSCA \u00ab pour son appui multiforme au bon fonctionnement des services de l\u2019Etat \u00bb. Il a invite\u0301 les be\u0301ne\u0301ficiaires a\u0300 en faire bon usage, et demande\u0301 aux partenaires de \u00ab continuer a\u0300 accompagner le gouvernement dans sa vision pour le rele\u0300vement de la Re\u0301publique centrafricaine \u00bb ; ajoutant que \u00ab la recette de la Douane de Beloko est le poumon de l\u2019e\u0301conomie centrafricaine \u00bb.<\/p>\n<p>Au nom du Chef du Bureau de la MINUSCA pour la Re\u0301gion de l&rsquo;E\u0301quateur, Serge Theophile Bambara a re\u0301affirme\u0301 \u00ab l\u2019engagement, le soutien et l\u2019accompagnement de la Mission aux autorite\u0301s centrafricaines ainsi qu\u2019aux Forces de de\u0301fense et de se\u0301curite\u0301 \u00bb.<\/p>\n<p>Anicet Malibet, Chef de service de la Douane de Beloko a pre\u0301sente\u0301 la de\u0301gradation des locaux de cette institution victime des attaques des groupes arme\u0301s et demande\u0301 par la me\u0302me occasion a\u0300 la MINUSCA de fournir des panneaux solaires pour aider le ge\u0301ne\u0301rateur en alte\u0301ratif.<\/p>\n<p>La ce\u0301re\u0301monie s\u2019est clo\u0302ture\u0301e avec une visite des bureaux pre\u0301fabrique\u0301s suivi d\u2019un e\u0301change entre les autorite\u0301s locales, le personnel de des douanes et de la de\u0301le\u0301gation de la MINUSCA.<\/p>\n<p>En janvier 2023, a\u0300 la suite d\u2019une attaque d\u2019un groupe arme\u0301, les bureaux des douanes a\u0300 Beleko et des biens en instance de de\u0301douanement ont e\u0301te\u0301 incendie\u0301s. Quelques jours plus tard, la Repre\u0301sentante spe\u0301ciale du Secre\u0301taire ge\u0301ne\u0301rale de l\u2019ONU en RCA, Valentine Rugwabiza s\u2019est rendue sur les lieux et a promis une assistance aux autorite\u0301s pour renforcer les capacite\u0301s ope\u0301rationnelles du service.<\/p>\n<p><strong>Pour plus d&rsquo;informations et d&rsquo;analyses sur la <a href=\"https:\/\/www.africa-press.net\/centrafricaine\">CentrAfricaine<\/a>, suivez <a href=\"https:\/\/www.africa-press.net\/\">Africa-Press<\/a><\/strong><\/p>\n","protected":false},"excerpt":{"rendered":"<p>Africa-Press &#8211; CentrAfricaine. Le service des douanes a\u0300 Beloko (dans la Nana-Mambere a\u0300 l\u2019ouest du pays) a rec\u0327u le 09 janvier 2024, des ba\u0302timents pre\u0301fabrique\u0301s et un ge\u0301ne\u0301rateur de 20 kva. Un appui de la MINUSCA qui s\u2019inscrit dans le cadre de la restauration de l\u2019autorite\u0301 de l\u2019Etat et du rele\u0300vement e\u0301conomique de la Re\u0301publique [&hellip;]<\/p>\n","protected":false},"author":82,"featured_media":51647,"comment_status":"open","ping_status":"closed","sticky":false,"template":"","format":"standard","meta":{"footnotes":""},"categories":[3,20,10],"tags":[36,58,30],"class_list":["post-51648","post","type-post","status-publish","format-standard","has-post-thumbnail","hentry","category-economie","category-top-nouvelles","category-toutes-les-actualites","tag-africa-press","tag-africa-press-centrafricaine","tag-centrafricaine"],"yoast_head":"<!-- This site is optimized with the Yoast SEO Premium plugin v26.1 (Yoast SEO v27.0) - https:\/\/yoast.com\/product\/yoast-seo-premium-wordpress\/ -->\n<title>Appui au renforcement de l\u2019autorit\u00e9 de l\u2019Etat et au rel\u00e8vement \u00e9conomique - centrafricaine<\/title>\n<meta name=\"robots\" content=\"index, follow, max-snippet:-1, max-image-preview:large, max-video-preview:-1\" \/>\n<link rel=\"canonical\" href=\"https:\/\/www.africa-press.net\/centrafricaine\/politique\/appui-au-renforcement-de-lautorite-de-letat-et-au-relevement-economique\" \/>\n<meta property=\"og:locale\" content=\"fr_FR\" \/>\n<meta property=\"og:type\" content=\"article\" \/>\n<meta property=\"og:title\" content=\"Appui au renforcement de l\u2019autorit\u00e9 de l\u2019Etat et au rel\u00e8vement \u00e9conomique\" \/>\n<meta property=\"og:description\" content=\"Africa-Press &#8211; CentrAfricaine. Le service des douanes a\u0300 Beloko (dans la Nana-Mambere a\u0300 l\u2019ouest du pays) a rec\u0327u le 09 janvier 2024, des ba\u0302timents pre\u0301fabrique\u0301s et un ge\u0301ne\u0301rateur de 20 kva. Un appui de la MINUSCA qui s\u2019inscrit dans le cadre de la restauration de l\u2019autorite\u0301 de l\u2019Etat et du rele\u0300vement e\u0301conomique de la Re\u0301publique [&hellip;]\" \/>\n<meta property=\"og:url\" content=\"https:\/\/www.africa-press.net\/centrafricaine\/politique\/appui-au-renforcement-de-lautorite-de-letat-et-au-relevement-economique\" \/>\n<meta property=\"og:site_name\" content=\"centrafricaine\" \/>\n<meta property=\"article:published_time\" content=\"2024-01-14T18:24:21+00:00\" \/>\n<meta name=\"author\" content=\"cfeditorfr\" \/>\n<meta name=\"twitter:card\" content=\"summary_large_image\" \/>\n<meta name=\"twitter:label1\" content=\"\u00c9crit par\" \/>\n\t<meta name=\"twitter:data1\" content=\"cfeditorfr\" \/>\n\t<meta name=\"twitter:label2\" content=\"Dur\u00e9e de lecture estim\u00e9e\" \/>\n\t<meta name=\"twitter:data2\" content=\"2 minutes\" \/>\n<script type=\"application\/ld+json\" class=\"yoast-schema-graph\">{\"@context\":\"https:\/\/schema.org\",\"@graph\":[{\"@type\":\"Article\",\"@id\":\"https:\/\/www.africa-press.net\/centrafricaine\/politique\/appui-au-renforcement-de-lautorite-de-letat-et-au-relevement-economique#article\",\"isPartOf\":{\"@id\":\"https:\/\/www.africa-press.net\/centrafricaine\/politique\/appui-au-renforcement-de-lautorite-de-letat-et-au-relevement-economique\"},\"author\":{\"name\":\"cfeditorfr\",\"@id\":\"https:\/\/www.africa-press.net\/centrafricaine\/#\/schema\/person\/2b1cf3cd81a31e3cd26889ca66d677f1\"},\"headline\":\"Appui au renforcement de l\u2019autorit\u00e9 de l\u2019Etat et au rel\u00e8vement \u00e9conomique\",\"datePublished\":\"2024-01-14T18:24:21+00:00\",\"mainEntityOfPage\":{\"@id\":\"https:\/\/www.africa-press.net\/centrafricaine\/politique\/appui-au-renforcement-de-lautorite-de-letat-et-au-relevement-economique\"},\"wordCount\":436,\"commentCount\":0,\"image\":{\"@id\":\"https:\/\/www.africa-press.net\/centrafricaine\/politique\/appui-au-renforcement-de-lautorite-de-letat-et-au-relevement-economique#primaryimage\"},\"thumbnailUrl\":\"https:\/\/static.africa-press.net\/centrafricaine\/sites\/45\/2024\/01\/sm_1705246500.799842.jpg\",\"keywords\":[\"Africa Press\",\"Africa Press-CentrAfricaine\",\"CentrAfricaine\"],\"articleSection\":[\"\u00c9conomie\",\"Top Nouvelles\",\"Toutes les actualit\u00e9s\"],\"inLanguage\":\"fr-FR\",\"potentialAction\":[{\"@type\":\"CommentAction\",\"name\":\"Comment\",\"target\":[\"https:\/\/www.africa-press.net\/centrafricaine\/politique\/appui-au-renforcement-de-lautorite-de-letat-et-au-relevement-economique#respond\"]}]},{\"@type\":\"WebPage\",\"@id\":\"https:\/\/www.africa-press.net\/centrafricaine\/politique\/appui-au-renforcement-de-lautorite-de-letat-et-au-relevement-economique\",\"url\":\"https:\/\/www.africa-press.net\/centrafricaine\/politique\/appui-au-renforcement-de-lautorite-de-letat-et-au-relevement-economique\",\"name\":\"Appui au renforcement de l\u2019autorit\u00e9 de l\u2019Etat et au rel\u00e8vement \u00e9conomique - centrafricaine\",\"isPartOf\":{\"@id\":\"https:\/\/www.africa-press.net\/centrafricaine\/#website\"},\"primaryImageOfPage\":{\"@id\":\"https:\/\/www.africa-press.net\/centrafricaine\/politique\/appui-au-renforcement-de-lautorite-de-letat-et-au-relevement-economique#primaryimage\"},\"image\":{\"@id\":\"https:\/\/www.africa-press.net\/centrafricaine\/politique\/appui-au-renforcement-de-lautorite-de-letat-et-au-relevement-economique#primaryimage\"},\"thumbnailUrl\":\"https:\/\/static.africa-press.net\/centrafricaine\/sites\/45\/2024\/01\/sm_1705246500.799842.jpg\",\"datePublished\":\"2024-01-14T18:24:21+00:00\",\"author\":{\"@id\":\"https:\/\/www.africa-press.net\/centrafricaine\/#\/schema\/person\/2b1cf3cd81a31e3cd26889ca66d677f1\"},\"breadcrumb\":{\"@id\":\"https:\/\/www.africa-press.net\/centrafricaine\/politique\/appui-au-renforcement-de-lautorite-de-letat-et-au-relevement-economique#breadcrumb\"},\"inLanguage\":\"fr-FR\",\"potentialAction\":[{\"@type\":\"ReadAction\",\"target\":[\"https:\/\/www.africa-press.net\/centrafricaine\/politique\/appui-au-renforcement-de-lautorite-de-letat-et-au-relevement-economique\"]}]},{\"@type\":\"ImageObject\",\"inLanguage\":\"fr-FR\",\"@id\":\"https:\/\/www.africa-press.net\/centrafricaine\/politique\/appui-au-renforcement-de-lautorite-de-letat-et-au-relevement-economique#primaryimage\",\"url\":\"https:\/\/static.africa-press.net\/centrafricaine\/sites\/45\/2024\/01\/sm_1705246500.799842.jpg\",\"contentUrl\":\"https:\/\/static.africa-press.net\/centrafricaine\/sites\/45\/2024\/01\/sm_1705246500.799842.jpg\",\"width\":720,\"height\":488,\"caption\":\"Appui au renforcement de l\u2019autorit\u00e9 de l\u2019Etat et au rel\u00e8vement \u00e9conomique\"},{\"@type\":\"BreadcrumbList\",\"@id\":\"https:\/\/www.africa-press.net\/centrafricaine\/politique\/appui-au-renforcement-de-lautorite-de-letat-et-au-relevement-economique#breadcrumb\",\"itemListElement\":[{\"@type\":\"ListItem\",\"position\":1,\"name\":\"Accueil\",\"item\":\"https:\/\/www.africa-press.net\/centrafricaine\/\"},{\"@type\":\"ListItem\",\"position\":2,\"name\":\"Appui au renforcement de l\u2019autorit\u00e9 de l\u2019Etat et au rel\u00e8vement \u00e9conomique\"}]},{\"@type\":\"WebSite\",\"@id\":\"https:\/\/www.africa-press.net\/centrafricaine\/#website\",\"url\":\"https:\/\/www.africa-press.net\/centrafricaine\/\",\"name\":\"centrafricaine\",\"description\":\"Just another Africa News Agency Sites site\",\"potentialAction\":[{\"@type\":\"SearchAction\",\"target\":{\"@type\":\"EntryPoint\",\"urlTemplate\":\"https:\/\/www.africa-press.net\/centrafricaine\/?s={search_term_string}\"},\"query-input\":{\"@type\":\"PropertyValueSpecification\",\"valueRequired\":true,\"valueName\":\"search_term_string\"}}],\"inLanguage\":\"fr-FR\"},{\"@type\":\"Person\",\"@id\":\"https:\/\/www.africa-press.net\/centrafricaine\/#\/schema\/person\/2b1cf3cd81a31e3cd26889ca66d677f1\",\"name\":\"cfeditorfr\"}]}<\/script>\n<!-- \/ Yoast SEO Premium plugin. -->","yoast_head_json":{"title":"Appui au renforcement de l\u2019autorit\u00e9 de l\u2019Etat et au rel\u00e8vement \u00e9conomique - centrafricaine","robots":{"index":"index","follow":"follow","max-snippet":"max-snippet:-1","max-image-preview":"max-image-preview:large","max-video-preview":"max-video-preview:-1"},"canonical":"https:\/\/www.africa-press.net\/centrafricaine\/politique\/appui-au-renforcement-de-lautorite-de-letat-et-au-relevement-economique","og_locale":"fr_FR","og_type":"article","og_title":"Appui au renforcement de l\u2019autorit\u00e9 de l\u2019Etat et au rel\u00e8vement \u00e9conomique","og_description":"Africa-Press &#8211; CentrAfricaine. Le service des douanes a\u0300 Beloko (dans la Nana-Mambere a\u0300 l\u2019ouest du pays) a rec\u0327u le 09 janvier 2024, des ba\u0302timents pre\u0301fabrique\u0301s et un ge\u0301ne\u0301rateur de 20 kva. Un appui de la MINUSCA qui s\u2019inscrit dans le cadre de la restauration de l\u2019autorite\u0301 de l\u2019Etat et du rele\u0300vement e\u0301conomique de la Re\u0301publique [&hellip;]","og_url":"https:\/\/www.africa-press.net\/centrafricaine\/politique\/appui-au-renforcement-de-lautorite-de-letat-et-au-relevement-economique","og_site_name":"centrafricaine","article_published_time":"2024-01-14T18:24:21+00:00","author":"cfeditorfr","twitter_card":"summary_large_image","twitter_misc":{"\u00c9crit par":"cfeditorfr","Dur\u00e9e de lecture estim\u00e9e":"2 minutes"},"schema":{"@context":"https:\/\/schema.org","@graph":[{"@type":"Article","@id":"https:\/\/www.africa-press.net\/centrafricaine\/politique\/appui-au-renforcement-de-lautorite-de-letat-et-au-relevement-economique#article","isPartOf":{"@id":"https:\/\/www.africa-press.net\/centrafricaine\/politique\/appui-au-renforcement-de-lautorite-de-letat-et-au-relevement-economique"},"author":{"name":"cfeditorfr","@id":"https:\/\/www.africa-press.net\/centrafricaine\/#\/schema\/person\/2b1cf3cd81a31e3cd26889ca66d677f1"},"headline":"Appui au renforcement de l\u2019autorit\u00e9 de l\u2019Etat et au rel\u00e8vement \u00e9conomique","datePublished":"2024-01-14T18:24:21+00:00","mainEntityOfPage":{"@id":"https:\/\/www.africa-press.net\/centrafricaine\/politique\/appui-au-renforcement-de-lautorite-de-letat-et-au-relevement-economique"},"wordCount":436,"commentCount":0,"image":{"@id":"https:\/\/www.africa-press.net\/centrafricaine\/politique\/appui-au-renforcement-de-lautorite-de-letat-et-au-relevement-economique#primaryimage"},"thumbnailUrl":"https:\/\/static.africa-press.net\/centrafricaine\/sites\/45\/2024\/01\/sm_1705246500.799842.jpg","keywords":["Africa Press","Africa Press-CentrAfricaine","CentrAfricaine"],"articleSection":["\u00c9conomie","Top Nouvelles","Toutes les actualit\u00e9s"],"inLanguage":"fr-FR","potentialAction":[{"@type":"CommentAction","name":"Comment","target":["https:\/\/www.africa-press.net\/centrafricaine\/politique\/appui-au-renforcement-de-lautorite-de-letat-et-au-relevement-economique#respond"]}]},{"@type":"WebPage","@id":"https:\/\/www.africa-press.net\/centrafricaine\/politique\/appui-au-renforcement-de-lautorite-de-letat-et-au-relevement-economique","url":"https:\/\/www.africa-press.net\/centrafricaine\/politique\/appui-au-renforcement-de-lautorite-de-letat-et-au-relevement-economique","name":"Appui au renforcement de l\u2019autorit\u00e9 de l\u2019Etat et au rel\u00e8vement \u00e9conomique - centrafricaine","isPartOf":{"@id":"https:\/\/www.africa-press.net\/centrafricaine\/#website"},"primaryImageOfPage":{"@id":"https:\/\/www.africa-press.net\/centrafricaine\/politique\/appui-au-renforcement-de-lautorite-de-letat-et-au-relevement-economique#primaryimage"},"image":{"@id":"https:\/\/www.africa-press.net\/centrafricaine\/politique\/appui-au-renforcement-de-lautorite-de-letat-et-au-relevement-economique#primaryimage"},"thumbnailUrl":"https:\/\/static.africa-press.net\/centrafricaine\/sites\/45\/2024\/01\/sm_1705246500.799842.jpg","datePublished":"2024-01-14T18:24:21+00:00","author":{"@id":"https:\/\/www.africa-press.net\/centrafricaine\/#\/schema\/person\/2b1cf3cd81a31e3cd26889ca66d677f1"},"breadcrumb":{"@id":"https:\/\/www.africa-press.net\/centrafricaine\/politique\/appui-au-renforcement-de-lautorite-de-letat-et-au-relevement-economique#breadcrumb"},"inLanguage":"fr-FR","potentialAction":[{"@type":"ReadAction","target":["https:\/\/www.africa-press.net\/centrafricaine\/politique\/appui-au-renforcement-de-lautorite-de-letat-et-au-relevement-economique"]}]},{"@type":"ImageObject","inLanguage":"fr-FR","@id":"https:\/\/www.africa-press.net\/centrafricaine\/politique\/appui-au-renforcement-de-lautorite-de-letat-et-au-relevement-economique#primaryimage","url":"https:\/\/static.africa-press.net\/centrafricaine\/sites\/45\/2024\/01\/sm_1705246500.799842.jpg","contentUrl":"https:\/\/static.africa-press.net\/centrafricaine\/sites\/45\/2024\/01\/sm_1705246500.799842.jpg","width":720,"height":488,"caption":"Appui au renforcement de l\u2019autorit\u00e9 de l\u2019Etat et au rel\u00e8vement \u00e9conomique"},{"@type":"BreadcrumbList","@id":"https:\/\/www.africa-press.net\/centrafricaine\/politique\/appui-au-renforcement-de-lautorite-de-letat-et-au-relevement-economique#breadcrumb","itemListElement":[{"@type":"ListItem","position":1,"name":"Accueil","item":"https:\/\/www.africa-press.net\/centrafricaine\/"},{"@type":"ListItem","position":2,"name":"Appui au renforcement de l\u2019autorit\u00e9 de l\u2019Etat et au rel\u00e8vement \u00e9conomique"}]},{"@type":"WebSite","@id":"https:\/\/www.africa-press.net\/centrafricaine\/#website","url":"https:\/\/www.africa-press.net\/centrafricaine\/","name":"centrafricaine","description":"Just another Africa News Agency Sites site","potentialAction":[{"@type":"SearchAction","target":{"@type":"EntryPoint","urlTemplate":"https:\/\/www.africa-press.net\/centrafricaine\/?s={search_term_string}"},"query-input":{"@type":"PropertyValueSpecification","valueRequired":true,"valueName":"search_term_string"}}],"inLanguage":"fr-FR"},{"@type":"Person","@id":"https:\/\/www.africa-press.net\/centrafricaine\/#\/schema\/person\/2b1cf3cd81a31e3cd26889ca66d677f1","name":"cfeditorfr"}]}},"_links":{"self":[{"href":"https:\/\/www.africa-press.net\/centrafricaine\/wp-json\/wp\/v2\/posts\/51648","targetHints":{"allow":["GET"]}}],"collection":[{"href":"https:\/\/www.africa-press.net\/centrafricaine\/wp-json\/wp\/v2\/posts"}],"about":[{"href":"https:\/\/www.africa-press.net\/centrafricaine\/wp-json\/wp\/v2\/types\/post"}],"author":[{"embeddable":true,"href":"https:\/\/www.africa-press.net\/centrafricaine\/wp-json\/wp\/v2\/users\/82"}],"replies":[{"embeddable":true,"href":"https:\/\/www.africa-press.net\/centrafricaine\/wp-json\/wp\/v2\/comments?post=51648"}],"version-history":[{"count":0,"href":"https:\/\/www.africa-press.net\/centrafricaine\/wp-json\/wp\/v2\/posts\/51648\/revisions"}],"wp:featuredmedia":[{"embeddable":true,"href":"https:\/\/www.africa-press.net\/centrafricaine\/wp-json\/wp\/v2\/media\/51647"}],"wp:attachment":[{"href":"https:\/\/www.africa-press.net\/centrafricaine\/wp-json\/wp\/v2\/media?parent=51648"}],"wp:term":[{"taxonomy":"category","embeddable":true,"href":"https:\/\/www.africa-press.net\/centrafricaine\/wp-json\/wp\/v2\/categories?post=51648"},{"taxonomy":"post_tag","embeddable":true,"href":"https:\/\/www.africa-press.net\/centrafricaine\/wp-json\/wp\/v2\/tags?post=51648"}],"curies":[{"name":"wp","href":"https:\/\/api.w.org\/{rel}","templated":true}]}}