{"id":51685,"date":"2024-01-15T17:22:08","date_gmt":"2024-01-15T17:22:08","guid":{"rendered":"https:\/\/www.africa-press.net\/centrafricaine\/politique\/les-avocats-de-dominique-yandocka-reclament-sa-liberation-denoncant-une-procedure-penale-irreguliere"},"modified":"2024-01-16T12:08:58","modified_gmt":"2024-01-16T12:08:58","slug":"les-avocats-de-dominique-yandocka-reclament-sa-liberation-denoncant-une-procedure-penale-irreguliere","status":"publish","type":"post","link":"https:\/\/www.africa-press.net\/centrafricaine\/politique\/les-avocats-de-dominique-yandocka-reclament-sa-liberation-denoncant-une-procedure-penale-irreguliere","title":{"rendered":"les avocats de Dominique Yandocka r\u00e9clament sa lib\u00e9ration, d\u00e9non\u00e7ant une proc\u00e9dure p\u00e9nale irr\u00e9guli\u00e8re"},"content":{"rendered":"<p><span style=\"color: #ff6600\"><strong>Africa-Press &#8211; CentrAfricaine. <\/strong><\/span>Le de\u0301pute\u0301 d&rsquo;opposition Dominique Yandocka, interpelle\u0301 en de\u0301cembre dernier, voit ses avocats contester vigoureusement son arrestation, arguant que celle-ci enfreint son immunite\u0301 parlementaire, selon le confre\u0300re RFI. Dans une lettre adresse\u0301e au doyen des juges d&rsquo;instruction, ses avocats, mai\u0302tres Bruno Gbiegba et Nicolas Tiangaye, ont souligne\u0301 l&rsquo;absence de \u201cflagrance\u201d de\u0301montre\u0301e et demandent la libe\u0301ration imme\u0301diate du de\u0301pute\u0301 pendant que l&rsquo;enque\u0302te suit son cours.<\/p>\n<p>Le procureur Benoi\u0302t Narcisse Foukpio a re\u0301agi par communique\u0301, le 10 janvier dernier, de\u0301fendant la validite\u0301 de l&rsquo;arrestation en lien avec un suppose\u0301 complot et appelant a\u0300 la se\u0301re\u0301nite\u0301 pendant l&rsquo;enque\u0302te en cours. Pour rappel, le procureur affirmait le 18 de\u0301cembre 2023, que l\u2019e\u0301lu de la Nation avait eu des accointances avec \u201cdes personnes bien identifie\u0301es\u201d aux fins d&rsquo;acque\u0301rir \u201cdes e\u0301quipements militaires en vue de renverser l\u2019ordre constitutionnel\u201d.<\/p>\n<p>La de\u0301tention de Dominique Yandocka est au c\u0153ur d&rsquo;un de\u0301bat juridique tendu, tandis qu&rsquo;il demeure de\u0301tenu au camp de Roux, recevant des visites re\u0301gulie\u0300res de sa famille et de ses avocats.<\/p>\n<p><strong>Pour plus d&rsquo;informations et d&rsquo;analyses sur la <a href=\"https:\/\/www.africa-press.net\/centrafricaine\">CentrAfricaine<\/a>, suivez <a href=\"https:\/\/www.africa-press.net\/\">Africa-Press<\/a><\/strong><\/p>\n","protected":false},"excerpt":{"rendered":"<p>Africa-Press &#8211; CentrAfricaine. Le de\u0301pute\u0301 d&rsquo;opposition Dominique Yandocka, interpelle\u0301 en de\u0301cembre dernier, voit ses avocats contester vigoureusement son arrestation, arguant que celle-ci enfreint son immunite\u0301 parlementaire, selon le confre\u0300re RFI. Dans une lettre adresse\u0301e au doyen des juges d&rsquo;instruction, ses avocats, mai\u0302tres Bruno Gbiegba et Nicolas Tiangaye, ont souligne\u0301 l&rsquo;absence de \u201cflagrance\u201d de\u0301montre\u0301e et demandent [&hellip;]<\/p>\n","protected":false},"author":82,"featured_media":51684,"comment_status":"open","ping_status":"closed","sticky":false,"template":"","format":"standard","meta":{"footnotes":""},"categories":[2,10],"tags":[36,58,30],"class_list":["post-51685","post","type-post","status-publish","format-standard","has-post-thumbnail","hentry","category-politique","category-toutes-les-actualites","tag-africa-press","tag-africa-press-centrafricaine","tag-centrafricaine"],"yoast_head":"<!-- This site is optimized with the Yoast SEO Premium plugin v26.1 (Yoast SEO v27.0) - https:\/\/yoast.com\/product\/yoast-seo-premium-wordpress\/ -->\n<title>les avocats de Dominique Yandocka r\u00e9clament sa lib\u00e9ration, d\u00e9non\u00e7ant une proc\u00e9dure p\u00e9nale irr\u00e9guli\u00e8re - centrafricaine<\/title>\n<meta name=\"description\" content=\"Le de\u0301pute\u0301 d&#039;opposition Dominique Yandocka, interpelle\u0301 en de\u0301cembre dernier, voit ses avocats contester vigoureusement ...\" \/>\n<meta name=\"robots\" content=\"index, follow, max-snippet:-1, max-image-preview:large, max-video-preview:-1\" \/>\n<link rel=\"canonical\" href=\"https:\/\/www.africa-press.net\/centrafricaine\/politique\/les-avocats-de-dominique-yandocka-reclament-sa-liberation-denoncant-une-procedure-penale-irreguliere\" \/>\n<meta property=\"og:locale\" content=\"fr_FR\" \/>\n<meta property=\"og:type\" content=\"article\" \/>\n<meta property=\"og:title\" content=\"les avocats de Dominique Yandocka r\u00e9clament sa lib\u00e9ration, d\u00e9non\u00e7ant une proc\u00e9dure p\u00e9nale irr\u00e9guli\u00e8re\" \/>\n<meta property=\"og:description\" content=\"Le de\u0301pute\u0301 d&#039;opposition Dominique Yandocka, interpelle\u0301 en de\u0301cembre dernier, voit ses avocats contester vigoureusement ...\" \/>\n<meta property=\"og:url\" content=\"https:\/\/www.africa-press.net\/centrafricaine\/politique\/les-avocats-de-dominique-yandocka-reclament-sa-liberation-denoncant-une-procedure-penale-irreguliere\" \/>\n<meta property=\"og:site_name\" content=\"centrafricaine\" \/>\n<meta property=\"article:published_time\" content=\"2024-01-15T17:22:08+00:00\" \/>\n<meta property=\"article:modified_time\" content=\"2024-01-16T12:08:58+00:00\" \/>\n<meta property=\"og:image\" content=\"https:\/\/static.africa-press.net\/centrafricaine\/sites\/45\/2024\/01\/sm_1705327625.04244.jpg\" \/>\n\t<meta property=\"og:image:width\" content=\"720\" \/>\n\t<meta property=\"og:image:height\" content=\"437\" \/>\n\t<meta property=\"og:image:type\" content=\"image\/jpeg\" \/>\n<meta name=\"author\" content=\"cfeditorfr\" \/>\n<meta name=\"twitter:card\" content=\"summary_large_image\" \/>\n<meta name=\"twitter:label1\" content=\"\u00c9crit par\" \/>\n\t<meta name=\"twitter:data1\" content=\"cfeditorfr\" \/>\n\t<meta name=\"twitter:label2\" content=\"Dur\u00e9e de lecture estim\u00e9e\" \/>\n\t<meta name=\"twitter:data2\" content=\"1 minute\" \/>\n<script type=\"application\/ld+json\" class=\"yoast-schema-graph\">{\"@context\":\"https:\/\/schema.org\",\"@graph\":[{\"@type\":\"Article\",\"@id\":\"https:\/\/www.africa-press.net\/centrafricaine\/politique\/les-avocats-de-dominique-yandocka-reclament-sa-liberation-denoncant-une-procedure-penale-irreguliere#article\",\"isPartOf\":{\"@id\":\"https:\/\/www.africa-press.net\/centrafricaine\/politique\/les-avocats-de-dominique-yandocka-reclament-sa-liberation-denoncant-une-procedure-penale-irreguliere\"},\"author\":{\"name\":\"cfeditorfr\",\"@id\":\"https:\/\/www.africa-press.net\/centrafricaine\/#\/schema\/person\/2b1cf3cd81a31e3cd26889ca66d677f1\"},\"headline\":\"les avocats de Dominique Yandocka r\u00e9clament sa lib\u00e9ration, d\u00e9non\u00e7ant une proc\u00e9dure p\u00e9nale irr\u00e9guli\u00e8re\",\"datePublished\":\"2024-01-15T17:22:08+00:00\",\"dateModified\":\"2024-01-16T12:08:58+00:00\",\"mainEntityOfPage\":{\"@id\":\"https:\/\/www.africa-press.net\/centrafricaine\/politique\/les-avocats-de-dominique-yandocka-reclament-sa-liberation-denoncant-une-procedure-penale-irreguliere\"},\"wordCount\":234,\"commentCount\":0,\"image\":{\"@id\":\"https:\/\/www.africa-press.net\/centrafricaine\/politique\/les-avocats-de-dominique-yandocka-reclament-sa-liberation-denoncant-une-procedure-penale-irreguliere#primaryimage\"},\"thumbnailUrl\":\"https:\/\/static.africa-press.net\/centrafricaine\/sites\/45\/2024\/01\/sm_1705327625.04244.jpg\",\"keywords\":[\"Africa Press\",\"Africa Press-CentrAfricaine\",\"CentrAfricaine\"],\"articleSection\":[\"Politique\",\"Toutes les actualit\u00e9s\"],\"inLanguage\":\"fr-FR\",\"potentialAction\":[{\"@type\":\"CommentAction\",\"name\":\"Comment\",\"target\":[\"https:\/\/www.africa-press.net\/centrafricaine\/politique\/les-avocats-de-dominique-yandocka-reclament-sa-liberation-denoncant-une-procedure-penale-irreguliere#respond\"]}]},{\"@type\":\"WebPage\",\"@id\":\"https:\/\/www.africa-press.net\/centrafricaine\/politique\/les-avocats-de-dominique-yandocka-reclament-sa-liberation-denoncant-une-procedure-penale-irreguliere\",\"url\":\"https:\/\/www.africa-press.net\/centrafricaine\/politique\/les-avocats-de-dominique-yandocka-reclament-sa-liberation-denoncant-une-procedure-penale-irreguliere\",\"name\":\"les avocats de Dominique Yandocka r\u00e9clament sa lib\u00e9ration, d\u00e9non\u00e7ant une proc\u00e9dure p\u00e9nale irr\u00e9guli\u00e8re - centrafricaine\",\"isPartOf\":{\"@id\":\"https:\/\/www.africa-press.net\/centrafricaine\/#website\"},\"primaryImageOfPage\":{\"@id\":\"https:\/\/www.africa-press.net\/centrafricaine\/politique\/les-avocats-de-dominique-yandocka-reclament-sa-liberation-denoncant-une-procedure-penale-irreguliere#primaryimage\"},\"image\":{\"@id\":\"https:\/\/www.africa-press.net\/centrafricaine\/politique\/les-avocats-de-dominique-yandocka-reclament-sa-liberation-denoncant-une-procedure-penale-irreguliere#primaryimage\"},\"thumbnailUrl\":\"https:\/\/static.africa-press.net\/centrafricaine\/sites\/45\/2024\/01\/sm_1705327625.04244.jpg\",\"datePublished\":\"2024-01-15T17:22:08+00:00\",\"dateModified\":\"2024-01-16T12:08:58+00:00\",\"author\":{\"@id\":\"https:\/\/www.africa-press.net\/centrafricaine\/#\/schema\/person\/2b1cf3cd81a31e3cd26889ca66d677f1\"},\"description\":\"Le de\u0301pute\u0301 d'opposition Dominique Yandocka, interpelle\u0301 en de\u0301cembre dernier, voit ses avocats contester vigoureusement ...\",\"breadcrumb\":{\"@id\":\"https:\/\/www.africa-press.net\/centrafricaine\/politique\/les-avocats-de-dominique-yandocka-reclament-sa-liberation-denoncant-une-procedure-penale-irreguliere#breadcrumb\"},\"inLanguage\":\"fr-FR\",\"potentialAction\":[{\"@type\":\"ReadAction\",\"target\":[\"https:\/\/www.africa-press.net\/centrafricaine\/politique\/les-avocats-de-dominique-yandocka-reclament-sa-liberation-denoncant-une-procedure-penale-irreguliere\"]}]},{\"@type\":\"ImageObject\",\"inLanguage\":\"fr-FR\",\"@id\":\"https:\/\/www.africa-press.net\/centrafricaine\/politique\/les-avocats-de-dominique-yandocka-reclament-sa-liberation-denoncant-une-procedure-penale-irreguliere#primaryimage\",\"url\":\"https:\/\/static.africa-press.net\/centrafricaine\/sites\/45\/2024\/01\/sm_1705327625.04244.jpg\",\"contentUrl\":\"https:\/\/static.africa-press.net\/centrafricaine\/sites\/45\/2024\/01\/sm_1705327625.04244.jpg\",\"width\":720,\"height\":437,\"caption\":\"les avocats de Dominique Yandocka r\u00e9clament sa lib\u00e9ration, d\u00e9non\u00e7ant une proc\u00e9dure p\u00e9nale irr\u00e9guli\u00e8re\"},{\"@type\":\"BreadcrumbList\",\"@id\":\"https:\/\/www.africa-press.net\/centrafricaine\/politique\/les-avocats-de-dominique-yandocka-reclament-sa-liberation-denoncant-une-procedure-penale-irreguliere#breadcrumb\",\"itemListElement\":[{\"@type\":\"ListItem\",\"position\":1,\"name\":\"Accueil\",\"item\":\"https:\/\/www.africa-press.net\/centrafricaine\/\"},{\"@type\":\"ListItem\",\"position\":2,\"name\":\"les avocats de Dominique Yandocka r\u00e9clament sa lib\u00e9ration, d\u00e9non\u00e7ant une proc\u00e9dure p\u00e9nale irr\u00e9guli\u00e8re\"}]},{\"@type\":\"WebSite\",\"@id\":\"https:\/\/www.africa-press.net\/centrafricaine\/#website\",\"url\":\"https:\/\/www.africa-press.net\/centrafricaine\/\",\"name\":\"centrafricaine\",\"description\":\"Just another Africa News Agency Sites site\",\"potentialAction\":[{\"@type\":\"SearchAction\",\"target\":{\"@type\":\"EntryPoint\",\"urlTemplate\":\"https:\/\/www.africa-press.net\/centrafricaine\/?s={search_term_string}\"},\"query-input\":{\"@type\":\"PropertyValueSpecification\",\"valueRequired\":true,\"valueName\":\"search_term_string\"}}],\"inLanguage\":\"fr-FR\"},{\"@type\":\"Person\",\"@id\":\"https:\/\/www.africa-press.net\/centrafricaine\/#\/schema\/person\/2b1cf3cd81a31e3cd26889ca66d677f1\",\"name\":\"cfeditorfr\"}]}<\/script>\n<!-- \/ Yoast SEO Premium plugin. -->","yoast_head_json":{"title":"les avocats de Dominique Yandocka r\u00e9clament sa lib\u00e9ration, d\u00e9non\u00e7ant une proc\u00e9dure p\u00e9nale irr\u00e9guli\u00e8re - centrafricaine","description":"Le de\u0301pute\u0301 d'opposition Dominique Yandocka, interpelle\u0301 en de\u0301cembre dernier, voit ses avocats contester vigoureusement ...","robots":{"index":"index","follow":"follow","max-snippet":"max-snippet:-1","max-image-preview":"max-image-preview:large","max-video-preview":"max-video-preview:-1"},"canonical":"https:\/\/www.africa-press.net\/centrafricaine\/politique\/les-avocats-de-dominique-yandocka-reclament-sa-liberation-denoncant-une-procedure-penale-irreguliere","og_locale":"fr_FR","og_type":"article","og_title":"les avocats de Dominique Yandocka r\u00e9clament sa lib\u00e9ration, d\u00e9non\u00e7ant une proc\u00e9dure p\u00e9nale irr\u00e9guli\u00e8re","og_description":"Le de\u0301pute\u0301 d'opposition Dominique Yandocka, interpelle\u0301 en de\u0301cembre dernier, voit ses avocats contester vigoureusement ...","og_url":"https:\/\/www.africa-press.net\/centrafricaine\/politique\/les-avocats-de-dominique-yandocka-reclament-sa-liberation-denoncant-une-procedure-penale-irreguliere","og_site_name":"centrafricaine","article_published_time":"2024-01-15T17:22:08+00:00","article_modified_time":"2024-01-16T12:08:58+00:00","og_image":[{"width":720,"height":437,"url":"https:\/\/static.africa-press.net\/centrafricaine\/sites\/45\/2024\/01\/sm_1705327625.04244.jpg","type":"image\/jpeg"}],"author":"cfeditorfr","twitter_card":"summary_large_image","twitter_misc":{"\u00c9crit par":"cfeditorfr","Dur\u00e9e de lecture estim\u00e9e":"1 minute"},"schema":{"@context":"https:\/\/schema.org","@graph":[{"@type":"Article","@id":"https:\/\/www.africa-press.net\/centrafricaine\/politique\/les-avocats-de-dominique-yandocka-reclament-sa-liberation-denoncant-une-procedure-penale-irreguliere#article","isPartOf":{"@id":"https:\/\/www.africa-press.net\/centrafricaine\/politique\/les-avocats-de-dominique-yandocka-reclament-sa-liberation-denoncant-une-procedure-penale-irreguliere"},"author":{"name":"cfeditorfr","@id":"https:\/\/www.africa-press.net\/centrafricaine\/#\/schema\/person\/2b1cf3cd81a31e3cd26889ca66d677f1"},"headline":"les avocats de Dominique Yandocka r\u00e9clament sa lib\u00e9ration, d\u00e9non\u00e7ant une proc\u00e9dure p\u00e9nale irr\u00e9guli\u00e8re","datePublished":"2024-01-15T17:22:08+00:00","dateModified":"2024-01-16T12:08:58+00:00","mainEntityOfPage":{"@id":"https:\/\/www.africa-press.net\/centrafricaine\/politique\/les-avocats-de-dominique-yandocka-reclament-sa-liberation-denoncant-une-procedure-penale-irreguliere"},"wordCount":234,"commentCount":0,"image":{"@id":"https:\/\/www.africa-press.net\/centrafricaine\/politique\/les-avocats-de-dominique-yandocka-reclament-sa-liberation-denoncant-une-procedure-penale-irreguliere#primaryimage"},"thumbnailUrl":"https:\/\/static.africa-press.net\/centrafricaine\/sites\/45\/2024\/01\/sm_1705327625.04244.jpg","keywords":["Africa Press","Africa Press-CentrAfricaine","CentrAfricaine"],"articleSection":["Politique","Toutes les actualit\u00e9s"],"inLanguage":"fr-FR","potentialAction":[{"@type":"CommentAction","name":"Comment","target":["https:\/\/www.africa-press.net\/centrafricaine\/politique\/les-avocats-de-dominique-yandocka-reclament-sa-liberation-denoncant-une-procedure-penale-irreguliere#respond"]}]},{"@type":"WebPage","@id":"https:\/\/www.africa-press.net\/centrafricaine\/politique\/les-avocats-de-dominique-yandocka-reclament-sa-liberation-denoncant-une-procedure-penale-irreguliere","url":"https:\/\/www.africa-press.net\/centrafricaine\/politique\/les-avocats-de-dominique-yandocka-reclament-sa-liberation-denoncant-une-procedure-penale-irreguliere","name":"les avocats de Dominique Yandocka r\u00e9clament sa lib\u00e9ration, d\u00e9non\u00e7ant une proc\u00e9dure p\u00e9nale irr\u00e9guli\u00e8re - centrafricaine","isPartOf":{"@id":"https:\/\/www.africa-press.net\/centrafricaine\/#website"},"primaryImageOfPage":{"@id":"https:\/\/www.africa-press.net\/centrafricaine\/politique\/les-avocats-de-dominique-yandocka-reclament-sa-liberation-denoncant-une-procedure-penale-irreguliere#primaryimage"},"image":{"@id":"https:\/\/www.africa-press.net\/centrafricaine\/politique\/les-avocats-de-dominique-yandocka-reclament-sa-liberation-denoncant-une-procedure-penale-irreguliere#primaryimage"},"thumbnailUrl":"https:\/\/static.africa-press.net\/centrafricaine\/sites\/45\/2024\/01\/sm_1705327625.04244.jpg","datePublished":"2024-01-15T17:22:08+00:00","dateModified":"2024-01-16T12:08:58+00:00","author":{"@id":"https:\/\/www.africa-press.net\/centrafricaine\/#\/schema\/person\/2b1cf3cd81a31e3cd26889ca66d677f1"},"description":"Le de\u0301pute\u0301 d'opposition Dominique Yandocka, interpelle\u0301 en de\u0301cembre dernier, voit ses avocats contester vigoureusement ...","breadcrumb":{"@id":"https:\/\/www.africa-press.net\/centrafricaine\/politique\/les-avocats-de-dominique-yandocka-reclament-sa-liberation-denoncant-une-procedure-penale-irreguliere#breadcrumb"},"inLanguage":"fr-FR","potentialAction":[{"@type":"ReadAction","target":["https:\/\/www.africa-press.net\/centrafricaine\/politique\/les-avocats-de-dominique-yandocka-reclament-sa-liberation-denoncant-une-procedure-penale-irreguliere"]}]},{"@type":"ImageObject","inLanguage":"fr-FR","@id":"https:\/\/www.africa-press.net\/centrafricaine\/politique\/les-avocats-de-dominique-yandocka-reclament-sa-liberation-denoncant-une-procedure-penale-irreguliere#primaryimage","url":"https:\/\/static.africa-press.net\/centrafricaine\/sites\/45\/2024\/01\/sm_1705327625.04244.jpg","contentUrl":"https:\/\/static.africa-press.net\/centrafricaine\/sites\/45\/2024\/01\/sm_1705327625.04244.jpg","width":720,"height":437,"caption":"les avocats de Dominique Yandocka r\u00e9clament sa lib\u00e9ration, d\u00e9non\u00e7ant une proc\u00e9dure p\u00e9nale irr\u00e9guli\u00e8re"},{"@type":"BreadcrumbList","@id":"https:\/\/www.africa-press.net\/centrafricaine\/politique\/les-avocats-de-dominique-yandocka-reclament-sa-liberation-denoncant-une-procedure-penale-irreguliere#breadcrumb","itemListElement":[{"@type":"ListItem","position":1,"name":"Accueil","item":"https:\/\/www.africa-press.net\/centrafricaine\/"},{"@type":"ListItem","position":2,"name":"les avocats de Dominique Yandocka r\u00e9clament sa lib\u00e9ration, d\u00e9non\u00e7ant une proc\u00e9dure p\u00e9nale irr\u00e9guli\u00e8re"}]},{"@type":"WebSite","@id":"https:\/\/www.africa-press.net\/centrafricaine\/#website","url":"https:\/\/www.africa-press.net\/centrafricaine\/","name":"centrafricaine","description":"Just another Africa News Agency Sites site","potentialAction":[{"@type":"SearchAction","target":{"@type":"EntryPoint","urlTemplate":"https:\/\/www.africa-press.net\/centrafricaine\/?s={search_term_string}"},"query-input":{"@type":"PropertyValueSpecification","valueRequired":true,"valueName":"search_term_string"}}],"inLanguage":"fr-FR"},{"@type":"Person","@id":"https:\/\/www.africa-press.net\/centrafricaine\/#\/schema\/person\/2b1cf3cd81a31e3cd26889ca66d677f1","name":"cfeditorfr"}]}},"_links":{"self":[{"href":"https:\/\/www.africa-press.net\/centrafricaine\/wp-json\/wp\/v2\/posts\/51685","targetHints":{"allow":["GET"]}}],"collection":[{"href":"https:\/\/www.africa-press.net\/centrafricaine\/wp-json\/wp\/v2\/posts"}],"about":[{"href":"https:\/\/www.africa-press.net\/centrafricaine\/wp-json\/wp\/v2\/types\/post"}],"author":[{"embeddable":true,"href":"https:\/\/www.africa-press.net\/centrafricaine\/wp-json\/wp\/v2\/users\/82"}],"replies":[{"embeddable":true,"href":"https:\/\/www.africa-press.net\/centrafricaine\/wp-json\/wp\/v2\/comments?post=51685"}],"version-history":[{"count":0,"href":"https:\/\/www.africa-press.net\/centrafricaine\/wp-json\/wp\/v2\/posts\/51685\/revisions"}],"wp:featuredmedia":[{"embeddable":true,"href":"https:\/\/www.africa-press.net\/centrafricaine\/wp-json\/wp\/v2\/media\/51684"}],"wp:attachment":[{"href":"https:\/\/www.africa-press.net\/centrafricaine\/wp-json\/wp\/v2\/media?parent=51685"}],"wp:term":[{"taxonomy":"category","embeddable":true,"href":"https:\/\/www.africa-press.net\/centrafricaine\/wp-json\/wp\/v2\/categories?post=51685"},{"taxonomy":"post_tag","embeddable":true,"href":"https:\/\/www.africa-press.net\/centrafricaine\/wp-json\/wp\/v2\/tags?post=51685"}],"curies":[{"name":"wp","href":"https:\/\/api.w.org\/{rel}","templated":true}]}}