{"id":51765,"date":"2024-01-17T12:17:38","date_gmt":"2024-01-17T12:17:38","guid":{"rendered":"https:\/\/www.africa-press.net\/centrafricaine\/politique\/un-casque-bleu-camerounais-de-la-minusca-tue-par-un-engin-explosif-dans-le-nord-ouest"},"modified":"2024-01-17T12:43:48","modified_gmt":"2024-01-17T12:43:48","slug":"un-casque-bleu-camerounais-de-la-minusca-tue-par-un-engin-explosif-dans-le-nord-ouest","status":"publish","type":"post","link":"https:\/\/www.africa-press.net\/centrafricaine\/politique\/un-casque-bleu-camerounais-de-la-minusca-tue-par-un-engin-explosif-dans-le-nord-ouest","title":{"rendered":"Un Casque bleu camerounais de la Minusca tu\u00e9 par un engin explosif dans le nord-ouest"},"content":{"rendered":"<p><span style=\"color: #ff6600\"><strong>Africa-Press &#8211; CentrAfricaine. <\/strong><\/span>L&rsquo;engin explosif, vraisemblablement pose\u0301 par un groupe arme\u0301 non e\u0301tatique (GANE), a provoque\u0301 des pertes co\u0302te\u0301 forces arme\u0301es camerounaises, avec trois blesse\u0301s et un de\u0301ce\u0300s sur le coup.<\/p>\n<p>Cette trage\u0301die souligne une fois de plus les risques encourus par le personnel engage\u0301 dans des ope\u0301rations de maintien de la paix. Ces attaques de\u0301libe\u0301re\u0301es visant les forces internationales sont inacceptables et mettent en pe\u0301ril les efforts visant a\u0300 restaurer la stabilite\u0301 dans la re\u0301gion.<\/p>\n<p>Il est impe\u0301ratif que toutes les parties concerne\u0301es condamnent fermement de tels actes terroristes et s&rsquo;engagent a\u0300 poursuivre leurs efforts pour assurer un environnement su\u0302r et se\u0301curise\u0301 pour toutes les personnes implique\u0301es dans ces ope\u0301rations critiques.<\/p>\n<p>Le Secre\u0301taire ge\u0301ne\u0301ral de l\u2019ONU, Anto\u0301nio Guterres, a condamne\u0301 la mort de ce Casque bleu par engin explosif. Sa Repre\u0301sentante spe\u0301ciale en RCA et Cheffe de la Minusca, Valentine Rugwabiza, a aussi condamne\u0301 \u00ab l&rsquo;utilisation d&rsquo;engins explosifs, qui constitue l&rsquo;une des menaces les plus fatales a\u0300 la protection des civils, a\u0300 l\u2019acheminement de l\u2019aide humanitaire et aux activite\u0301s des populations dans les zones affecte\u0301es \u00bb.<\/p>\n<p><strong>Pour plus d&rsquo;informations et d&rsquo;analyses sur la <a href=\"https:\/\/www.africa-press.net\/centrafricaine\">CentrAfricaine<\/a>, suivez <a href=\"https:\/\/www.africa-press.net\/\">Africa-Press<\/a><\/strong><\/p>\n","protected":false},"excerpt":{"rendered":"<p>Africa-Press &#8211; CentrAfricaine. L&rsquo;engin explosif, vraisemblablement pose\u0301 par un groupe arme\u0301 non e\u0301tatique (GANE), a provoque\u0301 des pertes co\u0302te\u0301 forces arme\u0301es camerounaises, avec trois blesse\u0301s et un de\u0301ce\u0300s sur le coup. Cette trage\u0301die souligne une fois de plus les risques encourus par le personnel engage\u0301 dans des ope\u0301rations de maintien de la paix. Ces attaques [&hellip;]<\/p>\n","protected":false},"author":82,"featured_media":51764,"comment_status":"open","ping_status":"closed","sticky":false,"template":"","format":"standard","meta":{"footnotes":""},"categories":[2,84,20,10],"tags":[36,58,30],"class_list":["post-51765","post","type-post","status-publish","format-standard","has-post-thumbnail","hentry","category-politique","category-to-homepage","category-top-nouvelles","category-toutes-les-actualites","tag-africa-press","tag-africa-press-centrafricaine","tag-centrafricaine"],"yoast_head":"<!-- This site is optimized with the Yoast SEO Premium plugin v26.1 (Yoast SEO v27.0) - https:\/\/yoast.com\/product\/yoast-seo-premium-wordpress\/ -->\n<title>Un Casque bleu camerounais de la Minusca tu\u00e9 par un engin explosif dans le nord-ouest - centrafricaine<\/title>\n<meta name=\"description\" content=\"L&#039;engin explosif, vraisemblablement pose\u0301 par un groupe arme\u0301 non e\u0301tatique (GANE), a provoque\u0301 des pertes co\u0302te\u0301 forces ...\" \/>\n<meta name=\"robots\" content=\"index, follow, max-snippet:-1, max-image-preview:large, max-video-preview:-1\" \/>\n<link rel=\"canonical\" href=\"https:\/\/www.africa-press.net\/centrafricaine\/politique\/un-casque-bleu-camerounais-de-la-minusca-tue-par-un-engin-explosif-dans-le-nord-ouest\" \/>\n<meta property=\"og:locale\" content=\"fr_FR\" \/>\n<meta property=\"og:type\" content=\"article\" \/>\n<meta property=\"og:title\" content=\"Un Casque bleu camerounais de la Minusca tu\u00e9 par un engin explosif dans le nord-ouest\" \/>\n<meta property=\"og:description\" content=\"L&#039;engin explosif, vraisemblablement pose\u0301 par un groupe arme\u0301 non e\u0301tatique (GANE), a provoque\u0301 des pertes co\u0302te\u0301 forces ...\" \/>\n<meta property=\"og:url\" content=\"https:\/\/www.africa-press.net\/centrafricaine\/politique\/un-casque-bleu-camerounais-de-la-minusca-tue-par-un-engin-explosif-dans-le-nord-ouest\" \/>\n<meta property=\"og:site_name\" content=\"centrafricaine\" \/>\n<meta property=\"article:published_time\" content=\"2024-01-17T12:17:38+00:00\" \/>\n<meta property=\"article:modified_time\" content=\"2024-01-17T12:43:48+00:00\" \/>\n<meta property=\"og:image\" content=\"https:\/\/static.africa-press.net\/centrafricaine\/sites\/45\/2024\/01\/sm_1705482652.412777.jpg\" \/>\n\t<meta property=\"og:image:width\" content=\"1020\" \/>\n\t<meta property=\"og:image:height\" content=\"765\" \/>\n\t<meta property=\"og:image:type\" content=\"image\/jpeg\" \/>\n<meta name=\"author\" content=\"cfeditorfr\" \/>\n<meta name=\"twitter:card\" content=\"summary_large_image\" \/>\n<meta name=\"twitter:label1\" content=\"\u00c9crit par\" \/>\n\t<meta name=\"twitter:data1\" content=\"cfeditorfr\" \/>\n\t<meta name=\"twitter:label2\" content=\"Dur\u00e9e de lecture estim\u00e9e\" \/>\n\t<meta name=\"twitter:data2\" content=\"2 minutes\" \/>\n<script type=\"application\/ld+json\" class=\"yoast-schema-graph\">{\"@context\":\"https:\/\/schema.org\",\"@graph\":[{\"@type\":\"Article\",\"@id\":\"https:\/\/www.africa-press.net\/centrafricaine\/politique\/un-casque-bleu-camerounais-de-la-minusca-tue-par-un-engin-explosif-dans-le-nord-ouest#article\",\"isPartOf\":{\"@id\":\"https:\/\/www.africa-press.net\/centrafricaine\/politique\/un-casque-bleu-camerounais-de-la-minusca-tue-par-un-engin-explosif-dans-le-nord-ouest\"},\"author\":{\"name\":\"cfeditorfr\",\"@id\":\"https:\/\/www.africa-press.net\/centrafricaine\/#\/schema\/person\/2b1cf3cd81a31e3cd26889ca66d677f1\"},\"headline\":\"Un Casque bleu camerounais de la Minusca tu\u00e9 par un engin explosif dans le nord-ouest\",\"datePublished\":\"2024-01-17T12:17:38+00:00\",\"dateModified\":\"2024-01-17T12:43:48+00:00\",\"mainEntityOfPage\":{\"@id\":\"https:\/\/www.africa-press.net\/centrafricaine\/politique\/un-casque-bleu-camerounais-de-la-minusca-tue-par-un-engin-explosif-dans-le-nord-ouest\"},\"wordCount\":237,\"commentCount\":0,\"image\":{\"@id\":\"https:\/\/www.africa-press.net\/centrafricaine\/politique\/un-casque-bleu-camerounais-de-la-minusca-tue-par-un-engin-explosif-dans-le-nord-ouest#primaryimage\"},\"thumbnailUrl\":\"https:\/\/static.africa-press.net\/centrafricaine\/sites\/45\/2024\/01\/sm_1705482652.412777.jpg\",\"keywords\":[\"Africa Press\",\"Africa Press-CentrAfricaine\",\"CentrAfricaine\"],\"articleSection\":[\"Politique\",\"to-homepage\",\"Top Nouvelles\",\"Toutes les actualit\u00e9s\"],\"inLanguage\":\"fr-FR\",\"potentialAction\":[{\"@type\":\"CommentAction\",\"name\":\"Comment\",\"target\":[\"https:\/\/www.africa-press.net\/centrafricaine\/politique\/un-casque-bleu-camerounais-de-la-minusca-tue-par-un-engin-explosif-dans-le-nord-ouest#respond\"]}]},{\"@type\":\"WebPage\",\"@id\":\"https:\/\/www.africa-press.net\/centrafricaine\/politique\/un-casque-bleu-camerounais-de-la-minusca-tue-par-un-engin-explosif-dans-le-nord-ouest\",\"url\":\"https:\/\/www.africa-press.net\/centrafricaine\/politique\/un-casque-bleu-camerounais-de-la-minusca-tue-par-un-engin-explosif-dans-le-nord-ouest\",\"name\":\"Un Casque bleu camerounais de la Minusca tu\u00e9 par un engin explosif dans le nord-ouest - centrafricaine\",\"isPartOf\":{\"@id\":\"https:\/\/www.africa-press.net\/centrafricaine\/#website\"},\"primaryImageOfPage\":{\"@id\":\"https:\/\/www.africa-press.net\/centrafricaine\/politique\/un-casque-bleu-camerounais-de-la-minusca-tue-par-un-engin-explosif-dans-le-nord-ouest#primaryimage\"},\"image\":{\"@id\":\"https:\/\/www.africa-press.net\/centrafricaine\/politique\/un-casque-bleu-camerounais-de-la-minusca-tue-par-un-engin-explosif-dans-le-nord-ouest#primaryimage\"},\"thumbnailUrl\":\"https:\/\/static.africa-press.net\/centrafricaine\/sites\/45\/2024\/01\/sm_1705482652.412777.jpg\",\"datePublished\":\"2024-01-17T12:17:38+00:00\",\"dateModified\":\"2024-01-17T12:43:48+00:00\",\"author\":{\"@id\":\"https:\/\/www.africa-press.net\/centrafricaine\/#\/schema\/person\/2b1cf3cd81a31e3cd26889ca66d677f1\"},\"description\":\"L'engin explosif, vraisemblablement pose\u0301 par un groupe arme\u0301 non e\u0301tatique (GANE), a provoque\u0301 des pertes co\u0302te\u0301 forces ...\",\"breadcrumb\":{\"@id\":\"https:\/\/www.africa-press.net\/centrafricaine\/politique\/un-casque-bleu-camerounais-de-la-minusca-tue-par-un-engin-explosif-dans-le-nord-ouest#breadcrumb\"},\"inLanguage\":\"fr-FR\",\"potentialAction\":[{\"@type\":\"ReadAction\",\"target\":[\"https:\/\/www.africa-press.net\/centrafricaine\/politique\/un-casque-bleu-camerounais-de-la-minusca-tue-par-un-engin-explosif-dans-le-nord-ouest\"]}]},{\"@type\":\"ImageObject\",\"inLanguage\":\"fr-FR\",\"@id\":\"https:\/\/www.africa-press.net\/centrafricaine\/politique\/un-casque-bleu-camerounais-de-la-minusca-tue-par-un-engin-explosif-dans-le-nord-ouest#primaryimage\",\"url\":\"https:\/\/static.africa-press.net\/centrafricaine\/sites\/45\/2024\/01\/sm_1705482652.412777.jpg\",\"contentUrl\":\"https:\/\/static.africa-press.net\/centrafricaine\/sites\/45\/2024\/01\/sm_1705482652.412777.jpg\",\"width\":1020,\"height\":765,\"caption\":\"Un Casque bleu camerounais de la Minusca tu\u00e9 par un engin explosif dans le nord-ouest\"},{\"@type\":\"BreadcrumbList\",\"@id\":\"https:\/\/www.africa-press.net\/centrafricaine\/politique\/un-casque-bleu-camerounais-de-la-minusca-tue-par-un-engin-explosif-dans-le-nord-ouest#breadcrumb\",\"itemListElement\":[{\"@type\":\"ListItem\",\"position\":1,\"name\":\"Accueil\",\"item\":\"https:\/\/www.africa-press.net\/centrafricaine\/\"},{\"@type\":\"ListItem\",\"position\":2,\"name\":\"Un Casque bleu camerounais de la Minusca tu\u00e9 par un engin explosif dans le nord-ouest\"}]},{\"@type\":\"WebSite\",\"@id\":\"https:\/\/www.africa-press.net\/centrafricaine\/#website\",\"url\":\"https:\/\/www.africa-press.net\/centrafricaine\/\",\"name\":\"centrafricaine\",\"description\":\"Just another Africa News Agency Sites site\",\"potentialAction\":[{\"@type\":\"SearchAction\",\"target\":{\"@type\":\"EntryPoint\",\"urlTemplate\":\"https:\/\/www.africa-press.net\/centrafricaine\/?s={search_term_string}\"},\"query-input\":{\"@type\":\"PropertyValueSpecification\",\"valueRequired\":true,\"valueName\":\"search_term_string\"}}],\"inLanguage\":\"fr-FR\"},{\"@type\":\"Person\",\"@id\":\"https:\/\/www.africa-press.net\/centrafricaine\/#\/schema\/person\/2b1cf3cd81a31e3cd26889ca66d677f1\",\"name\":\"cfeditorfr\"}]}<\/script>\n<!-- \/ Yoast SEO Premium plugin. -->","yoast_head_json":{"title":"Un Casque bleu camerounais de la Minusca tu\u00e9 par un engin explosif dans le nord-ouest - centrafricaine","description":"L'engin explosif, vraisemblablement pose\u0301 par un groupe arme\u0301 non e\u0301tatique (GANE), a provoque\u0301 des pertes co\u0302te\u0301 forces ...","robots":{"index":"index","follow":"follow","max-snippet":"max-snippet:-1","max-image-preview":"max-image-preview:large","max-video-preview":"max-video-preview:-1"},"canonical":"https:\/\/www.africa-press.net\/centrafricaine\/politique\/un-casque-bleu-camerounais-de-la-minusca-tue-par-un-engin-explosif-dans-le-nord-ouest","og_locale":"fr_FR","og_type":"article","og_title":"Un Casque bleu camerounais de la Minusca tu\u00e9 par un engin explosif dans le nord-ouest","og_description":"L'engin explosif, vraisemblablement pose\u0301 par un groupe arme\u0301 non e\u0301tatique (GANE), a provoque\u0301 des pertes co\u0302te\u0301 forces ...","og_url":"https:\/\/www.africa-press.net\/centrafricaine\/politique\/un-casque-bleu-camerounais-de-la-minusca-tue-par-un-engin-explosif-dans-le-nord-ouest","og_site_name":"centrafricaine","article_published_time":"2024-01-17T12:17:38+00:00","article_modified_time":"2024-01-17T12:43:48+00:00","og_image":[{"width":1020,"height":765,"url":"https:\/\/static.africa-press.net\/centrafricaine\/sites\/45\/2024\/01\/sm_1705482652.412777.jpg","type":"image\/jpeg"}],"author":"cfeditorfr","twitter_card":"summary_large_image","twitter_misc":{"\u00c9crit par":"cfeditorfr","Dur\u00e9e de lecture estim\u00e9e":"2 minutes"},"schema":{"@context":"https:\/\/schema.org","@graph":[{"@type":"Article","@id":"https:\/\/www.africa-press.net\/centrafricaine\/politique\/un-casque-bleu-camerounais-de-la-minusca-tue-par-un-engin-explosif-dans-le-nord-ouest#article","isPartOf":{"@id":"https:\/\/www.africa-press.net\/centrafricaine\/politique\/un-casque-bleu-camerounais-de-la-minusca-tue-par-un-engin-explosif-dans-le-nord-ouest"},"author":{"name":"cfeditorfr","@id":"https:\/\/www.africa-press.net\/centrafricaine\/#\/schema\/person\/2b1cf3cd81a31e3cd26889ca66d677f1"},"headline":"Un Casque bleu camerounais de la Minusca tu\u00e9 par un engin explosif dans le nord-ouest","datePublished":"2024-01-17T12:17:38+00:00","dateModified":"2024-01-17T12:43:48+00:00","mainEntityOfPage":{"@id":"https:\/\/www.africa-press.net\/centrafricaine\/politique\/un-casque-bleu-camerounais-de-la-minusca-tue-par-un-engin-explosif-dans-le-nord-ouest"},"wordCount":237,"commentCount":0,"image":{"@id":"https:\/\/www.africa-press.net\/centrafricaine\/politique\/un-casque-bleu-camerounais-de-la-minusca-tue-par-un-engin-explosif-dans-le-nord-ouest#primaryimage"},"thumbnailUrl":"https:\/\/static.africa-press.net\/centrafricaine\/sites\/45\/2024\/01\/sm_1705482652.412777.jpg","keywords":["Africa Press","Africa Press-CentrAfricaine","CentrAfricaine"],"articleSection":["Politique","to-homepage","Top Nouvelles","Toutes les actualit\u00e9s"],"inLanguage":"fr-FR","potentialAction":[{"@type":"CommentAction","name":"Comment","target":["https:\/\/www.africa-press.net\/centrafricaine\/politique\/un-casque-bleu-camerounais-de-la-minusca-tue-par-un-engin-explosif-dans-le-nord-ouest#respond"]}]},{"@type":"WebPage","@id":"https:\/\/www.africa-press.net\/centrafricaine\/politique\/un-casque-bleu-camerounais-de-la-minusca-tue-par-un-engin-explosif-dans-le-nord-ouest","url":"https:\/\/www.africa-press.net\/centrafricaine\/politique\/un-casque-bleu-camerounais-de-la-minusca-tue-par-un-engin-explosif-dans-le-nord-ouest","name":"Un Casque bleu camerounais de la Minusca tu\u00e9 par un engin explosif dans le nord-ouest - centrafricaine","isPartOf":{"@id":"https:\/\/www.africa-press.net\/centrafricaine\/#website"},"primaryImageOfPage":{"@id":"https:\/\/www.africa-press.net\/centrafricaine\/politique\/un-casque-bleu-camerounais-de-la-minusca-tue-par-un-engin-explosif-dans-le-nord-ouest#primaryimage"},"image":{"@id":"https:\/\/www.africa-press.net\/centrafricaine\/politique\/un-casque-bleu-camerounais-de-la-minusca-tue-par-un-engin-explosif-dans-le-nord-ouest#primaryimage"},"thumbnailUrl":"https:\/\/static.africa-press.net\/centrafricaine\/sites\/45\/2024\/01\/sm_1705482652.412777.jpg","datePublished":"2024-01-17T12:17:38+00:00","dateModified":"2024-01-17T12:43:48+00:00","author":{"@id":"https:\/\/www.africa-press.net\/centrafricaine\/#\/schema\/person\/2b1cf3cd81a31e3cd26889ca66d677f1"},"description":"L'engin explosif, vraisemblablement pose\u0301 par un groupe arme\u0301 non e\u0301tatique (GANE), a provoque\u0301 des pertes co\u0302te\u0301 forces ...","breadcrumb":{"@id":"https:\/\/www.africa-press.net\/centrafricaine\/politique\/un-casque-bleu-camerounais-de-la-minusca-tue-par-un-engin-explosif-dans-le-nord-ouest#breadcrumb"},"inLanguage":"fr-FR","potentialAction":[{"@type":"ReadAction","target":["https:\/\/www.africa-press.net\/centrafricaine\/politique\/un-casque-bleu-camerounais-de-la-minusca-tue-par-un-engin-explosif-dans-le-nord-ouest"]}]},{"@type":"ImageObject","inLanguage":"fr-FR","@id":"https:\/\/www.africa-press.net\/centrafricaine\/politique\/un-casque-bleu-camerounais-de-la-minusca-tue-par-un-engin-explosif-dans-le-nord-ouest#primaryimage","url":"https:\/\/static.africa-press.net\/centrafricaine\/sites\/45\/2024\/01\/sm_1705482652.412777.jpg","contentUrl":"https:\/\/static.africa-press.net\/centrafricaine\/sites\/45\/2024\/01\/sm_1705482652.412777.jpg","width":1020,"height":765,"caption":"Un Casque bleu camerounais de la Minusca tu\u00e9 par un engin explosif dans le nord-ouest"},{"@type":"BreadcrumbList","@id":"https:\/\/www.africa-press.net\/centrafricaine\/politique\/un-casque-bleu-camerounais-de-la-minusca-tue-par-un-engin-explosif-dans-le-nord-ouest#breadcrumb","itemListElement":[{"@type":"ListItem","position":1,"name":"Accueil","item":"https:\/\/www.africa-press.net\/centrafricaine\/"},{"@type":"ListItem","position":2,"name":"Un Casque bleu camerounais de la Minusca tu\u00e9 par un engin explosif dans le nord-ouest"}]},{"@type":"WebSite","@id":"https:\/\/www.africa-press.net\/centrafricaine\/#website","url":"https:\/\/www.africa-press.net\/centrafricaine\/","name":"centrafricaine","description":"Just another Africa News Agency Sites site","potentialAction":[{"@type":"SearchAction","target":{"@type":"EntryPoint","urlTemplate":"https:\/\/www.africa-press.net\/centrafricaine\/?s={search_term_string}"},"query-input":{"@type":"PropertyValueSpecification","valueRequired":true,"valueName":"search_term_string"}}],"inLanguage":"fr-FR"},{"@type":"Person","@id":"https:\/\/www.africa-press.net\/centrafricaine\/#\/schema\/person\/2b1cf3cd81a31e3cd26889ca66d677f1","name":"cfeditorfr"}]}},"_links":{"self":[{"href":"https:\/\/www.africa-press.net\/centrafricaine\/wp-json\/wp\/v2\/posts\/51765","targetHints":{"allow":["GET"]}}],"collection":[{"href":"https:\/\/www.africa-press.net\/centrafricaine\/wp-json\/wp\/v2\/posts"}],"about":[{"href":"https:\/\/www.africa-press.net\/centrafricaine\/wp-json\/wp\/v2\/types\/post"}],"author":[{"embeddable":true,"href":"https:\/\/www.africa-press.net\/centrafricaine\/wp-json\/wp\/v2\/users\/82"}],"replies":[{"embeddable":true,"href":"https:\/\/www.africa-press.net\/centrafricaine\/wp-json\/wp\/v2\/comments?post=51765"}],"version-history":[{"count":0,"href":"https:\/\/www.africa-press.net\/centrafricaine\/wp-json\/wp\/v2\/posts\/51765\/revisions"}],"wp:featuredmedia":[{"embeddable":true,"href":"https:\/\/www.africa-press.net\/centrafricaine\/wp-json\/wp\/v2\/media\/51764"}],"wp:attachment":[{"href":"https:\/\/www.africa-press.net\/centrafricaine\/wp-json\/wp\/v2\/media?parent=51765"}],"wp:term":[{"taxonomy":"category","embeddable":true,"href":"https:\/\/www.africa-press.net\/centrafricaine\/wp-json\/wp\/v2\/categories?post=51765"},{"taxonomy":"post_tag","embeddable":true,"href":"https:\/\/www.africa-press.net\/centrafricaine\/wp-json\/wp\/v2\/tags?post=51765"}],"curies":[{"name":"wp","href":"https:\/\/api.w.org\/{rel}","templated":true}]}}