{"id":51767,"date":"2024-01-17T12:18:00","date_gmt":"2024-01-17T12:18:00","guid":{"rendered":"https:\/\/www.africa-press.net\/centrafricaine\/politique\/deces-dun-casque-bleu-suite-a-la-detonation-dun-engin-explosif"},"modified":"2024-01-17T12:44:49","modified_gmt":"2024-01-17T12:44:49","slug":"deces-dun-casque-bleu-suite-a-la-detonation-dun-engin-explosif","status":"publish","type":"post","link":"https:\/\/www.africa-press.net\/centrafricaine\/politique\/deces-dun-casque-bleu-suite-a-la-detonation-dun-engin-explosif","title":{"rendered":"d\u00e9c\u00e8s d&rsquo;un casque bleu suite \u00e0 la d\u00e9tonation d\u2019un engin explosif"},"content":{"rendered":"<p><span style=\"color: #ff6600\"><strong>Africa-Press &#8211; CentrAfricaine. <\/strong><\/span>Le soldat de la paix, ATEBELE Emmanuel Steve, a perdu la vie au cours d&rsquo;une patrouille de la Force dans le village de Mbindale (entre Kowone et Pougol), a\u0300 45 km au nord-ouest de Paoua, dans la pre\u0301fecture du Lim Pende\u0301 (nord-ouest de la Re\u0301publique centrafricaine). Cette patrouille du contingent camerounaise assurait l&rsquo;escorte d&rsquo;une e\u0301quipe de l&rsquo;Organisation Internationale pour les Migrations. Cinq autres Casques bleus ont e\u0301te\u0301 blesse\u0301s, dont deux grie\u0300vement, a\u0300 la suite de cette explosion. Une e\u0301vacuation me\u0301dicale des blesse\u0301s a e\u0301te\u0301 re\u0301alise\u0301e entre Pougol et Bouar, ou\u0300 ils rec\u0327oivent les premiers soins.<\/p>\n<p>La Repre\u0301sentante spe\u0301ciale du Secre\u0301taire ge\u0301ne\u0301ral des Nations Unies en RCA et Cheffe de la MINUSCA, Valentine Rugwabiza, \u00ab condamne fermement l&rsquo;utilisation d&rsquo;engins explosifs, qui constitue l&rsquo;une des menaces les plus fatales a\u0300 la Protection des civils, a\u0300 l\u2019acheminement de l\u2019aide humanitaire et aux activite\u0301s des populations dans les zones affecte\u0301es \u00bb.<\/p>\n<p>Mme Rugwabiza salue solennellement la me\u0301moire, le de\u0301vouement et l&rsquo;engagement du Casque bleu de\u0301ce\u0301de\u0301 au service de la paix en Centrafrique et pre\u0301sente les condole\u0301ances e\u0301mues de la Mission a\u0300 la famille du de\u0301funt, au contingent et au Gouvernement camerounais.Par ailleurs, elle souhaite un prompt re\u0301tablissement aux casques bleus blesse\u0301s.<\/p>\n<p>La MINUSCA appelle les autorite\u0301s centrafricaines a\u0300 ne me\u0301nager aucun effort pour identifier les responsables de cette attaque contre des soldats de la paix et les traduire en justice.<\/p>\n<p>La MINUSCA rappelle que toute atteinte a\u0300 la vie d&rsquo;un Casque bleu peut e\u0302tre conside\u0301re\u0301e comme un crime de guerre et passible de poursuites par la justice nationale et internationale.<\/p>\n<p><strong>Pour plus d&rsquo;informations et d&rsquo;analyses sur la <a href=\"https:\/\/www.africa-press.net\/centrafricaine\">CentrAfricaine<\/a>, suivez <a href=\"https:\/\/www.africa-press.net\/\">Africa-Press<\/a><\/strong><\/p>\n","protected":false},"excerpt":{"rendered":"<p>Africa-Press &#8211; CentrAfricaine. Le soldat de la paix, ATEBELE Emmanuel Steve, a perdu la vie au cours d&rsquo;une patrouille de la Force dans le village de Mbindale (entre Kowone et Pougol), a\u0300 45 km au nord-ouest de Paoua, dans la pre\u0301fecture du Lim Pende\u0301 (nord-ouest de la Re\u0301publique centrafricaine). Cette patrouille du contingent camerounaise assurait [&hellip;]<\/p>\n","protected":false},"author":82,"featured_media":51766,"comment_status":"open","ping_status":"closed","sticky":false,"template":"","format":"standard","meta":{"footnotes":""},"categories":[2,10],"tags":[36,58,30],"class_list":["post-51767","post","type-post","status-publish","format-standard","has-post-thumbnail","hentry","category-politique","category-toutes-les-actualites","tag-africa-press","tag-africa-press-centrafricaine","tag-centrafricaine"],"yoast_head":"<!-- This site is optimized with the Yoast SEO Premium plugin v26.1 (Yoast SEO v27.0) - https:\/\/yoast.com\/product\/yoast-seo-premium-wordpress\/ -->\n<title>d\u00e9c\u00e8s d&#039;un casque bleu suite \u00e0 la d\u00e9tonation d\u2019un engin explosif - centrafricaine<\/title>\n<meta name=\"description\" content=\"Le soldat de la paix, ATEBELE Emmanuel Steve, a perdu la vie au cours d&#039;une patrouille de la Force dans le village de Mb ...\" \/>\n<meta name=\"robots\" content=\"index, follow, max-snippet:-1, max-image-preview:large, max-video-preview:-1\" \/>\n<link rel=\"canonical\" href=\"https:\/\/www.africa-press.net\/centrafricaine\/politique\/deces-dun-casque-bleu-suite-a-la-detonation-dun-engin-explosif\" \/>\n<meta property=\"og:locale\" content=\"fr_FR\" \/>\n<meta property=\"og:type\" content=\"article\" \/>\n<meta property=\"og:title\" content=\"d\u00e9c\u00e8s d&#039;un casque bleu suite \u00e0 la d\u00e9tonation d\u2019un engin explosif\" \/>\n<meta property=\"og:description\" content=\"Le soldat de la paix, ATEBELE Emmanuel Steve, a perdu la vie au cours d&#039;une patrouille de la Force dans le village de Mb ...\" \/>\n<meta property=\"og:url\" content=\"https:\/\/www.africa-press.net\/centrafricaine\/politique\/deces-dun-casque-bleu-suite-a-la-detonation-dun-engin-explosif\" \/>\n<meta property=\"og:site_name\" content=\"centrafricaine\" \/>\n<meta property=\"article:published_time\" content=\"2024-01-17T12:18:00+00:00\" \/>\n<meta property=\"article:modified_time\" content=\"2024-01-17T12:44:49+00:00\" \/>\n<meta property=\"og:image\" content=\"https:\/\/static.africa-press.net\/centrafricaine\/sites\/45\/2024\/01\/sm_1705482714.539633.jpg\" \/>\n\t<meta property=\"og:image:width\" content=\"1600\" \/>\n\t<meta property=\"og:image:height\" content=\"1066\" \/>\n\t<meta property=\"og:image:type\" content=\"image\/jpeg\" \/>\n<meta name=\"author\" content=\"cfeditorfr\" \/>\n<meta name=\"twitter:card\" content=\"summary_large_image\" \/>\n<meta name=\"twitter:label1\" content=\"\u00c9crit par\" \/>\n\t<meta name=\"twitter:data1\" content=\"cfeditorfr\" \/>\n\t<meta name=\"twitter:label2\" content=\"Dur\u00e9e de lecture estim\u00e9e\" \/>\n\t<meta name=\"twitter:data2\" content=\"2 minutes\" \/>\n<script type=\"application\/ld+json\" class=\"yoast-schema-graph\">{\"@context\":\"https:\/\/schema.org\",\"@graph\":[{\"@type\":\"Article\",\"@id\":\"https:\/\/www.africa-press.net\/centrafricaine\/politique\/deces-dun-casque-bleu-suite-a-la-detonation-dun-engin-explosif#article\",\"isPartOf\":{\"@id\":\"https:\/\/www.africa-press.net\/centrafricaine\/politique\/deces-dun-casque-bleu-suite-a-la-detonation-dun-engin-explosif\"},\"author\":{\"name\":\"cfeditorfr\",\"@id\":\"https:\/\/www.africa-press.net\/centrafricaine\/#\/schema\/person\/2b1cf3cd81a31e3cd26889ca66d677f1\"},\"headline\":\"d\u00e9c\u00e8s d&rsquo;un casque bleu suite \u00e0 la d\u00e9tonation d\u2019un engin explosif\",\"datePublished\":\"2024-01-17T12:18:00+00:00\",\"dateModified\":\"2024-01-17T12:44:49+00:00\",\"mainEntityOfPage\":{\"@id\":\"https:\/\/www.africa-press.net\/centrafricaine\/politique\/deces-dun-casque-bleu-suite-a-la-detonation-dun-engin-explosif\"},\"wordCount\":330,\"commentCount\":0,\"image\":{\"@id\":\"https:\/\/www.africa-press.net\/centrafricaine\/politique\/deces-dun-casque-bleu-suite-a-la-detonation-dun-engin-explosif#primaryimage\"},\"thumbnailUrl\":\"https:\/\/static.africa-press.net\/centrafricaine\/sites\/45\/2024\/01\/sm_1705482714.539633.jpg\",\"keywords\":[\"Africa Press\",\"Africa Press-CentrAfricaine\",\"CentrAfricaine\"],\"articleSection\":[\"Politique\",\"Toutes les actualit\u00e9s\"],\"inLanguage\":\"fr-FR\",\"potentialAction\":[{\"@type\":\"CommentAction\",\"name\":\"Comment\",\"target\":[\"https:\/\/www.africa-press.net\/centrafricaine\/politique\/deces-dun-casque-bleu-suite-a-la-detonation-dun-engin-explosif#respond\"]}]},{\"@type\":\"WebPage\",\"@id\":\"https:\/\/www.africa-press.net\/centrafricaine\/politique\/deces-dun-casque-bleu-suite-a-la-detonation-dun-engin-explosif\",\"url\":\"https:\/\/www.africa-press.net\/centrafricaine\/politique\/deces-dun-casque-bleu-suite-a-la-detonation-dun-engin-explosif\",\"name\":\"d\u00e9c\u00e8s d'un casque bleu suite \u00e0 la d\u00e9tonation d\u2019un engin explosif - centrafricaine\",\"isPartOf\":{\"@id\":\"https:\/\/www.africa-press.net\/centrafricaine\/#website\"},\"primaryImageOfPage\":{\"@id\":\"https:\/\/www.africa-press.net\/centrafricaine\/politique\/deces-dun-casque-bleu-suite-a-la-detonation-dun-engin-explosif#primaryimage\"},\"image\":{\"@id\":\"https:\/\/www.africa-press.net\/centrafricaine\/politique\/deces-dun-casque-bleu-suite-a-la-detonation-dun-engin-explosif#primaryimage\"},\"thumbnailUrl\":\"https:\/\/static.africa-press.net\/centrafricaine\/sites\/45\/2024\/01\/sm_1705482714.539633.jpg\",\"datePublished\":\"2024-01-17T12:18:00+00:00\",\"dateModified\":\"2024-01-17T12:44:49+00:00\",\"author\":{\"@id\":\"https:\/\/www.africa-press.net\/centrafricaine\/#\/schema\/person\/2b1cf3cd81a31e3cd26889ca66d677f1\"},\"description\":\"Le soldat de la paix, ATEBELE Emmanuel Steve, a perdu la vie au cours d'une patrouille de la Force dans le village de Mb ...\",\"breadcrumb\":{\"@id\":\"https:\/\/www.africa-press.net\/centrafricaine\/politique\/deces-dun-casque-bleu-suite-a-la-detonation-dun-engin-explosif#breadcrumb\"},\"inLanguage\":\"fr-FR\",\"potentialAction\":[{\"@type\":\"ReadAction\",\"target\":[\"https:\/\/www.africa-press.net\/centrafricaine\/politique\/deces-dun-casque-bleu-suite-a-la-detonation-dun-engin-explosif\"]}]},{\"@type\":\"ImageObject\",\"inLanguage\":\"fr-FR\",\"@id\":\"https:\/\/www.africa-press.net\/centrafricaine\/politique\/deces-dun-casque-bleu-suite-a-la-detonation-dun-engin-explosif#primaryimage\",\"url\":\"https:\/\/static.africa-press.net\/centrafricaine\/sites\/45\/2024\/01\/sm_1705482714.539633.jpg\",\"contentUrl\":\"https:\/\/static.africa-press.net\/centrafricaine\/sites\/45\/2024\/01\/sm_1705482714.539633.jpg\",\"width\":1600,\"height\":1066,\"caption\":\"d\u00e9c\u00e8s d'un casque bleu suite \u00e0 la d\u00e9tonation d\u2019un engin explosif\"},{\"@type\":\"BreadcrumbList\",\"@id\":\"https:\/\/www.africa-press.net\/centrafricaine\/politique\/deces-dun-casque-bleu-suite-a-la-detonation-dun-engin-explosif#breadcrumb\",\"itemListElement\":[{\"@type\":\"ListItem\",\"position\":1,\"name\":\"Accueil\",\"item\":\"https:\/\/www.africa-press.net\/centrafricaine\/\"},{\"@type\":\"ListItem\",\"position\":2,\"name\":\"d\u00e9c\u00e8s d&#8217;un casque bleu suite \u00e0 la d\u00e9tonation d\u2019un engin explosif\"}]},{\"@type\":\"WebSite\",\"@id\":\"https:\/\/www.africa-press.net\/centrafricaine\/#website\",\"url\":\"https:\/\/www.africa-press.net\/centrafricaine\/\",\"name\":\"centrafricaine\",\"description\":\"Just another Africa News Agency Sites site\",\"potentialAction\":[{\"@type\":\"SearchAction\",\"target\":{\"@type\":\"EntryPoint\",\"urlTemplate\":\"https:\/\/www.africa-press.net\/centrafricaine\/?s={search_term_string}\"},\"query-input\":{\"@type\":\"PropertyValueSpecification\",\"valueRequired\":true,\"valueName\":\"search_term_string\"}}],\"inLanguage\":\"fr-FR\"},{\"@type\":\"Person\",\"@id\":\"https:\/\/www.africa-press.net\/centrafricaine\/#\/schema\/person\/2b1cf3cd81a31e3cd26889ca66d677f1\",\"name\":\"cfeditorfr\"}]}<\/script>\n<!-- \/ Yoast SEO Premium plugin. -->","yoast_head_json":{"title":"d\u00e9c\u00e8s d'un casque bleu suite \u00e0 la d\u00e9tonation d\u2019un engin explosif - centrafricaine","description":"Le soldat de la paix, ATEBELE Emmanuel Steve, a perdu la vie au cours d'une patrouille de la Force dans le village de Mb ...","robots":{"index":"index","follow":"follow","max-snippet":"max-snippet:-1","max-image-preview":"max-image-preview:large","max-video-preview":"max-video-preview:-1"},"canonical":"https:\/\/www.africa-press.net\/centrafricaine\/politique\/deces-dun-casque-bleu-suite-a-la-detonation-dun-engin-explosif","og_locale":"fr_FR","og_type":"article","og_title":"d\u00e9c\u00e8s d'un casque bleu suite \u00e0 la d\u00e9tonation d\u2019un engin explosif","og_description":"Le soldat de la paix, ATEBELE Emmanuel Steve, a perdu la vie au cours d'une patrouille de la Force dans le village de Mb ...","og_url":"https:\/\/www.africa-press.net\/centrafricaine\/politique\/deces-dun-casque-bleu-suite-a-la-detonation-dun-engin-explosif","og_site_name":"centrafricaine","article_published_time":"2024-01-17T12:18:00+00:00","article_modified_time":"2024-01-17T12:44:49+00:00","og_image":[{"width":1600,"height":1066,"url":"https:\/\/static.africa-press.net\/centrafricaine\/sites\/45\/2024\/01\/sm_1705482714.539633.jpg","type":"image\/jpeg"}],"author":"cfeditorfr","twitter_card":"summary_large_image","twitter_misc":{"\u00c9crit par":"cfeditorfr","Dur\u00e9e de lecture estim\u00e9e":"2 minutes"},"schema":{"@context":"https:\/\/schema.org","@graph":[{"@type":"Article","@id":"https:\/\/www.africa-press.net\/centrafricaine\/politique\/deces-dun-casque-bleu-suite-a-la-detonation-dun-engin-explosif#article","isPartOf":{"@id":"https:\/\/www.africa-press.net\/centrafricaine\/politique\/deces-dun-casque-bleu-suite-a-la-detonation-dun-engin-explosif"},"author":{"name":"cfeditorfr","@id":"https:\/\/www.africa-press.net\/centrafricaine\/#\/schema\/person\/2b1cf3cd81a31e3cd26889ca66d677f1"},"headline":"d\u00e9c\u00e8s d&rsquo;un casque bleu suite \u00e0 la d\u00e9tonation d\u2019un engin explosif","datePublished":"2024-01-17T12:18:00+00:00","dateModified":"2024-01-17T12:44:49+00:00","mainEntityOfPage":{"@id":"https:\/\/www.africa-press.net\/centrafricaine\/politique\/deces-dun-casque-bleu-suite-a-la-detonation-dun-engin-explosif"},"wordCount":330,"commentCount":0,"image":{"@id":"https:\/\/www.africa-press.net\/centrafricaine\/politique\/deces-dun-casque-bleu-suite-a-la-detonation-dun-engin-explosif#primaryimage"},"thumbnailUrl":"https:\/\/static.africa-press.net\/centrafricaine\/sites\/45\/2024\/01\/sm_1705482714.539633.jpg","keywords":["Africa Press","Africa Press-CentrAfricaine","CentrAfricaine"],"articleSection":["Politique","Toutes les actualit\u00e9s"],"inLanguage":"fr-FR","potentialAction":[{"@type":"CommentAction","name":"Comment","target":["https:\/\/www.africa-press.net\/centrafricaine\/politique\/deces-dun-casque-bleu-suite-a-la-detonation-dun-engin-explosif#respond"]}]},{"@type":"WebPage","@id":"https:\/\/www.africa-press.net\/centrafricaine\/politique\/deces-dun-casque-bleu-suite-a-la-detonation-dun-engin-explosif","url":"https:\/\/www.africa-press.net\/centrafricaine\/politique\/deces-dun-casque-bleu-suite-a-la-detonation-dun-engin-explosif","name":"d\u00e9c\u00e8s d'un casque bleu suite \u00e0 la d\u00e9tonation d\u2019un engin explosif - centrafricaine","isPartOf":{"@id":"https:\/\/www.africa-press.net\/centrafricaine\/#website"},"primaryImageOfPage":{"@id":"https:\/\/www.africa-press.net\/centrafricaine\/politique\/deces-dun-casque-bleu-suite-a-la-detonation-dun-engin-explosif#primaryimage"},"image":{"@id":"https:\/\/www.africa-press.net\/centrafricaine\/politique\/deces-dun-casque-bleu-suite-a-la-detonation-dun-engin-explosif#primaryimage"},"thumbnailUrl":"https:\/\/static.africa-press.net\/centrafricaine\/sites\/45\/2024\/01\/sm_1705482714.539633.jpg","datePublished":"2024-01-17T12:18:00+00:00","dateModified":"2024-01-17T12:44:49+00:00","author":{"@id":"https:\/\/www.africa-press.net\/centrafricaine\/#\/schema\/person\/2b1cf3cd81a31e3cd26889ca66d677f1"},"description":"Le soldat de la paix, ATEBELE Emmanuel Steve, a perdu la vie au cours d'une patrouille de la Force dans le village de Mb ...","breadcrumb":{"@id":"https:\/\/www.africa-press.net\/centrafricaine\/politique\/deces-dun-casque-bleu-suite-a-la-detonation-dun-engin-explosif#breadcrumb"},"inLanguage":"fr-FR","potentialAction":[{"@type":"ReadAction","target":["https:\/\/www.africa-press.net\/centrafricaine\/politique\/deces-dun-casque-bleu-suite-a-la-detonation-dun-engin-explosif"]}]},{"@type":"ImageObject","inLanguage":"fr-FR","@id":"https:\/\/www.africa-press.net\/centrafricaine\/politique\/deces-dun-casque-bleu-suite-a-la-detonation-dun-engin-explosif#primaryimage","url":"https:\/\/static.africa-press.net\/centrafricaine\/sites\/45\/2024\/01\/sm_1705482714.539633.jpg","contentUrl":"https:\/\/static.africa-press.net\/centrafricaine\/sites\/45\/2024\/01\/sm_1705482714.539633.jpg","width":1600,"height":1066,"caption":"d\u00e9c\u00e8s d'un casque bleu suite \u00e0 la d\u00e9tonation d\u2019un engin explosif"},{"@type":"BreadcrumbList","@id":"https:\/\/www.africa-press.net\/centrafricaine\/politique\/deces-dun-casque-bleu-suite-a-la-detonation-dun-engin-explosif#breadcrumb","itemListElement":[{"@type":"ListItem","position":1,"name":"Accueil","item":"https:\/\/www.africa-press.net\/centrafricaine\/"},{"@type":"ListItem","position":2,"name":"d\u00e9c\u00e8s d&#8217;un casque bleu suite \u00e0 la d\u00e9tonation d\u2019un engin explosif"}]},{"@type":"WebSite","@id":"https:\/\/www.africa-press.net\/centrafricaine\/#website","url":"https:\/\/www.africa-press.net\/centrafricaine\/","name":"centrafricaine","description":"Just another Africa News Agency Sites site","potentialAction":[{"@type":"SearchAction","target":{"@type":"EntryPoint","urlTemplate":"https:\/\/www.africa-press.net\/centrafricaine\/?s={search_term_string}"},"query-input":{"@type":"PropertyValueSpecification","valueRequired":true,"valueName":"search_term_string"}}],"inLanguage":"fr-FR"},{"@type":"Person","@id":"https:\/\/www.africa-press.net\/centrafricaine\/#\/schema\/person\/2b1cf3cd81a31e3cd26889ca66d677f1","name":"cfeditorfr"}]}},"_links":{"self":[{"href":"https:\/\/www.africa-press.net\/centrafricaine\/wp-json\/wp\/v2\/posts\/51767","targetHints":{"allow":["GET"]}}],"collection":[{"href":"https:\/\/www.africa-press.net\/centrafricaine\/wp-json\/wp\/v2\/posts"}],"about":[{"href":"https:\/\/www.africa-press.net\/centrafricaine\/wp-json\/wp\/v2\/types\/post"}],"author":[{"embeddable":true,"href":"https:\/\/www.africa-press.net\/centrafricaine\/wp-json\/wp\/v2\/users\/82"}],"replies":[{"embeddable":true,"href":"https:\/\/www.africa-press.net\/centrafricaine\/wp-json\/wp\/v2\/comments?post=51767"}],"version-history":[{"count":0,"href":"https:\/\/www.africa-press.net\/centrafricaine\/wp-json\/wp\/v2\/posts\/51767\/revisions"}],"wp:featuredmedia":[{"embeddable":true,"href":"https:\/\/www.africa-press.net\/centrafricaine\/wp-json\/wp\/v2\/media\/51766"}],"wp:attachment":[{"href":"https:\/\/www.africa-press.net\/centrafricaine\/wp-json\/wp\/v2\/media?parent=51767"}],"wp:term":[{"taxonomy":"category","embeddable":true,"href":"https:\/\/www.africa-press.net\/centrafricaine\/wp-json\/wp\/v2\/categories?post=51767"},{"taxonomy":"post_tag","embeddable":true,"href":"https:\/\/www.africa-press.net\/centrafricaine\/wp-json\/wp\/v2\/tags?post=51767"}],"curies":[{"name":"wp","href":"https:\/\/api.w.org\/{rel}","templated":true}]}}