{"id":51802,"date":"2024-01-17T18:56:58","date_gmt":"2024-01-17T18:56:58","guid":{"rendered":"https:\/\/www.africa-press.net\/centrafricaine\/politique\/declaration-attribuable-au-porte-parole-du-secretaire-generale-sur-la-republique-centrafricaine"},"modified":"2024-01-17T19:15:47","modified_gmt":"2024-01-17T19:15:47","slug":"declaration-attribuable-au-porte-parole-du-secretaire-generale-sur-la-republique-centrafricaine","status":"publish","type":"post","link":"https:\/\/www.africa-press.net\/centrafricaine\/politique\/declaration-attribuable-au-porte-parole-du-secretaire-generale-sur-la-republique-centrafricaine","title":{"rendered":"D\u00e9claration attribuable au porte-parole du Secr\u00e9taire g\u00e9n\u00e9rale &#8211; sur la R\u00e9publique centrafricaine"},"content":{"rendered":"<p><span style=\"color: #ff6600\"><strong>Africa-Press &#8211; CentrAfricaine. <\/strong><\/span>Le Secre\u0301taire ge\u0301ne\u0301ral condamne la mort le 15 janvier d&rsquo;un Casque bleu camerounais de la Mission multidimensionnelle inte\u0301gre\u0301e de stabilisation en Re\u0301publique centrafricaine (MINUSCA) par engin explosif qui en a blesse\u0301 cinq autres, dont deux grie\u0300vement, a\u0300 Mbindali, dans la pre\u0301fecture de l&rsquo;Ouham-Pende\u0301, au nord-ouest de la ville Paoua.<\/p>\n<p>Le Secre\u0301taire ge\u0301ne\u0301ral pre\u0301sente ses since\u0300res condole\u0301ances a\u0300 la famille du de\u0301funt et au Gouvernement camerounais. Il souhaite un prompt re\u0301tablissement aux blesse\u0301s.<\/p>\n<p>Le Secre\u0301taire ge\u0301ne\u0301ral rappelle que les attaques visant les soldats de la paix des Nations Unies peuvent constituer des crimes de guerre au regard du droit international. Il appelle les autorite\u0301s centrafricaines a\u0300 ne me\u0301nager aucun effort pour identifier les auteurs de cette attaque et les traduire rapidement en justice.<\/p>\n<p>Le Secre\u0301taire ge\u0301ne\u0301ral re\u0301affirme la solidarite\u0301 des Nations Unies envers le peuple et le gouvernement de la Re\u0301publique centrafricaine.<\/p>\n<p>Ste\u0301phane Dujarric, Porte-parole du Secre\u0301taire ge\u0301ne\u0301ral<\/p>\n<p><strong>Pour plus d&rsquo;informations et d&rsquo;analyses sur la <a href=\"https:\/\/www.africa-press.net\/centrafricaine\">CentrAfricaine<\/a>, suivez <a href=\"https:\/\/www.africa-press.net\/\">Africa-Press<\/a><\/strong><\/p>\n","protected":false},"excerpt":{"rendered":"<p>Africa-Press &#8211; CentrAfricaine. Le Secre\u0301taire ge\u0301ne\u0301ral condamne la mort le 15 janvier d&rsquo;un Casque bleu camerounais de la Mission multidimensionnelle inte\u0301gre\u0301e de stabilisation en Re\u0301publique centrafricaine (MINUSCA) par engin explosif qui en a blesse\u0301 cinq autres, dont deux grie\u0300vement, a\u0300 Mbindali, dans la pre\u0301fecture de l&rsquo;Ouham-Pende\u0301, au nord-ouest de la ville Paoua. Le Secre\u0301taire ge\u0301ne\u0301ral [&hellip;]<\/p>\n","protected":false},"author":82,"featured_media":51801,"comment_status":"open","ping_status":"closed","sticky":false,"template":"","format":"standard","meta":{"footnotes":""},"categories":[2,20,10],"tags":[36,58,30],"class_list":["post-51802","post","type-post","status-publish","format-standard","has-post-thumbnail","hentry","category-politique","category-top-nouvelles","category-toutes-les-actualites","tag-africa-press","tag-africa-press-centrafricaine","tag-centrafricaine"],"yoast_head":"<!-- This site is optimized with the Yoast SEO Premium plugin v26.1 (Yoast SEO v27.0) - https:\/\/yoast.com\/product\/yoast-seo-premium-wordpress\/ -->\n<title>D\u00e9claration attribuable au porte-parole du Secr\u00e9taire g\u00e9n\u00e9rale - sur la R\u00e9publique centrafricaine - centrafricaine<\/title>\n<meta name=\"description\" content=\"Le Secre\u0301taire ge\u0301ne\u0301ral condamne la mort le 15 janvier d&#039;un Casque bleu camerounais de la Mission multidimensionnelle i ...\" \/>\n<meta name=\"robots\" content=\"index, follow, max-snippet:-1, max-image-preview:large, max-video-preview:-1\" \/>\n<link rel=\"canonical\" href=\"https:\/\/www.africa-press.net\/centrafricaine\/politique\/declaration-attribuable-au-porte-parole-du-secretaire-generale-sur-la-republique-centrafricaine\" \/>\n<meta property=\"og:locale\" content=\"fr_FR\" \/>\n<meta property=\"og:type\" content=\"article\" \/>\n<meta property=\"og:title\" content=\"D\u00e9claration attribuable au porte-parole du Secr\u00e9taire g\u00e9n\u00e9rale - sur la R\u00e9publique centrafricaine\" \/>\n<meta property=\"og:description\" content=\"Le Secre\u0301taire ge\u0301ne\u0301ral condamne la mort le 15 janvier d&#039;un Casque bleu camerounais de la Mission multidimensionnelle i ...\" \/>\n<meta property=\"og:url\" content=\"https:\/\/www.africa-press.net\/centrafricaine\/politique\/declaration-attribuable-au-porte-parole-du-secretaire-generale-sur-la-republique-centrafricaine\" \/>\n<meta property=\"og:site_name\" content=\"centrafricaine\" \/>\n<meta property=\"article:published_time\" content=\"2024-01-17T18:56:58+00:00\" \/>\n<meta property=\"article:modified_time\" content=\"2024-01-17T19:15:47+00:00\" \/>\n<meta property=\"og:image\" content=\"https:\/\/static.africa-press.net\/centrafricaine\/sites\/45\/2024\/01\/sm_1705506318.624281.jpg\" \/>\n\t<meta property=\"og:image:width\" content=\"720\" \/>\n\t<meta property=\"og:image:height\" content=\"470\" \/>\n\t<meta property=\"og:image:type\" content=\"image\/jpeg\" \/>\n<meta name=\"author\" content=\"cfeditorfr\" \/>\n<meta name=\"twitter:card\" content=\"summary_large_image\" \/>\n<meta name=\"twitter:label1\" content=\"\u00c9crit par\" \/>\n\t<meta name=\"twitter:data1\" content=\"cfeditorfr\" \/>\n\t<meta name=\"twitter:label2\" content=\"Dur\u00e9e de lecture estim\u00e9e\" \/>\n\t<meta name=\"twitter:data2\" content=\"2 minutes\" \/>\n<script type=\"application\/ld+json\" class=\"yoast-schema-graph\">{\"@context\":\"https:\/\/schema.org\",\"@graph\":[{\"@type\":\"Article\",\"@id\":\"https:\/\/www.africa-press.net\/centrafricaine\/politique\/declaration-attribuable-au-porte-parole-du-secretaire-generale-sur-la-republique-centrafricaine#article\",\"isPartOf\":{\"@id\":\"https:\/\/www.africa-press.net\/centrafricaine\/politique\/declaration-attribuable-au-porte-parole-du-secretaire-generale-sur-la-republique-centrafricaine\"},\"author\":{\"name\":\"cfeditorfr\",\"@id\":\"https:\/\/www.africa-press.net\/centrafricaine\/#\/schema\/person\/2b1cf3cd81a31e3cd26889ca66d677f1\"},\"headline\":\"D\u00e9claration attribuable au porte-parole du Secr\u00e9taire g\u00e9n\u00e9rale &#8211; sur la R\u00e9publique centrafricaine\",\"datePublished\":\"2024-01-17T18:56:58+00:00\",\"dateModified\":\"2024-01-17T19:15:47+00:00\",\"mainEntityOfPage\":{\"@id\":\"https:\/\/www.africa-press.net\/centrafricaine\/politique\/declaration-attribuable-au-porte-parole-du-secretaire-generale-sur-la-republique-centrafricaine\"},\"wordCount\":211,\"commentCount\":0,\"image\":{\"@id\":\"https:\/\/www.africa-press.net\/centrafricaine\/politique\/declaration-attribuable-au-porte-parole-du-secretaire-generale-sur-la-republique-centrafricaine#primaryimage\"},\"thumbnailUrl\":\"https:\/\/static.africa-press.net\/centrafricaine\/sites\/45\/2024\/01\/sm_1705506318.624281.jpg\",\"keywords\":[\"Africa Press\",\"Africa Press-CentrAfricaine\",\"CentrAfricaine\"],\"articleSection\":[\"Politique\",\"Top Nouvelles\",\"Toutes les actualit\u00e9s\"],\"inLanguage\":\"fr-FR\",\"potentialAction\":[{\"@type\":\"CommentAction\",\"name\":\"Comment\",\"target\":[\"https:\/\/www.africa-press.net\/centrafricaine\/politique\/declaration-attribuable-au-porte-parole-du-secretaire-generale-sur-la-republique-centrafricaine#respond\"]}]},{\"@type\":\"WebPage\",\"@id\":\"https:\/\/www.africa-press.net\/centrafricaine\/politique\/declaration-attribuable-au-porte-parole-du-secretaire-generale-sur-la-republique-centrafricaine\",\"url\":\"https:\/\/www.africa-press.net\/centrafricaine\/politique\/declaration-attribuable-au-porte-parole-du-secretaire-generale-sur-la-republique-centrafricaine\",\"name\":\"D\u00e9claration attribuable au porte-parole du Secr\u00e9taire g\u00e9n\u00e9rale - sur la R\u00e9publique centrafricaine - centrafricaine\",\"isPartOf\":{\"@id\":\"https:\/\/www.africa-press.net\/centrafricaine\/#website\"},\"primaryImageOfPage\":{\"@id\":\"https:\/\/www.africa-press.net\/centrafricaine\/politique\/declaration-attribuable-au-porte-parole-du-secretaire-generale-sur-la-republique-centrafricaine#primaryimage\"},\"image\":{\"@id\":\"https:\/\/www.africa-press.net\/centrafricaine\/politique\/declaration-attribuable-au-porte-parole-du-secretaire-generale-sur-la-republique-centrafricaine#primaryimage\"},\"thumbnailUrl\":\"https:\/\/static.africa-press.net\/centrafricaine\/sites\/45\/2024\/01\/sm_1705506318.624281.jpg\",\"datePublished\":\"2024-01-17T18:56:58+00:00\",\"dateModified\":\"2024-01-17T19:15:47+00:00\",\"author\":{\"@id\":\"https:\/\/www.africa-press.net\/centrafricaine\/#\/schema\/person\/2b1cf3cd81a31e3cd26889ca66d677f1\"},\"description\":\"Le Secre\u0301taire ge\u0301ne\u0301ral condamne la mort le 15 janvier d'un Casque bleu camerounais de la Mission multidimensionnelle i ...\",\"breadcrumb\":{\"@id\":\"https:\/\/www.africa-press.net\/centrafricaine\/politique\/declaration-attribuable-au-porte-parole-du-secretaire-generale-sur-la-republique-centrafricaine#breadcrumb\"},\"inLanguage\":\"fr-FR\",\"potentialAction\":[{\"@type\":\"ReadAction\",\"target\":[\"https:\/\/www.africa-press.net\/centrafricaine\/politique\/declaration-attribuable-au-porte-parole-du-secretaire-generale-sur-la-republique-centrafricaine\"]}]},{\"@type\":\"ImageObject\",\"inLanguage\":\"fr-FR\",\"@id\":\"https:\/\/www.africa-press.net\/centrafricaine\/politique\/declaration-attribuable-au-porte-parole-du-secretaire-generale-sur-la-republique-centrafricaine#primaryimage\",\"url\":\"https:\/\/static.africa-press.net\/centrafricaine\/sites\/45\/2024\/01\/sm_1705506318.624281.jpg\",\"contentUrl\":\"https:\/\/static.africa-press.net\/centrafricaine\/sites\/45\/2024\/01\/sm_1705506318.624281.jpg\",\"width\":720,\"height\":470,\"caption\":\"D\u00e9claration attribuable au porte-parole du Secr\u00e9taire g\u00e9n\u00e9rale - sur la R\u00e9publique centrafricaine\"},{\"@type\":\"BreadcrumbList\",\"@id\":\"https:\/\/www.africa-press.net\/centrafricaine\/politique\/declaration-attribuable-au-porte-parole-du-secretaire-generale-sur-la-republique-centrafricaine#breadcrumb\",\"itemListElement\":[{\"@type\":\"ListItem\",\"position\":1,\"name\":\"Accueil\",\"item\":\"https:\/\/www.africa-press.net\/centrafricaine\/\"},{\"@type\":\"ListItem\",\"position\":2,\"name\":\"D\u00e9claration attribuable au porte-parole du Secr\u00e9taire g\u00e9n\u00e9rale &#8211; sur la R\u00e9publique centrafricaine\"}]},{\"@type\":\"WebSite\",\"@id\":\"https:\/\/www.africa-press.net\/centrafricaine\/#website\",\"url\":\"https:\/\/www.africa-press.net\/centrafricaine\/\",\"name\":\"centrafricaine\",\"description\":\"Just another Africa News Agency Sites site\",\"potentialAction\":[{\"@type\":\"SearchAction\",\"target\":{\"@type\":\"EntryPoint\",\"urlTemplate\":\"https:\/\/www.africa-press.net\/centrafricaine\/?s={search_term_string}\"},\"query-input\":{\"@type\":\"PropertyValueSpecification\",\"valueRequired\":true,\"valueName\":\"search_term_string\"}}],\"inLanguage\":\"fr-FR\"},{\"@type\":\"Person\",\"@id\":\"https:\/\/www.africa-press.net\/centrafricaine\/#\/schema\/person\/2b1cf3cd81a31e3cd26889ca66d677f1\",\"name\":\"cfeditorfr\"}]}<\/script>\n<!-- \/ Yoast SEO Premium plugin. -->","yoast_head_json":{"title":"D\u00e9claration attribuable au porte-parole du Secr\u00e9taire g\u00e9n\u00e9rale - sur la R\u00e9publique centrafricaine - centrafricaine","description":"Le Secre\u0301taire ge\u0301ne\u0301ral condamne la mort le 15 janvier d'un Casque bleu camerounais de la Mission multidimensionnelle i ...","robots":{"index":"index","follow":"follow","max-snippet":"max-snippet:-1","max-image-preview":"max-image-preview:large","max-video-preview":"max-video-preview:-1"},"canonical":"https:\/\/www.africa-press.net\/centrafricaine\/politique\/declaration-attribuable-au-porte-parole-du-secretaire-generale-sur-la-republique-centrafricaine","og_locale":"fr_FR","og_type":"article","og_title":"D\u00e9claration attribuable au porte-parole du Secr\u00e9taire g\u00e9n\u00e9rale - sur la R\u00e9publique centrafricaine","og_description":"Le Secre\u0301taire ge\u0301ne\u0301ral condamne la mort le 15 janvier d'un Casque bleu camerounais de la Mission multidimensionnelle i ...","og_url":"https:\/\/www.africa-press.net\/centrafricaine\/politique\/declaration-attribuable-au-porte-parole-du-secretaire-generale-sur-la-republique-centrafricaine","og_site_name":"centrafricaine","article_published_time":"2024-01-17T18:56:58+00:00","article_modified_time":"2024-01-17T19:15:47+00:00","og_image":[{"width":720,"height":470,"url":"https:\/\/static.africa-press.net\/centrafricaine\/sites\/45\/2024\/01\/sm_1705506318.624281.jpg","type":"image\/jpeg"}],"author":"cfeditorfr","twitter_card":"summary_large_image","twitter_misc":{"\u00c9crit par":"cfeditorfr","Dur\u00e9e de lecture estim\u00e9e":"2 minutes"},"schema":{"@context":"https:\/\/schema.org","@graph":[{"@type":"Article","@id":"https:\/\/www.africa-press.net\/centrafricaine\/politique\/declaration-attribuable-au-porte-parole-du-secretaire-generale-sur-la-republique-centrafricaine#article","isPartOf":{"@id":"https:\/\/www.africa-press.net\/centrafricaine\/politique\/declaration-attribuable-au-porte-parole-du-secretaire-generale-sur-la-republique-centrafricaine"},"author":{"name":"cfeditorfr","@id":"https:\/\/www.africa-press.net\/centrafricaine\/#\/schema\/person\/2b1cf3cd81a31e3cd26889ca66d677f1"},"headline":"D\u00e9claration attribuable au porte-parole du Secr\u00e9taire g\u00e9n\u00e9rale &#8211; sur la R\u00e9publique centrafricaine","datePublished":"2024-01-17T18:56:58+00:00","dateModified":"2024-01-17T19:15:47+00:00","mainEntityOfPage":{"@id":"https:\/\/www.africa-press.net\/centrafricaine\/politique\/declaration-attribuable-au-porte-parole-du-secretaire-generale-sur-la-republique-centrafricaine"},"wordCount":211,"commentCount":0,"image":{"@id":"https:\/\/www.africa-press.net\/centrafricaine\/politique\/declaration-attribuable-au-porte-parole-du-secretaire-generale-sur-la-republique-centrafricaine#primaryimage"},"thumbnailUrl":"https:\/\/static.africa-press.net\/centrafricaine\/sites\/45\/2024\/01\/sm_1705506318.624281.jpg","keywords":["Africa Press","Africa Press-CentrAfricaine","CentrAfricaine"],"articleSection":["Politique","Top Nouvelles","Toutes les actualit\u00e9s"],"inLanguage":"fr-FR","potentialAction":[{"@type":"CommentAction","name":"Comment","target":["https:\/\/www.africa-press.net\/centrafricaine\/politique\/declaration-attribuable-au-porte-parole-du-secretaire-generale-sur-la-republique-centrafricaine#respond"]}]},{"@type":"WebPage","@id":"https:\/\/www.africa-press.net\/centrafricaine\/politique\/declaration-attribuable-au-porte-parole-du-secretaire-generale-sur-la-republique-centrafricaine","url":"https:\/\/www.africa-press.net\/centrafricaine\/politique\/declaration-attribuable-au-porte-parole-du-secretaire-generale-sur-la-republique-centrafricaine","name":"D\u00e9claration attribuable au porte-parole du Secr\u00e9taire g\u00e9n\u00e9rale - sur la R\u00e9publique centrafricaine - centrafricaine","isPartOf":{"@id":"https:\/\/www.africa-press.net\/centrafricaine\/#website"},"primaryImageOfPage":{"@id":"https:\/\/www.africa-press.net\/centrafricaine\/politique\/declaration-attribuable-au-porte-parole-du-secretaire-generale-sur-la-republique-centrafricaine#primaryimage"},"image":{"@id":"https:\/\/www.africa-press.net\/centrafricaine\/politique\/declaration-attribuable-au-porte-parole-du-secretaire-generale-sur-la-republique-centrafricaine#primaryimage"},"thumbnailUrl":"https:\/\/static.africa-press.net\/centrafricaine\/sites\/45\/2024\/01\/sm_1705506318.624281.jpg","datePublished":"2024-01-17T18:56:58+00:00","dateModified":"2024-01-17T19:15:47+00:00","author":{"@id":"https:\/\/www.africa-press.net\/centrafricaine\/#\/schema\/person\/2b1cf3cd81a31e3cd26889ca66d677f1"},"description":"Le Secre\u0301taire ge\u0301ne\u0301ral condamne la mort le 15 janvier d'un Casque bleu camerounais de la Mission multidimensionnelle i ...","breadcrumb":{"@id":"https:\/\/www.africa-press.net\/centrafricaine\/politique\/declaration-attribuable-au-porte-parole-du-secretaire-generale-sur-la-republique-centrafricaine#breadcrumb"},"inLanguage":"fr-FR","potentialAction":[{"@type":"ReadAction","target":["https:\/\/www.africa-press.net\/centrafricaine\/politique\/declaration-attribuable-au-porte-parole-du-secretaire-generale-sur-la-republique-centrafricaine"]}]},{"@type":"ImageObject","inLanguage":"fr-FR","@id":"https:\/\/www.africa-press.net\/centrafricaine\/politique\/declaration-attribuable-au-porte-parole-du-secretaire-generale-sur-la-republique-centrafricaine#primaryimage","url":"https:\/\/static.africa-press.net\/centrafricaine\/sites\/45\/2024\/01\/sm_1705506318.624281.jpg","contentUrl":"https:\/\/static.africa-press.net\/centrafricaine\/sites\/45\/2024\/01\/sm_1705506318.624281.jpg","width":720,"height":470,"caption":"D\u00e9claration attribuable au porte-parole du Secr\u00e9taire g\u00e9n\u00e9rale - sur la R\u00e9publique centrafricaine"},{"@type":"BreadcrumbList","@id":"https:\/\/www.africa-press.net\/centrafricaine\/politique\/declaration-attribuable-au-porte-parole-du-secretaire-generale-sur-la-republique-centrafricaine#breadcrumb","itemListElement":[{"@type":"ListItem","position":1,"name":"Accueil","item":"https:\/\/www.africa-press.net\/centrafricaine\/"},{"@type":"ListItem","position":2,"name":"D\u00e9claration attribuable au porte-parole du Secr\u00e9taire g\u00e9n\u00e9rale &#8211; sur la R\u00e9publique centrafricaine"}]},{"@type":"WebSite","@id":"https:\/\/www.africa-press.net\/centrafricaine\/#website","url":"https:\/\/www.africa-press.net\/centrafricaine\/","name":"centrafricaine","description":"Just another Africa News Agency Sites site","potentialAction":[{"@type":"SearchAction","target":{"@type":"EntryPoint","urlTemplate":"https:\/\/www.africa-press.net\/centrafricaine\/?s={search_term_string}"},"query-input":{"@type":"PropertyValueSpecification","valueRequired":true,"valueName":"search_term_string"}}],"inLanguage":"fr-FR"},{"@type":"Person","@id":"https:\/\/www.africa-press.net\/centrafricaine\/#\/schema\/person\/2b1cf3cd81a31e3cd26889ca66d677f1","name":"cfeditorfr"}]}},"_links":{"self":[{"href":"https:\/\/www.africa-press.net\/centrafricaine\/wp-json\/wp\/v2\/posts\/51802","targetHints":{"allow":["GET"]}}],"collection":[{"href":"https:\/\/www.africa-press.net\/centrafricaine\/wp-json\/wp\/v2\/posts"}],"about":[{"href":"https:\/\/www.africa-press.net\/centrafricaine\/wp-json\/wp\/v2\/types\/post"}],"author":[{"embeddable":true,"href":"https:\/\/www.africa-press.net\/centrafricaine\/wp-json\/wp\/v2\/users\/82"}],"replies":[{"embeddable":true,"href":"https:\/\/www.africa-press.net\/centrafricaine\/wp-json\/wp\/v2\/comments?post=51802"}],"version-history":[{"count":0,"href":"https:\/\/www.africa-press.net\/centrafricaine\/wp-json\/wp\/v2\/posts\/51802\/revisions"}],"wp:featuredmedia":[{"embeddable":true,"href":"https:\/\/www.africa-press.net\/centrafricaine\/wp-json\/wp\/v2\/media\/51801"}],"wp:attachment":[{"href":"https:\/\/www.africa-press.net\/centrafricaine\/wp-json\/wp\/v2\/media?parent=51802"}],"wp:term":[{"taxonomy":"category","embeddable":true,"href":"https:\/\/www.africa-press.net\/centrafricaine\/wp-json\/wp\/v2\/categories?post=51802"},{"taxonomy":"post_tag","embeddable":true,"href":"https:\/\/www.africa-press.net\/centrafricaine\/wp-json\/wp\/v2\/tags?post=51802"}],"curies":[{"name":"wp","href":"https:\/\/api.w.org\/{rel}","templated":true}]}}