{"id":51838,"date":"2024-01-18T15:44:21","date_gmt":"2024-01-18T15:44:21","guid":{"rendered":"https:\/\/www.africa-press.net\/centrafricaine\/politique\/vers-la-modernisation-avec-des-projets-denvergure"},"modified":"2024-01-19T14:16:47","modified_gmt":"2024-01-19T14:16:47","slug":"vers-la-modernisation-avec-des-projets-denvergure","status":"publish","type":"post","link":"https:\/\/www.africa-press.net\/centrafricaine\/politique\/vers-la-modernisation-avec-des-projets-denvergure","title":{"rendered":"vers la modernisation avec des projets d&rsquo;envergure"},"content":{"rendered":"<p><span style=\"color: #ff6600\"><strong>Africa-Press &#8211; CentrAfricaine. <\/strong><\/span>Le Premier ministre centrafricain, Fe\u0301lix Moloua a dirige\u0301 une se\u0301ance de travail le 16 janvier 2024 avec une de\u0301le\u0301gation de Brics International, mene\u0301e par le vice-pre\u0301sident Ahoua Don Mello. La rencontre visait a\u0300 discuter de quatre projets majeurs et trois initiatives strate\u0301giques, en envisageant la formation d&rsquo;un comite\u0301 de pilotage.<\/p>\n<p>Les projets strate\u0301giques incluent la construction d&rsquo;un ae\u0301roport international pour connecter la Re\u0301publique centrafricaine au reste du monde, ainsi que l&rsquo;e\u0301dification de lignes ferroviaires pour relier le pays aux co\u0302tes du Cameroun, du Soudan et du Tchad.<\/p>\n<p>Il est a\u0300 noter que les projets de chemin de fer reliant le Tchad au Soudan sont de\u0301ja\u0300 bien avance\u0301s en termes d&rsquo;e\u0301tudes pre\u0301liminaires, tandis que les liaisons entre le Cameroun et le Tchad sont en phase de contractualisation.<\/p>\n<p>Un autre aspect crucial de la re\u0301union concernait l&rsquo;ame\u0301lioration des technologies de l&rsquo;information et de la communication, avec une proposition de mise en place d&rsquo;une solution 5G pour booster l&rsquo;e\u0301change d&rsquo;informations et le te\u0301le\u0301chargement rapide de vide\u0301os.<\/p>\n<p>Cette technologie est envisage\u0301e pour ame\u0301liorer les services dans les domaines de l&rsquo;e\u0301ducation, de la sante\u0301, de l&rsquo;e\u0301conomie et de l&rsquo;administration publique. La cre\u0301ation d&rsquo;un comite\u0301 de pilotage a e\u0301te\u0301 sugge\u0301re\u0301e pour assurer une coordination efficace entre les ope\u0301rateurs et l&rsquo;administration, afin de faciliter la gestion et l&rsquo;imple\u0301mentation rapide des projets.<\/p>\n<p>L&rsquo;objectif est d&rsquo;acce\u0301le\u0301rer les processus pour que les citoyens centrafricains puissent rapidement be\u0301ne\u0301ficier des re\u0301sultats concrets de ces initiatives.<\/p>\n<p><strong>Pour plus d&rsquo;informations et d&rsquo;analyses sur la <a href=\"https:\/\/www.africa-press.net\/centrafricaine\">CentrAfricaine<\/a>, suivez <a href=\"https:\/\/www.africa-press.net\/\">Africa-Press<\/a><\/strong><\/p>\n","protected":false},"excerpt":{"rendered":"<p>Africa-Press &#8211; CentrAfricaine. Le Premier ministre centrafricain, Fe\u0301lix Moloua a dirige\u0301 une se\u0301ance de travail le 16 janvier 2024 avec une de\u0301le\u0301gation de Brics International, mene\u0301e par le vice-pre\u0301sident Ahoua Don Mello. La rencontre visait a\u0300 discuter de quatre projets majeurs et trois initiatives strate\u0301giques, en envisageant la formation d&rsquo;un comite\u0301 de pilotage. Les projets [&hellip;]<\/p>\n","protected":false},"author":82,"featured_media":51837,"comment_status":"open","ping_status":"closed","sticky":false,"template":"","format":"standard","meta":{"footnotes":""},"categories":[2,20,10],"tags":[36,58,30],"class_list":["post-51838","post","type-post","status-publish","format-standard","has-post-thumbnail","hentry","category-politique","category-top-nouvelles","category-toutes-les-actualites","tag-africa-press","tag-africa-press-centrafricaine","tag-centrafricaine"],"yoast_head":"<!-- This site is optimized with the Yoast SEO Premium plugin v26.1 (Yoast SEO v27.0) - https:\/\/yoast.com\/product\/yoast-seo-premium-wordpress\/ -->\n<title>vers la modernisation avec des projets d&#039;envergure - centrafricaine<\/title>\n<meta name=\"description\" content=\"Le Premier ministre centrafricain, Fe\u0301lix Moloua a dirige\u0301 une se\u0301ance de travail le 16 janvier 2024 avec une de\u0301le\u0301gati ...\" \/>\n<meta name=\"robots\" content=\"index, follow, max-snippet:-1, max-image-preview:large, max-video-preview:-1\" \/>\n<link rel=\"canonical\" href=\"https:\/\/www.africa-press.net\/centrafricaine\/politique\/vers-la-modernisation-avec-des-projets-denvergure\" \/>\n<meta property=\"og:locale\" content=\"fr_FR\" \/>\n<meta property=\"og:type\" content=\"article\" \/>\n<meta property=\"og:title\" content=\"vers la modernisation avec des projets d&#039;envergure\" \/>\n<meta property=\"og:description\" content=\"Le Premier ministre centrafricain, Fe\u0301lix Moloua a dirige\u0301 une se\u0301ance de travail le 16 janvier 2024 avec une de\u0301le\u0301gati ...\" \/>\n<meta property=\"og:url\" content=\"https:\/\/www.africa-press.net\/centrafricaine\/politique\/vers-la-modernisation-avec-des-projets-denvergure\" \/>\n<meta property=\"og:site_name\" content=\"centrafricaine\" \/>\n<meta property=\"article:published_time\" content=\"2024-01-18T15:44:21+00:00\" \/>\n<meta property=\"article:modified_time\" content=\"2024-01-19T14:16:47+00:00\" \/>\n<meta property=\"og:image\" content=\"https:\/\/static.africa-press.net\/centrafricaine\/sites\/45\/2024\/01\/sm_1705584021.48386.jpg\" \/>\n\t<meta property=\"og:image:width\" content=\"960\" \/>\n\t<meta property=\"og:image:height\" content=\"640\" \/>\n\t<meta property=\"og:image:type\" content=\"image\/jpeg\" \/>\n<meta name=\"author\" content=\"cfeditorfr\" \/>\n<meta name=\"twitter:card\" content=\"summary_large_image\" \/>\n<meta name=\"twitter:label1\" content=\"\u00c9crit par\" \/>\n\t<meta name=\"twitter:data1\" content=\"cfeditorfr\" \/>\n\t<meta name=\"twitter:label2\" content=\"Dur\u00e9e de lecture estim\u00e9e\" \/>\n\t<meta name=\"twitter:data2\" content=\"2 minutes\" \/>\n<script type=\"application\/ld+json\" class=\"yoast-schema-graph\">{\"@context\":\"https:\/\/schema.org\",\"@graph\":[{\"@type\":\"Article\",\"@id\":\"https:\/\/www.africa-press.net\/centrafricaine\/politique\/vers-la-modernisation-avec-des-projets-denvergure#article\",\"isPartOf\":{\"@id\":\"https:\/\/www.africa-press.net\/centrafricaine\/politique\/vers-la-modernisation-avec-des-projets-denvergure\"},\"author\":{\"name\":\"cfeditorfr\",\"@id\":\"https:\/\/www.africa-press.net\/centrafricaine\/#\/schema\/person\/2b1cf3cd81a31e3cd26889ca66d677f1\"},\"headline\":\"vers la modernisation avec des projets d&rsquo;envergure\",\"datePublished\":\"2024-01-18T15:44:21+00:00\",\"dateModified\":\"2024-01-19T14:16:47+00:00\",\"mainEntityOfPage\":{\"@id\":\"https:\/\/www.africa-press.net\/centrafricaine\/politique\/vers-la-modernisation-avec-des-projets-denvergure\"},\"wordCount\":308,\"commentCount\":0,\"image\":{\"@id\":\"https:\/\/www.africa-press.net\/centrafricaine\/politique\/vers-la-modernisation-avec-des-projets-denvergure#primaryimage\"},\"thumbnailUrl\":\"https:\/\/static.africa-press.net\/centrafricaine\/sites\/45\/2024\/01\/sm_1705584021.48386.jpg\",\"keywords\":[\"Africa Press\",\"Africa Press-CentrAfricaine\",\"CentrAfricaine\"],\"articleSection\":[\"Politique\",\"Top Nouvelles\",\"Toutes les actualit\u00e9s\"],\"inLanguage\":\"fr-FR\",\"potentialAction\":[{\"@type\":\"CommentAction\",\"name\":\"Comment\",\"target\":[\"https:\/\/www.africa-press.net\/centrafricaine\/politique\/vers-la-modernisation-avec-des-projets-denvergure#respond\"]}]},{\"@type\":\"WebPage\",\"@id\":\"https:\/\/www.africa-press.net\/centrafricaine\/politique\/vers-la-modernisation-avec-des-projets-denvergure\",\"url\":\"https:\/\/www.africa-press.net\/centrafricaine\/politique\/vers-la-modernisation-avec-des-projets-denvergure\",\"name\":\"vers la modernisation avec des projets d'envergure - centrafricaine\",\"isPartOf\":{\"@id\":\"https:\/\/www.africa-press.net\/centrafricaine\/#website\"},\"primaryImageOfPage\":{\"@id\":\"https:\/\/www.africa-press.net\/centrafricaine\/politique\/vers-la-modernisation-avec-des-projets-denvergure#primaryimage\"},\"image\":{\"@id\":\"https:\/\/www.africa-press.net\/centrafricaine\/politique\/vers-la-modernisation-avec-des-projets-denvergure#primaryimage\"},\"thumbnailUrl\":\"https:\/\/static.africa-press.net\/centrafricaine\/sites\/45\/2024\/01\/sm_1705584021.48386.jpg\",\"datePublished\":\"2024-01-18T15:44:21+00:00\",\"dateModified\":\"2024-01-19T14:16:47+00:00\",\"author\":{\"@id\":\"https:\/\/www.africa-press.net\/centrafricaine\/#\/schema\/person\/2b1cf3cd81a31e3cd26889ca66d677f1\"},\"description\":\"Le Premier ministre centrafricain, Fe\u0301lix Moloua a dirige\u0301 une se\u0301ance de travail le 16 janvier 2024 avec une de\u0301le\u0301gati ...\",\"breadcrumb\":{\"@id\":\"https:\/\/www.africa-press.net\/centrafricaine\/politique\/vers-la-modernisation-avec-des-projets-denvergure#breadcrumb\"},\"inLanguage\":\"fr-FR\",\"potentialAction\":[{\"@type\":\"ReadAction\",\"target\":[\"https:\/\/www.africa-press.net\/centrafricaine\/politique\/vers-la-modernisation-avec-des-projets-denvergure\"]}]},{\"@type\":\"ImageObject\",\"inLanguage\":\"fr-FR\",\"@id\":\"https:\/\/www.africa-press.net\/centrafricaine\/politique\/vers-la-modernisation-avec-des-projets-denvergure#primaryimage\",\"url\":\"https:\/\/static.africa-press.net\/centrafricaine\/sites\/45\/2024\/01\/sm_1705584021.48386.jpg\",\"contentUrl\":\"https:\/\/static.africa-press.net\/centrafricaine\/sites\/45\/2024\/01\/sm_1705584021.48386.jpg\",\"width\":960,\"height\":640,\"caption\":\"vers la modernisation avec des projets d'envergure\"},{\"@type\":\"BreadcrumbList\",\"@id\":\"https:\/\/www.africa-press.net\/centrafricaine\/politique\/vers-la-modernisation-avec-des-projets-denvergure#breadcrumb\",\"itemListElement\":[{\"@type\":\"ListItem\",\"position\":1,\"name\":\"Accueil\",\"item\":\"https:\/\/www.africa-press.net\/centrafricaine\/\"},{\"@type\":\"ListItem\",\"position\":2,\"name\":\"vers la modernisation avec des projets d&#8217;envergure\"}]},{\"@type\":\"WebSite\",\"@id\":\"https:\/\/www.africa-press.net\/centrafricaine\/#website\",\"url\":\"https:\/\/www.africa-press.net\/centrafricaine\/\",\"name\":\"centrafricaine\",\"description\":\"Just another Africa News Agency Sites site\",\"potentialAction\":[{\"@type\":\"SearchAction\",\"target\":{\"@type\":\"EntryPoint\",\"urlTemplate\":\"https:\/\/www.africa-press.net\/centrafricaine\/?s={search_term_string}\"},\"query-input\":{\"@type\":\"PropertyValueSpecification\",\"valueRequired\":true,\"valueName\":\"search_term_string\"}}],\"inLanguage\":\"fr-FR\"},{\"@type\":\"Person\",\"@id\":\"https:\/\/www.africa-press.net\/centrafricaine\/#\/schema\/person\/2b1cf3cd81a31e3cd26889ca66d677f1\",\"name\":\"cfeditorfr\"}]}<\/script>\n<!-- \/ Yoast SEO Premium plugin. -->","yoast_head_json":{"title":"vers la modernisation avec des projets d'envergure - centrafricaine","description":"Le Premier ministre centrafricain, Fe\u0301lix Moloua a dirige\u0301 une se\u0301ance de travail le 16 janvier 2024 avec une de\u0301le\u0301gati ...","robots":{"index":"index","follow":"follow","max-snippet":"max-snippet:-1","max-image-preview":"max-image-preview:large","max-video-preview":"max-video-preview:-1"},"canonical":"https:\/\/www.africa-press.net\/centrafricaine\/politique\/vers-la-modernisation-avec-des-projets-denvergure","og_locale":"fr_FR","og_type":"article","og_title":"vers la modernisation avec des projets d'envergure","og_description":"Le Premier ministre centrafricain, Fe\u0301lix Moloua a dirige\u0301 une se\u0301ance de travail le 16 janvier 2024 avec une de\u0301le\u0301gati ...","og_url":"https:\/\/www.africa-press.net\/centrafricaine\/politique\/vers-la-modernisation-avec-des-projets-denvergure","og_site_name":"centrafricaine","article_published_time":"2024-01-18T15:44:21+00:00","article_modified_time":"2024-01-19T14:16:47+00:00","og_image":[{"width":960,"height":640,"url":"https:\/\/static.africa-press.net\/centrafricaine\/sites\/45\/2024\/01\/sm_1705584021.48386.jpg","type":"image\/jpeg"}],"author":"cfeditorfr","twitter_card":"summary_large_image","twitter_misc":{"\u00c9crit par":"cfeditorfr","Dur\u00e9e de lecture estim\u00e9e":"2 minutes"},"schema":{"@context":"https:\/\/schema.org","@graph":[{"@type":"Article","@id":"https:\/\/www.africa-press.net\/centrafricaine\/politique\/vers-la-modernisation-avec-des-projets-denvergure#article","isPartOf":{"@id":"https:\/\/www.africa-press.net\/centrafricaine\/politique\/vers-la-modernisation-avec-des-projets-denvergure"},"author":{"name":"cfeditorfr","@id":"https:\/\/www.africa-press.net\/centrafricaine\/#\/schema\/person\/2b1cf3cd81a31e3cd26889ca66d677f1"},"headline":"vers la modernisation avec des projets d&rsquo;envergure","datePublished":"2024-01-18T15:44:21+00:00","dateModified":"2024-01-19T14:16:47+00:00","mainEntityOfPage":{"@id":"https:\/\/www.africa-press.net\/centrafricaine\/politique\/vers-la-modernisation-avec-des-projets-denvergure"},"wordCount":308,"commentCount":0,"image":{"@id":"https:\/\/www.africa-press.net\/centrafricaine\/politique\/vers-la-modernisation-avec-des-projets-denvergure#primaryimage"},"thumbnailUrl":"https:\/\/static.africa-press.net\/centrafricaine\/sites\/45\/2024\/01\/sm_1705584021.48386.jpg","keywords":["Africa Press","Africa Press-CentrAfricaine","CentrAfricaine"],"articleSection":["Politique","Top Nouvelles","Toutes les actualit\u00e9s"],"inLanguage":"fr-FR","potentialAction":[{"@type":"CommentAction","name":"Comment","target":["https:\/\/www.africa-press.net\/centrafricaine\/politique\/vers-la-modernisation-avec-des-projets-denvergure#respond"]}]},{"@type":"WebPage","@id":"https:\/\/www.africa-press.net\/centrafricaine\/politique\/vers-la-modernisation-avec-des-projets-denvergure","url":"https:\/\/www.africa-press.net\/centrafricaine\/politique\/vers-la-modernisation-avec-des-projets-denvergure","name":"vers la modernisation avec des projets d'envergure - centrafricaine","isPartOf":{"@id":"https:\/\/www.africa-press.net\/centrafricaine\/#website"},"primaryImageOfPage":{"@id":"https:\/\/www.africa-press.net\/centrafricaine\/politique\/vers-la-modernisation-avec-des-projets-denvergure#primaryimage"},"image":{"@id":"https:\/\/www.africa-press.net\/centrafricaine\/politique\/vers-la-modernisation-avec-des-projets-denvergure#primaryimage"},"thumbnailUrl":"https:\/\/static.africa-press.net\/centrafricaine\/sites\/45\/2024\/01\/sm_1705584021.48386.jpg","datePublished":"2024-01-18T15:44:21+00:00","dateModified":"2024-01-19T14:16:47+00:00","author":{"@id":"https:\/\/www.africa-press.net\/centrafricaine\/#\/schema\/person\/2b1cf3cd81a31e3cd26889ca66d677f1"},"description":"Le Premier ministre centrafricain, Fe\u0301lix Moloua a dirige\u0301 une se\u0301ance de travail le 16 janvier 2024 avec une de\u0301le\u0301gati ...","breadcrumb":{"@id":"https:\/\/www.africa-press.net\/centrafricaine\/politique\/vers-la-modernisation-avec-des-projets-denvergure#breadcrumb"},"inLanguage":"fr-FR","potentialAction":[{"@type":"ReadAction","target":["https:\/\/www.africa-press.net\/centrafricaine\/politique\/vers-la-modernisation-avec-des-projets-denvergure"]}]},{"@type":"ImageObject","inLanguage":"fr-FR","@id":"https:\/\/www.africa-press.net\/centrafricaine\/politique\/vers-la-modernisation-avec-des-projets-denvergure#primaryimage","url":"https:\/\/static.africa-press.net\/centrafricaine\/sites\/45\/2024\/01\/sm_1705584021.48386.jpg","contentUrl":"https:\/\/static.africa-press.net\/centrafricaine\/sites\/45\/2024\/01\/sm_1705584021.48386.jpg","width":960,"height":640,"caption":"vers la modernisation avec des projets d'envergure"},{"@type":"BreadcrumbList","@id":"https:\/\/www.africa-press.net\/centrafricaine\/politique\/vers-la-modernisation-avec-des-projets-denvergure#breadcrumb","itemListElement":[{"@type":"ListItem","position":1,"name":"Accueil","item":"https:\/\/www.africa-press.net\/centrafricaine\/"},{"@type":"ListItem","position":2,"name":"vers la modernisation avec des projets d&#8217;envergure"}]},{"@type":"WebSite","@id":"https:\/\/www.africa-press.net\/centrafricaine\/#website","url":"https:\/\/www.africa-press.net\/centrafricaine\/","name":"centrafricaine","description":"Just another Africa News Agency Sites site","potentialAction":[{"@type":"SearchAction","target":{"@type":"EntryPoint","urlTemplate":"https:\/\/www.africa-press.net\/centrafricaine\/?s={search_term_string}"},"query-input":{"@type":"PropertyValueSpecification","valueRequired":true,"valueName":"search_term_string"}}],"inLanguage":"fr-FR"},{"@type":"Person","@id":"https:\/\/www.africa-press.net\/centrafricaine\/#\/schema\/person\/2b1cf3cd81a31e3cd26889ca66d677f1","name":"cfeditorfr"}]}},"_links":{"self":[{"href":"https:\/\/www.africa-press.net\/centrafricaine\/wp-json\/wp\/v2\/posts\/51838","targetHints":{"allow":["GET"]}}],"collection":[{"href":"https:\/\/www.africa-press.net\/centrafricaine\/wp-json\/wp\/v2\/posts"}],"about":[{"href":"https:\/\/www.africa-press.net\/centrafricaine\/wp-json\/wp\/v2\/types\/post"}],"author":[{"embeddable":true,"href":"https:\/\/www.africa-press.net\/centrafricaine\/wp-json\/wp\/v2\/users\/82"}],"replies":[{"embeddable":true,"href":"https:\/\/www.africa-press.net\/centrafricaine\/wp-json\/wp\/v2\/comments?post=51838"}],"version-history":[{"count":0,"href":"https:\/\/www.africa-press.net\/centrafricaine\/wp-json\/wp\/v2\/posts\/51838\/revisions"}],"wp:featuredmedia":[{"embeddable":true,"href":"https:\/\/www.africa-press.net\/centrafricaine\/wp-json\/wp\/v2\/media\/51837"}],"wp:attachment":[{"href":"https:\/\/www.africa-press.net\/centrafricaine\/wp-json\/wp\/v2\/media?parent=51838"}],"wp:term":[{"taxonomy":"category","embeddable":true,"href":"https:\/\/www.africa-press.net\/centrafricaine\/wp-json\/wp\/v2\/categories?post=51838"},{"taxonomy":"post_tag","embeddable":true,"href":"https:\/\/www.africa-press.net\/centrafricaine\/wp-json\/wp\/v2\/tags?post=51838"}],"curies":[{"name":"wp","href":"https:\/\/api.w.org\/{rel}","templated":true}]}}