{"id":51887,"date":"2024-01-19T14:41:09","date_gmt":"2024-01-19T14:41:09","guid":{"rendered":"https:\/\/www.africa-press.net\/centrafricaine\/politique\/la-commemoration-de-massacres-sous-jean-bedel-bokassa-entre-recueillement-et-polemique"},"modified":"2024-01-20T07:40:09","modified_gmt":"2024-01-20T07:40:09","slug":"la-commemoration-de-massacres-sous-jean-bedel-bokassa-entre-recueillement-et-polemique","status":"publish","type":"post","link":"https:\/\/www.africa-press.net\/centrafricaine\/politique\/la-commemoration-de-massacres-sous-jean-bedel-bokassa-entre-recueillement-et-polemique","title":{"rendered":"la comm\u00e9moration de massacres sous Jean-Bedel Bokassa entre recueillement et pol\u00e9mique"},"content":{"rendered":"<p><span style=\"color: #ff6600\"><strong>Africa-Press &#8211; CentrAfricaine. <\/strong><\/span>En Centrafrique, ce 18 janvier 2024 e\u0301tait comme\u0301more\u0301 le massacre du 18 janvier 1979. Ce jour-la\u0300, sur ordre de l\u2019empereur Jean-Bedel Bokassa, les forces de se\u0301curite\u0301 avaient tire\u0301 sur des e\u0301le\u0300ves et e\u0301tudiants qui manifestaient contre le port de l\u2019uniforme, car beaucoup de familles ne pouvaient se l\u2019offrir. Des ce\u0301re\u0301monies sur fond de pole\u0301mique, des survivants souhaitant que ces comme\u0301morations, surnomme\u0301es \u00ab Semaine nationale de la Jeunesse \u00bb depuis 2012 redeviennent la Journe\u0301e des Martyrs.<\/p>\n<p>La jeunesse de Centrafrique a rendu hommage ce 18 janvier 2024 aux martyrs du 18 janvier 1979. Il y a 45 ans, sur ordre de l\u2019empereur Jean-Bedel Bokassa, les Forces de se\u0301curite\u0301 inte\u0301rieures tiraient sur des e\u0301le\u0300ves qui manifestaient dans les rues de Bangui. Ils refusaient de porter l\u2019uniforme scolaire et universitaire car beaucoup de familles ne pouvaient se l\u2019offrir en raison d\u2019importants retards de salaires dans la fonction publique. Des rafles avaient e\u0301te\u0301 organise\u0301es et de nombreux jeunes avaient e\u0301te\u0301 tue\u0301s ou torture\u0301s en prison. Une cinquantaine de jeunes y avaient perdu la vie.<\/p>\n<p>La Journe\u0301e des Martyrs, qui est comme\u0301more\u0301e chaque anne\u0301e, est devenue la Semaine nationale de la Jeunesse, en 2012, contre la volonte\u0301 des survivants, qui se battent pour re\u0301tablir leur statut.<\/p>\n<p>Comme a\u0300 l\u2019accoutume\u0301e, cette ce\u0301re\u0301monie a e\u0301te\u0301 marque\u0301e par le de\u0301po\u0302t des gerbes de fleurs au pied du monument des Martyrs. Ce triste e\u0301ve\u0301nement a forge\u0301 le caracte\u0300re de nombreux jeunes Centrafricains, comme Junior Gonendji: \u00ab Cette journe\u0301e repre\u0301sente pour moi le courage, l\u2019union. Les jeunes se sont leve\u0301s pour unir leurs efforts et de\u0301fendre un but commun. Nous ne pouvons pas tourner la page de l\u2019histoire qui a marque\u0301 la jeunesse centrafricaine. \u00bb<\/p>\n<p>Treize ans apre\u0300s la transformation de la Journe\u0301e des Martyrs en Semaine nationale de la Jeunesse, les survivants entendent porter l&rsquo;affaire en justice apre\u0300s des anne\u0301es de luttes infructueuses. Henry Dondra est le pre\u0301sident du Collectif des survivants: \u00ab L&rsquo;histoire est sacre\u0301e, on ne peut pas la changer, nous explique-t-il. Si les autorite\u0301s persistent, nous allons de\u0301poser une plainte a\u0300 la Cour pe\u0301nale internationale, parce que ce n&rsquo;est pas normal. Nous sommes en train de nous battre afin que cette journe\u0301e soit classe\u0301e parmi les patrimoines de l&rsquo;Unesco. La Journe\u0301e des Martyrs doit e\u0302tre maintenue \u00bb.<\/p>\n<p>Cette modification, selon le gouvernement, permet aux jeunes de se re\u0301unir pendant cette pe\u0301riode et de re\u0301fle\u0301chir ensemble sur les de\u0301fis de l\u2019avenir.<\/p>\n<p><strong>Pour plus d&rsquo;informations et d&rsquo;analyses sur la <a href=\"https:\/\/www.africa-press.net\/centrafricaine\">CentrAfricaine<\/a>, suivez <a href=\"https:\/\/www.africa-press.net\/\">Africa-Press<\/a><\/strong><\/p>\n","protected":false},"excerpt":{"rendered":"<p>Africa-Press &#8211; CentrAfricaine. En Centrafrique, ce 18 janvier 2024 e\u0301tait comme\u0301more\u0301 le massacre du 18 janvier 1979. Ce jour-la\u0300, sur ordre de l\u2019empereur Jean-Bedel Bokassa, les forces de se\u0301curite\u0301 avaient tire\u0301 sur des e\u0301le\u0300ves et e\u0301tudiants qui manifestaient contre le port de l\u2019uniforme, car beaucoup de familles ne pouvaient se l\u2019offrir. Des ce\u0301re\u0301monies sur fond [&hellip;]<\/p>\n","protected":false},"author":82,"featured_media":51886,"comment_status":"open","ping_status":"closed","sticky":false,"template":"","format":"standard","meta":{"footnotes":""},"categories":[2,20,10],"tags":[36,58,30],"class_list":["post-51887","post","type-post","status-publish","format-standard","has-post-thumbnail","hentry","category-politique","category-top-nouvelles","category-toutes-les-actualites","tag-africa-press","tag-africa-press-centrafricaine","tag-centrafricaine"],"yoast_head":"<!-- This site is optimized with the Yoast SEO Premium plugin v26.1 (Yoast SEO v27.0) - https:\/\/yoast.com\/product\/yoast-seo-premium-wordpress\/ -->\n<title>la comm\u00e9moration de massacres sous Jean-Bedel Bokassa entre recueillement et pol\u00e9mique - centrafricaine<\/title>\n<meta name=\"description\" content=\"En Centrafrique, ce 18 janvier 2024 e\u0301tait comme\u0301more\u0301 le massacre du 18 janvier 1979. Ce jour-la\u0300, sur ordre de l\u2019emper ...\" \/>\n<meta name=\"robots\" content=\"index, follow, max-snippet:-1, max-image-preview:large, max-video-preview:-1\" \/>\n<link rel=\"canonical\" href=\"https:\/\/www.africa-press.net\/centrafricaine\/politique\/la-commemoration-de-massacres-sous-jean-bedel-bokassa-entre-recueillement-et-polemique\" \/>\n<meta property=\"og:locale\" content=\"fr_FR\" \/>\n<meta property=\"og:type\" content=\"article\" \/>\n<meta property=\"og:title\" content=\"la comm\u00e9moration de massacres sous Jean-Bedel Bokassa entre recueillement et pol\u00e9mique\" \/>\n<meta property=\"og:description\" content=\"En Centrafrique, ce 18 janvier 2024 e\u0301tait comme\u0301more\u0301 le massacre du 18 janvier 1979. Ce jour-la\u0300, sur ordre de l\u2019emper ...\" \/>\n<meta property=\"og:url\" content=\"https:\/\/www.africa-press.net\/centrafricaine\/politique\/la-commemoration-de-massacres-sous-jean-bedel-bokassa-entre-recueillement-et-polemique\" \/>\n<meta property=\"og:site_name\" content=\"centrafricaine\" \/>\n<meta property=\"article:published_time\" content=\"2024-01-19T14:41:09+00:00\" \/>\n<meta property=\"article:modified_time\" content=\"2024-01-20T07:40:09+00:00\" \/>\n<meta property=\"og:image\" content=\"https:\/\/static.africa-press.net\/centrafricaine\/sites\/45\/2024\/01\/sm_1705663302.557441.jpg\" \/>\n\t<meta property=\"og:image:width\" content=\"980\" \/>\n\t<meta property=\"og:image:height\" content=\"552\" \/>\n\t<meta property=\"og:image:type\" content=\"image\/jpeg\" \/>\n<meta name=\"author\" content=\"cfeditorfr\" \/>\n<meta name=\"twitter:card\" content=\"summary_large_image\" \/>\n<meta name=\"twitter:label1\" content=\"\u00c9crit par\" \/>\n\t<meta name=\"twitter:data1\" content=\"cfeditorfr\" \/>\n\t<meta name=\"twitter:label2\" content=\"Dur\u00e9e de lecture estim\u00e9e\" \/>\n\t<meta name=\"twitter:data2\" content=\"3 minutes\" \/>\n<script type=\"application\/ld+json\" class=\"yoast-schema-graph\">{\"@context\":\"https:\/\/schema.org\",\"@graph\":[{\"@type\":\"Article\",\"@id\":\"https:\/\/www.africa-press.net\/centrafricaine\/politique\/la-commemoration-de-massacres-sous-jean-bedel-bokassa-entre-recueillement-et-polemique#article\",\"isPartOf\":{\"@id\":\"https:\/\/www.africa-press.net\/centrafricaine\/politique\/la-commemoration-de-massacres-sous-jean-bedel-bokassa-entre-recueillement-et-polemique\"},\"author\":{\"name\":\"cfeditorfr\",\"@id\":\"https:\/\/www.africa-press.net\/centrafricaine\/#\/schema\/person\/2b1cf3cd81a31e3cd26889ca66d677f1\"},\"headline\":\"la comm\u00e9moration de massacres sous Jean-Bedel Bokassa entre recueillement et pol\u00e9mique\",\"datePublished\":\"2024-01-19T14:41:09+00:00\",\"dateModified\":\"2024-01-20T07:40:09+00:00\",\"mainEntityOfPage\":{\"@id\":\"https:\/\/www.africa-press.net\/centrafricaine\/politique\/la-commemoration-de-massacres-sous-jean-bedel-bokassa-entre-recueillement-et-polemique\"},\"wordCount\":478,\"commentCount\":0,\"image\":{\"@id\":\"https:\/\/www.africa-press.net\/centrafricaine\/politique\/la-commemoration-de-massacres-sous-jean-bedel-bokassa-entre-recueillement-et-polemique#primaryimage\"},\"thumbnailUrl\":\"https:\/\/static.africa-press.net\/centrafricaine\/sites\/45\/2024\/01\/sm_1705663302.557441.jpg\",\"keywords\":[\"Africa Press\",\"Africa Press-CentrAfricaine\",\"CentrAfricaine\"],\"articleSection\":[\"Politique\",\"Top Nouvelles\",\"Toutes les actualit\u00e9s\"],\"inLanguage\":\"fr-FR\",\"potentialAction\":[{\"@type\":\"CommentAction\",\"name\":\"Comment\",\"target\":[\"https:\/\/www.africa-press.net\/centrafricaine\/politique\/la-commemoration-de-massacres-sous-jean-bedel-bokassa-entre-recueillement-et-polemique#respond\"]}]},{\"@type\":\"WebPage\",\"@id\":\"https:\/\/www.africa-press.net\/centrafricaine\/politique\/la-commemoration-de-massacres-sous-jean-bedel-bokassa-entre-recueillement-et-polemique\",\"url\":\"https:\/\/www.africa-press.net\/centrafricaine\/politique\/la-commemoration-de-massacres-sous-jean-bedel-bokassa-entre-recueillement-et-polemique\",\"name\":\"la comm\u00e9moration de massacres sous Jean-Bedel Bokassa entre recueillement et pol\u00e9mique - centrafricaine\",\"isPartOf\":{\"@id\":\"https:\/\/www.africa-press.net\/centrafricaine\/#website\"},\"primaryImageOfPage\":{\"@id\":\"https:\/\/www.africa-press.net\/centrafricaine\/politique\/la-commemoration-de-massacres-sous-jean-bedel-bokassa-entre-recueillement-et-polemique#primaryimage\"},\"image\":{\"@id\":\"https:\/\/www.africa-press.net\/centrafricaine\/politique\/la-commemoration-de-massacres-sous-jean-bedel-bokassa-entre-recueillement-et-polemique#primaryimage\"},\"thumbnailUrl\":\"https:\/\/static.africa-press.net\/centrafricaine\/sites\/45\/2024\/01\/sm_1705663302.557441.jpg\",\"datePublished\":\"2024-01-19T14:41:09+00:00\",\"dateModified\":\"2024-01-20T07:40:09+00:00\",\"author\":{\"@id\":\"https:\/\/www.africa-press.net\/centrafricaine\/#\/schema\/person\/2b1cf3cd81a31e3cd26889ca66d677f1\"},\"description\":\"En Centrafrique, ce 18 janvier 2024 e\u0301tait comme\u0301more\u0301 le massacre du 18 janvier 1979. Ce jour-la\u0300, sur ordre de l\u2019emper ...\",\"breadcrumb\":{\"@id\":\"https:\/\/www.africa-press.net\/centrafricaine\/politique\/la-commemoration-de-massacres-sous-jean-bedel-bokassa-entre-recueillement-et-polemique#breadcrumb\"},\"inLanguage\":\"fr-FR\",\"potentialAction\":[{\"@type\":\"ReadAction\",\"target\":[\"https:\/\/www.africa-press.net\/centrafricaine\/politique\/la-commemoration-de-massacres-sous-jean-bedel-bokassa-entre-recueillement-et-polemique\"]}]},{\"@type\":\"ImageObject\",\"inLanguage\":\"fr-FR\",\"@id\":\"https:\/\/www.africa-press.net\/centrafricaine\/politique\/la-commemoration-de-massacres-sous-jean-bedel-bokassa-entre-recueillement-et-polemique#primaryimage\",\"url\":\"https:\/\/static.africa-press.net\/centrafricaine\/sites\/45\/2024\/01\/sm_1705663302.557441.jpg\",\"contentUrl\":\"https:\/\/static.africa-press.net\/centrafricaine\/sites\/45\/2024\/01\/sm_1705663302.557441.jpg\",\"width\":980,\"height\":552,\"caption\":\"la comm\u00e9moration de massacres sous Jean-Bedel Bokassa entre recueillement et pol\u00e9mique\"},{\"@type\":\"BreadcrumbList\",\"@id\":\"https:\/\/www.africa-press.net\/centrafricaine\/politique\/la-commemoration-de-massacres-sous-jean-bedel-bokassa-entre-recueillement-et-polemique#breadcrumb\",\"itemListElement\":[{\"@type\":\"ListItem\",\"position\":1,\"name\":\"Accueil\",\"item\":\"https:\/\/www.africa-press.net\/centrafricaine\/\"},{\"@type\":\"ListItem\",\"position\":2,\"name\":\"la comm\u00e9moration de massacres sous Jean-Bedel Bokassa entre recueillement et pol\u00e9mique\"}]},{\"@type\":\"WebSite\",\"@id\":\"https:\/\/www.africa-press.net\/centrafricaine\/#website\",\"url\":\"https:\/\/www.africa-press.net\/centrafricaine\/\",\"name\":\"centrafricaine\",\"description\":\"Just another Africa News Agency Sites site\",\"potentialAction\":[{\"@type\":\"SearchAction\",\"target\":{\"@type\":\"EntryPoint\",\"urlTemplate\":\"https:\/\/www.africa-press.net\/centrafricaine\/?s={search_term_string}\"},\"query-input\":{\"@type\":\"PropertyValueSpecification\",\"valueRequired\":true,\"valueName\":\"search_term_string\"}}],\"inLanguage\":\"fr-FR\"},{\"@type\":\"Person\",\"@id\":\"https:\/\/www.africa-press.net\/centrafricaine\/#\/schema\/person\/2b1cf3cd81a31e3cd26889ca66d677f1\",\"name\":\"cfeditorfr\"}]}<\/script>\n<!-- \/ Yoast SEO Premium plugin. -->","yoast_head_json":{"title":"la comm\u00e9moration de massacres sous Jean-Bedel Bokassa entre recueillement et pol\u00e9mique - centrafricaine","description":"En Centrafrique, ce 18 janvier 2024 e\u0301tait comme\u0301more\u0301 le massacre du 18 janvier 1979. Ce jour-la\u0300, sur ordre de l\u2019emper ...","robots":{"index":"index","follow":"follow","max-snippet":"max-snippet:-1","max-image-preview":"max-image-preview:large","max-video-preview":"max-video-preview:-1"},"canonical":"https:\/\/www.africa-press.net\/centrafricaine\/politique\/la-commemoration-de-massacres-sous-jean-bedel-bokassa-entre-recueillement-et-polemique","og_locale":"fr_FR","og_type":"article","og_title":"la comm\u00e9moration de massacres sous Jean-Bedel Bokassa entre recueillement et pol\u00e9mique","og_description":"En Centrafrique, ce 18 janvier 2024 e\u0301tait comme\u0301more\u0301 le massacre du 18 janvier 1979. Ce jour-la\u0300, sur ordre de l\u2019emper ...","og_url":"https:\/\/www.africa-press.net\/centrafricaine\/politique\/la-commemoration-de-massacres-sous-jean-bedel-bokassa-entre-recueillement-et-polemique","og_site_name":"centrafricaine","article_published_time":"2024-01-19T14:41:09+00:00","article_modified_time":"2024-01-20T07:40:09+00:00","og_image":[{"width":980,"height":552,"url":"https:\/\/static.africa-press.net\/centrafricaine\/sites\/45\/2024\/01\/sm_1705663302.557441.jpg","type":"image\/jpeg"}],"author":"cfeditorfr","twitter_card":"summary_large_image","twitter_misc":{"\u00c9crit par":"cfeditorfr","Dur\u00e9e de lecture estim\u00e9e":"3 minutes"},"schema":{"@context":"https:\/\/schema.org","@graph":[{"@type":"Article","@id":"https:\/\/www.africa-press.net\/centrafricaine\/politique\/la-commemoration-de-massacres-sous-jean-bedel-bokassa-entre-recueillement-et-polemique#article","isPartOf":{"@id":"https:\/\/www.africa-press.net\/centrafricaine\/politique\/la-commemoration-de-massacres-sous-jean-bedel-bokassa-entre-recueillement-et-polemique"},"author":{"name":"cfeditorfr","@id":"https:\/\/www.africa-press.net\/centrafricaine\/#\/schema\/person\/2b1cf3cd81a31e3cd26889ca66d677f1"},"headline":"la comm\u00e9moration de massacres sous Jean-Bedel Bokassa entre recueillement et pol\u00e9mique","datePublished":"2024-01-19T14:41:09+00:00","dateModified":"2024-01-20T07:40:09+00:00","mainEntityOfPage":{"@id":"https:\/\/www.africa-press.net\/centrafricaine\/politique\/la-commemoration-de-massacres-sous-jean-bedel-bokassa-entre-recueillement-et-polemique"},"wordCount":478,"commentCount":0,"image":{"@id":"https:\/\/www.africa-press.net\/centrafricaine\/politique\/la-commemoration-de-massacres-sous-jean-bedel-bokassa-entre-recueillement-et-polemique#primaryimage"},"thumbnailUrl":"https:\/\/static.africa-press.net\/centrafricaine\/sites\/45\/2024\/01\/sm_1705663302.557441.jpg","keywords":["Africa Press","Africa Press-CentrAfricaine","CentrAfricaine"],"articleSection":["Politique","Top Nouvelles","Toutes les actualit\u00e9s"],"inLanguage":"fr-FR","potentialAction":[{"@type":"CommentAction","name":"Comment","target":["https:\/\/www.africa-press.net\/centrafricaine\/politique\/la-commemoration-de-massacres-sous-jean-bedel-bokassa-entre-recueillement-et-polemique#respond"]}]},{"@type":"WebPage","@id":"https:\/\/www.africa-press.net\/centrafricaine\/politique\/la-commemoration-de-massacres-sous-jean-bedel-bokassa-entre-recueillement-et-polemique","url":"https:\/\/www.africa-press.net\/centrafricaine\/politique\/la-commemoration-de-massacres-sous-jean-bedel-bokassa-entre-recueillement-et-polemique","name":"la comm\u00e9moration de massacres sous Jean-Bedel Bokassa entre recueillement et pol\u00e9mique - centrafricaine","isPartOf":{"@id":"https:\/\/www.africa-press.net\/centrafricaine\/#website"},"primaryImageOfPage":{"@id":"https:\/\/www.africa-press.net\/centrafricaine\/politique\/la-commemoration-de-massacres-sous-jean-bedel-bokassa-entre-recueillement-et-polemique#primaryimage"},"image":{"@id":"https:\/\/www.africa-press.net\/centrafricaine\/politique\/la-commemoration-de-massacres-sous-jean-bedel-bokassa-entre-recueillement-et-polemique#primaryimage"},"thumbnailUrl":"https:\/\/static.africa-press.net\/centrafricaine\/sites\/45\/2024\/01\/sm_1705663302.557441.jpg","datePublished":"2024-01-19T14:41:09+00:00","dateModified":"2024-01-20T07:40:09+00:00","author":{"@id":"https:\/\/www.africa-press.net\/centrafricaine\/#\/schema\/person\/2b1cf3cd81a31e3cd26889ca66d677f1"},"description":"En Centrafrique, ce 18 janvier 2024 e\u0301tait comme\u0301more\u0301 le massacre du 18 janvier 1979. Ce jour-la\u0300, sur ordre de l\u2019emper ...","breadcrumb":{"@id":"https:\/\/www.africa-press.net\/centrafricaine\/politique\/la-commemoration-de-massacres-sous-jean-bedel-bokassa-entre-recueillement-et-polemique#breadcrumb"},"inLanguage":"fr-FR","potentialAction":[{"@type":"ReadAction","target":["https:\/\/www.africa-press.net\/centrafricaine\/politique\/la-commemoration-de-massacres-sous-jean-bedel-bokassa-entre-recueillement-et-polemique"]}]},{"@type":"ImageObject","inLanguage":"fr-FR","@id":"https:\/\/www.africa-press.net\/centrafricaine\/politique\/la-commemoration-de-massacres-sous-jean-bedel-bokassa-entre-recueillement-et-polemique#primaryimage","url":"https:\/\/static.africa-press.net\/centrafricaine\/sites\/45\/2024\/01\/sm_1705663302.557441.jpg","contentUrl":"https:\/\/static.africa-press.net\/centrafricaine\/sites\/45\/2024\/01\/sm_1705663302.557441.jpg","width":980,"height":552,"caption":"la comm\u00e9moration de massacres sous Jean-Bedel Bokassa entre recueillement et pol\u00e9mique"},{"@type":"BreadcrumbList","@id":"https:\/\/www.africa-press.net\/centrafricaine\/politique\/la-commemoration-de-massacres-sous-jean-bedel-bokassa-entre-recueillement-et-polemique#breadcrumb","itemListElement":[{"@type":"ListItem","position":1,"name":"Accueil","item":"https:\/\/www.africa-press.net\/centrafricaine\/"},{"@type":"ListItem","position":2,"name":"la comm\u00e9moration de massacres sous Jean-Bedel Bokassa entre recueillement et pol\u00e9mique"}]},{"@type":"WebSite","@id":"https:\/\/www.africa-press.net\/centrafricaine\/#website","url":"https:\/\/www.africa-press.net\/centrafricaine\/","name":"centrafricaine","description":"Just another Africa News Agency Sites site","potentialAction":[{"@type":"SearchAction","target":{"@type":"EntryPoint","urlTemplate":"https:\/\/www.africa-press.net\/centrafricaine\/?s={search_term_string}"},"query-input":{"@type":"PropertyValueSpecification","valueRequired":true,"valueName":"search_term_string"}}],"inLanguage":"fr-FR"},{"@type":"Person","@id":"https:\/\/www.africa-press.net\/centrafricaine\/#\/schema\/person\/2b1cf3cd81a31e3cd26889ca66d677f1","name":"cfeditorfr"}]}},"_links":{"self":[{"href":"https:\/\/www.africa-press.net\/centrafricaine\/wp-json\/wp\/v2\/posts\/51887","targetHints":{"allow":["GET"]}}],"collection":[{"href":"https:\/\/www.africa-press.net\/centrafricaine\/wp-json\/wp\/v2\/posts"}],"about":[{"href":"https:\/\/www.africa-press.net\/centrafricaine\/wp-json\/wp\/v2\/types\/post"}],"author":[{"embeddable":true,"href":"https:\/\/www.africa-press.net\/centrafricaine\/wp-json\/wp\/v2\/users\/82"}],"replies":[{"embeddable":true,"href":"https:\/\/www.africa-press.net\/centrafricaine\/wp-json\/wp\/v2\/comments?post=51887"}],"version-history":[{"count":0,"href":"https:\/\/www.africa-press.net\/centrafricaine\/wp-json\/wp\/v2\/posts\/51887\/revisions"}],"wp:featuredmedia":[{"embeddable":true,"href":"https:\/\/www.africa-press.net\/centrafricaine\/wp-json\/wp\/v2\/media\/51886"}],"wp:attachment":[{"href":"https:\/\/www.africa-press.net\/centrafricaine\/wp-json\/wp\/v2\/media?parent=51887"}],"wp:term":[{"taxonomy":"category","embeddable":true,"href":"https:\/\/www.africa-press.net\/centrafricaine\/wp-json\/wp\/v2\/categories?post=51887"},{"taxonomy":"post_tag","embeddable":true,"href":"https:\/\/www.africa-press.net\/centrafricaine\/wp-json\/wp\/v2\/tags?post=51887"}],"curies":[{"name":"wp","href":"https:\/\/api.w.org\/{rel}","templated":true}]}}