{"id":51891,"date":"2024-01-19T14:59:24","date_gmt":"2024-01-19T14:59:24","guid":{"rendered":"https:\/\/www.africa-press.net\/centrafricaine\/politique\/rca-inauguration-du-centre-de-formation-digitale-de-luniversite-de-bangui"},"modified":"2024-01-20T07:45:17","modified_gmt":"2024-01-20T07:45:17","slug":"rca-inauguration-du-centre-de-formation-digitale-de-luniversite-de-bangui","status":"publish","type":"post","link":"https:\/\/www.africa-press.net\/centrafricaine\/economie\/rca-inauguration-du-centre-de-formation-digitale-de-luniversite-de-bangui","title":{"rendered":"RCA : inauguration du Centre de Formation Digitale de l\u2019universit\u00e9 de Bangui"},"content":{"rendered":"<p><span style=\"color: #ff6600\"><strong>Africa-Press &#8211; CentrAfricaine. <\/strong><\/span>Le pre\u0301sident de la Re\u0301publique centrafricaine, le Pr Faustin Archange Touadera, a pre\u0301side\u0301 le 15 janvier dernier, la ce\u0301re\u0301monie d\u2019inauguration du Centre de Formation Digitale a\u0300 l\u2019universite\u0301 de Bangui, couple\u0301e avec le lancement du haut de\u0301bit par la socie\u0301te\u0301 MTN Bayobab.<\/p>\n<p>Cette infrastructure est construite dans le cadre du Projet de la dorsale a\u0300 fibre optique de l\u2019Afrique centrale composante RCA, lance\u0301 le 04 octobre 2019 a\u0300 Berberberati, chef-lieu de la Mambe\u0301re\u0301 Kade\u0301i.<\/p>\n<p>Le ministre de l\u2019Economie nume\u0301rique, des Postes et Te\u0301le\u0301communications Justin Gourna-Zacko a, dans sa de\u0301claration de circonstance, rappele\u0301 les objectifs de ce projet. En effet, ce projet vise a\u0300 re\u0301duire la fracture nume\u0301rique ; contribuer a\u0300 la diversification de l\u2019e\u0301conomie nume\u0301rique dans la zone CEMAC ; de\u0301velopper les compe\u0301tences des jeunes centrafricains ; promouvoir des services en matie\u0300re de Technologie de l\u2019Information et de la Communication ; et surtout a\u0300 cre\u0301er des emplois en faveur des jeunes.<\/p>\n<p>Ce centre est spe\u0301cialise\u0301 dans le domaine des technologies Web, notamment le de\u0301veloppement des sites web, la gestion du contenu e-commerce, les langages, les applications mobiles, les bases de donne\u0301es au moyens des PC et les serveurs, les tendances et les technologies e\u0301mergentes IA, internet des objets robotiques, les me\u0301thodologies de travail du monde de l\u2019informatique.<\/p>\n<p>Le projet a e\u0301galement permis la construction d&rsquo;un Centre de formation digitale a\u0300 l\u2019Ecole Normale Supe\u0301rieure et d\u2019un laboratoire au lyce\u0301e technique de Bangui, ainsi que la re\u0301habilitation de deux salles de cours avec des e\u0301quipements informatiques.<\/p>\n<p>Le gouvernement centrafricain est en ne\u0301gociation avec l\u2019Union Internationale des Te\u0301le\u0301communications pour de\u0301ployer en urgence des solutions interme\u0301diaires de connectivite\u0301 en VSAT des e\u0301tablissements secondaires pour la formation des e\u0301leves des villes de Bambari, Bangassou, Mobaye, Nde\u0301le\u0301, Birao, Sibut, Damara, Kaga-Bandoro, Batangafo et Bouca.<\/p>\n<p>Il faut rappeler que ce projet innovant est finance\u0301 par l\u2019Union Europe\u0301enne et la Banque Africaine de De\u0301veloppement a\u0300 hauteur de 18 millions d\u2019euros. Le pre\u0301sident de la Re\u0301publique, Faustin Archange Touadera est porteur de ce projet pour lequel il s&rsquo;est investi personnellement pour obtenir les financements ne\u0301cessaires.<\/p>\n<p>Face a\u0300 la presse, au terme de cette ce\u0301re\u0301monie, il a affirme\u0301 que le de\u0301ploiement de la fibre optique en RCA passe par des ressources humaines qualifie\u0301es. La formation des jeunes centrafricains s\u2019ave\u0300re importante afin de permettre a\u0300 cette jeunesse de s\u2019approprier les Nouvelles Technologies de l&rsquo;Information et de la Communication.<\/p>\n<p><strong>Pour plus d&rsquo;informations et d&rsquo;analyses sur la <a href=\"https:\/\/www.africa-press.net\/centrafricaine\">CentrAfricaine<\/a>, suivez <a href=\"https:\/\/www.africa-press.net\/\">Africa-Press<\/a><\/strong><\/p>\n","protected":false},"excerpt":{"rendered":"<p>Africa-Press &#8211; CentrAfricaine. Le pre\u0301sident de la Re\u0301publique centrafricaine, le Pr Faustin Archange Touadera, a pre\u0301side\u0301 le 15 janvier dernier, la ce\u0301re\u0301monie d\u2019inauguration du Centre de Formation Digitale a\u0300 l\u2019universite\u0301 de Bangui, couple\u0301e avec le lancement du haut de\u0301bit par la socie\u0301te\u0301 MTN Bayobab. Cette infrastructure est construite dans le cadre du Projet de la [&hellip;]<\/p>\n","protected":false},"author":82,"featured_media":51890,"comment_status":"open","ping_status":"closed","sticky":false,"template":"","format":"standard","meta":{"footnotes":""},"categories":[3,20,10],"tags":[36,58,30],"class_list":["post-51891","post","type-post","status-publish","format-standard","has-post-thumbnail","hentry","category-economie","category-top-nouvelles","category-toutes-les-actualites","tag-africa-press","tag-africa-press-centrafricaine","tag-centrafricaine"],"yoast_head":"<!-- This site is optimized with the Yoast SEO Premium plugin v26.1 (Yoast SEO v27.0) - https:\/\/yoast.com\/product\/yoast-seo-premium-wordpress\/ -->\n<title>RCA : inauguration du Centre de Formation Digitale de l\u2019universit\u00e9 de Bangui - centrafricaine<\/title>\n<meta name=\"description\" content=\"Le pre\u0301sident de la Re\u0301publique centrafricaine, le Pr Faustin Archange Touadera, a pre\u0301side\u0301 le 15 janvier dernier, la c ...\" \/>\n<meta name=\"robots\" content=\"index, follow, max-snippet:-1, max-image-preview:large, max-video-preview:-1\" \/>\n<link rel=\"canonical\" href=\"https:\/\/www.africa-press.net\/centrafricaine\/economie\/rca-inauguration-du-centre-de-formation-digitale-de-luniversite-de-bangui\" \/>\n<meta property=\"og:locale\" content=\"fr_FR\" \/>\n<meta property=\"og:type\" content=\"article\" \/>\n<meta property=\"og:title\" content=\"RCA : inauguration du Centre de Formation Digitale de l\u2019universit\u00e9 de Bangui\" \/>\n<meta property=\"og:description\" content=\"Le pre\u0301sident de la Re\u0301publique centrafricaine, le Pr Faustin Archange Touadera, a pre\u0301side\u0301 le 15 janvier dernier, la c ...\" \/>\n<meta property=\"og:url\" content=\"https:\/\/www.africa-press.net\/centrafricaine\/economie\/rca-inauguration-du-centre-de-formation-digitale-de-luniversite-de-bangui\" \/>\n<meta property=\"og:site_name\" content=\"centrafricaine\" \/>\n<meta property=\"article:published_time\" content=\"2024-01-19T14:59:24+00:00\" \/>\n<meta property=\"article:modified_time\" content=\"2024-01-20T07:45:17+00:00\" \/>\n<meta property=\"og:image\" content=\"https:\/\/static.africa-press.net\/centrafricaine\/sites\/45\/2024\/01\/sm_1705668013.627222.jpg\" \/>\n\t<meta property=\"og:image:width\" content=\"1620\" \/>\n\t<meta property=\"og:image:height\" content=\"1080\" \/>\n\t<meta property=\"og:image:type\" content=\"image\/jpeg\" \/>\n<meta name=\"author\" content=\"cfeditorfr\" \/>\n<meta name=\"twitter:card\" content=\"summary_large_image\" \/>\n<meta name=\"twitter:label1\" content=\"\u00c9crit par\" \/>\n\t<meta name=\"twitter:data1\" content=\"cfeditorfr\" \/>\n\t<meta name=\"twitter:label2\" content=\"Dur\u00e9e de lecture estim\u00e9e\" \/>\n\t<meta name=\"twitter:data2\" content=\"3 minutes\" \/>\n<script type=\"application\/ld+json\" class=\"yoast-schema-graph\">{\"@context\":\"https:\/\/schema.org\",\"@graph\":[{\"@type\":\"Article\",\"@id\":\"https:\/\/www.africa-press.net\/centrafricaine\/economie\/rca-inauguration-du-centre-de-formation-digitale-de-luniversite-de-bangui#article\",\"isPartOf\":{\"@id\":\"https:\/\/www.africa-press.net\/centrafricaine\/economie\/rca-inauguration-du-centre-de-formation-digitale-de-luniversite-de-bangui\"},\"author\":{\"name\":\"cfeditorfr\",\"@id\":\"https:\/\/www.africa-press.net\/centrafricaine\/#\/schema\/person\/2b1cf3cd81a31e3cd26889ca66d677f1\"},\"headline\":\"RCA : inauguration du Centre de Formation Digitale de l\u2019universit\u00e9 de Bangui\",\"datePublished\":\"2024-01-19T14:59:24+00:00\",\"dateModified\":\"2024-01-20T07:45:17+00:00\",\"mainEntityOfPage\":{\"@id\":\"https:\/\/www.africa-press.net\/centrafricaine\/economie\/rca-inauguration-du-centre-de-formation-digitale-de-luniversite-de-bangui\"},\"wordCount\":472,\"commentCount\":0,\"image\":{\"@id\":\"https:\/\/www.africa-press.net\/centrafricaine\/economie\/rca-inauguration-du-centre-de-formation-digitale-de-luniversite-de-bangui#primaryimage\"},\"thumbnailUrl\":\"https:\/\/static.africa-press.net\/centrafricaine\/sites\/45\/2024\/01\/sm_1705668013.627222.jpg\",\"keywords\":[\"Africa Press\",\"Africa Press-CentrAfricaine\",\"CentrAfricaine\"],\"articleSection\":[\"\u00c9conomie\",\"Top Nouvelles\",\"Toutes les actualit\u00e9s\"],\"inLanguage\":\"fr-FR\",\"potentialAction\":[{\"@type\":\"CommentAction\",\"name\":\"Comment\",\"target\":[\"https:\/\/www.africa-press.net\/centrafricaine\/economie\/rca-inauguration-du-centre-de-formation-digitale-de-luniversite-de-bangui#respond\"]}]},{\"@type\":\"WebPage\",\"@id\":\"https:\/\/www.africa-press.net\/centrafricaine\/economie\/rca-inauguration-du-centre-de-formation-digitale-de-luniversite-de-bangui\",\"url\":\"https:\/\/www.africa-press.net\/centrafricaine\/economie\/rca-inauguration-du-centre-de-formation-digitale-de-luniversite-de-bangui\",\"name\":\"RCA : inauguration du Centre de Formation Digitale de l\u2019universit\u00e9 de Bangui - centrafricaine\",\"isPartOf\":{\"@id\":\"https:\/\/www.africa-press.net\/centrafricaine\/#website\"},\"primaryImageOfPage\":{\"@id\":\"https:\/\/www.africa-press.net\/centrafricaine\/economie\/rca-inauguration-du-centre-de-formation-digitale-de-luniversite-de-bangui#primaryimage\"},\"image\":{\"@id\":\"https:\/\/www.africa-press.net\/centrafricaine\/economie\/rca-inauguration-du-centre-de-formation-digitale-de-luniversite-de-bangui#primaryimage\"},\"thumbnailUrl\":\"https:\/\/static.africa-press.net\/centrafricaine\/sites\/45\/2024\/01\/sm_1705668013.627222.jpg\",\"datePublished\":\"2024-01-19T14:59:24+00:00\",\"dateModified\":\"2024-01-20T07:45:17+00:00\",\"author\":{\"@id\":\"https:\/\/www.africa-press.net\/centrafricaine\/#\/schema\/person\/2b1cf3cd81a31e3cd26889ca66d677f1\"},\"description\":\"Le pre\u0301sident de la Re\u0301publique centrafricaine, le Pr Faustin Archange Touadera, a pre\u0301side\u0301 le 15 janvier dernier, la c ...\",\"breadcrumb\":{\"@id\":\"https:\/\/www.africa-press.net\/centrafricaine\/economie\/rca-inauguration-du-centre-de-formation-digitale-de-luniversite-de-bangui#breadcrumb\"},\"inLanguage\":\"fr-FR\",\"potentialAction\":[{\"@type\":\"ReadAction\",\"target\":[\"https:\/\/www.africa-press.net\/centrafricaine\/economie\/rca-inauguration-du-centre-de-formation-digitale-de-luniversite-de-bangui\"]}]},{\"@type\":\"ImageObject\",\"inLanguage\":\"fr-FR\",\"@id\":\"https:\/\/www.africa-press.net\/centrafricaine\/economie\/rca-inauguration-du-centre-de-formation-digitale-de-luniversite-de-bangui#primaryimage\",\"url\":\"https:\/\/static.africa-press.net\/centrafricaine\/sites\/45\/2024\/01\/sm_1705668013.627222.jpg\",\"contentUrl\":\"https:\/\/static.africa-press.net\/centrafricaine\/sites\/45\/2024\/01\/sm_1705668013.627222.jpg\",\"width\":1620,\"height\":1080,\"caption\":\"RCA : inauguration du Centre de Formation Digitale de l\u2019universit\u00e9 de Bangui\"},{\"@type\":\"BreadcrumbList\",\"@id\":\"https:\/\/www.africa-press.net\/centrafricaine\/economie\/rca-inauguration-du-centre-de-formation-digitale-de-luniversite-de-bangui#breadcrumb\",\"itemListElement\":[{\"@type\":\"ListItem\",\"position\":1,\"name\":\"Accueil\",\"item\":\"https:\/\/www.africa-press.net\/centrafricaine\/\"},{\"@type\":\"ListItem\",\"position\":2,\"name\":\"RCA : inauguration du Centre de Formation Digitale de l\u2019universit\u00e9 de Bangui\"}]},{\"@type\":\"WebSite\",\"@id\":\"https:\/\/www.africa-press.net\/centrafricaine\/#website\",\"url\":\"https:\/\/www.africa-press.net\/centrafricaine\/\",\"name\":\"centrafricaine\",\"description\":\"Just another Africa News Agency Sites site\",\"potentialAction\":[{\"@type\":\"SearchAction\",\"target\":{\"@type\":\"EntryPoint\",\"urlTemplate\":\"https:\/\/www.africa-press.net\/centrafricaine\/?s={search_term_string}\"},\"query-input\":{\"@type\":\"PropertyValueSpecification\",\"valueRequired\":true,\"valueName\":\"search_term_string\"}}],\"inLanguage\":\"fr-FR\"},{\"@type\":\"Person\",\"@id\":\"https:\/\/www.africa-press.net\/centrafricaine\/#\/schema\/person\/2b1cf3cd81a31e3cd26889ca66d677f1\",\"name\":\"cfeditorfr\"}]}<\/script>\n<!-- \/ Yoast SEO Premium plugin. -->","yoast_head_json":{"title":"RCA : inauguration du Centre de Formation Digitale de l\u2019universit\u00e9 de Bangui - centrafricaine","description":"Le pre\u0301sident de la Re\u0301publique centrafricaine, le Pr Faustin Archange Touadera, a pre\u0301side\u0301 le 15 janvier dernier, la c ...","robots":{"index":"index","follow":"follow","max-snippet":"max-snippet:-1","max-image-preview":"max-image-preview:large","max-video-preview":"max-video-preview:-1"},"canonical":"https:\/\/www.africa-press.net\/centrafricaine\/economie\/rca-inauguration-du-centre-de-formation-digitale-de-luniversite-de-bangui","og_locale":"fr_FR","og_type":"article","og_title":"RCA : inauguration du Centre de Formation Digitale de l\u2019universit\u00e9 de Bangui","og_description":"Le pre\u0301sident de la Re\u0301publique centrafricaine, le Pr Faustin Archange Touadera, a pre\u0301side\u0301 le 15 janvier dernier, la c ...","og_url":"https:\/\/www.africa-press.net\/centrafricaine\/economie\/rca-inauguration-du-centre-de-formation-digitale-de-luniversite-de-bangui","og_site_name":"centrafricaine","article_published_time":"2024-01-19T14:59:24+00:00","article_modified_time":"2024-01-20T07:45:17+00:00","og_image":[{"width":1620,"height":1080,"url":"https:\/\/static.africa-press.net\/centrafricaine\/sites\/45\/2024\/01\/sm_1705668013.627222.jpg","type":"image\/jpeg"}],"author":"cfeditorfr","twitter_card":"summary_large_image","twitter_misc":{"\u00c9crit par":"cfeditorfr","Dur\u00e9e de lecture estim\u00e9e":"3 minutes"},"schema":{"@context":"https:\/\/schema.org","@graph":[{"@type":"Article","@id":"https:\/\/www.africa-press.net\/centrafricaine\/economie\/rca-inauguration-du-centre-de-formation-digitale-de-luniversite-de-bangui#article","isPartOf":{"@id":"https:\/\/www.africa-press.net\/centrafricaine\/economie\/rca-inauguration-du-centre-de-formation-digitale-de-luniversite-de-bangui"},"author":{"name":"cfeditorfr","@id":"https:\/\/www.africa-press.net\/centrafricaine\/#\/schema\/person\/2b1cf3cd81a31e3cd26889ca66d677f1"},"headline":"RCA : inauguration du Centre de Formation Digitale de l\u2019universit\u00e9 de Bangui","datePublished":"2024-01-19T14:59:24+00:00","dateModified":"2024-01-20T07:45:17+00:00","mainEntityOfPage":{"@id":"https:\/\/www.africa-press.net\/centrafricaine\/economie\/rca-inauguration-du-centre-de-formation-digitale-de-luniversite-de-bangui"},"wordCount":472,"commentCount":0,"image":{"@id":"https:\/\/www.africa-press.net\/centrafricaine\/economie\/rca-inauguration-du-centre-de-formation-digitale-de-luniversite-de-bangui#primaryimage"},"thumbnailUrl":"https:\/\/static.africa-press.net\/centrafricaine\/sites\/45\/2024\/01\/sm_1705668013.627222.jpg","keywords":["Africa Press","Africa Press-CentrAfricaine","CentrAfricaine"],"articleSection":["\u00c9conomie","Top Nouvelles","Toutes les actualit\u00e9s"],"inLanguage":"fr-FR","potentialAction":[{"@type":"CommentAction","name":"Comment","target":["https:\/\/www.africa-press.net\/centrafricaine\/economie\/rca-inauguration-du-centre-de-formation-digitale-de-luniversite-de-bangui#respond"]}]},{"@type":"WebPage","@id":"https:\/\/www.africa-press.net\/centrafricaine\/economie\/rca-inauguration-du-centre-de-formation-digitale-de-luniversite-de-bangui","url":"https:\/\/www.africa-press.net\/centrafricaine\/economie\/rca-inauguration-du-centre-de-formation-digitale-de-luniversite-de-bangui","name":"RCA : inauguration du Centre de Formation Digitale de l\u2019universit\u00e9 de Bangui - centrafricaine","isPartOf":{"@id":"https:\/\/www.africa-press.net\/centrafricaine\/#website"},"primaryImageOfPage":{"@id":"https:\/\/www.africa-press.net\/centrafricaine\/economie\/rca-inauguration-du-centre-de-formation-digitale-de-luniversite-de-bangui#primaryimage"},"image":{"@id":"https:\/\/www.africa-press.net\/centrafricaine\/economie\/rca-inauguration-du-centre-de-formation-digitale-de-luniversite-de-bangui#primaryimage"},"thumbnailUrl":"https:\/\/static.africa-press.net\/centrafricaine\/sites\/45\/2024\/01\/sm_1705668013.627222.jpg","datePublished":"2024-01-19T14:59:24+00:00","dateModified":"2024-01-20T07:45:17+00:00","author":{"@id":"https:\/\/www.africa-press.net\/centrafricaine\/#\/schema\/person\/2b1cf3cd81a31e3cd26889ca66d677f1"},"description":"Le pre\u0301sident de la Re\u0301publique centrafricaine, le Pr Faustin Archange Touadera, a pre\u0301side\u0301 le 15 janvier dernier, la c ...","breadcrumb":{"@id":"https:\/\/www.africa-press.net\/centrafricaine\/economie\/rca-inauguration-du-centre-de-formation-digitale-de-luniversite-de-bangui#breadcrumb"},"inLanguage":"fr-FR","potentialAction":[{"@type":"ReadAction","target":["https:\/\/www.africa-press.net\/centrafricaine\/economie\/rca-inauguration-du-centre-de-formation-digitale-de-luniversite-de-bangui"]}]},{"@type":"ImageObject","inLanguage":"fr-FR","@id":"https:\/\/www.africa-press.net\/centrafricaine\/economie\/rca-inauguration-du-centre-de-formation-digitale-de-luniversite-de-bangui#primaryimage","url":"https:\/\/static.africa-press.net\/centrafricaine\/sites\/45\/2024\/01\/sm_1705668013.627222.jpg","contentUrl":"https:\/\/static.africa-press.net\/centrafricaine\/sites\/45\/2024\/01\/sm_1705668013.627222.jpg","width":1620,"height":1080,"caption":"RCA : inauguration du Centre de Formation Digitale de l\u2019universit\u00e9 de Bangui"},{"@type":"BreadcrumbList","@id":"https:\/\/www.africa-press.net\/centrafricaine\/economie\/rca-inauguration-du-centre-de-formation-digitale-de-luniversite-de-bangui#breadcrumb","itemListElement":[{"@type":"ListItem","position":1,"name":"Accueil","item":"https:\/\/www.africa-press.net\/centrafricaine\/"},{"@type":"ListItem","position":2,"name":"RCA : inauguration du Centre de Formation Digitale de l\u2019universit\u00e9 de Bangui"}]},{"@type":"WebSite","@id":"https:\/\/www.africa-press.net\/centrafricaine\/#website","url":"https:\/\/www.africa-press.net\/centrafricaine\/","name":"centrafricaine","description":"Just another Africa News Agency Sites site","potentialAction":[{"@type":"SearchAction","target":{"@type":"EntryPoint","urlTemplate":"https:\/\/www.africa-press.net\/centrafricaine\/?s={search_term_string}"},"query-input":{"@type":"PropertyValueSpecification","valueRequired":true,"valueName":"search_term_string"}}],"inLanguage":"fr-FR"},{"@type":"Person","@id":"https:\/\/www.africa-press.net\/centrafricaine\/#\/schema\/person\/2b1cf3cd81a31e3cd26889ca66d677f1","name":"cfeditorfr"}]}},"_links":{"self":[{"href":"https:\/\/www.africa-press.net\/centrafricaine\/wp-json\/wp\/v2\/posts\/51891","targetHints":{"allow":["GET"]}}],"collection":[{"href":"https:\/\/www.africa-press.net\/centrafricaine\/wp-json\/wp\/v2\/posts"}],"about":[{"href":"https:\/\/www.africa-press.net\/centrafricaine\/wp-json\/wp\/v2\/types\/post"}],"author":[{"embeddable":true,"href":"https:\/\/www.africa-press.net\/centrafricaine\/wp-json\/wp\/v2\/users\/82"}],"replies":[{"embeddable":true,"href":"https:\/\/www.africa-press.net\/centrafricaine\/wp-json\/wp\/v2\/comments?post=51891"}],"version-history":[{"count":0,"href":"https:\/\/www.africa-press.net\/centrafricaine\/wp-json\/wp\/v2\/posts\/51891\/revisions"}],"wp:featuredmedia":[{"embeddable":true,"href":"https:\/\/www.africa-press.net\/centrafricaine\/wp-json\/wp\/v2\/media\/51890"}],"wp:attachment":[{"href":"https:\/\/www.africa-press.net\/centrafricaine\/wp-json\/wp\/v2\/media?parent=51891"}],"wp:term":[{"taxonomy":"category","embeddable":true,"href":"https:\/\/www.africa-press.net\/centrafricaine\/wp-json\/wp\/v2\/categories?post=51891"},{"taxonomy":"post_tag","embeddable":true,"href":"https:\/\/www.africa-press.net\/centrafricaine\/wp-json\/wp\/v2\/tags?post=51891"}],"curies":[{"name":"wp","href":"https:\/\/api.w.org\/{rel}","templated":true}]}}