{"id":51896,"date":"2024-01-19T15:49:18","date_gmt":"2024-01-19T15:49:18","guid":{"rendered":"https:\/\/www.africa-press.net\/centrafricaine\/politique\/visite-du-ministre-de-lenergie-et-de-lhydraulique-sur-le-site-de-boali-2"},"modified":"2024-01-20T14:40:58","modified_gmt":"2024-01-20T14:40:58","slug":"visite-du-ministre-de-lenergie-et-de-lhydraulique-sur-le-site-de-boali-2","status":"publish","type":"post","link":"https:\/\/www.africa-press.net\/centrafricaine\/economie\/visite-du-ministre-de-lenergie-et-de-lhydraulique-sur-le-site-de-boali-2","title":{"rendered":"Visite du ministre de l\u2019Energie et de l\u2019Hydraulique sur le site de Boali 2"},"content":{"rendered":"<p><span style=\"color: #ff6600\"><strong>Africa-Press &#8211; CentrAfricaine. <\/strong><\/span>Le ministre charge\u0301 du De\u0301veloppement de l\u2019Energie et des Ressources Hydrauliques, Arthur-Bertrand Piri, s\u2019est rendu mardi 16 janvier 2024, a\u0300 Boali, chef-lieu de l\u2019Ombella-Mpoko, en visite sur le site de Boali 2, accompagne\u0301 du Directeur ge\u0301ne\u0301ral de l\u2019Energie Centrafricaine (ENERCA), Thierry-Patient Bendjima.<\/p>\n<p>L\u2019objet de cette visite est de constater le travail de re\u0301habilitation engage\u0301 par les cadres de l\u2019ENERCA sur les deux groupes de Bouali 2, qui ont e\u0301te\u0301 installe\u0301s depuis 1976.<\/p>\n<p>Le ministre charge\u0301 du De\u0301veloppement de l\u2019Energie et des Ressources Hydrauliques a souligne\u0301 que le travail est de\u0301licat et l\u2019e\u0301quipe de l\u2019ENERCA a fait l\u2019essentiel, elle est dans la phase de finalisation.<\/p>\n<p>\u00ab Je ne pre\u0301fe\u0300re pas donner un de\u0301lai pre\u0301cis mais ce qui est su\u0302r, le travail est suffisamment avance\u0301, a\u0300 plus de 80% \u00bb, a indique\u0301 le chef de de\u0301partement de l\u2019Energie.<\/p>\n<p>Le membre du gouvernement a exhorte\u0301 la population centrafricaine, a\u0300 e\u0302tre patiente car au terme de la digitalisation, il faut beaucoup de finesse pour ne pas perturber l\u2019ensemble de l\u2019installation.<\/p>\n<p>Il en a profite\u0301 de demander aux professionnels des Me\u0301dias de relayer des informations fiables a\u0300 la population tout en remerciant les partenaires techniques qui ont apporte\u0301 leurs appuis a\u0300 l\u2019e\u0301quipe de l\u2019ENERCA pour finaliser le travail.<\/p>\n<p>Rappelons que c\u2019est depuis le mois de juillet dernier, que les deux groupes qui envoyaient 10 MW a\u0300 Bangui ont e\u0301te\u0301 arre\u0302te\u0301s pour un travail de re\u0301habilitation.<\/p>\n<p><strong>Pour plus d&rsquo;informations et d&rsquo;analyses sur la <a href=\"https:\/\/www.africa-press.net\/centrafricaine\">CentrAfricaine<\/a>, suivez <a href=\"https:\/\/www.africa-press.net\/\">Africa-Press<\/a><\/strong><\/p>\n","protected":false},"excerpt":{"rendered":"<p>Africa-Press &#8211; CentrAfricaine. Le ministre charge\u0301 du De\u0301veloppement de l\u2019Energie et des Ressources Hydrauliques, Arthur-Bertrand Piri, s\u2019est rendu mardi 16 janvier 2024, a\u0300 Boali, chef-lieu de l\u2019Ombella-Mpoko, en visite sur le site de Boali 2, accompagne\u0301 du Directeur ge\u0301ne\u0301ral de l\u2019Energie Centrafricaine (ENERCA), Thierry-Patient Bendjima. L\u2019objet de cette visite est de constater le travail de [&hellip;]<\/p>\n","protected":false},"author":82,"featured_media":51895,"comment_status":"open","ping_status":"closed","sticky":false,"template":"","format":"standard","meta":{"footnotes":""},"categories":[3,10],"tags":[36,58,30],"class_list":["post-51896","post","type-post","status-publish","format-standard","has-post-thumbnail","hentry","category-economie","category-toutes-les-actualites","tag-africa-press","tag-africa-press-centrafricaine","tag-centrafricaine"],"yoast_head":"<!-- This site is optimized with the Yoast SEO Premium plugin v26.1 (Yoast SEO v27.0) - https:\/\/yoast.com\/product\/yoast-seo-premium-wordpress\/ -->\n<title>Visite du ministre de l\u2019Energie et de l\u2019Hydraulique sur le site de Boali 2 - centrafricaine<\/title>\n<meta name=\"description\" content=\"Le ministre charge\u0301 du De\u0301veloppement de l\u2019Energie et des Ressources Hydrauliques, Arthur-Bertrand Piri, s\u2019est rendu mar ...\" \/>\n<meta name=\"robots\" content=\"index, follow, max-snippet:-1, max-image-preview:large, max-video-preview:-1\" \/>\n<link rel=\"canonical\" href=\"https:\/\/www.africa-press.net\/centrafricaine\/economie\/visite-du-ministre-de-lenergie-et-de-lhydraulique-sur-le-site-de-boali-2\" \/>\n<meta property=\"og:locale\" content=\"fr_FR\" \/>\n<meta property=\"og:type\" content=\"article\" \/>\n<meta property=\"og:title\" content=\"Visite du ministre de l\u2019Energie et de l\u2019Hydraulique sur le site de Boali 2\" \/>\n<meta property=\"og:description\" content=\"Le ministre charge\u0301 du De\u0301veloppement de l\u2019Energie et des Ressources Hydrauliques, Arthur-Bertrand Piri, s\u2019est rendu mar ...\" \/>\n<meta property=\"og:url\" content=\"https:\/\/www.africa-press.net\/centrafricaine\/economie\/visite-du-ministre-de-lenergie-et-de-lhydraulique-sur-le-site-de-boali-2\" \/>\n<meta property=\"og:site_name\" content=\"centrafricaine\" \/>\n<meta property=\"article:published_time\" content=\"2024-01-19T15:49:18+00:00\" \/>\n<meta property=\"article:modified_time\" content=\"2024-01-20T14:40:58+00:00\" \/>\n<meta property=\"og:image\" content=\"https:\/\/static.africa-press.net\/centrafricaine\/sites\/45\/2024\/01\/sm_1705673310.366265.jpg\" \/>\n\t<meta property=\"og:image:width\" content=\"720\" \/>\n\t<meta property=\"og:image:height\" content=\"407\" \/>\n\t<meta property=\"og:image:type\" content=\"image\/jpeg\" \/>\n<meta name=\"author\" content=\"cfeditorfr\" \/>\n<meta name=\"twitter:card\" content=\"summary_large_image\" \/>\n<meta name=\"twitter:label1\" content=\"\u00c9crit par\" \/>\n\t<meta name=\"twitter:data1\" content=\"cfeditorfr\" \/>\n\t<meta name=\"twitter:label2\" content=\"Dur\u00e9e de lecture estim\u00e9e\" \/>\n\t<meta name=\"twitter:data2\" content=\"1 minute\" \/>\n<script type=\"application\/ld+json\" class=\"yoast-schema-graph\">{\"@context\":\"https:\/\/schema.org\",\"@graph\":[{\"@type\":\"Article\",\"@id\":\"https:\/\/www.africa-press.net\/centrafricaine\/economie\/visite-du-ministre-de-lenergie-et-de-lhydraulique-sur-le-site-de-boali-2#article\",\"isPartOf\":{\"@id\":\"https:\/\/www.africa-press.net\/centrafricaine\/economie\/visite-du-ministre-de-lenergie-et-de-lhydraulique-sur-le-site-de-boali-2\"},\"author\":{\"name\":\"cfeditorfr\",\"@id\":\"https:\/\/www.africa-press.net\/centrafricaine\/#\/schema\/person\/2b1cf3cd81a31e3cd26889ca66d677f1\"},\"headline\":\"Visite du ministre de l\u2019Energie et de l\u2019Hydraulique sur le site de Boali 2\",\"datePublished\":\"2024-01-19T15:49:18+00:00\",\"dateModified\":\"2024-01-20T14:40:58+00:00\",\"mainEntityOfPage\":{\"@id\":\"https:\/\/www.africa-press.net\/centrafricaine\/economie\/visite-du-ministre-de-lenergie-et-de-lhydraulique-sur-le-site-de-boali-2\"},\"wordCount\":289,\"commentCount\":0,\"image\":{\"@id\":\"https:\/\/www.africa-press.net\/centrafricaine\/economie\/visite-du-ministre-de-lenergie-et-de-lhydraulique-sur-le-site-de-boali-2#primaryimage\"},\"thumbnailUrl\":\"https:\/\/static.africa-press.net\/centrafricaine\/sites\/45\/2024\/01\/sm_1705673310.366265.jpg\",\"keywords\":[\"Africa Press\",\"Africa Press-CentrAfricaine\",\"CentrAfricaine\"],\"articleSection\":[\"\u00c9conomie\",\"Toutes les actualit\u00e9s\"],\"inLanguage\":\"fr-FR\",\"potentialAction\":[{\"@type\":\"CommentAction\",\"name\":\"Comment\",\"target\":[\"https:\/\/www.africa-press.net\/centrafricaine\/economie\/visite-du-ministre-de-lenergie-et-de-lhydraulique-sur-le-site-de-boali-2#respond\"]}]},{\"@type\":\"WebPage\",\"@id\":\"https:\/\/www.africa-press.net\/centrafricaine\/economie\/visite-du-ministre-de-lenergie-et-de-lhydraulique-sur-le-site-de-boali-2\",\"url\":\"https:\/\/www.africa-press.net\/centrafricaine\/economie\/visite-du-ministre-de-lenergie-et-de-lhydraulique-sur-le-site-de-boali-2\",\"name\":\"Visite du ministre de l\u2019Energie et de l\u2019Hydraulique sur le site de Boali 2 - centrafricaine\",\"isPartOf\":{\"@id\":\"https:\/\/www.africa-press.net\/centrafricaine\/#website\"},\"primaryImageOfPage\":{\"@id\":\"https:\/\/www.africa-press.net\/centrafricaine\/economie\/visite-du-ministre-de-lenergie-et-de-lhydraulique-sur-le-site-de-boali-2#primaryimage\"},\"image\":{\"@id\":\"https:\/\/www.africa-press.net\/centrafricaine\/economie\/visite-du-ministre-de-lenergie-et-de-lhydraulique-sur-le-site-de-boali-2#primaryimage\"},\"thumbnailUrl\":\"https:\/\/static.africa-press.net\/centrafricaine\/sites\/45\/2024\/01\/sm_1705673310.366265.jpg\",\"datePublished\":\"2024-01-19T15:49:18+00:00\",\"dateModified\":\"2024-01-20T14:40:58+00:00\",\"author\":{\"@id\":\"https:\/\/www.africa-press.net\/centrafricaine\/#\/schema\/person\/2b1cf3cd81a31e3cd26889ca66d677f1\"},\"description\":\"Le ministre charge\u0301 du De\u0301veloppement de l\u2019Energie et des Ressources Hydrauliques, Arthur-Bertrand Piri, s\u2019est rendu mar ...\",\"breadcrumb\":{\"@id\":\"https:\/\/www.africa-press.net\/centrafricaine\/economie\/visite-du-ministre-de-lenergie-et-de-lhydraulique-sur-le-site-de-boali-2#breadcrumb\"},\"inLanguage\":\"fr-FR\",\"potentialAction\":[{\"@type\":\"ReadAction\",\"target\":[\"https:\/\/www.africa-press.net\/centrafricaine\/economie\/visite-du-ministre-de-lenergie-et-de-lhydraulique-sur-le-site-de-boali-2\"]}]},{\"@type\":\"ImageObject\",\"inLanguage\":\"fr-FR\",\"@id\":\"https:\/\/www.africa-press.net\/centrafricaine\/economie\/visite-du-ministre-de-lenergie-et-de-lhydraulique-sur-le-site-de-boali-2#primaryimage\",\"url\":\"https:\/\/static.africa-press.net\/centrafricaine\/sites\/45\/2024\/01\/sm_1705673310.366265.jpg\",\"contentUrl\":\"https:\/\/static.africa-press.net\/centrafricaine\/sites\/45\/2024\/01\/sm_1705673310.366265.jpg\",\"width\":720,\"height\":407,\"caption\":\"Visite du ministre de l\u2019Energie et de l\u2019Hydraulique sur le site de Boali 2\"},{\"@type\":\"BreadcrumbList\",\"@id\":\"https:\/\/www.africa-press.net\/centrafricaine\/economie\/visite-du-ministre-de-lenergie-et-de-lhydraulique-sur-le-site-de-boali-2#breadcrumb\",\"itemListElement\":[{\"@type\":\"ListItem\",\"position\":1,\"name\":\"Accueil\",\"item\":\"https:\/\/www.africa-press.net\/centrafricaine\/\"},{\"@type\":\"ListItem\",\"position\":2,\"name\":\"Visite du ministre de l\u2019Energie et de l\u2019Hydraulique sur le site de Boali 2\"}]},{\"@type\":\"WebSite\",\"@id\":\"https:\/\/www.africa-press.net\/centrafricaine\/#website\",\"url\":\"https:\/\/www.africa-press.net\/centrafricaine\/\",\"name\":\"centrafricaine\",\"description\":\"Just another Africa News Agency Sites site\",\"potentialAction\":[{\"@type\":\"SearchAction\",\"target\":{\"@type\":\"EntryPoint\",\"urlTemplate\":\"https:\/\/www.africa-press.net\/centrafricaine\/?s={search_term_string}\"},\"query-input\":{\"@type\":\"PropertyValueSpecification\",\"valueRequired\":true,\"valueName\":\"search_term_string\"}}],\"inLanguage\":\"fr-FR\"},{\"@type\":\"Person\",\"@id\":\"https:\/\/www.africa-press.net\/centrafricaine\/#\/schema\/person\/2b1cf3cd81a31e3cd26889ca66d677f1\",\"name\":\"cfeditorfr\"}]}<\/script>\n<!-- \/ Yoast SEO Premium plugin. -->","yoast_head_json":{"title":"Visite du ministre de l\u2019Energie et de l\u2019Hydraulique sur le site de Boali 2 - centrafricaine","description":"Le ministre charge\u0301 du De\u0301veloppement de l\u2019Energie et des Ressources Hydrauliques, Arthur-Bertrand Piri, s\u2019est rendu mar ...","robots":{"index":"index","follow":"follow","max-snippet":"max-snippet:-1","max-image-preview":"max-image-preview:large","max-video-preview":"max-video-preview:-1"},"canonical":"https:\/\/www.africa-press.net\/centrafricaine\/economie\/visite-du-ministre-de-lenergie-et-de-lhydraulique-sur-le-site-de-boali-2","og_locale":"fr_FR","og_type":"article","og_title":"Visite du ministre de l\u2019Energie et de l\u2019Hydraulique sur le site de Boali 2","og_description":"Le ministre charge\u0301 du De\u0301veloppement de l\u2019Energie et des Ressources Hydrauliques, Arthur-Bertrand Piri, s\u2019est rendu mar ...","og_url":"https:\/\/www.africa-press.net\/centrafricaine\/economie\/visite-du-ministre-de-lenergie-et-de-lhydraulique-sur-le-site-de-boali-2","og_site_name":"centrafricaine","article_published_time":"2024-01-19T15:49:18+00:00","article_modified_time":"2024-01-20T14:40:58+00:00","og_image":[{"width":720,"height":407,"url":"https:\/\/static.africa-press.net\/centrafricaine\/sites\/45\/2024\/01\/sm_1705673310.366265.jpg","type":"image\/jpeg"}],"author":"cfeditorfr","twitter_card":"summary_large_image","twitter_misc":{"\u00c9crit par":"cfeditorfr","Dur\u00e9e de lecture estim\u00e9e":"1 minute"},"schema":{"@context":"https:\/\/schema.org","@graph":[{"@type":"Article","@id":"https:\/\/www.africa-press.net\/centrafricaine\/economie\/visite-du-ministre-de-lenergie-et-de-lhydraulique-sur-le-site-de-boali-2#article","isPartOf":{"@id":"https:\/\/www.africa-press.net\/centrafricaine\/economie\/visite-du-ministre-de-lenergie-et-de-lhydraulique-sur-le-site-de-boali-2"},"author":{"name":"cfeditorfr","@id":"https:\/\/www.africa-press.net\/centrafricaine\/#\/schema\/person\/2b1cf3cd81a31e3cd26889ca66d677f1"},"headline":"Visite du ministre de l\u2019Energie et de l\u2019Hydraulique sur le site de Boali 2","datePublished":"2024-01-19T15:49:18+00:00","dateModified":"2024-01-20T14:40:58+00:00","mainEntityOfPage":{"@id":"https:\/\/www.africa-press.net\/centrafricaine\/economie\/visite-du-ministre-de-lenergie-et-de-lhydraulique-sur-le-site-de-boali-2"},"wordCount":289,"commentCount":0,"image":{"@id":"https:\/\/www.africa-press.net\/centrafricaine\/economie\/visite-du-ministre-de-lenergie-et-de-lhydraulique-sur-le-site-de-boali-2#primaryimage"},"thumbnailUrl":"https:\/\/static.africa-press.net\/centrafricaine\/sites\/45\/2024\/01\/sm_1705673310.366265.jpg","keywords":["Africa Press","Africa Press-CentrAfricaine","CentrAfricaine"],"articleSection":["\u00c9conomie","Toutes les actualit\u00e9s"],"inLanguage":"fr-FR","potentialAction":[{"@type":"CommentAction","name":"Comment","target":["https:\/\/www.africa-press.net\/centrafricaine\/economie\/visite-du-ministre-de-lenergie-et-de-lhydraulique-sur-le-site-de-boali-2#respond"]}]},{"@type":"WebPage","@id":"https:\/\/www.africa-press.net\/centrafricaine\/economie\/visite-du-ministre-de-lenergie-et-de-lhydraulique-sur-le-site-de-boali-2","url":"https:\/\/www.africa-press.net\/centrafricaine\/economie\/visite-du-ministre-de-lenergie-et-de-lhydraulique-sur-le-site-de-boali-2","name":"Visite du ministre de l\u2019Energie et de l\u2019Hydraulique sur le site de Boali 2 - centrafricaine","isPartOf":{"@id":"https:\/\/www.africa-press.net\/centrafricaine\/#website"},"primaryImageOfPage":{"@id":"https:\/\/www.africa-press.net\/centrafricaine\/economie\/visite-du-ministre-de-lenergie-et-de-lhydraulique-sur-le-site-de-boali-2#primaryimage"},"image":{"@id":"https:\/\/www.africa-press.net\/centrafricaine\/economie\/visite-du-ministre-de-lenergie-et-de-lhydraulique-sur-le-site-de-boali-2#primaryimage"},"thumbnailUrl":"https:\/\/static.africa-press.net\/centrafricaine\/sites\/45\/2024\/01\/sm_1705673310.366265.jpg","datePublished":"2024-01-19T15:49:18+00:00","dateModified":"2024-01-20T14:40:58+00:00","author":{"@id":"https:\/\/www.africa-press.net\/centrafricaine\/#\/schema\/person\/2b1cf3cd81a31e3cd26889ca66d677f1"},"description":"Le ministre charge\u0301 du De\u0301veloppement de l\u2019Energie et des Ressources Hydrauliques, Arthur-Bertrand Piri, s\u2019est rendu mar ...","breadcrumb":{"@id":"https:\/\/www.africa-press.net\/centrafricaine\/economie\/visite-du-ministre-de-lenergie-et-de-lhydraulique-sur-le-site-de-boali-2#breadcrumb"},"inLanguage":"fr-FR","potentialAction":[{"@type":"ReadAction","target":["https:\/\/www.africa-press.net\/centrafricaine\/economie\/visite-du-ministre-de-lenergie-et-de-lhydraulique-sur-le-site-de-boali-2"]}]},{"@type":"ImageObject","inLanguage":"fr-FR","@id":"https:\/\/www.africa-press.net\/centrafricaine\/economie\/visite-du-ministre-de-lenergie-et-de-lhydraulique-sur-le-site-de-boali-2#primaryimage","url":"https:\/\/static.africa-press.net\/centrafricaine\/sites\/45\/2024\/01\/sm_1705673310.366265.jpg","contentUrl":"https:\/\/static.africa-press.net\/centrafricaine\/sites\/45\/2024\/01\/sm_1705673310.366265.jpg","width":720,"height":407,"caption":"Visite du ministre de l\u2019Energie et de l\u2019Hydraulique sur le site de Boali 2"},{"@type":"BreadcrumbList","@id":"https:\/\/www.africa-press.net\/centrafricaine\/economie\/visite-du-ministre-de-lenergie-et-de-lhydraulique-sur-le-site-de-boali-2#breadcrumb","itemListElement":[{"@type":"ListItem","position":1,"name":"Accueil","item":"https:\/\/www.africa-press.net\/centrafricaine\/"},{"@type":"ListItem","position":2,"name":"Visite du ministre de l\u2019Energie et de l\u2019Hydraulique sur le site de Boali 2"}]},{"@type":"WebSite","@id":"https:\/\/www.africa-press.net\/centrafricaine\/#website","url":"https:\/\/www.africa-press.net\/centrafricaine\/","name":"centrafricaine","description":"Just another Africa News Agency Sites site","potentialAction":[{"@type":"SearchAction","target":{"@type":"EntryPoint","urlTemplate":"https:\/\/www.africa-press.net\/centrafricaine\/?s={search_term_string}"},"query-input":{"@type":"PropertyValueSpecification","valueRequired":true,"valueName":"search_term_string"}}],"inLanguage":"fr-FR"},{"@type":"Person","@id":"https:\/\/www.africa-press.net\/centrafricaine\/#\/schema\/person\/2b1cf3cd81a31e3cd26889ca66d677f1","name":"cfeditorfr"}]}},"_links":{"self":[{"href":"https:\/\/www.africa-press.net\/centrafricaine\/wp-json\/wp\/v2\/posts\/51896","targetHints":{"allow":["GET"]}}],"collection":[{"href":"https:\/\/www.africa-press.net\/centrafricaine\/wp-json\/wp\/v2\/posts"}],"about":[{"href":"https:\/\/www.africa-press.net\/centrafricaine\/wp-json\/wp\/v2\/types\/post"}],"author":[{"embeddable":true,"href":"https:\/\/www.africa-press.net\/centrafricaine\/wp-json\/wp\/v2\/users\/82"}],"replies":[{"embeddable":true,"href":"https:\/\/www.africa-press.net\/centrafricaine\/wp-json\/wp\/v2\/comments?post=51896"}],"version-history":[{"count":0,"href":"https:\/\/www.africa-press.net\/centrafricaine\/wp-json\/wp\/v2\/posts\/51896\/revisions"}],"wp:featuredmedia":[{"embeddable":true,"href":"https:\/\/www.africa-press.net\/centrafricaine\/wp-json\/wp\/v2\/media\/51895"}],"wp:attachment":[{"href":"https:\/\/www.africa-press.net\/centrafricaine\/wp-json\/wp\/v2\/media?parent=51896"}],"wp:term":[{"taxonomy":"category","embeddable":true,"href":"https:\/\/www.africa-press.net\/centrafricaine\/wp-json\/wp\/v2\/categories?post=51896"},{"taxonomy":"post_tag","embeddable":true,"href":"https:\/\/www.africa-press.net\/centrafricaine\/wp-json\/wp\/v2\/tags?post=51896"}],"curies":[{"name":"wp","href":"https:\/\/api.w.org\/{rel}","templated":true}]}}