{"id":51898,"date":"2024-01-19T15:51:34","date_gmt":"2024-01-19T15:51:34","guid":{"rendered":"https:\/\/www.africa-press.net\/centrafricaine\/politique\/lassemblee-nationale-convoquee-en-session-extraordinaire"},"modified":"2024-01-20T14:41:15","modified_gmt":"2024-01-20T14:41:15","slug":"lassemblee-nationale-convoquee-en-session-extraordinaire","status":"publish","type":"post","link":"https:\/\/www.africa-press.net\/centrafricaine\/politique\/lassemblee-nationale-convoquee-en-session-extraordinaire","title":{"rendered":"l\u2019Assembl\u00e9e nationale convoqu\u00e9e en session extraordinaire"},"content":{"rendered":"<p><span style=\"color: #ff6600\"><strong>Africa-Press &#8211; CentrAfricaine. <\/strong><\/span>De\u0301marrage, ce 17 janvier, a\u0300 Bangui, de la 1e\u0300re session extraordinaire de l\u2019Assemble\u0301e nationale au titre de l\u2019anne\u0301e 2024. Du 17 au 26 janvier, les e\u0301lus de la Nation vont se pencher sur plusieurs textes de loi propose\u0301s par le gouvernement.<\/p>\n<p>Notamment, des projets de loi portant organisation et fonctionnement des institutions telles que le Conseil constitutionnel, la Haute cour de justice, le Conseil e\u0301conomique, social et environnemental, le Haut conseil de la communication, l\u2019Autorite\u0301 nationale des e\u0301lections et la Haute autorite\u0301 charge\u0301e de la bonne gouvernance.<\/p>\n<p>Les parlementaires vont aussi examiner le projet de loi portant code e\u0301lectoral et le projet de loi relative a\u0300 la cyber se\u0301curite\u0301 et la cybercriminalite\u0301.<\/p>\n<p>Cette reprise intervient pre\u0300s de 6 mois apre\u0300s le vote de la nouvelle Constitution. Quant a\u0300 la 1e\u0300re session ordinaire du parlement au titre de l\u2019anne\u0301e, elle s\u2019ouvrira en mars prochain<\/p>\n<p><strong>Pour plus d&rsquo;informations et d&rsquo;analyses sur la <a href=\"https:\/\/www.africa-press.net\/centrafricaine\">CentrAfricaine<\/a>, suivez <a href=\"https:\/\/www.africa-press.net\/\">Africa-Press<\/a><\/strong><\/p>\n","protected":false},"excerpt":{"rendered":"<p>Africa-Press &#8211; CentrAfricaine. De\u0301marrage, ce 17 janvier, a\u0300 Bangui, de la 1e\u0300re session extraordinaire de l\u2019Assemble\u0301e nationale au titre de l\u2019anne\u0301e 2024. Du 17 au 26 janvier, les e\u0301lus de la Nation vont se pencher sur plusieurs textes de loi propose\u0301s par le gouvernement. Notamment, des projets de loi portant organisation et fonctionnement des institutions [&hellip;]<\/p>\n","protected":false},"author":82,"featured_media":51897,"comment_status":"open","ping_status":"closed","sticky":false,"template":"","format":"standard","meta":{"footnotes":""},"categories":[2,20,10],"tags":[36,58,30],"class_list":["post-51898","post","type-post","status-publish","format-standard","has-post-thumbnail","hentry","category-politique","category-top-nouvelles","category-toutes-les-actualites","tag-africa-press","tag-africa-press-centrafricaine","tag-centrafricaine"],"yoast_head":"<!-- This site is optimized with the Yoast SEO Premium plugin v26.1 (Yoast SEO v27.0) - https:\/\/yoast.com\/product\/yoast-seo-premium-wordpress\/ -->\n<title>l\u2019Assembl\u00e9e nationale convoqu\u00e9e en session extraordinaire - centrafricaine<\/title>\n<meta name=\"description\" content=\"De\u0301marrage, ce 17 janvier, a\u0300 Bangui, de la 1e\u0300re session extraordinaire de l\u2019Assemble\u0301e nationale au titre de l\u2019anne\u0301e ...\" \/>\n<meta name=\"robots\" content=\"index, follow, max-snippet:-1, max-image-preview:large, max-video-preview:-1\" \/>\n<link rel=\"canonical\" href=\"https:\/\/www.africa-press.net\/centrafricaine\/politique\/lassemblee-nationale-convoquee-en-session-extraordinaire\" \/>\n<meta property=\"og:locale\" content=\"fr_FR\" \/>\n<meta property=\"og:type\" content=\"article\" \/>\n<meta property=\"og:title\" content=\"l\u2019Assembl\u00e9e nationale convoqu\u00e9e en session extraordinaire\" \/>\n<meta property=\"og:description\" content=\"De\u0301marrage, ce 17 janvier, a\u0300 Bangui, de la 1e\u0300re session extraordinaire de l\u2019Assemble\u0301e nationale au titre de l\u2019anne\u0301e ...\" \/>\n<meta property=\"og:url\" content=\"https:\/\/www.africa-press.net\/centrafricaine\/politique\/lassemblee-nationale-convoquee-en-session-extraordinaire\" \/>\n<meta property=\"og:site_name\" content=\"centrafricaine\" \/>\n<meta property=\"article:published_time\" content=\"2024-01-19T15:51:34+00:00\" \/>\n<meta property=\"article:modified_time\" content=\"2024-01-20T14:41:15+00:00\" \/>\n<meta property=\"og:image\" content=\"https:\/\/static.africa-press.net\/centrafricaine\/sites\/45\/2024\/01\/sm_1705673325.60254.jpg\" \/>\n\t<meta property=\"og:image:width\" content=\"720\" \/>\n\t<meta property=\"og:image:height\" content=\"405\" \/>\n\t<meta property=\"og:image:type\" content=\"image\/jpeg\" \/>\n<meta name=\"author\" content=\"cfeditorfr\" \/>\n<meta name=\"twitter:card\" content=\"summary_large_image\" \/>\n<meta name=\"twitter:label1\" content=\"\u00c9crit par\" \/>\n\t<meta name=\"twitter:data1\" content=\"cfeditorfr\" \/>\n\t<meta name=\"twitter:label2\" content=\"Dur\u00e9e de lecture estim\u00e9e\" \/>\n\t<meta name=\"twitter:data2\" content=\"1 minute\" \/>\n<script type=\"application\/ld+json\" class=\"yoast-schema-graph\">{\"@context\":\"https:\/\/schema.org\",\"@graph\":[{\"@type\":\"Article\",\"@id\":\"https:\/\/www.africa-press.net\/centrafricaine\/politique\/lassemblee-nationale-convoquee-en-session-extraordinaire#article\",\"isPartOf\":{\"@id\":\"https:\/\/www.africa-press.net\/centrafricaine\/politique\/lassemblee-nationale-convoquee-en-session-extraordinaire\"},\"author\":{\"name\":\"cfeditorfr\",\"@id\":\"https:\/\/www.africa-press.net\/centrafricaine\/#\/schema\/person\/2b1cf3cd81a31e3cd26889ca66d677f1\"},\"headline\":\"l\u2019Assembl\u00e9e nationale convoqu\u00e9e en session extraordinaire\",\"datePublished\":\"2024-01-19T15:51:34+00:00\",\"dateModified\":\"2024-01-20T14:41:15+00:00\",\"mainEntityOfPage\":{\"@id\":\"https:\/\/www.africa-press.net\/centrafricaine\/politique\/lassemblee-nationale-convoquee-en-session-extraordinaire\"},\"wordCount\":182,\"commentCount\":0,\"image\":{\"@id\":\"https:\/\/www.africa-press.net\/centrafricaine\/politique\/lassemblee-nationale-convoquee-en-session-extraordinaire#primaryimage\"},\"thumbnailUrl\":\"https:\/\/static.africa-press.net\/centrafricaine\/sites\/45\/2024\/01\/sm_1705673325.60254.jpg\",\"keywords\":[\"Africa Press\",\"Africa Press-CentrAfricaine\",\"CentrAfricaine\"],\"articleSection\":[\"Politique\",\"Top Nouvelles\",\"Toutes les actualit\u00e9s\"],\"inLanguage\":\"fr-FR\",\"potentialAction\":[{\"@type\":\"CommentAction\",\"name\":\"Comment\",\"target\":[\"https:\/\/www.africa-press.net\/centrafricaine\/politique\/lassemblee-nationale-convoquee-en-session-extraordinaire#respond\"]}]},{\"@type\":\"WebPage\",\"@id\":\"https:\/\/www.africa-press.net\/centrafricaine\/politique\/lassemblee-nationale-convoquee-en-session-extraordinaire\",\"url\":\"https:\/\/www.africa-press.net\/centrafricaine\/politique\/lassemblee-nationale-convoquee-en-session-extraordinaire\",\"name\":\"l\u2019Assembl\u00e9e nationale convoqu\u00e9e en session extraordinaire - centrafricaine\",\"isPartOf\":{\"@id\":\"https:\/\/www.africa-press.net\/centrafricaine\/#website\"},\"primaryImageOfPage\":{\"@id\":\"https:\/\/www.africa-press.net\/centrafricaine\/politique\/lassemblee-nationale-convoquee-en-session-extraordinaire#primaryimage\"},\"image\":{\"@id\":\"https:\/\/www.africa-press.net\/centrafricaine\/politique\/lassemblee-nationale-convoquee-en-session-extraordinaire#primaryimage\"},\"thumbnailUrl\":\"https:\/\/static.africa-press.net\/centrafricaine\/sites\/45\/2024\/01\/sm_1705673325.60254.jpg\",\"datePublished\":\"2024-01-19T15:51:34+00:00\",\"dateModified\":\"2024-01-20T14:41:15+00:00\",\"author\":{\"@id\":\"https:\/\/www.africa-press.net\/centrafricaine\/#\/schema\/person\/2b1cf3cd81a31e3cd26889ca66d677f1\"},\"description\":\"De\u0301marrage, ce 17 janvier, a\u0300 Bangui, de la 1e\u0300re session extraordinaire de l\u2019Assemble\u0301e nationale au titre de l\u2019anne\u0301e ...\",\"breadcrumb\":{\"@id\":\"https:\/\/www.africa-press.net\/centrafricaine\/politique\/lassemblee-nationale-convoquee-en-session-extraordinaire#breadcrumb\"},\"inLanguage\":\"fr-FR\",\"potentialAction\":[{\"@type\":\"ReadAction\",\"target\":[\"https:\/\/www.africa-press.net\/centrafricaine\/politique\/lassemblee-nationale-convoquee-en-session-extraordinaire\"]}]},{\"@type\":\"ImageObject\",\"inLanguage\":\"fr-FR\",\"@id\":\"https:\/\/www.africa-press.net\/centrafricaine\/politique\/lassemblee-nationale-convoquee-en-session-extraordinaire#primaryimage\",\"url\":\"https:\/\/static.africa-press.net\/centrafricaine\/sites\/45\/2024\/01\/sm_1705673325.60254.jpg\",\"contentUrl\":\"https:\/\/static.africa-press.net\/centrafricaine\/sites\/45\/2024\/01\/sm_1705673325.60254.jpg\",\"width\":720,\"height\":405,\"caption\":\"l\u2019Assembl\u00e9e nationale convoqu\u00e9e en session extraordinaire\"},{\"@type\":\"BreadcrumbList\",\"@id\":\"https:\/\/www.africa-press.net\/centrafricaine\/politique\/lassemblee-nationale-convoquee-en-session-extraordinaire#breadcrumb\",\"itemListElement\":[{\"@type\":\"ListItem\",\"position\":1,\"name\":\"Accueil\",\"item\":\"https:\/\/www.africa-press.net\/centrafricaine\/\"},{\"@type\":\"ListItem\",\"position\":2,\"name\":\"l\u2019Assembl\u00e9e nationale convoqu\u00e9e en session extraordinaire\"}]},{\"@type\":\"WebSite\",\"@id\":\"https:\/\/www.africa-press.net\/centrafricaine\/#website\",\"url\":\"https:\/\/www.africa-press.net\/centrafricaine\/\",\"name\":\"centrafricaine\",\"description\":\"Just another Africa News Agency Sites site\",\"potentialAction\":[{\"@type\":\"SearchAction\",\"target\":{\"@type\":\"EntryPoint\",\"urlTemplate\":\"https:\/\/www.africa-press.net\/centrafricaine\/?s={search_term_string}\"},\"query-input\":{\"@type\":\"PropertyValueSpecification\",\"valueRequired\":true,\"valueName\":\"search_term_string\"}}],\"inLanguage\":\"fr-FR\"},{\"@type\":\"Person\",\"@id\":\"https:\/\/www.africa-press.net\/centrafricaine\/#\/schema\/person\/2b1cf3cd81a31e3cd26889ca66d677f1\",\"name\":\"cfeditorfr\"}]}<\/script>\n<!-- \/ Yoast SEO Premium plugin. -->","yoast_head_json":{"title":"l\u2019Assembl\u00e9e nationale convoqu\u00e9e en session extraordinaire - centrafricaine","description":"De\u0301marrage, ce 17 janvier, a\u0300 Bangui, de la 1e\u0300re session extraordinaire de l\u2019Assemble\u0301e nationale au titre de l\u2019anne\u0301e ...","robots":{"index":"index","follow":"follow","max-snippet":"max-snippet:-1","max-image-preview":"max-image-preview:large","max-video-preview":"max-video-preview:-1"},"canonical":"https:\/\/www.africa-press.net\/centrafricaine\/politique\/lassemblee-nationale-convoquee-en-session-extraordinaire","og_locale":"fr_FR","og_type":"article","og_title":"l\u2019Assembl\u00e9e nationale convoqu\u00e9e en session extraordinaire","og_description":"De\u0301marrage, ce 17 janvier, a\u0300 Bangui, de la 1e\u0300re session extraordinaire de l\u2019Assemble\u0301e nationale au titre de l\u2019anne\u0301e ...","og_url":"https:\/\/www.africa-press.net\/centrafricaine\/politique\/lassemblee-nationale-convoquee-en-session-extraordinaire","og_site_name":"centrafricaine","article_published_time":"2024-01-19T15:51:34+00:00","article_modified_time":"2024-01-20T14:41:15+00:00","og_image":[{"width":720,"height":405,"url":"https:\/\/static.africa-press.net\/centrafricaine\/sites\/45\/2024\/01\/sm_1705673325.60254.jpg","type":"image\/jpeg"}],"author":"cfeditorfr","twitter_card":"summary_large_image","twitter_misc":{"\u00c9crit par":"cfeditorfr","Dur\u00e9e de lecture estim\u00e9e":"1 minute"},"schema":{"@context":"https:\/\/schema.org","@graph":[{"@type":"Article","@id":"https:\/\/www.africa-press.net\/centrafricaine\/politique\/lassemblee-nationale-convoquee-en-session-extraordinaire#article","isPartOf":{"@id":"https:\/\/www.africa-press.net\/centrafricaine\/politique\/lassemblee-nationale-convoquee-en-session-extraordinaire"},"author":{"name":"cfeditorfr","@id":"https:\/\/www.africa-press.net\/centrafricaine\/#\/schema\/person\/2b1cf3cd81a31e3cd26889ca66d677f1"},"headline":"l\u2019Assembl\u00e9e nationale convoqu\u00e9e en session extraordinaire","datePublished":"2024-01-19T15:51:34+00:00","dateModified":"2024-01-20T14:41:15+00:00","mainEntityOfPage":{"@id":"https:\/\/www.africa-press.net\/centrafricaine\/politique\/lassemblee-nationale-convoquee-en-session-extraordinaire"},"wordCount":182,"commentCount":0,"image":{"@id":"https:\/\/www.africa-press.net\/centrafricaine\/politique\/lassemblee-nationale-convoquee-en-session-extraordinaire#primaryimage"},"thumbnailUrl":"https:\/\/static.africa-press.net\/centrafricaine\/sites\/45\/2024\/01\/sm_1705673325.60254.jpg","keywords":["Africa Press","Africa Press-CentrAfricaine","CentrAfricaine"],"articleSection":["Politique","Top Nouvelles","Toutes les actualit\u00e9s"],"inLanguage":"fr-FR","potentialAction":[{"@type":"CommentAction","name":"Comment","target":["https:\/\/www.africa-press.net\/centrafricaine\/politique\/lassemblee-nationale-convoquee-en-session-extraordinaire#respond"]}]},{"@type":"WebPage","@id":"https:\/\/www.africa-press.net\/centrafricaine\/politique\/lassemblee-nationale-convoquee-en-session-extraordinaire","url":"https:\/\/www.africa-press.net\/centrafricaine\/politique\/lassemblee-nationale-convoquee-en-session-extraordinaire","name":"l\u2019Assembl\u00e9e nationale convoqu\u00e9e en session extraordinaire - centrafricaine","isPartOf":{"@id":"https:\/\/www.africa-press.net\/centrafricaine\/#website"},"primaryImageOfPage":{"@id":"https:\/\/www.africa-press.net\/centrafricaine\/politique\/lassemblee-nationale-convoquee-en-session-extraordinaire#primaryimage"},"image":{"@id":"https:\/\/www.africa-press.net\/centrafricaine\/politique\/lassemblee-nationale-convoquee-en-session-extraordinaire#primaryimage"},"thumbnailUrl":"https:\/\/static.africa-press.net\/centrafricaine\/sites\/45\/2024\/01\/sm_1705673325.60254.jpg","datePublished":"2024-01-19T15:51:34+00:00","dateModified":"2024-01-20T14:41:15+00:00","author":{"@id":"https:\/\/www.africa-press.net\/centrafricaine\/#\/schema\/person\/2b1cf3cd81a31e3cd26889ca66d677f1"},"description":"De\u0301marrage, ce 17 janvier, a\u0300 Bangui, de la 1e\u0300re session extraordinaire de l\u2019Assemble\u0301e nationale au titre de l\u2019anne\u0301e ...","breadcrumb":{"@id":"https:\/\/www.africa-press.net\/centrafricaine\/politique\/lassemblee-nationale-convoquee-en-session-extraordinaire#breadcrumb"},"inLanguage":"fr-FR","potentialAction":[{"@type":"ReadAction","target":["https:\/\/www.africa-press.net\/centrafricaine\/politique\/lassemblee-nationale-convoquee-en-session-extraordinaire"]}]},{"@type":"ImageObject","inLanguage":"fr-FR","@id":"https:\/\/www.africa-press.net\/centrafricaine\/politique\/lassemblee-nationale-convoquee-en-session-extraordinaire#primaryimage","url":"https:\/\/static.africa-press.net\/centrafricaine\/sites\/45\/2024\/01\/sm_1705673325.60254.jpg","contentUrl":"https:\/\/static.africa-press.net\/centrafricaine\/sites\/45\/2024\/01\/sm_1705673325.60254.jpg","width":720,"height":405,"caption":"l\u2019Assembl\u00e9e nationale convoqu\u00e9e en session extraordinaire"},{"@type":"BreadcrumbList","@id":"https:\/\/www.africa-press.net\/centrafricaine\/politique\/lassemblee-nationale-convoquee-en-session-extraordinaire#breadcrumb","itemListElement":[{"@type":"ListItem","position":1,"name":"Accueil","item":"https:\/\/www.africa-press.net\/centrafricaine\/"},{"@type":"ListItem","position":2,"name":"l\u2019Assembl\u00e9e nationale convoqu\u00e9e en session extraordinaire"}]},{"@type":"WebSite","@id":"https:\/\/www.africa-press.net\/centrafricaine\/#website","url":"https:\/\/www.africa-press.net\/centrafricaine\/","name":"centrafricaine","description":"Just another Africa News Agency Sites site","potentialAction":[{"@type":"SearchAction","target":{"@type":"EntryPoint","urlTemplate":"https:\/\/www.africa-press.net\/centrafricaine\/?s={search_term_string}"},"query-input":{"@type":"PropertyValueSpecification","valueRequired":true,"valueName":"search_term_string"}}],"inLanguage":"fr-FR"},{"@type":"Person","@id":"https:\/\/www.africa-press.net\/centrafricaine\/#\/schema\/person\/2b1cf3cd81a31e3cd26889ca66d677f1","name":"cfeditorfr"}]}},"_links":{"self":[{"href":"https:\/\/www.africa-press.net\/centrafricaine\/wp-json\/wp\/v2\/posts\/51898","targetHints":{"allow":["GET"]}}],"collection":[{"href":"https:\/\/www.africa-press.net\/centrafricaine\/wp-json\/wp\/v2\/posts"}],"about":[{"href":"https:\/\/www.africa-press.net\/centrafricaine\/wp-json\/wp\/v2\/types\/post"}],"author":[{"embeddable":true,"href":"https:\/\/www.africa-press.net\/centrafricaine\/wp-json\/wp\/v2\/users\/82"}],"replies":[{"embeddable":true,"href":"https:\/\/www.africa-press.net\/centrafricaine\/wp-json\/wp\/v2\/comments?post=51898"}],"version-history":[{"count":0,"href":"https:\/\/www.africa-press.net\/centrafricaine\/wp-json\/wp\/v2\/posts\/51898\/revisions"}],"wp:featuredmedia":[{"embeddable":true,"href":"https:\/\/www.africa-press.net\/centrafricaine\/wp-json\/wp\/v2\/media\/51897"}],"wp:attachment":[{"href":"https:\/\/www.africa-press.net\/centrafricaine\/wp-json\/wp\/v2\/media?parent=51898"}],"wp:term":[{"taxonomy":"category","embeddable":true,"href":"https:\/\/www.africa-press.net\/centrafricaine\/wp-json\/wp\/v2\/categories?post=51898"},{"taxonomy":"post_tag","embeddable":true,"href":"https:\/\/www.africa-press.net\/centrafricaine\/wp-json\/wp\/v2\/tags?post=51898"}],"curies":[{"name":"wp","href":"https:\/\/api.w.org\/{rel}","templated":true}]}}