{"id":51902,"date":"2024-01-19T15:53:35","date_gmt":"2024-01-19T15:53:35","guid":{"rendered":"https:\/\/www.africa-press.net\/centrafricaine\/politique\/vers-la-modernisation-avec-des-projets-denvergure-2"},"modified":"2024-01-20T14:41:44","modified_gmt":"2024-01-20T14:41:44","slug":"vers-la-modernisation-avec-des-projets-denvergure-2","status":"publish","type":"post","link":"https:\/\/www.africa-press.net\/centrafricaine\/politique\/vers-la-modernisation-avec-des-projets-denvergure-2","title":{"rendered":"vers la modernisation avec des projets d\u2019envergure"},"content":{"rendered":"<p><span style=\"color: #ff6600\"><strong>Africa-Press &#8211; CentrAfricaine. <\/strong><\/span>Le Premier ministre centrafricain, F\u00e9lix Moloua a dirig\u00e9 une s\u00e9ance de travail le 16 janvier 2024 avec une d\u00e9l\u00e9gation de Brics International, men\u00e9e par le vice-pr\u00e9sident Ahoua Don Mello. La rencontre visait \u00e0 discuter de quatre projets majeurs et trois initiatives strat\u00e9giques, en envisageant la formation d&rsquo;un comit\u00e9 de pilotage.<\/p>\n<p>Les projets strat\u00e9giques incluent la construction d&rsquo;un a\u00e9roport international pour connecter la R\u00e9publique centrafricaine au reste du monde, ainsi que l&rsquo;\u00e9dification de lignes ferroviaires pour relier le pays aux c\u00f4tes du Cameroun, du Soudan et du Tchad.<\/p>\n<p>Il est \u00e0 noter que les projets de chemin de fer reliant le Tchad au Soudan sont d\u00e9j\u00e0 bien avanc\u00e9s en termes d&rsquo;\u00e9tudes pr\u00e9liminaires, tandis que les liaisons entre le Cameroun et le Tchad sont en phase de contractualisation.<\/p>\n<p>Un autre aspect crucial de la r\u00e9union concernait l&rsquo;am\u00e9lioration des technologies de l&rsquo;information et de la communication, avec une proposition de mise en place d&rsquo;une solution 5G pour booster l&rsquo;\u00e9change d&rsquo;informations et le t\u00e9l\u00e9chargement rapide de vid\u00e9os.<\/p>\n<p>Cette technologie est envisag\u00e9e pour am\u00e9liorer les services dans les domaines de l&rsquo;\u00e9ducation, de la sant\u00e9, de l&rsquo;\u00e9conomie et de l&rsquo;administration publique. La cr\u00e9ation d&rsquo;un comit\u00e9 de pilotage a \u00e9t\u00e9 sugg\u00e9r\u00e9e pour assurer une coordination efficace entre les op\u00e9rateurs et l&rsquo;administration, afin de faciliter la gestion et l&rsquo;impl\u00e9mentation rapide des projets.<\/p>\n<p><strong>Pour plus d&rsquo;informations et d&rsquo;analyses sur la <a href=\"https:\/\/www.africa-press.net\/centrafricaine\">CentrAfricaine<\/a>, suivez <a href=\"https:\/\/www.africa-press.net\/\">Africa-Press<\/a><\/strong><\/p>\n","protected":false},"excerpt":{"rendered":"<p>Africa-Press &#8211; CentrAfricaine. Le Premier ministre centrafricain, F\u00e9lix Moloua a dirig\u00e9 une s\u00e9ance de travail le 16 janvier 2024 avec une d\u00e9l\u00e9gation de Brics International, men\u00e9e par le vice-pr\u00e9sident Ahoua Don Mello. La rencontre visait \u00e0 discuter de quatre projets majeurs et trois initiatives strat\u00e9giques, en envisageant la formation d&rsquo;un comit\u00e9 de pilotage. Les projets [&hellip;]<\/p>\n","protected":false},"author":82,"featured_media":51901,"comment_status":"open","ping_status":"closed","sticky":false,"template":"","format":"standard","meta":{"footnotes":""},"categories":[2,10],"tags":[36,58,30],"class_list":["post-51902","post","type-post","status-publish","format-standard","has-post-thumbnail","hentry","category-politique","category-toutes-les-actualites","tag-africa-press","tag-africa-press-centrafricaine","tag-centrafricaine"],"yoast_head":"<!-- This site is optimized with the Yoast SEO Premium plugin v26.1 (Yoast SEO v27.0) - https:\/\/yoast.com\/product\/yoast-seo-premium-wordpress\/ -->\n<title>vers la modernisation avec des projets d\u2019envergure - centrafricaine<\/title>\n<meta name=\"description\" content=\"Le Premier ministre centrafricain, Fe\u0301lix Moloua a dirige\u0301 une se\u0301ance de travail le 16 janvier 2024 avec une de\u0301le\u0301gation de ...\" \/>\n<meta name=\"robots\" content=\"index, follow, max-snippet:-1, max-image-preview:large, max-video-preview:-1\" \/>\n<link rel=\"canonical\" href=\"https:\/\/www.africa-press.net\/centrafricaine\/politique\/vers-la-modernisation-avec-des-projets-denvergure-2\" \/>\n<meta property=\"og:locale\" content=\"fr_FR\" \/>\n<meta property=\"og:type\" content=\"article\" \/>\n<meta property=\"og:title\" content=\"vers la modernisation avec des projets d\u2019envergure\" \/>\n<meta property=\"og:description\" content=\"Le Premier ministre centrafricain, Fe\u0301lix Moloua a dirige\u0301 une se\u0301ance de travail le 16 janvier 2024 avec une de\u0301le\u0301gation de ...\" \/>\n<meta property=\"og:url\" content=\"https:\/\/www.africa-press.net\/centrafricaine\/politique\/vers-la-modernisation-avec-des-projets-denvergure-2\" \/>\n<meta property=\"og:site_name\" content=\"centrafricaine\" \/>\n<meta property=\"article:published_time\" content=\"2024-01-19T15:53:35+00:00\" \/>\n<meta property=\"article:modified_time\" content=\"2024-01-20T14:41:44+00:00\" \/>\n<meta property=\"og:image\" content=\"https:\/\/static.africa-press.net\/centrafricaine\/sites\/45\/2024\/01\/sm_1705673349.221119.jpg\" \/>\n\t<meta property=\"og:image:width\" content=\"720\" \/>\n\t<meta property=\"og:image:height\" content=\"451\" \/>\n\t<meta property=\"og:image:type\" content=\"image\/jpeg\" \/>\n<meta name=\"author\" content=\"cfeditorfr\" \/>\n<meta name=\"twitter:card\" content=\"summary_large_image\" \/>\n<meta name=\"twitter:label1\" content=\"\u00c9crit par\" \/>\n\t<meta name=\"twitter:data1\" content=\"cfeditorfr\" \/>\n\t<meta name=\"twitter:label2\" content=\"Dur\u00e9e de lecture estim\u00e9e\" \/>\n\t<meta name=\"twitter:data2\" content=\"1 minute\" \/>\n<script type=\"application\/ld+json\" class=\"yoast-schema-graph\">{\"@context\":\"https:\/\/schema.org\",\"@graph\":[{\"@type\":\"Article\",\"@id\":\"https:\/\/www.africa-press.net\/centrafricaine\/politique\/vers-la-modernisation-avec-des-projets-denvergure-2#article\",\"isPartOf\":{\"@id\":\"https:\/\/www.africa-press.net\/centrafricaine\/politique\/vers-la-modernisation-avec-des-projets-denvergure-2\"},\"author\":{\"name\":\"cfeditorfr\",\"@id\":\"https:\/\/www.africa-press.net\/centrafricaine\/#\/schema\/person\/2b1cf3cd81a31e3cd26889ca66d677f1\"},\"headline\":\"vers la modernisation avec des projets d\u2019envergure\",\"datePublished\":\"2024-01-19T15:53:35+00:00\",\"dateModified\":\"2024-01-20T14:41:44+00:00\",\"mainEntityOfPage\":{\"@id\":\"https:\/\/www.africa-press.net\/centrafricaine\/politique\/vers-la-modernisation-avec-des-projets-denvergure-2\"},\"wordCount\":274,\"commentCount\":0,\"image\":{\"@id\":\"https:\/\/www.africa-press.net\/centrafricaine\/politique\/vers-la-modernisation-avec-des-projets-denvergure-2#primaryimage\"},\"thumbnailUrl\":\"https:\/\/static.africa-press.net\/centrafricaine\/sites\/45\/2024\/01\/sm_1705673349.221119.jpg\",\"keywords\":[\"Africa Press\",\"Africa Press-CentrAfricaine\",\"CentrAfricaine\"],\"articleSection\":[\"Politique\",\"Toutes les actualit\u00e9s\"],\"inLanguage\":\"fr-FR\",\"potentialAction\":[{\"@type\":\"CommentAction\",\"name\":\"Comment\",\"target\":[\"https:\/\/www.africa-press.net\/centrafricaine\/politique\/vers-la-modernisation-avec-des-projets-denvergure-2#respond\"]}]},{\"@type\":\"WebPage\",\"@id\":\"https:\/\/www.africa-press.net\/centrafricaine\/politique\/vers-la-modernisation-avec-des-projets-denvergure-2\",\"url\":\"https:\/\/www.africa-press.net\/centrafricaine\/politique\/vers-la-modernisation-avec-des-projets-denvergure-2\",\"name\":\"vers la modernisation avec des projets d\u2019envergure - centrafricaine\",\"isPartOf\":{\"@id\":\"https:\/\/www.africa-press.net\/centrafricaine\/#website\"},\"primaryImageOfPage\":{\"@id\":\"https:\/\/www.africa-press.net\/centrafricaine\/politique\/vers-la-modernisation-avec-des-projets-denvergure-2#primaryimage\"},\"image\":{\"@id\":\"https:\/\/www.africa-press.net\/centrafricaine\/politique\/vers-la-modernisation-avec-des-projets-denvergure-2#primaryimage\"},\"thumbnailUrl\":\"https:\/\/static.africa-press.net\/centrafricaine\/sites\/45\/2024\/01\/sm_1705673349.221119.jpg\",\"datePublished\":\"2024-01-19T15:53:35+00:00\",\"dateModified\":\"2024-01-20T14:41:44+00:00\",\"author\":{\"@id\":\"https:\/\/www.africa-press.net\/centrafricaine\/#\/schema\/person\/2b1cf3cd81a31e3cd26889ca66d677f1\"},\"description\":\"Le Premier ministre centrafricain, Fe\u0301lix Moloua a dirige\u0301 une se\u0301ance de travail le 16 janvier 2024 avec une de\u0301le\u0301gation de ...\",\"breadcrumb\":{\"@id\":\"https:\/\/www.africa-press.net\/centrafricaine\/politique\/vers-la-modernisation-avec-des-projets-denvergure-2#breadcrumb\"},\"inLanguage\":\"fr-FR\",\"potentialAction\":[{\"@type\":\"ReadAction\",\"target\":[\"https:\/\/www.africa-press.net\/centrafricaine\/politique\/vers-la-modernisation-avec-des-projets-denvergure-2\"]}]},{\"@type\":\"ImageObject\",\"inLanguage\":\"fr-FR\",\"@id\":\"https:\/\/www.africa-press.net\/centrafricaine\/politique\/vers-la-modernisation-avec-des-projets-denvergure-2#primaryimage\",\"url\":\"https:\/\/static.africa-press.net\/centrafricaine\/sites\/45\/2024\/01\/sm_1705673349.221119.jpg\",\"contentUrl\":\"https:\/\/static.africa-press.net\/centrafricaine\/sites\/45\/2024\/01\/sm_1705673349.221119.jpg\",\"width\":720,\"height\":451,\"caption\":\"vers la modernisation avec des projets d\u2019envergure\"},{\"@type\":\"BreadcrumbList\",\"@id\":\"https:\/\/www.africa-press.net\/centrafricaine\/politique\/vers-la-modernisation-avec-des-projets-denvergure-2#breadcrumb\",\"itemListElement\":[{\"@type\":\"ListItem\",\"position\":1,\"name\":\"Accueil\",\"item\":\"https:\/\/www.africa-press.net\/centrafricaine\/\"},{\"@type\":\"ListItem\",\"position\":2,\"name\":\"vers la modernisation avec des projets d\u2019envergure\"}]},{\"@type\":\"WebSite\",\"@id\":\"https:\/\/www.africa-press.net\/centrafricaine\/#website\",\"url\":\"https:\/\/www.africa-press.net\/centrafricaine\/\",\"name\":\"centrafricaine\",\"description\":\"Just another Africa News Agency Sites site\",\"potentialAction\":[{\"@type\":\"SearchAction\",\"target\":{\"@type\":\"EntryPoint\",\"urlTemplate\":\"https:\/\/www.africa-press.net\/centrafricaine\/?s={search_term_string}\"},\"query-input\":{\"@type\":\"PropertyValueSpecification\",\"valueRequired\":true,\"valueName\":\"search_term_string\"}}],\"inLanguage\":\"fr-FR\"},{\"@type\":\"Person\",\"@id\":\"https:\/\/www.africa-press.net\/centrafricaine\/#\/schema\/person\/2b1cf3cd81a31e3cd26889ca66d677f1\",\"name\":\"cfeditorfr\"}]}<\/script>\n<!-- \/ Yoast SEO Premium plugin. -->","yoast_head_json":{"title":"vers la modernisation avec des projets d\u2019envergure - centrafricaine","description":"Le Premier ministre centrafricain, Fe\u0301lix Moloua a dirige\u0301 une se\u0301ance de travail le 16 janvier 2024 avec une de\u0301le\u0301gation de ...","robots":{"index":"index","follow":"follow","max-snippet":"max-snippet:-1","max-image-preview":"max-image-preview:large","max-video-preview":"max-video-preview:-1"},"canonical":"https:\/\/www.africa-press.net\/centrafricaine\/politique\/vers-la-modernisation-avec-des-projets-denvergure-2","og_locale":"fr_FR","og_type":"article","og_title":"vers la modernisation avec des projets d\u2019envergure","og_description":"Le Premier ministre centrafricain, Fe\u0301lix Moloua a dirige\u0301 une se\u0301ance de travail le 16 janvier 2024 avec une de\u0301le\u0301gation de ...","og_url":"https:\/\/www.africa-press.net\/centrafricaine\/politique\/vers-la-modernisation-avec-des-projets-denvergure-2","og_site_name":"centrafricaine","article_published_time":"2024-01-19T15:53:35+00:00","article_modified_time":"2024-01-20T14:41:44+00:00","og_image":[{"width":720,"height":451,"url":"https:\/\/static.africa-press.net\/centrafricaine\/sites\/45\/2024\/01\/sm_1705673349.221119.jpg","type":"image\/jpeg"}],"author":"cfeditorfr","twitter_card":"summary_large_image","twitter_misc":{"\u00c9crit par":"cfeditorfr","Dur\u00e9e de lecture estim\u00e9e":"1 minute"},"schema":{"@context":"https:\/\/schema.org","@graph":[{"@type":"Article","@id":"https:\/\/www.africa-press.net\/centrafricaine\/politique\/vers-la-modernisation-avec-des-projets-denvergure-2#article","isPartOf":{"@id":"https:\/\/www.africa-press.net\/centrafricaine\/politique\/vers-la-modernisation-avec-des-projets-denvergure-2"},"author":{"name":"cfeditorfr","@id":"https:\/\/www.africa-press.net\/centrafricaine\/#\/schema\/person\/2b1cf3cd81a31e3cd26889ca66d677f1"},"headline":"vers la modernisation avec des projets d\u2019envergure","datePublished":"2024-01-19T15:53:35+00:00","dateModified":"2024-01-20T14:41:44+00:00","mainEntityOfPage":{"@id":"https:\/\/www.africa-press.net\/centrafricaine\/politique\/vers-la-modernisation-avec-des-projets-denvergure-2"},"wordCount":274,"commentCount":0,"image":{"@id":"https:\/\/www.africa-press.net\/centrafricaine\/politique\/vers-la-modernisation-avec-des-projets-denvergure-2#primaryimage"},"thumbnailUrl":"https:\/\/static.africa-press.net\/centrafricaine\/sites\/45\/2024\/01\/sm_1705673349.221119.jpg","keywords":["Africa Press","Africa Press-CentrAfricaine","CentrAfricaine"],"articleSection":["Politique","Toutes les actualit\u00e9s"],"inLanguage":"fr-FR","potentialAction":[{"@type":"CommentAction","name":"Comment","target":["https:\/\/www.africa-press.net\/centrafricaine\/politique\/vers-la-modernisation-avec-des-projets-denvergure-2#respond"]}]},{"@type":"WebPage","@id":"https:\/\/www.africa-press.net\/centrafricaine\/politique\/vers-la-modernisation-avec-des-projets-denvergure-2","url":"https:\/\/www.africa-press.net\/centrafricaine\/politique\/vers-la-modernisation-avec-des-projets-denvergure-2","name":"vers la modernisation avec des projets d\u2019envergure - centrafricaine","isPartOf":{"@id":"https:\/\/www.africa-press.net\/centrafricaine\/#website"},"primaryImageOfPage":{"@id":"https:\/\/www.africa-press.net\/centrafricaine\/politique\/vers-la-modernisation-avec-des-projets-denvergure-2#primaryimage"},"image":{"@id":"https:\/\/www.africa-press.net\/centrafricaine\/politique\/vers-la-modernisation-avec-des-projets-denvergure-2#primaryimage"},"thumbnailUrl":"https:\/\/static.africa-press.net\/centrafricaine\/sites\/45\/2024\/01\/sm_1705673349.221119.jpg","datePublished":"2024-01-19T15:53:35+00:00","dateModified":"2024-01-20T14:41:44+00:00","author":{"@id":"https:\/\/www.africa-press.net\/centrafricaine\/#\/schema\/person\/2b1cf3cd81a31e3cd26889ca66d677f1"},"description":"Le Premier ministre centrafricain, Fe\u0301lix Moloua a dirige\u0301 une se\u0301ance de travail le 16 janvier 2024 avec une de\u0301le\u0301gation de ...","breadcrumb":{"@id":"https:\/\/www.africa-press.net\/centrafricaine\/politique\/vers-la-modernisation-avec-des-projets-denvergure-2#breadcrumb"},"inLanguage":"fr-FR","potentialAction":[{"@type":"ReadAction","target":["https:\/\/www.africa-press.net\/centrafricaine\/politique\/vers-la-modernisation-avec-des-projets-denvergure-2"]}]},{"@type":"ImageObject","inLanguage":"fr-FR","@id":"https:\/\/www.africa-press.net\/centrafricaine\/politique\/vers-la-modernisation-avec-des-projets-denvergure-2#primaryimage","url":"https:\/\/static.africa-press.net\/centrafricaine\/sites\/45\/2024\/01\/sm_1705673349.221119.jpg","contentUrl":"https:\/\/static.africa-press.net\/centrafricaine\/sites\/45\/2024\/01\/sm_1705673349.221119.jpg","width":720,"height":451,"caption":"vers la modernisation avec des projets d\u2019envergure"},{"@type":"BreadcrumbList","@id":"https:\/\/www.africa-press.net\/centrafricaine\/politique\/vers-la-modernisation-avec-des-projets-denvergure-2#breadcrumb","itemListElement":[{"@type":"ListItem","position":1,"name":"Accueil","item":"https:\/\/www.africa-press.net\/centrafricaine\/"},{"@type":"ListItem","position":2,"name":"vers la modernisation avec des projets d\u2019envergure"}]},{"@type":"WebSite","@id":"https:\/\/www.africa-press.net\/centrafricaine\/#website","url":"https:\/\/www.africa-press.net\/centrafricaine\/","name":"centrafricaine","description":"Just another Africa News Agency Sites site","potentialAction":[{"@type":"SearchAction","target":{"@type":"EntryPoint","urlTemplate":"https:\/\/www.africa-press.net\/centrafricaine\/?s={search_term_string}"},"query-input":{"@type":"PropertyValueSpecification","valueRequired":true,"valueName":"search_term_string"}}],"inLanguage":"fr-FR"},{"@type":"Person","@id":"https:\/\/www.africa-press.net\/centrafricaine\/#\/schema\/person\/2b1cf3cd81a31e3cd26889ca66d677f1","name":"cfeditorfr"}]}},"_links":{"self":[{"href":"https:\/\/www.africa-press.net\/centrafricaine\/wp-json\/wp\/v2\/posts\/51902","targetHints":{"allow":["GET"]}}],"collection":[{"href":"https:\/\/www.africa-press.net\/centrafricaine\/wp-json\/wp\/v2\/posts"}],"about":[{"href":"https:\/\/www.africa-press.net\/centrafricaine\/wp-json\/wp\/v2\/types\/post"}],"author":[{"embeddable":true,"href":"https:\/\/www.africa-press.net\/centrafricaine\/wp-json\/wp\/v2\/users\/82"}],"replies":[{"embeddable":true,"href":"https:\/\/www.africa-press.net\/centrafricaine\/wp-json\/wp\/v2\/comments?post=51902"}],"version-history":[{"count":0,"href":"https:\/\/www.africa-press.net\/centrafricaine\/wp-json\/wp\/v2\/posts\/51902\/revisions"}],"wp:featuredmedia":[{"embeddable":true,"href":"https:\/\/www.africa-press.net\/centrafricaine\/wp-json\/wp\/v2\/media\/51901"}],"wp:attachment":[{"href":"https:\/\/www.africa-press.net\/centrafricaine\/wp-json\/wp\/v2\/media?parent=51902"}],"wp:term":[{"taxonomy":"category","embeddable":true,"href":"https:\/\/www.africa-press.net\/centrafricaine\/wp-json\/wp\/v2\/categories?post=51902"},{"taxonomy":"post_tag","embeddable":true,"href":"https:\/\/www.africa-press.net\/centrafricaine\/wp-json\/wp\/v2\/tags?post=51902"}],"curies":[{"name":"wp","href":"https:\/\/api.w.org\/{rel}","templated":true}]}}