{"id":51904,"date":"2024-01-19T15:54:07","date_gmt":"2024-01-19T15:54:07","guid":{"rendered":"https:\/\/www.africa-press.net\/centrafricaine\/politique\/inquietude-des-autorites-de-cantonnier-et-beloko-face-a-la-montee-de-la-criminalite"},"modified":"2024-01-20T14:41:57","modified_gmt":"2024-01-20T14:41:57","slug":"inquietude-des-autorites-de-cantonnier-et-beloko-face-a-la-montee-de-la-criminalite","status":"publish","type":"post","link":"https:\/\/www.africa-press.net\/centrafricaine\/toutes-les-actualites\/inquietude-des-autorites-de-cantonnier-et-beloko-face-a-la-montee-de-la-criminalite","title":{"rendered":"inqui\u00e9tude des autorit\u00e9s de Cantonnier et B\u00e9loko face \u00e0 la mont\u00e9e de la criminalit\u00e9"},"content":{"rendered":"<p><span style=\"color: #ff6600\"><strong>Africa-Press &#8211; CentrAfricaine. <\/strong><\/span>Les autorite\u0301s de Cantonnier, localite\u0301 frontalie\u0300re avec le Cameroun a\u0300 l\u2019Ouest de la Re\u0301publique centrafricaine, s\u2019alarment face a\u0300 la monte\u0301e des crimes rituels dans la re\u0301gion. Pas une semaine ne s\u2019e\u0301coule sans qu\u2019on ne de\u0301couvre des cadavres dont certaines parties du corps ont e\u0301te\u0301 ampute\u0301es ou dont le sang a e\u0301te\u0301 vide\u0301. De\u0301passe\u0301es, ces autorite\u0301s appellent Bangui a\u0300 l\u2019aide.<\/p>\n<p>En plus de la menace se\u0301curitaire cre\u0301e\u0301e par des hommes arme\u0301s dans une partie de la Nana-Mambe\u0301re\u0301, cette re\u0301gion de la Re\u0301publique centrafricaine est confronte\u0301e a\u0300 une nouvelle forme de criminalite\u0301. Certaines personnes commettent re\u0301gulie\u0300rement des crimes rituels dans la sous-pre\u0301fecture de Baboua, notamment a\u0300 Cantonnier et dans sa pe\u0301riphe\u0301rie. Dans la plupart des cas, les cadavres trouve\u0301s sont mutile\u0301s et, selon les autorite\u0301s locales, ces crimes rituels sont loin d\u2019e\u0302tre termine\u0301s.<\/p>\n<p>\u00ab Il y a eu plusieurs tueries. La majorite\u0301 des victimes qu\u2019on retrouve sur le territoire centrafricain sont des sujets camerounais qui sont tue\u0301s la\u0300-bas et de\u0301pose\u0301s ici. Leurs organes vitaux ou autres parties du corps sont pre\u0301leve\u0301s. En une semaine, on en avait compte\u0301 4 a\u0300 6 dont un sujet tchadien retrouve\u0301 pendu. J\u2019ai informe\u0301 mon homologue de Garoua-Boulai\u0308 qui a pris une note interdisant aux taxis-motos de sa ville de venir ici \u00bb, rapporte Lucien Belede\u0301, Sous-pre\u0301fet de Baboua.<\/p>\n<p><b>Un re\u0301seau criminel transnational ?<\/b><\/p>\n<p>D\u2019apre\u0300s les te\u0301moignages recueillis a\u0300 Cantonnier et Be\u0301loko, les crimes rituels et les trafics d\u2019organes humains sont un commerce transnational entre le Cameroun et le Centrafrique. Les victimes subissent le retrait de certains organes, dont les yeux, le c\u0153ur, le sexe, l\u2019oreille, le sang ou encore la langue. Une situation qui e\u0301chappe au contro\u0302le des autorite\u0301s qui appellent Bangui a\u0300 l\u2019aide.<\/p>\n<p>\u00ab A Cantonnier, c\u2019est toute la Centrafrique qui se retrouve la\u0300. Des malfrats de tous genres sont ici et c\u2019est vraiment grave. Bien que la gendarmerie et la police soient pre\u0301sentes, je pense qu\u2019il est ne\u0301cessaire de renforcer leurs effectifs en raison de la porosite\u0301 de nos frontie\u0300res. Les gens entrent et sortent comme ils le veulent. Nous appelons Bangui a\u0300 prendre la situation au se\u0301rieux \u00bb, poursuit le sous-pre\u0301fet.<\/p>\n<p>Dans la 2e semaine de janvier 2024 seulement, au moins 6 corps sans vie ont e\u0301te\u0301 retrouve\u0301s dans les localite\u0301s de Cantonnier et Be\u0301loko. Les victimes sont identifie\u0301es comme des conducteurs de motos-taxis. Le de\u0301pute\u0301 de la circonscription de Baboua 1, dont Be\u0301loko en fait partie, a e\u0301galement de\u0301nonce\u0301 ces pratiques sur Radio Ndeke Luka et a appele\u0301 le gouvernement a\u0300 vite re\u0301agir.<\/p>\n<p><strong>Pour plus d&rsquo;informations et d&rsquo;analyses sur la <a href=\"https:\/\/www.africa-press.net\/centrafricaine\">CentrAfricaine<\/a>, suivez <a href=\"https:\/\/www.africa-press.net\/\">Africa-Press<\/a><\/strong><\/p>\n","protected":false},"excerpt":{"rendered":"<p>Africa-Press &#8211; CentrAfricaine. Les autorite\u0301s de Cantonnier, localite\u0301 frontalie\u0300re avec le Cameroun a\u0300 l\u2019Ouest de la Re\u0301publique centrafricaine, s\u2019alarment face a\u0300 la monte\u0301e des crimes rituels dans la re\u0301gion. Pas une semaine ne s\u2019e\u0301coule sans qu\u2019on ne de\u0301couvre des cadavres dont certaines parties du corps ont e\u0301te\u0301 ampute\u0301es ou dont le sang a e\u0301te\u0301 vide\u0301. [&hellip;]<\/p>\n","protected":false},"author":82,"featured_media":51903,"comment_status":"open","ping_status":"closed","sticky":false,"template":"","format":"standard","meta":{"footnotes":""},"categories":[21,10],"tags":[36,58,30],"class_list":["post-51904","post","type-post","status-publish","format-standard","has-post-thumbnail","hentry","category-communaute","category-toutes-les-actualites","tag-africa-press","tag-africa-press-centrafricaine","tag-centrafricaine"],"yoast_head":"<!-- This site is optimized with the Yoast SEO Premium plugin v26.1 (Yoast SEO v27.0) - https:\/\/yoast.com\/product\/yoast-seo-premium-wordpress\/ -->\n<title>inqui\u00e9tude des autorit\u00e9s de Cantonnier et B\u00e9loko face \u00e0 la mont\u00e9e de la criminalit\u00e9 - centrafricaine<\/title>\n<meta name=\"description\" content=\"Les autorite\u0301s de Cantonnier, localite\u0301 frontalie\u0300re avec le Cameroun a\u0300 l\u2019Ouest de la Re\u0301publique centrafricaine, s\u2019ala ...\" \/>\n<meta name=\"robots\" content=\"index, follow, max-snippet:-1, max-image-preview:large, max-video-preview:-1\" \/>\n<link rel=\"canonical\" href=\"https:\/\/www.africa-press.net\/centrafricaine\/toutes-les-actualites\/inquietude-des-autorites-de-cantonnier-et-beloko-face-a-la-montee-de-la-criminalite\" \/>\n<meta property=\"og:locale\" content=\"fr_FR\" \/>\n<meta property=\"og:type\" content=\"article\" \/>\n<meta property=\"og:title\" content=\"inqui\u00e9tude des autorit\u00e9s de Cantonnier et B\u00e9loko face \u00e0 la mont\u00e9e de la criminalit\u00e9\" \/>\n<meta property=\"og:description\" content=\"Les autorite\u0301s de Cantonnier, localite\u0301 frontalie\u0300re avec le Cameroun a\u0300 l\u2019Ouest de la Re\u0301publique centrafricaine, s\u2019ala ...\" \/>\n<meta property=\"og:url\" content=\"https:\/\/www.africa-press.net\/centrafricaine\/toutes-les-actualites\/inquietude-des-autorites-de-cantonnier-et-beloko-face-a-la-montee-de-la-criminalite\" \/>\n<meta property=\"og:site_name\" content=\"centrafricaine\" \/>\n<meta property=\"article:published_time\" content=\"2024-01-19T15:54:07+00:00\" \/>\n<meta property=\"article:modified_time\" content=\"2024-01-20T14:41:57+00:00\" \/>\n<meta property=\"og:image\" content=\"https:\/\/static.africa-press.net\/centrafricaine\/sites\/45\/2024\/01\/sm_1705673362.03487.jpg\" \/>\n\t<meta property=\"og:image:width\" content=\"720\" \/>\n\t<meta property=\"og:image:height\" content=\"427\" \/>\n\t<meta property=\"og:image:type\" content=\"image\/jpeg\" \/>\n<meta name=\"author\" content=\"cfeditorfr\" \/>\n<meta name=\"twitter:card\" content=\"summary_large_image\" \/>\n<meta name=\"twitter:label1\" content=\"\u00c9crit par\" \/>\n\t<meta name=\"twitter:data1\" content=\"cfeditorfr\" \/>\n\t<meta name=\"twitter:label2\" content=\"Dur\u00e9e de lecture estim\u00e9e\" \/>\n\t<meta name=\"twitter:data2\" content=\"2 minutes\" \/>\n<script type=\"application\/ld+json\" class=\"yoast-schema-graph\">{\"@context\":\"https:\/\/schema.org\",\"@graph\":[{\"@type\":\"Article\",\"@id\":\"https:\/\/www.africa-press.net\/centrafricaine\/toutes-les-actualites\/inquietude-des-autorites-de-cantonnier-et-beloko-face-a-la-montee-de-la-criminalite#article\",\"isPartOf\":{\"@id\":\"https:\/\/www.africa-press.net\/centrafricaine\/toutes-les-actualites\/inquietude-des-autorites-de-cantonnier-et-beloko-face-a-la-montee-de-la-criminalite\"},\"author\":{\"name\":\"cfeditorfr\",\"@id\":\"https:\/\/www.africa-press.net\/centrafricaine\/#\/schema\/person\/2b1cf3cd81a31e3cd26889ca66d677f1\"},\"headline\":\"inqui\u00e9tude des autorit\u00e9s de Cantonnier et B\u00e9loko face \u00e0 la mont\u00e9e de la criminalit\u00e9\",\"datePublished\":\"2024-01-19T15:54:07+00:00\",\"dateModified\":\"2024-01-20T14:41:57+00:00\",\"mainEntityOfPage\":{\"@id\":\"https:\/\/www.africa-press.net\/centrafricaine\/toutes-les-actualites\/inquietude-des-autorites-de-cantonnier-et-beloko-face-a-la-montee-de-la-criminalite\"},\"wordCount\":509,\"commentCount\":0,\"image\":{\"@id\":\"https:\/\/www.africa-press.net\/centrafricaine\/toutes-les-actualites\/inquietude-des-autorites-de-cantonnier-et-beloko-face-a-la-montee-de-la-criminalite#primaryimage\"},\"thumbnailUrl\":\"https:\/\/static.africa-press.net\/centrafricaine\/sites\/45\/2024\/01\/sm_1705673362.03487.jpg\",\"keywords\":[\"Africa Press\",\"Africa Press-CentrAfricaine\",\"CentrAfricaine\"],\"articleSection\":[\"Communaut\u00e9\",\"Toutes les actualit\u00e9s\"],\"inLanguage\":\"fr-FR\",\"potentialAction\":[{\"@type\":\"CommentAction\",\"name\":\"Comment\",\"target\":[\"https:\/\/www.africa-press.net\/centrafricaine\/toutes-les-actualites\/inquietude-des-autorites-de-cantonnier-et-beloko-face-a-la-montee-de-la-criminalite#respond\"]}]},{\"@type\":\"WebPage\",\"@id\":\"https:\/\/www.africa-press.net\/centrafricaine\/toutes-les-actualites\/inquietude-des-autorites-de-cantonnier-et-beloko-face-a-la-montee-de-la-criminalite\",\"url\":\"https:\/\/www.africa-press.net\/centrafricaine\/toutes-les-actualites\/inquietude-des-autorites-de-cantonnier-et-beloko-face-a-la-montee-de-la-criminalite\",\"name\":\"inqui\u00e9tude des autorit\u00e9s de Cantonnier et B\u00e9loko face \u00e0 la mont\u00e9e de la criminalit\u00e9 - centrafricaine\",\"isPartOf\":{\"@id\":\"https:\/\/www.africa-press.net\/centrafricaine\/#website\"},\"primaryImageOfPage\":{\"@id\":\"https:\/\/www.africa-press.net\/centrafricaine\/toutes-les-actualites\/inquietude-des-autorites-de-cantonnier-et-beloko-face-a-la-montee-de-la-criminalite#primaryimage\"},\"image\":{\"@id\":\"https:\/\/www.africa-press.net\/centrafricaine\/toutes-les-actualites\/inquietude-des-autorites-de-cantonnier-et-beloko-face-a-la-montee-de-la-criminalite#primaryimage\"},\"thumbnailUrl\":\"https:\/\/static.africa-press.net\/centrafricaine\/sites\/45\/2024\/01\/sm_1705673362.03487.jpg\",\"datePublished\":\"2024-01-19T15:54:07+00:00\",\"dateModified\":\"2024-01-20T14:41:57+00:00\",\"author\":{\"@id\":\"https:\/\/www.africa-press.net\/centrafricaine\/#\/schema\/person\/2b1cf3cd81a31e3cd26889ca66d677f1\"},\"description\":\"Les autorite\u0301s de Cantonnier, localite\u0301 frontalie\u0300re avec le Cameroun a\u0300 l\u2019Ouest de la Re\u0301publique centrafricaine, s\u2019ala ...\",\"breadcrumb\":{\"@id\":\"https:\/\/www.africa-press.net\/centrafricaine\/toutes-les-actualites\/inquietude-des-autorites-de-cantonnier-et-beloko-face-a-la-montee-de-la-criminalite#breadcrumb\"},\"inLanguage\":\"fr-FR\",\"potentialAction\":[{\"@type\":\"ReadAction\",\"target\":[\"https:\/\/www.africa-press.net\/centrafricaine\/toutes-les-actualites\/inquietude-des-autorites-de-cantonnier-et-beloko-face-a-la-montee-de-la-criminalite\"]}]},{\"@type\":\"ImageObject\",\"inLanguage\":\"fr-FR\",\"@id\":\"https:\/\/www.africa-press.net\/centrafricaine\/toutes-les-actualites\/inquietude-des-autorites-de-cantonnier-et-beloko-face-a-la-montee-de-la-criminalite#primaryimage\",\"url\":\"https:\/\/static.africa-press.net\/centrafricaine\/sites\/45\/2024\/01\/sm_1705673362.03487.jpg\",\"contentUrl\":\"https:\/\/static.africa-press.net\/centrafricaine\/sites\/45\/2024\/01\/sm_1705673362.03487.jpg\",\"width\":720,\"height\":427,\"caption\":\"inqui\u00e9tude des autorit\u00e9s de Cantonnier et B\u00e9loko face \u00e0 la mont\u00e9e de la criminalit\u00e9\"},{\"@type\":\"BreadcrumbList\",\"@id\":\"https:\/\/www.africa-press.net\/centrafricaine\/toutes-les-actualites\/inquietude-des-autorites-de-cantonnier-et-beloko-face-a-la-montee-de-la-criminalite#breadcrumb\",\"itemListElement\":[{\"@type\":\"ListItem\",\"position\":1,\"name\":\"Accueil\",\"item\":\"https:\/\/www.africa-press.net\/centrafricaine\/\"},{\"@type\":\"ListItem\",\"position\":2,\"name\":\"inqui\u00e9tude des autorit\u00e9s de Cantonnier et B\u00e9loko face \u00e0 la mont\u00e9e de la criminalit\u00e9\"}]},{\"@type\":\"WebSite\",\"@id\":\"https:\/\/www.africa-press.net\/centrafricaine\/#website\",\"url\":\"https:\/\/www.africa-press.net\/centrafricaine\/\",\"name\":\"centrafricaine\",\"description\":\"Just another Africa News Agency Sites site\",\"potentialAction\":[{\"@type\":\"SearchAction\",\"target\":{\"@type\":\"EntryPoint\",\"urlTemplate\":\"https:\/\/www.africa-press.net\/centrafricaine\/?s={search_term_string}\"},\"query-input\":{\"@type\":\"PropertyValueSpecification\",\"valueRequired\":true,\"valueName\":\"search_term_string\"}}],\"inLanguage\":\"fr-FR\"},{\"@type\":\"Person\",\"@id\":\"https:\/\/www.africa-press.net\/centrafricaine\/#\/schema\/person\/2b1cf3cd81a31e3cd26889ca66d677f1\",\"name\":\"cfeditorfr\"}]}<\/script>\n<!-- \/ Yoast SEO Premium plugin. -->","yoast_head_json":{"title":"inqui\u00e9tude des autorit\u00e9s de Cantonnier et B\u00e9loko face \u00e0 la mont\u00e9e de la criminalit\u00e9 - centrafricaine","description":"Les autorite\u0301s de Cantonnier, localite\u0301 frontalie\u0300re avec le Cameroun a\u0300 l\u2019Ouest de la Re\u0301publique centrafricaine, s\u2019ala ...","robots":{"index":"index","follow":"follow","max-snippet":"max-snippet:-1","max-image-preview":"max-image-preview:large","max-video-preview":"max-video-preview:-1"},"canonical":"https:\/\/www.africa-press.net\/centrafricaine\/toutes-les-actualites\/inquietude-des-autorites-de-cantonnier-et-beloko-face-a-la-montee-de-la-criminalite","og_locale":"fr_FR","og_type":"article","og_title":"inqui\u00e9tude des autorit\u00e9s de Cantonnier et B\u00e9loko face \u00e0 la mont\u00e9e de la criminalit\u00e9","og_description":"Les autorite\u0301s de Cantonnier, localite\u0301 frontalie\u0300re avec le Cameroun a\u0300 l\u2019Ouest de la Re\u0301publique centrafricaine, s\u2019ala ...","og_url":"https:\/\/www.africa-press.net\/centrafricaine\/toutes-les-actualites\/inquietude-des-autorites-de-cantonnier-et-beloko-face-a-la-montee-de-la-criminalite","og_site_name":"centrafricaine","article_published_time":"2024-01-19T15:54:07+00:00","article_modified_time":"2024-01-20T14:41:57+00:00","og_image":[{"width":720,"height":427,"url":"https:\/\/static.africa-press.net\/centrafricaine\/sites\/45\/2024\/01\/sm_1705673362.03487.jpg","type":"image\/jpeg"}],"author":"cfeditorfr","twitter_card":"summary_large_image","twitter_misc":{"\u00c9crit par":"cfeditorfr","Dur\u00e9e de lecture estim\u00e9e":"2 minutes"},"schema":{"@context":"https:\/\/schema.org","@graph":[{"@type":"Article","@id":"https:\/\/www.africa-press.net\/centrafricaine\/toutes-les-actualites\/inquietude-des-autorites-de-cantonnier-et-beloko-face-a-la-montee-de-la-criminalite#article","isPartOf":{"@id":"https:\/\/www.africa-press.net\/centrafricaine\/toutes-les-actualites\/inquietude-des-autorites-de-cantonnier-et-beloko-face-a-la-montee-de-la-criminalite"},"author":{"name":"cfeditorfr","@id":"https:\/\/www.africa-press.net\/centrafricaine\/#\/schema\/person\/2b1cf3cd81a31e3cd26889ca66d677f1"},"headline":"inqui\u00e9tude des autorit\u00e9s de Cantonnier et B\u00e9loko face \u00e0 la mont\u00e9e de la criminalit\u00e9","datePublished":"2024-01-19T15:54:07+00:00","dateModified":"2024-01-20T14:41:57+00:00","mainEntityOfPage":{"@id":"https:\/\/www.africa-press.net\/centrafricaine\/toutes-les-actualites\/inquietude-des-autorites-de-cantonnier-et-beloko-face-a-la-montee-de-la-criminalite"},"wordCount":509,"commentCount":0,"image":{"@id":"https:\/\/www.africa-press.net\/centrafricaine\/toutes-les-actualites\/inquietude-des-autorites-de-cantonnier-et-beloko-face-a-la-montee-de-la-criminalite#primaryimage"},"thumbnailUrl":"https:\/\/static.africa-press.net\/centrafricaine\/sites\/45\/2024\/01\/sm_1705673362.03487.jpg","keywords":["Africa Press","Africa Press-CentrAfricaine","CentrAfricaine"],"articleSection":["Communaut\u00e9","Toutes les actualit\u00e9s"],"inLanguage":"fr-FR","potentialAction":[{"@type":"CommentAction","name":"Comment","target":["https:\/\/www.africa-press.net\/centrafricaine\/toutes-les-actualites\/inquietude-des-autorites-de-cantonnier-et-beloko-face-a-la-montee-de-la-criminalite#respond"]}]},{"@type":"WebPage","@id":"https:\/\/www.africa-press.net\/centrafricaine\/toutes-les-actualites\/inquietude-des-autorites-de-cantonnier-et-beloko-face-a-la-montee-de-la-criminalite","url":"https:\/\/www.africa-press.net\/centrafricaine\/toutes-les-actualites\/inquietude-des-autorites-de-cantonnier-et-beloko-face-a-la-montee-de-la-criminalite","name":"inqui\u00e9tude des autorit\u00e9s de Cantonnier et B\u00e9loko face \u00e0 la mont\u00e9e de la criminalit\u00e9 - centrafricaine","isPartOf":{"@id":"https:\/\/www.africa-press.net\/centrafricaine\/#website"},"primaryImageOfPage":{"@id":"https:\/\/www.africa-press.net\/centrafricaine\/toutes-les-actualites\/inquietude-des-autorites-de-cantonnier-et-beloko-face-a-la-montee-de-la-criminalite#primaryimage"},"image":{"@id":"https:\/\/www.africa-press.net\/centrafricaine\/toutes-les-actualites\/inquietude-des-autorites-de-cantonnier-et-beloko-face-a-la-montee-de-la-criminalite#primaryimage"},"thumbnailUrl":"https:\/\/static.africa-press.net\/centrafricaine\/sites\/45\/2024\/01\/sm_1705673362.03487.jpg","datePublished":"2024-01-19T15:54:07+00:00","dateModified":"2024-01-20T14:41:57+00:00","author":{"@id":"https:\/\/www.africa-press.net\/centrafricaine\/#\/schema\/person\/2b1cf3cd81a31e3cd26889ca66d677f1"},"description":"Les autorite\u0301s de Cantonnier, localite\u0301 frontalie\u0300re avec le Cameroun a\u0300 l\u2019Ouest de la Re\u0301publique centrafricaine, s\u2019ala ...","breadcrumb":{"@id":"https:\/\/www.africa-press.net\/centrafricaine\/toutes-les-actualites\/inquietude-des-autorites-de-cantonnier-et-beloko-face-a-la-montee-de-la-criminalite#breadcrumb"},"inLanguage":"fr-FR","potentialAction":[{"@type":"ReadAction","target":["https:\/\/www.africa-press.net\/centrafricaine\/toutes-les-actualites\/inquietude-des-autorites-de-cantonnier-et-beloko-face-a-la-montee-de-la-criminalite"]}]},{"@type":"ImageObject","inLanguage":"fr-FR","@id":"https:\/\/www.africa-press.net\/centrafricaine\/toutes-les-actualites\/inquietude-des-autorites-de-cantonnier-et-beloko-face-a-la-montee-de-la-criminalite#primaryimage","url":"https:\/\/static.africa-press.net\/centrafricaine\/sites\/45\/2024\/01\/sm_1705673362.03487.jpg","contentUrl":"https:\/\/static.africa-press.net\/centrafricaine\/sites\/45\/2024\/01\/sm_1705673362.03487.jpg","width":720,"height":427,"caption":"inqui\u00e9tude des autorit\u00e9s de Cantonnier et B\u00e9loko face \u00e0 la mont\u00e9e de la criminalit\u00e9"},{"@type":"BreadcrumbList","@id":"https:\/\/www.africa-press.net\/centrafricaine\/toutes-les-actualites\/inquietude-des-autorites-de-cantonnier-et-beloko-face-a-la-montee-de-la-criminalite#breadcrumb","itemListElement":[{"@type":"ListItem","position":1,"name":"Accueil","item":"https:\/\/www.africa-press.net\/centrafricaine\/"},{"@type":"ListItem","position":2,"name":"inqui\u00e9tude des autorit\u00e9s de Cantonnier et B\u00e9loko face \u00e0 la mont\u00e9e de la criminalit\u00e9"}]},{"@type":"WebSite","@id":"https:\/\/www.africa-press.net\/centrafricaine\/#website","url":"https:\/\/www.africa-press.net\/centrafricaine\/","name":"centrafricaine","description":"Just another Africa News Agency Sites site","potentialAction":[{"@type":"SearchAction","target":{"@type":"EntryPoint","urlTemplate":"https:\/\/www.africa-press.net\/centrafricaine\/?s={search_term_string}"},"query-input":{"@type":"PropertyValueSpecification","valueRequired":true,"valueName":"search_term_string"}}],"inLanguage":"fr-FR"},{"@type":"Person","@id":"https:\/\/www.africa-press.net\/centrafricaine\/#\/schema\/person\/2b1cf3cd81a31e3cd26889ca66d677f1","name":"cfeditorfr"}]}},"_links":{"self":[{"href":"https:\/\/www.africa-press.net\/centrafricaine\/wp-json\/wp\/v2\/posts\/51904","targetHints":{"allow":["GET"]}}],"collection":[{"href":"https:\/\/www.africa-press.net\/centrafricaine\/wp-json\/wp\/v2\/posts"}],"about":[{"href":"https:\/\/www.africa-press.net\/centrafricaine\/wp-json\/wp\/v2\/types\/post"}],"author":[{"embeddable":true,"href":"https:\/\/www.africa-press.net\/centrafricaine\/wp-json\/wp\/v2\/users\/82"}],"replies":[{"embeddable":true,"href":"https:\/\/www.africa-press.net\/centrafricaine\/wp-json\/wp\/v2\/comments?post=51904"}],"version-history":[{"count":0,"href":"https:\/\/www.africa-press.net\/centrafricaine\/wp-json\/wp\/v2\/posts\/51904\/revisions"}],"wp:featuredmedia":[{"embeddable":true,"href":"https:\/\/www.africa-press.net\/centrafricaine\/wp-json\/wp\/v2\/media\/51903"}],"wp:attachment":[{"href":"https:\/\/www.africa-press.net\/centrafricaine\/wp-json\/wp\/v2\/media?parent=51904"}],"wp:term":[{"taxonomy":"category","embeddable":true,"href":"https:\/\/www.africa-press.net\/centrafricaine\/wp-json\/wp\/v2\/categories?post=51904"},{"taxonomy":"post_tag","embeddable":true,"href":"https:\/\/www.africa-press.net\/centrafricaine\/wp-json\/wp\/v2\/tags?post=51904"}],"curies":[{"name":"wp","href":"https:\/\/api.w.org\/{rel}","templated":true}]}}