{"id":51906,"date":"2024-01-19T15:55:03","date_gmt":"2024-01-19T15:55:03","guid":{"rendered":"https:\/\/www.africa-press.net\/centrafricaine\/politique\/la-defense-de-lancien-president-de-lassemblee-nationale-karim-meckassoua-denonce-un-acharnement-judiciaire-2"},"modified":"2024-01-20T14:42:15","modified_gmt":"2024-01-20T14:42:15","slug":"la-defense-de-lancien-president-de-lassemblee-nationale-karim-meckassoua-denonce-un-acharnement-judiciaire-2","status":"publish","type":"post","link":"https:\/\/www.africa-press.net\/centrafricaine\/politique\/la-defense-de-lancien-president-de-lassemblee-nationale-karim-meckassoua-denonce-un-acharnement-judiciaire-2","title":{"rendered":"la d\u00e9fense de l\u2019ancien pr\u00e9sident de l\u2019Assembl\u00e9e nationale, Karim Meckassoua, d\u00e9nonce un acharnement judiciaire"},"content":{"rendered":"<p><span style=\"color: #ff6600\"><strong>Africa-Press &#8211; CentrAfricaine. <\/strong><\/span>En Centrafrique, l&rsquo;ancien pre\u0301sident de l&rsquo;Assemble\u0301e nationale, Karim Meckassoua, a e\u0301te\u0301 condamne\u0301 a\u0300 perpe\u0301tuite\u0301 et a\u0300 la saisie de ses biens mercredi. Il e\u0301tait poursuivi pour, entre autres, atteinte a\u0300 la su\u0302rete\u0301 inte\u0301rieure de l&rsquo;E\u0301tat, accuse\u0301 de collusion avec les rebelles de la CPC, ce qu&rsquo;il a toujours nie\u0301. Sa de\u0301fense de\u0301nonce un acharnement politique et judiciaire.<\/p>\n<p>En septembre, 23 personnes dont l&rsquo;ex-pre\u0301sident Bozize\u0301 avaient e\u0301te\u0301 condamne\u0301es dans le me\u0302me dossier. Ce verdict a e\u0301te\u0301 rendu lors de la session criminelle de la cour d&rsquo;appel de Bangui, en l&rsquo;absence de l&rsquo;ancien candidat a\u0300 la pre\u0301sidentielle, qui vit en exil en France depuis deux ans et demi. Abdou Karim Meckassoua a quitte\u0301 discre\u0300tement Bangui le 15 aou\u0302t 2021. Il avait e\u0301te\u0301 pre\u0301ce\u0301demment destitue\u0301 de sa position de pre\u0301sident de l&rsquo;Assemble\u0301e nationale en 2018, puis de\u0301chu le 11 aou\u0302t 2021 de son statut de de\u0301pute\u0301.<\/p>\n<p>Sa de\u0301fense de\u0301nonce un acharnement politique et judiciaire et rappelle que des recours restaient a\u0300 examiner avant de pouvoir tenir un proce\u0300s.<\/p>\n<p>Mai\u0302tre Nicolas Tiangaye fait partie de ses avocats, a e\u0301te\u0301 joint par Franc\u0327ois Mazet, de la re\u0301daction Afrique. \u00ab J\u2019ai releve\u0301 appel de l\u2019ordonnance du juge d\u2019instruction, j\u2019ai e\u0301galement forme\u0301 un pourvoi en cassation contre l\u2019ordonnance du pre\u0301sident de la cour d\u2019appel.<\/p>\n<p>Les lois centrafricaines pre\u0301voient qu\u2019en matie\u0300re pe\u0301nale, les voies de recours ont un effet suspensif. Par conse\u0301quent, le jugement, disons la de\u0301cision qui a e\u0301te\u0301 rendue par la cour criminelle, ce n\u2019est pas une de\u0301cision de justice, c\u2019est un service qui a e\u0301te\u0301 rendu au pouvoir en place et qui n\u2019engage pas du tout mon client. Et puis, maintenant, des pressions ont e\u0301te\u0301 exerce\u0301es sur les juges pour qu\u2019aujourd\u2019hui, on arrive a\u0300 une parodie de condamnation de monsieur Karim Meckassoua a\u0300 la peine de re\u0301clusion criminelle a\u0300 perpe\u0301tuite\u0301.<\/p>\n<p>Donc pour nous, c\u2019e\u0301tait pre\u0301visible. Mais le combat pour la justice se poursuit, le combat pour la le\u0301galite\u0301, la primaute\u0301 du droit va se poursuivre. \u00bb<\/p>\n<p><strong>Pour plus d&rsquo;informations et d&rsquo;analyses sur la <a href=\"https:\/\/www.africa-press.net\/centrafricaine\">CentrAfricaine<\/a>, suivez <a href=\"https:\/\/www.africa-press.net\/\">Africa-Press<\/a><\/strong><\/p>\n","protected":false},"excerpt":{"rendered":"<p>Africa-Press &#8211; CentrAfricaine. En Centrafrique, l&rsquo;ancien pre\u0301sident de l&rsquo;Assemble\u0301e nationale, Karim Meckassoua, a e\u0301te\u0301 condamne\u0301 a\u0300 perpe\u0301tuite\u0301 et a\u0300 la saisie de ses biens mercredi. Il e\u0301tait poursuivi pour, entre autres, atteinte a\u0300 la su\u0302rete\u0301 inte\u0301rieure de l&rsquo;E\u0301tat, accuse\u0301 de collusion avec les rebelles de la CPC, ce qu&rsquo;il a toujours nie\u0301. Sa de\u0301fense de\u0301nonce [&hellip;]<\/p>\n","protected":false},"author":82,"featured_media":51905,"comment_status":"open","ping_status":"closed","sticky":false,"template":"","format":"standard","meta":{"footnotes":""},"categories":[2,20,10],"tags":[36,58,30],"class_list":["post-51906","post","type-post","status-publish","format-standard","has-post-thumbnail","hentry","category-politique","category-top-nouvelles","category-toutes-les-actualites","tag-africa-press","tag-africa-press-centrafricaine","tag-centrafricaine"],"yoast_head":"<!-- This site is optimized with the Yoast SEO Premium plugin v26.1 (Yoast SEO v27.0) - https:\/\/yoast.com\/product\/yoast-seo-premium-wordpress\/ -->\n<title>la d\u00e9fense de l\u2019ancien pr\u00e9sident de l\u2019Assembl\u00e9e nationale, Karim Meckassoua, d\u00e9nonce un acharnement judiciaire - centrafricaine<\/title>\n<meta name=\"description\" content=\"En Centrafrique, l&#039;ancien pre\u0301sident de l&#039;Assemble\u0301e nationale, Karim Meckassoua, a e\u0301te\u0301 condamne\u0301 a\u0300 perpe\u0301tuite\u0301 et a ...\" \/>\n<meta name=\"robots\" content=\"index, follow, max-snippet:-1, max-image-preview:large, max-video-preview:-1\" \/>\n<link rel=\"canonical\" href=\"https:\/\/www.africa-press.net\/centrafricaine\/politique\/la-defense-de-lancien-president-de-lassemblee-nationale-karim-meckassoua-denonce-un-acharnement-judiciaire-2\" \/>\n<meta property=\"og:locale\" content=\"fr_FR\" \/>\n<meta property=\"og:type\" content=\"article\" \/>\n<meta property=\"og:title\" content=\"la d\u00e9fense de l\u2019ancien pr\u00e9sident de l\u2019Assembl\u00e9e nationale, Karim Meckassoua, d\u00e9nonce un acharnement judiciaire\" \/>\n<meta property=\"og:description\" content=\"En Centrafrique, l&#039;ancien pre\u0301sident de l&#039;Assemble\u0301e nationale, Karim Meckassoua, a e\u0301te\u0301 condamne\u0301 a\u0300 perpe\u0301tuite\u0301 et a ...\" \/>\n<meta property=\"og:url\" content=\"https:\/\/www.africa-press.net\/centrafricaine\/politique\/la-defense-de-lancien-president-de-lassemblee-nationale-karim-meckassoua-denonce-un-acharnement-judiciaire-2\" \/>\n<meta property=\"og:site_name\" content=\"centrafricaine\" \/>\n<meta property=\"article:published_time\" content=\"2024-01-19T15:55:03+00:00\" \/>\n<meta property=\"article:modified_time\" content=\"2024-01-20T14:42:15+00:00\" \/>\n<meta property=\"og:image\" content=\"https:\/\/static.africa-press.net\/centrafricaine\/sites\/45\/2024\/01\/sm_1705673374.791775.jpg\" \/>\n\t<meta property=\"og:image:width\" content=\"980\" \/>\n\t<meta property=\"og:image:height\" content=\"551\" \/>\n\t<meta property=\"og:image:type\" content=\"image\/jpeg\" \/>\n<meta name=\"author\" content=\"cfeditorfr\" \/>\n<meta name=\"twitter:card\" content=\"summary_large_image\" \/>\n<meta name=\"twitter:label1\" content=\"\u00c9crit par\" \/>\n\t<meta name=\"twitter:data1\" content=\"cfeditorfr\" \/>\n\t<meta name=\"twitter:label2\" content=\"Dur\u00e9e de lecture estim\u00e9e\" \/>\n\t<meta name=\"twitter:data2\" content=\"2 minutes\" \/>\n<script type=\"application\/ld+json\" class=\"yoast-schema-graph\">{\"@context\":\"https:\/\/schema.org\",\"@graph\":[{\"@type\":\"Article\",\"@id\":\"https:\/\/www.africa-press.net\/centrafricaine\/politique\/la-defense-de-lancien-president-de-lassemblee-nationale-karim-meckassoua-denonce-un-acharnement-judiciaire-2#article\",\"isPartOf\":{\"@id\":\"https:\/\/www.africa-press.net\/centrafricaine\/politique\/la-defense-de-lancien-president-de-lassemblee-nationale-karim-meckassoua-denonce-un-acharnement-judiciaire-2\"},\"author\":{\"name\":\"cfeditorfr\",\"@id\":\"https:\/\/www.africa-press.net\/centrafricaine\/#\/schema\/person\/2b1cf3cd81a31e3cd26889ca66d677f1\"},\"headline\":\"la d\u00e9fense de l\u2019ancien pr\u00e9sident de l\u2019Assembl\u00e9e nationale, Karim Meckassoua, d\u00e9nonce un acharnement judiciaire\",\"datePublished\":\"2024-01-19T15:55:03+00:00\",\"dateModified\":\"2024-01-20T14:42:15+00:00\",\"mainEntityOfPage\":{\"@id\":\"https:\/\/www.africa-press.net\/centrafricaine\/politique\/la-defense-de-lancien-president-de-lassemblee-nationale-karim-meckassoua-denonce-un-acharnement-judiciaire-2\"},\"wordCount\":420,\"commentCount\":0,\"image\":{\"@id\":\"https:\/\/www.africa-press.net\/centrafricaine\/politique\/la-defense-de-lancien-president-de-lassemblee-nationale-karim-meckassoua-denonce-un-acharnement-judiciaire-2#primaryimage\"},\"thumbnailUrl\":\"https:\/\/static.africa-press.net\/centrafricaine\/sites\/45\/2024\/01\/sm_1705673374.791775.jpg\",\"keywords\":[\"Africa Press\",\"Africa Press-CentrAfricaine\",\"CentrAfricaine\"],\"articleSection\":[\"Politique\",\"Top Nouvelles\",\"Toutes les actualit\u00e9s\"],\"inLanguage\":\"fr-FR\",\"potentialAction\":[{\"@type\":\"CommentAction\",\"name\":\"Comment\",\"target\":[\"https:\/\/www.africa-press.net\/centrafricaine\/politique\/la-defense-de-lancien-president-de-lassemblee-nationale-karim-meckassoua-denonce-un-acharnement-judiciaire-2#respond\"]}]},{\"@type\":\"WebPage\",\"@id\":\"https:\/\/www.africa-press.net\/centrafricaine\/politique\/la-defense-de-lancien-president-de-lassemblee-nationale-karim-meckassoua-denonce-un-acharnement-judiciaire-2\",\"url\":\"https:\/\/www.africa-press.net\/centrafricaine\/politique\/la-defense-de-lancien-president-de-lassemblee-nationale-karim-meckassoua-denonce-un-acharnement-judiciaire-2\",\"name\":\"la d\u00e9fense de l\u2019ancien pr\u00e9sident de l\u2019Assembl\u00e9e nationale, Karim Meckassoua, d\u00e9nonce un acharnement judiciaire - centrafricaine\",\"isPartOf\":{\"@id\":\"https:\/\/www.africa-press.net\/centrafricaine\/#website\"},\"primaryImageOfPage\":{\"@id\":\"https:\/\/www.africa-press.net\/centrafricaine\/politique\/la-defense-de-lancien-president-de-lassemblee-nationale-karim-meckassoua-denonce-un-acharnement-judiciaire-2#primaryimage\"},\"image\":{\"@id\":\"https:\/\/www.africa-press.net\/centrafricaine\/politique\/la-defense-de-lancien-president-de-lassemblee-nationale-karim-meckassoua-denonce-un-acharnement-judiciaire-2#primaryimage\"},\"thumbnailUrl\":\"https:\/\/static.africa-press.net\/centrafricaine\/sites\/45\/2024\/01\/sm_1705673374.791775.jpg\",\"datePublished\":\"2024-01-19T15:55:03+00:00\",\"dateModified\":\"2024-01-20T14:42:15+00:00\",\"author\":{\"@id\":\"https:\/\/www.africa-press.net\/centrafricaine\/#\/schema\/person\/2b1cf3cd81a31e3cd26889ca66d677f1\"},\"description\":\"En Centrafrique, l'ancien pre\u0301sident de l'Assemble\u0301e nationale, Karim Meckassoua, a e\u0301te\u0301 condamne\u0301 a\u0300 perpe\u0301tuite\u0301 et a ...\",\"breadcrumb\":{\"@id\":\"https:\/\/www.africa-press.net\/centrafricaine\/politique\/la-defense-de-lancien-president-de-lassemblee-nationale-karim-meckassoua-denonce-un-acharnement-judiciaire-2#breadcrumb\"},\"inLanguage\":\"fr-FR\",\"potentialAction\":[{\"@type\":\"ReadAction\",\"target\":[\"https:\/\/www.africa-press.net\/centrafricaine\/politique\/la-defense-de-lancien-president-de-lassemblee-nationale-karim-meckassoua-denonce-un-acharnement-judiciaire-2\"]}]},{\"@type\":\"ImageObject\",\"inLanguage\":\"fr-FR\",\"@id\":\"https:\/\/www.africa-press.net\/centrafricaine\/politique\/la-defense-de-lancien-president-de-lassemblee-nationale-karim-meckassoua-denonce-un-acharnement-judiciaire-2#primaryimage\",\"url\":\"https:\/\/static.africa-press.net\/centrafricaine\/sites\/45\/2024\/01\/sm_1705673374.791775.jpg\",\"contentUrl\":\"https:\/\/static.africa-press.net\/centrafricaine\/sites\/45\/2024\/01\/sm_1705673374.791775.jpg\",\"width\":980,\"height\":551,\"caption\":\"la d\u00e9fense de l\u2019ancien pr\u00e9sident de l\u2019Assembl\u00e9e nationale, Karim Meckassoua, d\u00e9nonce un acharnement judiciaire\"},{\"@type\":\"BreadcrumbList\",\"@id\":\"https:\/\/www.africa-press.net\/centrafricaine\/politique\/la-defense-de-lancien-president-de-lassemblee-nationale-karim-meckassoua-denonce-un-acharnement-judiciaire-2#breadcrumb\",\"itemListElement\":[{\"@type\":\"ListItem\",\"position\":1,\"name\":\"Accueil\",\"item\":\"https:\/\/www.africa-press.net\/centrafricaine\/\"},{\"@type\":\"ListItem\",\"position\":2,\"name\":\"la d\u00e9fense de l\u2019ancien pr\u00e9sident de l\u2019Assembl\u00e9e nationale, Karim Meckassoua, d\u00e9nonce un acharnement judiciaire\"}]},{\"@type\":\"WebSite\",\"@id\":\"https:\/\/www.africa-press.net\/centrafricaine\/#website\",\"url\":\"https:\/\/www.africa-press.net\/centrafricaine\/\",\"name\":\"centrafricaine\",\"description\":\"Just another Africa News Agency Sites site\",\"potentialAction\":[{\"@type\":\"SearchAction\",\"target\":{\"@type\":\"EntryPoint\",\"urlTemplate\":\"https:\/\/www.africa-press.net\/centrafricaine\/?s={search_term_string}\"},\"query-input\":{\"@type\":\"PropertyValueSpecification\",\"valueRequired\":true,\"valueName\":\"search_term_string\"}}],\"inLanguage\":\"fr-FR\"},{\"@type\":\"Person\",\"@id\":\"https:\/\/www.africa-press.net\/centrafricaine\/#\/schema\/person\/2b1cf3cd81a31e3cd26889ca66d677f1\",\"name\":\"cfeditorfr\"}]}<\/script>\n<!-- \/ Yoast SEO Premium plugin. -->","yoast_head_json":{"title":"la d\u00e9fense de l\u2019ancien pr\u00e9sident de l\u2019Assembl\u00e9e nationale, Karim Meckassoua, d\u00e9nonce un acharnement judiciaire - centrafricaine","description":"En Centrafrique, l'ancien pre\u0301sident de l'Assemble\u0301e nationale, Karim Meckassoua, a e\u0301te\u0301 condamne\u0301 a\u0300 perpe\u0301tuite\u0301 et a ...","robots":{"index":"index","follow":"follow","max-snippet":"max-snippet:-1","max-image-preview":"max-image-preview:large","max-video-preview":"max-video-preview:-1"},"canonical":"https:\/\/www.africa-press.net\/centrafricaine\/politique\/la-defense-de-lancien-president-de-lassemblee-nationale-karim-meckassoua-denonce-un-acharnement-judiciaire-2","og_locale":"fr_FR","og_type":"article","og_title":"la d\u00e9fense de l\u2019ancien pr\u00e9sident de l\u2019Assembl\u00e9e nationale, Karim Meckassoua, d\u00e9nonce un acharnement judiciaire","og_description":"En Centrafrique, l'ancien pre\u0301sident de l'Assemble\u0301e nationale, Karim Meckassoua, a e\u0301te\u0301 condamne\u0301 a\u0300 perpe\u0301tuite\u0301 et a ...","og_url":"https:\/\/www.africa-press.net\/centrafricaine\/politique\/la-defense-de-lancien-president-de-lassemblee-nationale-karim-meckassoua-denonce-un-acharnement-judiciaire-2","og_site_name":"centrafricaine","article_published_time":"2024-01-19T15:55:03+00:00","article_modified_time":"2024-01-20T14:42:15+00:00","og_image":[{"width":980,"height":551,"url":"https:\/\/static.africa-press.net\/centrafricaine\/sites\/45\/2024\/01\/sm_1705673374.791775.jpg","type":"image\/jpeg"}],"author":"cfeditorfr","twitter_card":"summary_large_image","twitter_misc":{"\u00c9crit par":"cfeditorfr","Dur\u00e9e de lecture estim\u00e9e":"2 minutes"},"schema":{"@context":"https:\/\/schema.org","@graph":[{"@type":"Article","@id":"https:\/\/www.africa-press.net\/centrafricaine\/politique\/la-defense-de-lancien-president-de-lassemblee-nationale-karim-meckassoua-denonce-un-acharnement-judiciaire-2#article","isPartOf":{"@id":"https:\/\/www.africa-press.net\/centrafricaine\/politique\/la-defense-de-lancien-president-de-lassemblee-nationale-karim-meckassoua-denonce-un-acharnement-judiciaire-2"},"author":{"name":"cfeditorfr","@id":"https:\/\/www.africa-press.net\/centrafricaine\/#\/schema\/person\/2b1cf3cd81a31e3cd26889ca66d677f1"},"headline":"la d\u00e9fense de l\u2019ancien pr\u00e9sident de l\u2019Assembl\u00e9e nationale, Karim Meckassoua, d\u00e9nonce un acharnement judiciaire","datePublished":"2024-01-19T15:55:03+00:00","dateModified":"2024-01-20T14:42:15+00:00","mainEntityOfPage":{"@id":"https:\/\/www.africa-press.net\/centrafricaine\/politique\/la-defense-de-lancien-president-de-lassemblee-nationale-karim-meckassoua-denonce-un-acharnement-judiciaire-2"},"wordCount":420,"commentCount":0,"image":{"@id":"https:\/\/www.africa-press.net\/centrafricaine\/politique\/la-defense-de-lancien-president-de-lassemblee-nationale-karim-meckassoua-denonce-un-acharnement-judiciaire-2#primaryimage"},"thumbnailUrl":"https:\/\/static.africa-press.net\/centrafricaine\/sites\/45\/2024\/01\/sm_1705673374.791775.jpg","keywords":["Africa Press","Africa Press-CentrAfricaine","CentrAfricaine"],"articleSection":["Politique","Top Nouvelles","Toutes les actualit\u00e9s"],"inLanguage":"fr-FR","potentialAction":[{"@type":"CommentAction","name":"Comment","target":["https:\/\/www.africa-press.net\/centrafricaine\/politique\/la-defense-de-lancien-president-de-lassemblee-nationale-karim-meckassoua-denonce-un-acharnement-judiciaire-2#respond"]}]},{"@type":"WebPage","@id":"https:\/\/www.africa-press.net\/centrafricaine\/politique\/la-defense-de-lancien-president-de-lassemblee-nationale-karim-meckassoua-denonce-un-acharnement-judiciaire-2","url":"https:\/\/www.africa-press.net\/centrafricaine\/politique\/la-defense-de-lancien-president-de-lassemblee-nationale-karim-meckassoua-denonce-un-acharnement-judiciaire-2","name":"la d\u00e9fense de l\u2019ancien pr\u00e9sident de l\u2019Assembl\u00e9e nationale, Karim Meckassoua, d\u00e9nonce un acharnement judiciaire - centrafricaine","isPartOf":{"@id":"https:\/\/www.africa-press.net\/centrafricaine\/#website"},"primaryImageOfPage":{"@id":"https:\/\/www.africa-press.net\/centrafricaine\/politique\/la-defense-de-lancien-president-de-lassemblee-nationale-karim-meckassoua-denonce-un-acharnement-judiciaire-2#primaryimage"},"image":{"@id":"https:\/\/www.africa-press.net\/centrafricaine\/politique\/la-defense-de-lancien-president-de-lassemblee-nationale-karim-meckassoua-denonce-un-acharnement-judiciaire-2#primaryimage"},"thumbnailUrl":"https:\/\/static.africa-press.net\/centrafricaine\/sites\/45\/2024\/01\/sm_1705673374.791775.jpg","datePublished":"2024-01-19T15:55:03+00:00","dateModified":"2024-01-20T14:42:15+00:00","author":{"@id":"https:\/\/www.africa-press.net\/centrafricaine\/#\/schema\/person\/2b1cf3cd81a31e3cd26889ca66d677f1"},"description":"En Centrafrique, l'ancien pre\u0301sident de l'Assemble\u0301e nationale, Karim Meckassoua, a e\u0301te\u0301 condamne\u0301 a\u0300 perpe\u0301tuite\u0301 et a ...","breadcrumb":{"@id":"https:\/\/www.africa-press.net\/centrafricaine\/politique\/la-defense-de-lancien-president-de-lassemblee-nationale-karim-meckassoua-denonce-un-acharnement-judiciaire-2#breadcrumb"},"inLanguage":"fr-FR","potentialAction":[{"@type":"ReadAction","target":["https:\/\/www.africa-press.net\/centrafricaine\/politique\/la-defense-de-lancien-president-de-lassemblee-nationale-karim-meckassoua-denonce-un-acharnement-judiciaire-2"]}]},{"@type":"ImageObject","inLanguage":"fr-FR","@id":"https:\/\/www.africa-press.net\/centrafricaine\/politique\/la-defense-de-lancien-president-de-lassemblee-nationale-karim-meckassoua-denonce-un-acharnement-judiciaire-2#primaryimage","url":"https:\/\/static.africa-press.net\/centrafricaine\/sites\/45\/2024\/01\/sm_1705673374.791775.jpg","contentUrl":"https:\/\/static.africa-press.net\/centrafricaine\/sites\/45\/2024\/01\/sm_1705673374.791775.jpg","width":980,"height":551,"caption":"la d\u00e9fense de l\u2019ancien pr\u00e9sident de l\u2019Assembl\u00e9e nationale, Karim Meckassoua, d\u00e9nonce un acharnement judiciaire"},{"@type":"BreadcrumbList","@id":"https:\/\/www.africa-press.net\/centrafricaine\/politique\/la-defense-de-lancien-president-de-lassemblee-nationale-karim-meckassoua-denonce-un-acharnement-judiciaire-2#breadcrumb","itemListElement":[{"@type":"ListItem","position":1,"name":"Accueil","item":"https:\/\/www.africa-press.net\/centrafricaine\/"},{"@type":"ListItem","position":2,"name":"la d\u00e9fense de l\u2019ancien pr\u00e9sident de l\u2019Assembl\u00e9e nationale, Karim Meckassoua, d\u00e9nonce un acharnement judiciaire"}]},{"@type":"WebSite","@id":"https:\/\/www.africa-press.net\/centrafricaine\/#website","url":"https:\/\/www.africa-press.net\/centrafricaine\/","name":"centrafricaine","description":"Just another Africa News Agency Sites site","potentialAction":[{"@type":"SearchAction","target":{"@type":"EntryPoint","urlTemplate":"https:\/\/www.africa-press.net\/centrafricaine\/?s={search_term_string}"},"query-input":{"@type":"PropertyValueSpecification","valueRequired":true,"valueName":"search_term_string"}}],"inLanguage":"fr-FR"},{"@type":"Person","@id":"https:\/\/www.africa-press.net\/centrafricaine\/#\/schema\/person\/2b1cf3cd81a31e3cd26889ca66d677f1","name":"cfeditorfr"}]}},"_links":{"self":[{"href":"https:\/\/www.africa-press.net\/centrafricaine\/wp-json\/wp\/v2\/posts\/51906","targetHints":{"allow":["GET"]}}],"collection":[{"href":"https:\/\/www.africa-press.net\/centrafricaine\/wp-json\/wp\/v2\/posts"}],"about":[{"href":"https:\/\/www.africa-press.net\/centrafricaine\/wp-json\/wp\/v2\/types\/post"}],"author":[{"embeddable":true,"href":"https:\/\/www.africa-press.net\/centrafricaine\/wp-json\/wp\/v2\/users\/82"}],"replies":[{"embeddable":true,"href":"https:\/\/www.africa-press.net\/centrafricaine\/wp-json\/wp\/v2\/comments?post=51906"}],"version-history":[{"count":0,"href":"https:\/\/www.africa-press.net\/centrafricaine\/wp-json\/wp\/v2\/posts\/51906\/revisions"}],"wp:featuredmedia":[{"embeddable":true,"href":"https:\/\/www.africa-press.net\/centrafricaine\/wp-json\/wp\/v2\/media\/51905"}],"wp:attachment":[{"href":"https:\/\/www.africa-press.net\/centrafricaine\/wp-json\/wp\/v2\/media?parent=51906"}],"wp:term":[{"taxonomy":"category","embeddable":true,"href":"https:\/\/www.africa-press.net\/centrafricaine\/wp-json\/wp\/v2\/categories?post=51906"},{"taxonomy":"post_tag","embeddable":true,"href":"https:\/\/www.africa-press.net\/centrafricaine\/wp-json\/wp\/v2\/tags?post=51906"}],"curies":[{"name":"wp","href":"https:\/\/api.w.org\/{rel}","templated":true}]}}