{"id":51976,"date":"2024-01-20T18:40:22","date_gmt":"2024-01-20T18:40:22","guid":{"rendered":"https:\/\/www.africa-press.net\/centrafricaine\/politique\/le-prefet-de-la-nana-gribizi-fait-le-bilan-des-realisations-2023"},"modified":"2024-01-20T19:02:39","modified_gmt":"2024-01-20T19:02:39","slug":"le-prefet-de-la-nana-gribizi-fait-le-bilan-des-realisations-2023","status":"publish","type":"post","link":"https:\/\/www.africa-press.net\/centrafricaine\/politique\/le-prefet-de-la-nana-gribizi-fait-le-bilan-des-realisations-2023","title":{"rendered":"le pr\u00e9fet de la Nana Gribizi fait le bilan des r\u00e9alisations 2023"},"content":{"rendered":"<p><span style=\"color: #ff6600\"><strong>Africa-Press &#8211; CentrAfricaine. <\/strong><\/span>Le pre\u0301fet de la pre\u0301fecture de Nana Gribizi, Abdoulaye Mahamat a fait un zoom sur la gestion de sa localite\u0301, notamment sur les questions politiques, se\u0301curitaires, sociales et humanitaires lors d\u2019une Interview accorde\u0301e a\u0300 l\u2019Oubangui Me\u0301dias. Il en a profite\u0301 pour pre\u0301senter les projets de 2024.<\/p>\n<p>Oubangui Me\u0301dias: Bonjour Monsieur le pre\u0301fet de la Nana Gribizi. Vous e\u0302tes en poste depuis cinq ans, vous avez contribue\u0301 a\u0300 maitriser la se\u0301curite\u0301 dans cette pre\u0301fecture. Cette se\u0301curite\u0301 retrouve\u0301e est-elle garantie ?<\/p>\n<p>Abdoulaye Mahamat: Je vous remercie de cette opportunite\u0301 que vous m\u2019offrez. Je suis en fonction dans la pre\u0301fecture depuis 2018. Je pense que pendant cinq ans, nous avons pu franchir beaucoup de proble\u0300mes. Quand j\u2019e\u0301tais arrive\u0301, la pre\u0301fecture n\u2019e\u0301tait pas au beau fixe. Les de\u0301fis e\u0301taient e\u0301normes mais je suis habitue\u0301 a\u0300 cela car c\u2019est ma fonction. Je sais comment me prendre pour remonter la pente. Aujourd\u2019hui, je suis heureux de contribuer a\u0300 rehausser le niveau se\u0301curitaire et autres domaines de la vie de la pre\u0301fecture. Je pense que c\u2019est une satisfaction d\u2019avoir rempli convenablement la mission qui m\u2019a e\u0301te\u0301 convie\u0301e par le gouvernement. Pour l\u2019anne\u0301e 2023 qui s\u2019est acheve\u0301e, ce qu\u2019il faut dire ce que nous avons re\u0301ussi sur le se\u0301curitaire a\u0300 mai\u0302triser comple\u0300tement la donne, en ce sens que nous avons nos forces de de\u0301fense et de se\u0301curite\u0301 qui sont en place et qui travaillent normalement malgre\u0301 les difficulte\u0301s d\u2019ordre mate\u0301riels. C\u2019est une e\u0301quipe courageuse qui est en place. Nous mai\u0302trisons toute la pre\u0301fecture. C\u2019est vrai que de temps en temps, nous ne sommes pas e\u0301pargne\u0301s des menaces. Nous avons connu quelques menaces essentiellement sur l\u2019axe Mbre\u0300s-Bamingui. Les rebelles ont tendance a\u0300 faire irruption, mais il y a e\u0301galement les forces de la Minusca qui nous soutiennent dans ce sens. Tout se passe bien, les gens vaquent librement a\u0300 leur occupation. Je suis satisfait de ces re\u0301sultats et remercie le gouvernement pour l\u2019appui accorde\u0301 a\u0300 notre pre\u0301fecture.<\/p>\n<p>Oubangui Me\u0301dias: Quelles sont les strate\u0301gies que vous avez mises en place pour gagner la confiance de la population en terme re\u0301tablissement de l\u2019ordre dans la ville de Kaga-Bandoro ?<\/p>\n<p>Abdoulaye Mahamat: Sans la confiance de la population, on ne peut rien faire. J\u2019estime que j\u2019ai la confiance de la population a\u0300 pre\u0300s de 100% et c\u2019est un e\u0301le\u0301ment important a\u0300 souligner. Cela fait des anne\u0301es que je suis dans cette fonction et j\u2019ai une certaine expe\u0301rience des zones chaudes parce qu\u2019avant cela j\u2019e\u0301tais dans le Bamingui-Bangoran (Ndele) et c\u2019est le me\u0302me contexte depuis 2014. Cela n\u2019a pas change\u0301. Aujourd\u2019hui, je ne fais que suivre la mission qui m\u2019a e\u0301te\u0301 confie\u0301e de ramener la paix dans cette partie du territoire Centrafricain et c\u2019est ce que je suis en train de faire, mais c\u2019est le terrain qui commande, et il faut s\u2019adapter. L\u2019une de mes forces c\u2019est que je suis proche de ma population et je discute avec tout le monde dans ma pre\u0301fecture. Mon ro\u0302le en tant que repre\u0301sentant de l\u2019E\u0301tat est de conseiller et de faire appliquer la loi mais aussi d\u2019e\u0302tre proche de la population. Et cette me\u0301thode que nous avons mise en place marche a\u0300 merveille.<\/p>\n<p>Oubangui Me\u0301dias: Sur le plan sanitaire est ce que le plateau technique est-il ame\u0301liore\u0301 pour donner un soin de qualite\u0301 a\u0300 votre population ?<\/p>\n<p>Abdoulaye Mahamat: Oui c\u2019est l\u2019un des sujets phares pour nous. La sante\u0301 c\u2019est un objectif a\u0300 atteindre. Sur ce point beaucoup de choses ont e\u0301te\u0301 re\u0301alise\u0301es au courant de l\u2019anne\u0301e dernie\u0300re. Je voudrais dans un premier temps remercier tous nos partenaires qui sont dans le domaine de la sante\u0301 et qui nous pre\u0302tent main forte ce qui nous permet vraiment d\u2019ame\u0301liorer la qualite\u0301 des soins pour la population.<\/p>\n<p>Nous avons de\u0301sormais un de\u0301po\u0302t pharmaceutique que nous avons inaugure\u0301 il y a quelques temps. Ce de\u0301po\u0302t permet d\u2019e\u0301viter la rupture en me\u0301dicaments. Autres aspects c\u2019est que pendant longtemps nous n\u2019avons que l\u2019ho\u0302pital du district donc j\u2019ai vu que c\u2019e\u0301tait insuffisant avec le conseil des techniciens j\u2019ai attribue\u0301 un ba\u0302timent administratif de l\u2019autre co\u0302te\u0301 de la rivie\u0300re dans le cinquie\u0300me arrondissement ce qui a permis de mettre en place un dispensaire.<\/p>\n<p>Nous venons d\u2019ailleurs d\u2019inaugurer un centre de radiologie qui va permettre a\u0300 notre pre\u0301fecture mais e\u0301galement les pre\u0301fectures avoisinantes de venir se soigner. Mais de tout cela, il ne faut pas perdre de vue l\u2019effort du projet SENI Plus et le CICR. Ils interviennent dans plusieurs formations sanitaires dans notre pre\u0301fecture en ge\u0301ne\u0301ral. En tout cas sur le plan sanitaire nous avons fait beaucoup de progre\u0300s car nous allons vers une quarantaine de centre sanitaire.<\/p>\n<p>Oubangui Me\u0301dias: Au fort moment de crise il y avait eu des de\u0301place\u0301s. Les gens tentent-t-ils de regagner leur localite\u0301s respectives? Quelle est aujourd\u2019hui la situation humanitaire dans la ville de Kaga-Bandoro ?<\/p>\n<p>Abdoulaye Mahamat: Sur ce point, je salue tout l\u2019effort qui a e\u0301te\u0301 re\u0301alise\u0301 par le ministe\u0300re l\u2019Action Humanitaire, qui a permis avec nos partenaires d\u2019essayer de voir comment aider la population a\u0300 regagner son domicile. Nous avons be\u0301ne\u0301ficie\u0301 d\u2019un projet qui nous a permis d\u2019avoir des moyens financiers ou\u0300 chaque de\u0301place\u0301 a pu construire lui-me\u0302me sa case pour regagner dignement. Nous avons tre\u0300s peu de de\u0301place\u0301s qui sont encore sur le site. Mais nous avons ramene\u0301 des de\u0301place\u0301s de la sous-pre\u0301fecture de Mbre\u0300s avec le UNHCR. Nous continuons a\u0300 le faire parce que la tendance c\u2019est de fermer le site de la Minusca qui est le grand centre des de\u0301place\u0301s. Me\u0302me l\u2019alentours de l\u2019ae\u0301rodrome de Kaga-Bandoro est libe\u0301re\u0301 pour laisser la place a\u0300 l\u2019atterrissage des avions. Mais au courant de cette anne\u0301e, nous allons fermer le site de la Minusca.<\/p>\n<p>Oubangui Me\u0301dias: Monsieur le pre\u0301fet les e\u0301lections locales sont pre\u0301vues selon les autorite\u0301s en 2024. Comment votre pre\u0301fecture se pre\u0301pare-t-elle?<\/p>\n<p>Abdoulaye Mahamat: Je veux d\u2019abord dire que l\u2019objectif pour le gouvernement c\u2019est de rentrer de plein pied dans la de\u0301mocratie a\u0300 la base. L\u2019e\u0301lection locale est un de\u0301fi pour nous. Je crois que cette e\u0301lection devrait avoir lieu en 2023 mais cela a e\u0301te\u0301 reporte\u0301e et ne pose pas de proble\u0300me pour nous ici. Je suis persuade\u0301 que nos compatriotes, les dames s\u2019inte\u0301ressent de\u0301ja\u0300 a\u0300 cette e\u0301lection et j\u2019encourage les candidatures fe\u0301minines qui se manifestent. Dans la Nana-Gribizi, on est habitue\u0301 aux e\u0301lections et ce n\u2019est pas pour rien que la pre\u0301fecture est sortie premie\u0300re pour le re\u0301fe\u0301rendum constitutionnel, c\u2019est une re\u0301alite\u0301. D\u2019une manie\u0300re ge\u0301ne\u0301rale nous sommes pre\u0302ts a\u0300 accueillir ces e\u0301lections en octobre 2024. Je crois que nous avons du pain sur la planche car aussi il y a la Journe\u0301e Mondiale de l\u2019Alimentation (JMA) dans le me\u0302me mois et nous sommes en train de re\u0301unir les conditions pour une tre\u0300s bonne participation de ces e\u0301lections donc nous attendons le moment venu surtout parce qu\u2019il y a les femmes et les jeunes. Concernant les femmes la parite\u0301 est une re\u0301alite\u0301 en Centrafrique et c\u2019est un de\u0301fi mais nous sommes pre\u0302ts a\u0300 relever ce de\u0301fi.<\/p>\n<p><strong>Pour plus d&rsquo;informations et d&rsquo;analyses sur la <a href=\"https:\/\/www.africa-press.net\/centrafricaine\">CentrAfricaine<\/a>, suivez <a href=\"https:\/\/www.africa-press.net\/\">Africa-Press<\/a><\/strong><\/p>\n","protected":false},"excerpt":{"rendered":"<p>Africa-Press &#8211; CentrAfricaine. Le pre\u0301fet de la pre\u0301fecture de Nana Gribizi, Abdoulaye Mahamat a fait un zoom sur la gestion de sa localite\u0301, notamment sur les questions politiques, se\u0301curitaires, sociales et humanitaires lors d\u2019une Interview accorde\u0301e a\u0300 l\u2019Oubangui Me\u0301dias. Il en a profite\u0301 pour pre\u0301senter les projets de 2024. Oubangui Me\u0301dias: Bonjour Monsieur le pre\u0301fet [&hellip;]<\/p>\n","protected":false},"author":82,"featured_media":51975,"comment_status":"open","ping_status":"closed","sticky":false,"template":"","format":"standard","meta":{"footnotes":""},"categories":[2,10],"tags":[36,58,30],"class_list":["post-51976","post","type-post","status-publish","format-standard","has-post-thumbnail","hentry","category-politique","category-toutes-les-actualites","tag-africa-press","tag-africa-press-centrafricaine","tag-centrafricaine"],"yoast_head":"<!-- This site is optimized with the Yoast SEO Premium plugin v26.1 (Yoast SEO v27.0) - https:\/\/yoast.com\/product\/yoast-seo-premium-wordpress\/ -->\n<title>le pr\u00e9fet de la Nana Gribizi fait le bilan des r\u00e9alisations 2023 - centrafricaine<\/title>\n<meta name=\"description\" content=\"Le pre\u0301fet de la pre\u0301fecture de Nana Gribizi, Abdoulaye Mahamat a fait un zoom sur la gestion de sa localite\u0301, notamment ...\" \/>\n<meta name=\"robots\" content=\"index, follow, max-snippet:-1, max-image-preview:large, max-video-preview:-1\" \/>\n<link rel=\"canonical\" href=\"https:\/\/www.africa-press.net\/centrafricaine\/politique\/le-prefet-de-la-nana-gribizi-fait-le-bilan-des-realisations-2023\" \/>\n<meta property=\"og:locale\" content=\"fr_FR\" \/>\n<meta property=\"og:type\" content=\"article\" \/>\n<meta property=\"og:title\" content=\"le pr\u00e9fet de la Nana Gribizi fait le bilan des r\u00e9alisations 2023\" \/>\n<meta property=\"og:description\" content=\"Le pre\u0301fet de la pre\u0301fecture de Nana Gribizi, Abdoulaye Mahamat a fait un zoom sur la gestion de sa localite\u0301, notamment ...\" \/>\n<meta property=\"og:url\" content=\"https:\/\/www.africa-press.net\/centrafricaine\/politique\/le-prefet-de-la-nana-gribizi-fait-le-bilan-des-realisations-2023\" \/>\n<meta property=\"og:site_name\" content=\"centrafricaine\" \/>\n<meta property=\"article:published_time\" content=\"2024-01-20T18:40:22+00:00\" \/>\n<meta property=\"article:modified_time\" content=\"2024-01-20T19:02:39+00:00\" \/>\n<meta property=\"og:image\" content=\"https:\/\/static.africa-press.net\/centrafricaine\/sites\/45\/2024\/01\/sm_1705764204.104938.jpg\" \/>\n\t<meta property=\"og:image:width\" content=\"925\" \/>\n\t<meta property=\"og:image:height\" content=\"517\" \/>\n\t<meta property=\"og:image:type\" content=\"image\/jpeg\" \/>\n<meta name=\"author\" content=\"cfeditorfr\" \/>\n<meta name=\"twitter:card\" content=\"summary_large_image\" \/>\n<meta name=\"twitter:label1\" content=\"\u00c9crit par\" \/>\n\t<meta name=\"twitter:data1\" content=\"cfeditorfr\" \/>\n\t<meta name=\"twitter:label2\" content=\"Dur\u00e9e de lecture estim\u00e9e\" \/>\n\t<meta name=\"twitter:data2\" content=\"7 minutes\" \/>\n<script type=\"application\/ld+json\" class=\"yoast-schema-graph\">{\"@context\":\"https:\/\/schema.org\",\"@graph\":[{\"@type\":\"Article\",\"@id\":\"https:\/\/www.africa-press.net\/centrafricaine\/politique\/le-prefet-de-la-nana-gribizi-fait-le-bilan-des-realisations-2023#article\",\"isPartOf\":{\"@id\":\"https:\/\/www.africa-press.net\/centrafricaine\/politique\/le-prefet-de-la-nana-gribizi-fait-le-bilan-des-realisations-2023\"},\"author\":{\"name\":\"cfeditorfr\",\"@id\":\"https:\/\/www.africa-press.net\/centrafricaine\/#\/schema\/person\/2b1cf3cd81a31e3cd26889ca66d677f1\"},\"headline\":\"le pr\u00e9fet de la Nana Gribizi fait le bilan des r\u00e9alisations 2023\",\"datePublished\":\"2024-01-20T18:40:22+00:00\",\"dateModified\":\"2024-01-20T19:02:39+00:00\",\"mainEntityOfPage\":{\"@id\":\"https:\/\/www.africa-press.net\/centrafricaine\/politique\/le-prefet-de-la-nana-gribizi-fait-le-bilan-des-realisations-2023\"},\"wordCount\":1386,\"commentCount\":0,\"image\":{\"@id\":\"https:\/\/www.africa-press.net\/centrafricaine\/politique\/le-prefet-de-la-nana-gribizi-fait-le-bilan-des-realisations-2023#primaryimage\"},\"thumbnailUrl\":\"https:\/\/static.africa-press.net\/centrafricaine\/sites\/45\/2024\/01\/sm_1705764204.104938.jpg\",\"keywords\":[\"Africa Press\",\"Africa Press-CentrAfricaine\",\"CentrAfricaine\"],\"articleSection\":[\"Politique\",\"Toutes les actualit\u00e9s\"],\"inLanguage\":\"fr-FR\",\"potentialAction\":[{\"@type\":\"CommentAction\",\"name\":\"Comment\",\"target\":[\"https:\/\/www.africa-press.net\/centrafricaine\/politique\/le-prefet-de-la-nana-gribizi-fait-le-bilan-des-realisations-2023#respond\"]}]},{\"@type\":\"WebPage\",\"@id\":\"https:\/\/www.africa-press.net\/centrafricaine\/politique\/le-prefet-de-la-nana-gribizi-fait-le-bilan-des-realisations-2023\",\"url\":\"https:\/\/www.africa-press.net\/centrafricaine\/politique\/le-prefet-de-la-nana-gribizi-fait-le-bilan-des-realisations-2023\",\"name\":\"le pr\u00e9fet de la Nana Gribizi fait le bilan des r\u00e9alisations 2023 - centrafricaine\",\"isPartOf\":{\"@id\":\"https:\/\/www.africa-press.net\/centrafricaine\/#website\"},\"primaryImageOfPage\":{\"@id\":\"https:\/\/www.africa-press.net\/centrafricaine\/politique\/le-prefet-de-la-nana-gribizi-fait-le-bilan-des-realisations-2023#primaryimage\"},\"image\":{\"@id\":\"https:\/\/www.africa-press.net\/centrafricaine\/politique\/le-prefet-de-la-nana-gribizi-fait-le-bilan-des-realisations-2023#primaryimage\"},\"thumbnailUrl\":\"https:\/\/static.africa-press.net\/centrafricaine\/sites\/45\/2024\/01\/sm_1705764204.104938.jpg\",\"datePublished\":\"2024-01-20T18:40:22+00:00\",\"dateModified\":\"2024-01-20T19:02:39+00:00\",\"author\":{\"@id\":\"https:\/\/www.africa-press.net\/centrafricaine\/#\/schema\/person\/2b1cf3cd81a31e3cd26889ca66d677f1\"},\"description\":\"Le pre\u0301fet de la pre\u0301fecture de Nana Gribizi, Abdoulaye Mahamat a fait un zoom sur la gestion de sa localite\u0301, notamment ...\",\"breadcrumb\":{\"@id\":\"https:\/\/www.africa-press.net\/centrafricaine\/politique\/le-prefet-de-la-nana-gribizi-fait-le-bilan-des-realisations-2023#breadcrumb\"},\"inLanguage\":\"fr-FR\",\"potentialAction\":[{\"@type\":\"ReadAction\",\"target\":[\"https:\/\/www.africa-press.net\/centrafricaine\/politique\/le-prefet-de-la-nana-gribizi-fait-le-bilan-des-realisations-2023\"]}]},{\"@type\":\"ImageObject\",\"inLanguage\":\"fr-FR\",\"@id\":\"https:\/\/www.africa-press.net\/centrafricaine\/politique\/le-prefet-de-la-nana-gribizi-fait-le-bilan-des-realisations-2023#primaryimage\",\"url\":\"https:\/\/static.africa-press.net\/centrafricaine\/sites\/45\/2024\/01\/sm_1705764204.104938.jpg\",\"contentUrl\":\"https:\/\/static.africa-press.net\/centrafricaine\/sites\/45\/2024\/01\/sm_1705764204.104938.jpg\",\"width\":925,\"height\":517,\"caption\":\"le pr\u00e9fet de la Nana Gribizi fait le bilan des r\u00e9alisations 2023\"},{\"@type\":\"BreadcrumbList\",\"@id\":\"https:\/\/www.africa-press.net\/centrafricaine\/politique\/le-prefet-de-la-nana-gribizi-fait-le-bilan-des-realisations-2023#breadcrumb\",\"itemListElement\":[{\"@type\":\"ListItem\",\"position\":1,\"name\":\"Accueil\",\"item\":\"https:\/\/www.africa-press.net\/centrafricaine\/\"},{\"@type\":\"ListItem\",\"position\":2,\"name\":\"le pr\u00e9fet de la Nana Gribizi fait le bilan des r\u00e9alisations 2023\"}]},{\"@type\":\"WebSite\",\"@id\":\"https:\/\/www.africa-press.net\/centrafricaine\/#website\",\"url\":\"https:\/\/www.africa-press.net\/centrafricaine\/\",\"name\":\"centrafricaine\",\"description\":\"Just another Africa News Agency Sites site\",\"potentialAction\":[{\"@type\":\"SearchAction\",\"target\":{\"@type\":\"EntryPoint\",\"urlTemplate\":\"https:\/\/www.africa-press.net\/centrafricaine\/?s={search_term_string}\"},\"query-input\":{\"@type\":\"PropertyValueSpecification\",\"valueRequired\":true,\"valueName\":\"search_term_string\"}}],\"inLanguage\":\"fr-FR\"},{\"@type\":\"Person\",\"@id\":\"https:\/\/www.africa-press.net\/centrafricaine\/#\/schema\/person\/2b1cf3cd81a31e3cd26889ca66d677f1\",\"name\":\"cfeditorfr\"}]}<\/script>\n<!-- \/ Yoast SEO Premium plugin. -->","yoast_head_json":{"title":"le pr\u00e9fet de la Nana Gribizi fait le bilan des r\u00e9alisations 2023 - centrafricaine","description":"Le pre\u0301fet de la pre\u0301fecture de Nana Gribizi, Abdoulaye Mahamat a fait un zoom sur la gestion de sa localite\u0301, notamment ...","robots":{"index":"index","follow":"follow","max-snippet":"max-snippet:-1","max-image-preview":"max-image-preview:large","max-video-preview":"max-video-preview:-1"},"canonical":"https:\/\/www.africa-press.net\/centrafricaine\/politique\/le-prefet-de-la-nana-gribizi-fait-le-bilan-des-realisations-2023","og_locale":"fr_FR","og_type":"article","og_title":"le pr\u00e9fet de la Nana Gribizi fait le bilan des r\u00e9alisations 2023","og_description":"Le pre\u0301fet de la pre\u0301fecture de Nana Gribizi, Abdoulaye Mahamat a fait un zoom sur la gestion de sa localite\u0301, notamment ...","og_url":"https:\/\/www.africa-press.net\/centrafricaine\/politique\/le-prefet-de-la-nana-gribizi-fait-le-bilan-des-realisations-2023","og_site_name":"centrafricaine","article_published_time":"2024-01-20T18:40:22+00:00","article_modified_time":"2024-01-20T19:02:39+00:00","og_image":[{"width":925,"height":517,"url":"https:\/\/static.africa-press.net\/centrafricaine\/sites\/45\/2024\/01\/sm_1705764204.104938.jpg","type":"image\/jpeg"}],"author":"cfeditorfr","twitter_card":"summary_large_image","twitter_misc":{"\u00c9crit par":"cfeditorfr","Dur\u00e9e de lecture estim\u00e9e":"7 minutes"},"schema":{"@context":"https:\/\/schema.org","@graph":[{"@type":"Article","@id":"https:\/\/www.africa-press.net\/centrafricaine\/politique\/le-prefet-de-la-nana-gribizi-fait-le-bilan-des-realisations-2023#article","isPartOf":{"@id":"https:\/\/www.africa-press.net\/centrafricaine\/politique\/le-prefet-de-la-nana-gribizi-fait-le-bilan-des-realisations-2023"},"author":{"name":"cfeditorfr","@id":"https:\/\/www.africa-press.net\/centrafricaine\/#\/schema\/person\/2b1cf3cd81a31e3cd26889ca66d677f1"},"headline":"le pr\u00e9fet de la Nana Gribizi fait le bilan des r\u00e9alisations 2023","datePublished":"2024-01-20T18:40:22+00:00","dateModified":"2024-01-20T19:02:39+00:00","mainEntityOfPage":{"@id":"https:\/\/www.africa-press.net\/centrafricaine\/politique\/le-prefet-de-la-nana-gribizi-fait-le-bilan-des-realisations-2023"},"wordCount":1386,"commentCount":0,"image":{"@id":"https:\/\/www.africa-press.net\/centrafricaine\/politique\/le-prefet-de-la-nana-gribizi-fait-le-bilan-des-realisations-2023#primaryimage"},"thumbnailUrl":"https:\/\/static.africa-press.net\/centrafricaine\/sites\/45\/2024\/01\/sm_1705764204.104938.jpg","keywords":["Africa Press","Africa Press-CentrAfricaine","CentrAfricaine"],"articleSection":["Politique","Toutes les actualit\u00e9s"],"inLanguage":"fr-FR","potentialAction":[{"@type":"CommentAction","name":"Comment","target":["https:\/\/www.africa-press.net\/centrafricaine\/politique\/le-prefet-de-la-nana-gribizi-fait-le-bilan-des-realisations-2023#respond"]}]},{"@type":"WebPage","@id":"https:\/\/www.africa-press.net\/centrafricaine\/politique\/le-prefet-de-la-nana-gribizi-fait-le-bilan-des-realisations-2023","url":"https:\/\/www.africa-press.net\/centrafricaine\/politique\/le-prefet-de-la-nana-gribizi-fait-le-bilan-des-realisations-2023","name":"le pr\u00e9fet de la Nana Gribizi fait le bilan des r\u00e9alisations 2023 - centrafricaine","isPartOf":{"@id":"https:\/\/www.africa-press.net\/centrafricaine\/#website"},"primaryImageOfPage":{"@id":"https:\/\/www.africa-press.net\/centrafricaine\/politique\/le-prefet-de-la-nana-gribizi-fait-le-bilan-des-realisations-2023#primaryimage"},"image":{"@id":"https:\/\/www.africa-press.net\/centrafricaine\/politique\/le-prefet-de-la-nana-gribizi-fait-le-bilan-des-realisations-2023#primaryimage"},"thumbnailUrl":"https:\/\/static.africa-press.net\/centrafricaine\/sites\/45\/2024\/01\/sm_1705764204.104938.jpg","datePublished":"2024-01-20T18:40:22+00:00","dateModified":"2024-01-20T19:02:39+00:00","author":{"@id":"https:\/\/www.africa-press.net\/centrafricaine\/#\/schema\/person\/2b1cf3cd81a31e3cd26889ca66d677f1"},"description":"Le pre\u0301fet de la pre\u0301fecture de Nana Gribizi, Abdoulaye Mahamat a fait un zoom sur la gestion de sa localite\u0301, notamment ...","breadcrumb":{"@id":"https:\/\/www.africa-press.net\/centrafricaine\/politique\/le-prefet-de-la-nana-gribizi-fait-le-bilan-des-realisations-2023#breadcrumb"},"inLanguage":"fr-FR","potentialAction":[{"@type":"ReadAction","target":["https:\/\/www.africa-press.net\/centrafricaine\/politique\/le-prefet-de-la-nana-gribizi-fait-le-bilan-des-realisations-2023"]}]},{"@type":"ImageObject","inLanguage":"fr-FR","@id":"https:\/\/www.africa-press.net\/centrafricaine\/politique\/le-prefet-de-la-nana-gribizi-fait-le-bilan-des-realisations-2023#primaryimage","url":"https:\/\/static.africa-press.net\/centrafricaine\/sites\/45\/2024\/01\/sm_1705764204.104938.jpg","contentUrl":"https:\/\/static.africa-press.net\/centrafricaine\/sites\/45\/2024\/01\/sm_1705764204.104938.jpg","width":925,"height":517,"caption":"le pr\u00e9fet de la Nana Gribizi fait le bilan des r\u00e9alisations 2023"},{"@type":"BreadcrumbList","@id":"https:\/\/www.africa-press.net\/centrafricaine\/politique\/le-prefet-de-la-nana-gribizi-fait-le-bilan-des-realisations-2023#breadcrumb","itemListElement":[{"@type":"ListItem","position":1,"name":"Accueil","item":"https:\/\/www.africa-press.net\/centrafricaine\/"},{"@type":"ListItem","position":2,"name":"le pr\u00e9fet de la Nana Gribizi fait le bilan des r\u00e9alisations 2023"}]},{"@type":"WebSite","@id":"https:\/\/www.africa-press.net\/centrafricaine\/#website","url":"https:\/\/www.africa-press.net\/centrafricaine\/","name":"centrafricaine","description":"Just another Africa News Agency Sites site","potentialAction":[{"@type":"SearchAction","target":{"@type":"EntryPoint","urlTemplate":"https:\/\/www.africa-press.net\/centrafricaine\/?s={search_term_string}"},"query-input":{"@type":"PropertyValueSpecification","valueRequired":true,"valueName":"search_term_string"}}],"inLanguage":"fr-FR"},{"@type":"Person","@id":"https:\/\/www.africa-press.net\/centrafricaine\/#\/schema\/person\/2b1cf3cd81a31e3cd26889ca66d677f1","name":"cfeditorfr"}]}},"_links":{"self":[{"href":"https:\/\/www.africa-press.net\/centrafricaine\/wp-json\/wp\/v2\/posts\/51976","targetHints":{"allow":["GET"]}}],"collection":[{"href":"https:\/\/www.africa-press.net\/centrafricaine\/wp-json\/wp\/v2\/posts"}],"about":[{"href":"https:\/\/www.africa-press.net\/centrafricaine\/wp-json\/wp\/v2\/types\/post"}],"author":[{"embeddable":true,"href":"https:\/\/www.africa-press.net\/centrafricaine\/wp-json\/wp\/v2\/users\/82"}],"replies":[{"embeddable":true,"href":"https:\/\/www.africa-press.net\/centrafricaine\/wp-json\/wp\/v2\/comments?post=51976"}],"version-history":[{"count":0,"href":"https:\/\/www.africa-press.net\/centrafricaine\/wp-json\/wp\/v2\/posts\/51976\/revisions"}],"wp:featuredmedia":[{"embeddable":true,"href":"https:\/\/www.africa-press.net\/centrafricaine\/wp-json\/wp\/v2\/media\/51975"}],"wp:attachment":[{"href":"https:\/\/www.africa-press.net\/centrafricaine\/wp-json\/wp\/v2\/media?parent=51976"}],"wp:term":[{"taxonomy":"category","embeddable":true,"href":"https:\/\/www.africa-press.net\/centrafricaine\/wp-json\/wp\/v2\/categories?post=51976"},{"taxonomy":"post_tag","embeddable":true,"href":"https:\/\/www.africa-press.net\/centrafricaine\/wp-json\/wp\/v2\/tags?post=51976"}],"curies":[{"name":"wp","href":"https:\/\/api.w.org\/{rel}","templated":true}]}}