{"id":51978,"date":"2024-01-20T18:43:36","date_gmt":"2024-01-20T18:43:36","guid":{"rendered":"https:\/\/www.africa-press.net\/centrafricaine\/politique\/lopposition-democratique-annonce-la-tenue-dune-manifestation-ce-20-janvier-pour-denoncer-larrestation-du-depute-yandocka"},"modified":"2024-01-20T19:06:37","modified_gmt":"2024-01-20T19:06:37","slug":"lopposition-democratique-annonce-la-tenue-dune-manifestation-ce-20-janvier-pour-denoncer-larrestation-du-depute-yandocka","status":"publish","type":"post","link":"https:\/\/www.africa-press.net\/centrafricaine\/politique\/lopposition-democratique-annonce-la-tenue-dune-manifestation-ce-20-janvier-pour-denoncer-larrestation-du-depute-yandocka","title":{"rendered":"L\u2019opposition d\u00e9mocratique annonce la tenue d\u2019une manifestation ce 20 janvier pour d\u00e9noncer l\u2019arrestation du D\u00e9put\u00e9 Yandocka"},"content":{"rendered":"<p><span style=\"color: #ff6600\"><strong>Africa-Press &#8211; CentrAfricaine. <\/strong><\/span>Des leaders des partis politiques d\u2019opposition re\u0301sidant a\u0300 Paris en France ont annonce\u0301 dans un communique\u0301 de presse, l\u2019organisation d\u2019une manifestation ce 20 janvier 2024 devant l\u2019Ambassade de la Re\u0301publique Centrafricaine a\u0300 Paris, capitale franc\u0327aise. Bertin Bea, vice-pre\u0301sident du parti politique KNK, un des opposants du re\u0301gime de Touadera a indique\u0301 que cette manifestation, \u00ab est pour de\u0301noncer la condamnation par contumace de Abdou Karim Meckassoua et demander la libe\u0301ration du de\u0301pute\u0301 Dominique Yandocka en prison a\u0300 Bangui \u00bb.<\/p>\n<p>L\u2019appel a\u0300 la manifestation publique est pre\u0301vu pour le 20 janvier prochain a\u0300 Paris devant l\u2019ambassade de la RCA en France. Cette annonce intervient dans un contexte politique difficile entre l\u2019opposition de\u0301mocratique et le pouvoir de Bangui suite a\u0300 l\u2019arrestation de Dominique Yandocka et dernie\u0300rement la condamnation par contumace de Abdou Karim Meckassoua, par la Cour d\u2019Appel de Bangui.<\/p>\n<p>Selon l\u2019opposition, \u00ab cette arrestation de Yandocka est arbitraire. C\u2019est pour te\u0301moigner notre solidarite\u0301 vis-a\u0300-vis de certains opposants arre\u0302te\u0301s et condamne\u0301s et de poursuivre la lutte politique \u00bb, a re\u0301agi Bertin Bea, vice-pre\u0301sident du parti politique KNK, un des opposants du re\u0301gime de Touadera.<\/p>\n<p>Le 17 janvier dernier, la cour d\u2019appel de Bangui a condamne\u0301 par contumace Abdou Karim Meckassoua, ancien de\u0301pute\u0301 centrafricain \u00ab a\u0300 une peine a\u0300 perpe\u0301tuite\u0301s et aux travaux force\u0301s pour les faits qui lui sont reproche\u0301s notamment, re\u0301bellion, association des malfaiteurs et atteinte a\u0300 la surete\u0301 inte\u0301rieure de l\u2019E\u0301tat \u00bb, s\u2019est prononce\u0301 le magistrat Thierry Joachim Pisseri, pre\u0301sident de l\u2019audience.<\/p>\n<p>Cette re\u0301action de l\u2019opposition intervient apre\u0300s l\u2019arrestation le 12 de\u0301cembre dernier du de\u0301pute\u0301 Dominique Yandocka par les forces de l\u2019ordre et dont l\u2019enque\u0302te se poursuit encore dans le pays.<\/p>\n<p><strong>Pour plus d&rsquo;informations et d&rsquo;analyses sur la <a href=\"https:\/\/www.africa-press.net\/centrafricaine\">CentrAfricaine<\/a>, suivez <a href=\"https:\/\/www.africa-press.net\/\">Africa-Press<\/a><\/strong><\/p>\n","protected":false},"excerpt":{"rendered":"<p>Africa-Press &#8211; CentrAfricaine. Des leaders des partis politiques d\u2019opposition re\u0301sidant a\u0300 Paris en France ont annonce\u0301 dans un communique\u0301 de presse, l\u2019organisation d\u2019une manifestation ce 20 janvier 2024 devant l\u2019Ambassade de la Re\u0301publique Centrafricaine a\u0300 Paris, capitale franc\u0327aise. Bertin Bea, vice-pre\u0301sident du parti politique KNK, un des opposants du re\u0301gime de Touadera a indique\u0301 que [&hellip;]<\/p>\n","protected":false},"author":82,"featured_media":51977,"comment_status":"open","ping_status":"closed","sticky":false,"template":"","format":"standard","meta":{"footnotes":""},"categories":[2,10],"tags":[36,58,30],"class_list":["post-51978","post","type-post","status-publish","format-standard","has-post-thumbnail","hentry","category-politique","category-toutes-les-actualites","tag-africa-press","tag-africa-press-centrafricaine","tag-centrafricaine"],"yoast_head":"<!-- This site is optimized with the Yoast SEO Premium plugin v26.1 (Yoast SEO v27.0) - https:\/\/yoast.com\/product\/yoast-seo-premium-wordpress\/ -->\n<title>L\u2019opposition d\u00e9mocratique annonce la tenue d\u2019une manifestation ce 20 janvier pour d\u00e9noncer l\u2019arrestation du D\u00e9put\u00e9 Yandocka - centrafricaine<\/title>\n<meta name=\"description\" content=\"Des leaders des partis politiques d\u2019opposition re\u0301sidant a\u0300 Paris en France ont annonce\u0301 dans un communique\u0301 de presse, ...\" \/>\n<meta name=\"robots\" content=\"index, follow, max-snippet:-1, max-image-preview:large, max-video-preview:-1\" \/>\n<link rel=\"canonical\" href=\"https:\/\/www.africa-press.net\/centrafricaine\/politique\/lopposition-democratique-annonce-la-tenue-dune-manifestation-ce-20-janvier-pour-denoncer-larrestation-du-depute-yandocka\" \/>\n<meta property=\"og:locale\" content=\"fr_FR\" \/>\n<meta property=\"og:type\" content=\"article\" \/>\n<meta property=\"og:title\" content=\"L\u2019opposition d\u00e9mocratique annonce la tenue d\u2019une manifestation ce 20 janvier pour d\u00e9noncer l\u2019arrestation du D\u00e9put\u00e9 Yandocka\" \/>\n<meta property=\"og:description\" content=\"Des leaders des partis politiques d\u2019opposition re\u0301sidant a\u0300 Paris en France ont annonce\u0301 dans un communique\u0301 de presse, ...\" \/>\n<meta property=\"og:url\" content=\"https:\/\/www.africa-press.net\/centrafricaine\/politique\/lopposition-democratique-annonce-la-tenue-dune-manifestation-ce-20-janvier-pour-denoncer-larrestation-du-depute-yandocka\" \/>\n<meta property=\"og:site_name\" content=\"centrafricaine\" \/>\n<meta property=\"article:published_time\" content=\"2024-01-20T18:43:36+00:00\" \/>\n<meta property=\"article:modified_time\" content=\"2024-01-20T19:06:37+00:00\" \/>\n<meta property=\"og:image\" content=\"https:\/\/static.africa-press.net\/centrafricaine\/sites\/45\/2024\/01\/sm_1705764615.880638.jpg\" \/>\n\t<meta property=\"og:image:width\" content=\"1280\" \/>\n\t<meta property=\"og:image:height\" content=\"720\" \/>\n\t<meta property=\"og:image:type\" content=\"image\/jpeg\" \/>\n<meta name=\"author\" content=\"cfeditorfr\" \/>\n<meta name=\"twitter:card\" content=\"summary_large_image\" \/>\n<meta name=\"twitter:label1\" content=\"\u00c9crit par\" \/>\n\t<meta name=\"twitter:data1\" content=\"cfeditorfr\" \/>\n\t<meta name=\"twitter:label2\" content=\"Dur\u00e9e de lecture estim\u00e9e\" \/>\n\t<meta name=\"twitter:data2\" content=\"2 minutes\" \/>\n<script type=\"application\/ld+json\" class=\"yoast-schema-graph\">{\"@context\":\"https:\/\/schema.org\",\"@graph\":[{\"@type\":\"Article\",\"@id\":\"https:\/\/www.africa-press.net\/centrafricaine\/politique\/lopposition-democratique-annonce-la-tenue-dune-manifestation-ce-20-janvier-pour-denoncer-larrestation-du-depute-yandocka#article\",\"isPartOf\":{\"@id\":\"https:\/\/www.africa-press.net\/centrafricaine\/politique\/lopposition-democratique-annonce-la-tenue-dune-manifestation-ce-20-janvier-pour-denoncer-larrestation-du-depute-yandocka\"},\"author\":{\"name\":\"cfeditorfr\",\"@id\":\"https:\/\/www.africa-press.net\/centrafricaine\/#\/schema\/person\/2b1cf3cd81a31e3cd26889ca66d677f1\"},\"headline\":\"L\u2019opposition d\u00e9mocratique annonce la tenue d\u2019une manifestation ce 20 janvier pour d\u00e9noncer l\u2019arrestation du D\u00e9put\u00e9 Yandocka\",\"datePublished\":\"2024-01-20T18:43:36+00:00\",\"dateModified\":\"2024-01-20T19:06:37+00:00\",\"mainEntityOfPage\":{\"@id\":\"https:\/\/www.africa-press.net\/centrafricaine\/politique\/lopposition-democratique-annonce-la-tenue-dune-manifestation-ce-20-janvier-pour-denoncer-larrestation-du-depute-yandocka\"},\"wordCount\":348,\"commentCount\":0,\"image\":{\"@id\":\"https:\/\/www.africa-press.net\/centrafricaine\/politique\/lopposition-democratique-annonce-la-tenue-dune-manifestation-ce-20-janvier-pour-denoncer-larrestation-du-depute-yandocka#primaryimage\"},\"thumbnailUrl\":\"https:\/\/static.africa-press.net\/centrafricaine\/sites\/45\/2024\/01\/sm_1705764615.880638.jpg\",\"keywords\":[\"Africa Press\",\"Africa Press-CentrAfricaine\",\"CentrAfricaine\"],\"articleSection\":[\"Politique\",\"Toutes les actualit\u00e9s\"],\"inLanguage\":\"fr-FR\",\"potentialAction\":[{\"@type\":\"CommentAction\",\"name\":\"Comment\",\"target\":[\"https:\/\/www.africa-press.net\/centrafricaine\/politique\/lopposition-democratique-annonce-la-tenue-dune-manifestation-ce-20-janvier-pour-denoncer-larrestation-du-depute-yandocka#respond\"]}]},{\"@type\":\"WebPage\",\"@id\":\"https:\/\/www.africa-press.net\/centrafricaine\/politique\/lopposition-democratique-annonce-la-tenue-dune-manifestation-ce-20-janvier-pour-denoncer-larrestation-du-depute-yandocka\",\"url\":\"https:\/\/www.africa-press.net\/centrafricaine\/politique\/lopposition-democratique-annonce-la-tenue-dune-manifestation-ce-20-janvier-pour-denoncer-larrestation-du-depute-yandocka\",\"name\":\"L\u2019opposition d\u00e9mocratique annonce la tenue d\u2019une manifestation ce 20 janvier pour d\u00e9noncer l\u2019arrestation du D\u00e9put\u00e9 Yandocka - centrafricaine\",\"isPartOf\":{\"@id\":\"https:\/\/www.africa-press.net\/centrafricaine\/#website\"},\"primaryImageOfPage\":{\"@id\":\"https:\/\/www.africa-press.net\/centrafricaine\/politique\/lopposition-democratique-annonce-la-tenue-dune-manifestation-ce-20-janvier-pour-denoncer-larrestation-du-depute-yandocka#primaryimage\"},\"image\":{\"@id\":\"https:\/\/www.africa-press.net\/centrafricaine\/politique\/lopposition-democratique-annonce-la-tenue-dune-manifestation-ce-20-janvier-pour-denoncer-larrestation-du-depute-yandocka#primaryimage\"},\"thumbnailUrl\":\"https:\/\/static.africa-press.net\/centrafricaine\/sites\/45\/2024\/01\/sm_1705764615.880638.jpg\",\"datePublished\":\"2024-01-20T18:43:36+00:00\",\"dateModified\":\"2024-01-20T19:06:37+00:00\",\"author\":{\"@id\":\"https:\/\/www.africa-press.net\/centrafricaine\/#\/schema\/person\/2b1cf3cd81a31e3cd26889ca66d677f1\"},\"description\":\"Des leaders des partis politiques d\u2019opposition re\u0301sidant a\u0300 Paris en France ont annonce\u0301 dans un communique\u0301 de presse, ...\",\"breadcrumb\":{\"@id\":\"https:\/\/www.africa-press.net\/centrafricaine\/politique\/lopposition-democratique-annonce-la-tenue-dune-manifestation-ce-20-janvier-pour-denoncer-larrestation-du-depute-yandocka#breadcrumb\"},\"inLanguage\":\"fr-FR\",\"potentialAction\":[{\"@type\":\"ReadAction\",\"target\":[\"https:\/\/www.africa-press.net\/centrafricaine\/politique\/lopposition-democratique-annonce-la-tenue-dune-manifestation-ce-20-janvier-pour-denoncer-larrestation-du-depute-yandocka\"]}]},{\"@type\":\"ImageObject\",\"inLanguage\":\"fr-FR\",\"@id\":\"https:\/\/www.africa-press.net\/centrafricaine\/politique\/lopposition-democratique-annonce-la-tenue-dune-manifestation-ce-20-janvier-pour-denoncer-larrestation-du-depute-yandocka#primaryimage\",\"url\":\"https:\/\/static.africa-press.net\/centrafricaine\/sites\/45\/2024\/01\/sm_1705764615.880638.jpg\",\"contentUrl\":\"https:\/\/static.africa-press.net\/centrafricaine\/sites\/45\/2024\/01\/sm_1705764615.880638.jpg\",\"width\":1280,\"height\":720,\"caption\":\"L\u2019opposition d\u00e9mocratique annonce la tenue d\u2019une manifestation ce 20 janvier pour d\u00e9noncer l\u2019arrestation du D\u00e9put\u00e9 Yandocka\"},{\"@type\":\"BreadcrumbList\",\"@id\":\"https:\/\/www.africa-press.net\/centrafricaine\/politique\/lopposition-democratique-annonce-la-tenue-dune-manifestation-ce-20-janvier-pour-denoncer-larrestation-du-depute-yandocka#breadcrumb\",\"itemListElement\":[{\"@type\":\"ListItem\",\"position\":1,\"name\":\"Accueil\",\"item\":\"https:\/\/www.africa-press.net\/centrafricaine\/\"},{\"@type\":\"ListItem\",\"position\":2,\"name\":\"L\u2019opposition d\u00e9mocratique annonce la tenue d\u2019une manifestation ce 20 janvier pour d\u00e9noncer l\u2019arrestation du D\u00e9put\u00e9 Yandocka\"}]},{\"@type\":\"WebSite\",\"@id\":\"https:\/\/www.africa-press.net\/centrafricaine\/#website\",\"url\":\"https:\/\/www.africa-press.net\/centrafricaine\/\",\"name\":\"centrafricaine\",\"description\":\"Just another Africa News Agency Sites site\",\"potentialAction\":[{\"@type\":\"SearchAction\",\"target\":{\"@type\":\"EntryPoint\",\"urlTemplate\":\"https:\/\/www.africa-press.net\/centrafricaine\/?s={search_term_string}\"},\"query-input\":{\"@type\":\"PropertyValueSpecification\",\"valueRequired\":true,\"valueName\":\"search_term_string\"}}],\"inLanguage\":\"fr-FR\"},{\"@type\":\"Person\",\"@id\":\"https:\/\/www.africa-press.net\/centrafricaine\/#\/schema\/person\/2b1cf3cd81a31e3cd26889ca66d677f1\",\"name\":\"cfeditorfr\"}]}<\/script>\n<!-- \/ Yoast SEO Premium plugin. -->","yoast_head_json":{"title":"L\u2019opposition d\u00e9mocratique annonce la tenue d\u2019une manifestation ce 20 janvier pour d\u00e9noncer l\u2019arrestation du D\u00e9put\u00e9 Yandocka - centrafricaine","description":"Des leaders des partis politiques d\u2019opposition re\u0301sidant a\u0300 Paris en France ont annonce\u0301 dans un communique\u0301 de presse, ...","robots":{"index":"index","follow":"follow","max-snippet":"max-snippet:-1","max-image-preview":"max-image-preview:large","max-video-preview":"max-video-preview:-1"},"canonical":"https:\/\/www.africa-press.net\/centrafricaine\/politique\/lopposition-democratique-annonce-la-tenue-dune-manifestation-ce-20-janvier-pour-denoncer-larrestation-du-depute-yandocka","og_locale":"fr_FR","og_type":"article","og_title":"L\u2019opposition d\u00e9mocratique annonce la tenue d\u2019une manifestation ce 20 janvier pour d\u00e9noncer l\u2019arrestation du D\u00e9put\u00e9 Yandocka","og_description":"Des leaders des partis politiques d\u2019opposition re\u0301sidant a\u0300 Paris en France ont annonce\u0301 dans un communique\u0301 de presse, ...","og_url":"https:\/\/www.africa-press.net\/centrafricaine\/politique\/lopposition-democratique-annonce-la-tenue-dune-manifestation-ce-20-janvier-pour-denoncer-larrestation-du-depute-yandocka","og_site_name":"centrafricaine","article_published_time":"2024-01-20T18:43:36+00:00","article_modified_time":"2024-01-20T19:06:37+00:00","og_image":[{"width":1280,"height":720,"url":"https:\/\/static.africa-press.net\/centrafricaine\/sites\/45\/2024\/01\/sm_1705764615.880638.jpg","type":"image\/jpeg"}],"author":"cfeditorfr","twitter_card":"summary_large_image","twitter_misc":{"\u00c9crit par":"cfeditorfr","Dur\u00e9e de lecture estim\u00e9e":"2 minutes"},"schema":{"@context":"https:\/\/schema.org","@graph":[{"@type":"Article","@id":"https:\/\/www.africa-press.net\/centrafricaine\/politique\/lopposition-democratique-annonce-la-tenue-dune-manifestation-ce-20-janvier-pour-denoncer-larrestation-du-depute-yandocka#article","isPartOf":{"@id":"https:\/\/www.africa-press.net\/centrafricaine\/politique\/lopposition-democratique-annonce-la-tenue-dune-manifestation-ce-20-janvier-pour-denoncer-larrestation-du-depute-yandocka"},"author":{"name":"cfeditorfr","@id":"https:\/\/www.africa-press.net\/centrafricaine\/#\/schema\/person\/2b1cf3cd81a31e3cd26889ca66d677f1"},"headline":"L\u2019opposition d\u00e9mocratique annonce la tenue d\u2019une manifestation ce 20 janvier pour d\u00e9noncer l\u2019arrestation du D\u00e9put\u00e9 Yandocka","datePublished":"2024-01-20T18:43:36+00:00","dateModified":"2024-01-20T19:06:37+00:00","mainEntityOfPage":{"@id":"https:\/\/www.africa-press.net\/centrafricaine\/politique\/lopposition-democratique-annonce-la-tenue-dune-manifestation-ce-20-janvier-pour-denoncer-larrestation-du-depute-yandocka"},"wordCount":348,"commentCount":0,"image":{"@id":"https:\/\/www.africa-press.net\/centrafricaine\/politique\/lopposition-democratique-annonce-la-tenue-dune-manifestation-ce-20-janvier-pour-denoncer-larrestation-du-depute-yandocka#primaryimage"},"thumbnailUrl":"https:\/\/static.africa-press.net\/centrafricaine\/sites\/45\/2024\/01\/sm_1705764615.880638.jpg","keywords":["Africa Press","Africa Press-CentrAfricaine","CentrAfricaine"],"articleSection":["Politique","Toutes les actualit\u00e9s"],"inLanguage":"fr-FR","potentialAction":[{"@type":"CommentAction","name":"Comment","target":["https:\/\/www.africa-press.net\/centrafricaine\/politique\/lopposition-democratique-annonce-la-tenue-dune-manifestation-ce-20-janvier-pour-denoncer-larrestation-du-depute-yandocka#respond"]}]},{"@type":"WebPage","@id":"https:\/\/www.africa-press.net\/centrafricaine\/politique\/lopposition-democratique-annonce-la-tenue-dune-manifestation-ce-20-janvier-pour-denoncer-larrestation-du-depute-yandocka","url":"https:\/\/www.africa-press.net\/centrafricaine\/politique\/lopposition-democratique-annonce-la-tenue-dune-manifestation-ce-20-janvier-pour-denoncer-larrestation-du-depute-yandocka","name":"L\u2019opposition d\u00e9mocratique annonce la tenue d\u2019une manifestation ce 20 janvier pour d\u00e9noncer l\u2019arrestation du D\u00e9put\u00e9 Yandocka - centrafricaine","isPartOf":{"@id":"https:\/\/www.africa-press.net\/centrafricaine\/#website"},"primaryImageOfPage":{"@id":"https:\/\/www.africa-press.net\/centrafricaine\/politique\/lopposition-democratique-annonce-la-tenue-dune-manifestation-ce-20-janvier-pour-denoncer-larrestation-du-depute-yandocka#primaryimage"},"image":{"@id":"https:\/\/www.africa-press.net\/centrafricaine\/politique\/lopposition-democratique-annonce-la-tenue-dune-manifestation-ce-20-janvier-pour-denoncer-larrestation-du-depute-yandocka#primaryimage"},"thumbnailUrl":"https:\/\/static.africa-press.net\/centrafricaine\/sites\/45\/2024\/01\/sm_1705764615.880638.jpg","datePublished":"2024-01-20T18:43:36+00:00","dateModified":"2024-01-20T19:06:37+00:00","author":{"@id":"https:\/\/www.africa-press.net\/centrafricaine\/#\/schema\/person\/2b1cf3cd81a31e3cd26889ca66d677f1"},"description":"Des leaders des partis politiques d\u2019opposition re\u0301sidant a\u0300 Paris en France ont annonce\u0301 dans un communique\u0301 de presse, ...","breadcrumb":{"@id":"https:\/\/www.africa-press.net\/centrafricaine\/politique\/lopposition-democratique-annonce-la-tenue-dune-manifestation-ce-20-janvier-pour-denoncer-larrestation-du-depute-yandocka#breadcrumb"},"inLanguage":"fr-FR","potentialAction":[{"@type":"ReadAction","target":["https:\/\/www.africa-press.net\/centrafricaine\/politique\/lopposition-democratique-annonce-la-tenue-dune-manifestation-ce-20-janvier-pour-denoncer-larrestation-du-depute-yandocka"]}]},{"@type":"ImageObject","inLanguage":"fr-FR","@id":"https:\/\/www.africa-press.net\/centrafricaine\/politique\/lopposition-democratique-annonce-la-tenue-dune-manifestation-ce-20-janvier-pour-denoncer-larrestation-du-depute-yandocka#primaryimage","url":"https:\/\/static.africa-press.net\/centrafricaine\/sites\/45\/2024\/01\/sm_1705764615.880638.jpg","contentUrl":"https:\/\/static.africa-press.net\/centrafricaine\/sites\/45\/2024\/01\/sm_1705764615.880638.jpg","width":1280,"height":720,"caption":"L\u2019opposition d\u00e9mocratique annonce la tenue d\u2019une manifestation ce 20 janvier pour d\u00e9noncer l\u2019arrestation du D\u00e9put\u00e9 Yandocka"},{"@type":"BreadcrumbList","@id":"https:\/\/www.africa-press.net\/centrafricaine\/politique\/lopposition-democratique-annonce-la-tenue-dune-manifestation-ce-20-janvier-pour-denoncer-larrestation-du-depute-yandocka#breadcrumb","itemListElement":[{"@type":"ListItem","position":1,"name":"Accueil","item":"https:\/\/www.africa-press.net\/centrafricaine\/"},{"@type":"ListItem","position":2,"name":"L\u2019opposition d\u00e9mocratique annonce la tenue d\u2019une manifestation ce 20 janvier pour d\u00e9noncer l\u2019arrestation du D\u00e9put\u00e9 Yandocka"}]},{"@type":"WebSite","@id":"https:\/\/www.africa-press.net\/centrafricaine\/#website","url":"https:\/\/www.africa-press.net\/centrafricaine\/","name":"centrafricaine","description":"Just another Africa News Agency Sites site","potentialAction":[{"@type":"SearchAction","target":{"@type":"EntryPoint","urlTemplate":"https:\/\/www.africa-press.net\/centrafricaine\/?s={search_term_string}"},"query-input":{"@type":"PropertyValueSpecification","valueRequired":true,"valueName":"search_term_string"}}],"inLanguage":"fr-FR"},{"@type":"Person","@id":"https:\/\/www.africa-press.net\/centrafricaine\/#\/schema\/person\/2b1cf3cd81a31e3cd26889ca66d677f1","name":"cfeditorfr"}]}},"_links":{"self":[{"href":"https:\/\/www.africa-press.net\/centrafricaine\/wp-json\/wp\/v2\/posts\/51978","targetHints":{"allow":["GET"]}}],"collection":[{"href":"https:\/\/www.africa-press.net\/centrafricaine\/wp-json\/wp\/v2\/posts"}],"about":[{"href":"https:\/\/www.africa-press.net\/centrafricaine\/wp-json\/wp\/v2\/types\/post"}],"author":[{"embeddable":true,"href":"https:\/\/www.africa-press.net\/centrafricaine\/wp-json\/wp\/v2\/users\/82"}],"replies":[{"embeddable":true,"href":"https:\/\/www.africa-press.net\/centrafricaine\/wp-json\/wp\/v2\/comments?post=51978"}],"version-history":[{"count":0,"href":"https:\/\/www.africa-press.net\/centrafricaine\/wp-json\/wp\/v2\/posts\/51978\/revisions"}],"wp:featuredmedia":[{"embeddable":true,"href":"https:\/\/www.africa-press.net\/centrafricaine\/wp-json\/wp\/v2\/media\/51977"}],"wp:attachment":[{"href":"https:\/\/www.africa-press.net\/centrafricaine\/wp-json\/wp\/v2\/media?parent=51978"}],"wp:term":[{"taxonomy":"category","embeddable":true,"href":"https:\/\/www.africa-press.net\/centrafricaine\/wp-json\/wp\/v2\/categories?post=51978"},{"taxonomy":"post_tag","embeddable":true,"href":"https:\/\/www.africa-press.net\/centrafricaine\/wp-json\/wp\/v2\/tags?post=51978"}],"curies":[{"name":"wp","href":"https:\/\/api.w.org\/{rel}","templated":true}]}}