{"id":51985,"date":"2024-01-20T18:45:56","date_gmt":"2024-01-20T18:45:56","guid":{"rendered":"https:\/\/www.africa-press.net\/centrafricaine\/politique\/celebration-du-45eme-anniversaire-de-la-journee-des-martyrs-editions-2024"},"modified":"2024-01-20T19:08:16","modified_gmt":"2024-01-20T19:08:16","slug":"celebration-du-45eme-anniversaire-de-la-journee-des-martyrs-editions-2024","status":"publish","type":"post","link":"https:\/\/www.africa-press.net\/centrafricaine\/toutes-les-actualites\/celebration-du-45eme-anniversaire-de-la-journee-des-martyrs-editions-2024","title":{"rendered":"C\u00e9l\u00e9bration du 45\u00e8me anniversaire de la journ\u00e9e des martyrs \u00e9ditions 2024"},"content":{"rendered":"<p><span style=\"color: #ff6600\"><strong>Africa-Press &#8211; CentrAfricaine. <\/strong><\/span>L\u2019Administrateur ge\u0301ne\u0301ral de l\u2019e\u0301tablissement Gutschool, Professeur Henri Kopulayom, a accueilli jeudi 18 janvier 2024 dans son e\u0301tablissement, situe\u0301 au pk10 sortie nord de Bangui, le charge\u0301 de missions a\u0300 l\u2019e\u0301ducation nationale Romain Sopio repre\u0301sentant le ministre d\u2019Etat a\u0300 l\u2019e\u0301ducation, a\u0300 la ce\u0301re\u0301monie de la comme\u0301moration de la journe\u0301e des martyrs.<\/p>\n<p>Le charge\u0301 de missions a\u0300 l\u2019e\u0301ducation nationale Romain Sopio a explique\u0301 la circonstance de la fe\u0302te en indiquant que la date du 18 janvier de chaque anne\u0301e repre\u0301sente une date me\u0301morable, marquant le de\u0301roulement du gre\u0300ve qui a pour cause le port de tenue exige\u0301 aux e\u0301le\u0300ves des lyce\u0301es par l\u2019ex Empereur Bokassa 1er, et le non-paiement de salaires des fonctionnaires a\u0300 susciter la re\u0301action des parents et e\u0301le\u0300ves contre la de\u0301cision de l\u2019Ex Empereur Bokassa 1er , cou\u0302tant ainsi la vie humaine.<\/p>\n<p>L\u2019Administrateur ge\u0301ne\u0301ral de l\u2019e\u0301tablissement Gutschool Professeur Henri Kopulayom a soutenu cependant que chaque jour est une occasion de rendre hommage aux e\u0301le\u0300ves et e\u0301tudiants qui ont e\u0301te\u0301 tue\u0301s le 18 janvier 1979, et e\u0301galement montrer la gratitude pour leur sacrifice, et c\u2019est aussi une occasion de veiller a\u0300 ce que leur sacrifice ne soit pas vain.<\/p>\n<p>\u00ab Nous devons absolument nous souvenir des dizaines d\u2019e\u0301coliers tombe\u0301s il y\u2019a 45 ans sous les balles de la police et de l\u2019arme\u0301e de l\u2019Empereur Bokassa 1er, alors qu\u2019ils protestaient contre les prix des uniformes qu\u2019on leur imposait \u00bb a ajoute\u0301 Professeur Henri Kopulayom.<\/p>\n<p>Il est a\u0300 noter que cette journe\u0301e des martyrs est ce\u0301le\u0301bre\u0301e tous les 18 janvier de chaque anne\u0301e a\u0300 la me\u0301moire des e\u0301tudiants et e\u0301le\u0300ves tue\u0301s par les e\u0301le\u0301ments de la police et des Forces Arme\u0301es Centrafricaines, a\u0300 cause de l\u2019uniforme autorise\u0301 par L\u2019Empereur a\u0300 l\u2019e\u0301poque.<\/p>\n<p><strong>Pour plus d&rsquo;informations et d&rsquo;analyses sur la <a href=\"https:\/\/www.africa-press.net\/centrafricaine\">CentrAfricaine<\/a>, suivez <a href=\"https:\/\/www.africa-press.net\/\">Africa-Press<\/a><\/strong><\/p>\n","protected":false},"excerpt":{"rendered":"<p>Africa-Press &#8211; CentrAfricaine. L\u2019Administrateur ge\u0301ne\u0301ral de l\u2019e\u0301tablissement Gutschool, Professeur Henri Kopulayom, a accueilli jeudi 18 janvier 2024 dans son e\u0301tablissement, situe\u0301 au pk10 sortie nord de Bangui, le charge\u0301 de missions a\u0300 l\u2019e\u0301ducation nationale Romain Sopio repre\u0301sentant le ministre d\u2019Etat a\u0300 l\u2019e\u0301ducation, a\u0300 la ce\u0301re\u0301monie de la comme\u0301moration de la journe\u0301e des martyrs. Le charge\u0301 [&hellip;]<\/p>\n","protected":false},"author":82,"featured_media":51984,"comment_status":"open","ping_status":"closed","sticky":false,"template":"","format":"standard","meta":{"footnotes":""},"categories":[21,10],"tags":[36,58,30],"class_list":["post-51985","post","type-post","status-publish","format-standard","has-post-thumbnail","hentry","category-communaute","category-toutes-les-actualites","tag-africa-press","tag-africa-press-centrafricaine","tag-centrafricaine"],"yoast_head":"<!-- This site is optimized with the Yoast SEO Premium plugin v26.1 (Yoast SEO v27.0) - https:\/\/yoast.com\/product\/yoast-seo-premium-wordpress\/ -->\n<title>C\u00e9l\u00e9bration du 45\u00e8me anniversaire de la journ\u00e9e des martyrs \u00e9ditions 2024 - centrafricaine<\/title>\n<meta name=\"description\" content=\"L\u2019Administrateur ge\u0301ne\u0301ral de l\u2019e\u0301tablissement Gutschool, Professeur Henri Kopulayom, a accueilli jeudi 18 janvier 2024 ...\" \/>\n<meta name=\"robots\" content=\"index, follow, max-snippet:-1, max-image-preview:large, max-video-preview:-1\" \/>\n<link rel=\"canonical\" href=\"https:\/\/www.africa-press.net\/centrafricaine\/toutes-les-actualites\/celebration-du-45eme-anniversaire-de-la-journee-des-martyrs-editions-2024\" \/>\n<meta property=\"og:locale\" content=\"fr_FR\" \/>\n<meta property=\"og:type\" content=\"article\" \/>\n<meta property=\"og:title\" content=\"C\u00e9l\u00e9bration du 45\u00e8me anniversaire de la journ\u00e9e des martyrs \u00e9ditions 2024\" \/>\n<meta property=\"og:description\" content=\"L\u2019Administrateur ge\u0301ne\u0301ral de l\u2019e\u0301tablissement Gutschool, Professeur Henri Kopulayom, a accueilli jeudi 18 janvier 2024 ...\" \/>\n<meta property=\"og:url\" content=\"https:\/\/www.africa-press.net\/centrafricaine\/toutes-les-actualites\/celebration-du-45eme-anniversaire-de-la-journee-des-martyrs-editions-2024\" \/>\n<meta property=\"og:site_name\" content=\"centrafricaine\" \/>\n<meta property=\"article:published_time\" content=\"2024-01-20T18:45:56+00:00\" \/>\n<meta property=\"article:modified_time\" content=\"2024-01-20T19:08:16+00:00\" \/>\n<meta property=\"og:image\" content=\"https:\/\/static.africa-press.net\/centrafricaine\/sites\/45\/2024\/01\/sm_1705764819.063507.jpg\" \/>\n\t<meta property=\"og:image:width\" content=\"786\" \/>\n\t<meta property=\"og:image:height\" content=\"376\" \/>\n\t<meta property=\"og:image:type\" content=\"image\/jpeg\" \/>\n<meta name=\"author\" content=\"cfeditorfr\" \/>\n<meta name=\"twitter:card\" content=\"summary_large_image\" \/>\n<meta name=\"twitter:label1\" content=\"\u00c9crit par\" \/>\n\t<meta name=\"twitter:data1\" content=\"cfeditorfr\" \/>\n\t<meta name=\"twitter:label2\" content=\"Dur\u00e9e de lecture estim\u00e9e\" \/>\n\t<meta name=\"twitter:data2\" content=\"2 minutes\" \/>\n<script type=\"application\/ld+json\" class=\"yoast-schema-graph\">{\"@context\":\"https:\/\/schema.org\",\"@graph\":[{\"@type\":\"Article\",\"@id\":\"https:\/\/www.africa-press.net\/centrafricaine\/toutes-les-actualites\/celebration-du-45eme-anniversaire-de-la-journee-des-martyrs-editions-2024#article\",\"isPartOf\":{\"@id\":\"https:\/\/www.africa-press.net\/centrafricaine\/toutes-les-actualites\/celebration-du-45eme-anniversaire-de-la-journee-des-martyrs-editions-2024\"},\"author\":{\"name\":\"cfeditorfr\",\"@id\":\"https:\/\/www.africa-press.net\/centrafricaine\/#\/schema\/person\/2b1cf3cd81a31e3cd26889ca66d677f1\"},\"headline\":\"C\u00e9l\u00e9bration du 45\u00e8me anniversaire de la journ\u00e9e des martyrs \u00e9ditions 2024\",\"datePublished\":\"2024-01-20T18:45:56+00:00\",\"dateModified\":\"2024-01-20T19:08:16+00:00\",\"mainEntityOfPage\":{\"@id\":\"https:\/\/www.africa-press.net\/centrafricaine\/toutes-les-actualites\/celebration-du-45eme-anniversaire-de-la-journee-des-martyrs-editions-2024\"},\"wordCount\":369,\"commentCount\":0,\"image\":{\"@id\":\"https:\/\/www.africa-press.net\/centrafricaine\/toutes-les-actualites\/celebration-du-45eme-anniversaire-de-la-journee-des-martyrs-editions-2024#primaryimage\"},\"thumbnailUrl\":\"https:\/\/static.africa-press.net\/centrafricaine\/sites\/45\/2024\/01\/sm_1705764819.063507.jpg\",\"keywords\":[\"Africa Press\",\"Africa Press-CentrAfricaine\",\"CentrAfricaine\"],\"articleSection\":[\"Communaut\u00e9\",\"Toutes les actualit\u00e9s\"],\"inLanguage\":\"fr-FR\",\"potentialAction\":[{\"@type\":\"CommentAction\",\"name\":\"Comment\",\"target\":[\"https:\/\/www.africa-press.net\/centrafricaine\/toutes-les-actualites\/celebration-du-45eme-anniversaire-de-la-journee-des-martyrs-editions-2024#respond\"]}]},{\"@type\":\"WebPage\",\"@id\":\"https:\/\/www.africa-press.net\/centrafricaine\/toutes-les-actualites\/celebration-du-45eme-anniversaire-de-la-journee-des-martyrs-editions-2024\",\"url\":\"https:\/\/www.africa-press.net\/centrafricaine\/toutes-les-actualites\/celebration-du-45eme-anniversaire-de-la-journee-des-martyrs-editions-2024\",\"name\":\"C\u00e9l\u00e9bration du 45\u00e8me anniversaire de la journ\u00e9e des martyrs \u00e9ditions 2024 - centrafricaine\",\"isPartOf\":{\"@id\":\"https:\/\/www.africa-press.net\/centrafricaine\/#website\"},\"primaryImageOfPage\":{\"@id\":\"https:\/\/www.africa-press.net\/centrafricaine\/toutes-les-actualites\/celebration-du-45eme-anniversaire-de-la-journee-des-martyrs-editions-2024#primaryimage\"},\"image\":{\"@id\":\"https:\/\/www.africa-press.net\/centrafricaine\/toutes-les-actualites\/celebration-du-45eme-anniversaire-de-la-journee-des-martyrs-editions-2024#primaryimage\"},\"thumbnailUrl\":\"https:\/\/static.africa-press.net\/centrafricaine\/sites\/45\/2024\/01\/sm_1705764819.063507.jpg\",\"datePublished\":\"2024-01-20T18:45:56+00:00\",\"dateModified\":\"2024-01-20T19:08:16+00:00\",\"author\":{\"@id\":\"https:\/\/www.africa-press.net\/centrafricaine\/#\/schema\/person\/2b1cf3cd81a31e3cd26889ca66d677f1\"},\"description\":\"L\u2019Administrateur ge\u0301ne\u0301ral de l\u2019e\u0301tablissement Gutschool, Professeur Henri Kopulayom, a accueilli jeudi 18 janvier 2024 ...\",\"breadcrumb\":{\"@id\":\"https:\/\/www.africa-press.net\/centrafricaine\/toutes-les-actualites\/celebration-du-45eme-anniversaire-de-la-journee-des-martyrs-editions-2024#breadcrumb\"},\"inLanguage\":\"fr-FR\",\"potentialAction\":[{\"@type\":\"ReadAction\",\"target\":[\"https:\/\/www.africa-press.net\/centrafricaine\/toutes-les-actualites\/celebration-du-45eme-anniversaire-de-la-journee-des-martyrs-editions-2024\"]}]},{\"@type\":\"ImageObject\",\"inLanguage\":\"fr-FR\",\"@id\":\"https:\/\/www.africa-press.net\/centrafricaine\/toutes-les-actualites\/celebration-du-45eme-anniversaire-de-la-journee-des-martyrs-editions-2024#primaryimage\",\"url\":\"https:\/\/static.africa-press.net\/centrafricaine\/sites\/45\/2024\/01\/sm_1705764819.063507.jpg\",\"contentUrl\":\"https:\/\/static.africa-press.net\/centrafricaine\/sites\/45\/2024\/01\/sm_1705764819.063507.jpg\",\"width\":786,\"height\":376,\"caption\":\"C\u00e9l\u00e9bration du 45\u00e8me anniversaire de la journ\u00e9e des martyrs \u00e9ditions 2024\"},{\"@type\":\"BreadcrumbList\",\"@id\":\"https:\/\/www.africa-press.net\/centrafricaine\/toutes-les-actualites\/celebration-du-45eme-anniversaire-de-la-journee-des-martyrs-editions-2024#breadcrumb\",\"itemListElement\":[{\"@type\":\"ListItem\",\"position\":1,\"name\":\"Accueil\",\"item\":\"https:\/\/www.africa-press.net\/centrafricaine\/\"},{\"@type\":\"ListItem\",\"position\":2,\"name\":\"C\u00e9l\u00e9bration du 45\u00e8me anniversaire de la journ\u00e9e des martyrs \u00e9ditions 2024\"}]},{\"@type\":\"WebSite\",\"@id\":\"https:\/\/www.africa-press.net\/centrafricaine\/#website\",\"url\":\"https:\/\/www.africa-press.net\/centrafricaine\/\",\"name\":\"centrafricaine\",\"description\":\"Just another Africa News Agency Sites site\",\"potentialAction\":[{\"@type\":\"SearchAction\",\"target\":{\"@type\":\"EntryPoint\",\"urlTemplate\":\"https:\/\/www.africa-press.net\/centrafricaine\/?s={search_term_string}\"},\"query-input\":{\"@type\":\"PropertyValueSpecification\",\"valueRequired\":true,\"valueName\":\"search_term_string\"}}],\"inLanguage\":\"fr-FR\"},{\"@type\":\"Person\",\"@id\":\"https:\/\/www.africa-press.net\/centrafricaine\/#\/schema\/person\/2b1cf3cd81a31e3cd26889ca66d677f1\",\"name\":\"cfeditorfr\"}]}<\/script>\n<!-- \/ Yoast SEO Premium plugin. -->","yoast_head_json":{"title":"C\u00e9l\u00e9bration du 45\u00e8me anniversaire de la journ\u00e9e des martyrs \u00e9ditions 2024 - centrafricaine","description":"L\u2019Administrateur ge\u0301ne\u0301ral de l\u2019e\u0301tablissement Gutschool, Professeur Henri Kopulayom, a accueilli jeudi 18 janvier 2024 ...","robots":{"index":"index","follow":"follow","max-snippet":"max-snippet:-1","max-image-preview":"max-image-preview:large","max-video-preview":"max-video-preview:-1"},"canonical":"https:\/\/www.africa-press.net\/centrafricaine\/toutes-les-actualites\/celebration-du-45eme-anniversaire-de-la-journee-des-martyrs-editions-2024","og_locale":"fr_FR","og_type":"article","og_title":"C\u00e9l\u00e9bration du 45\u00e8me anniversaire de la journ\u00e9e des martyrs \u00e9ditions 2024","og_description":"L\u2019Administrateur ge\u0301ne\u0301ral de l\u2019e\u0301tablissement Gutschool, Professeur Henri Kopulayom, a accueilli jeudi 18 janvier 2024 ...","og_url":"https:\/\/www.africa-press.net\/centrafricaine\/toutes-les-actualites\/celebration-du-45eme-anniversaire-de-la-journee-des-martyrs-editions-2024","og_site_name":"centrafricaine","article_published_time":"2024-01-20T18:45:56+00:00","article_modified_time":"2024-01-20T19:08:16+00:00","og_image":[{"width":786,"height":376,"url":"https:\/\/static.africa-press.net\/centrafricaine\/sites\/45\/2024\/01\/sm_1705764819.063507.jpg","type":"image\/jpeg"}],"author":"cfeditorfr","twitter_card":"summary_large_image","twitter_misc":{"\u00c9crit par":"cfeditorfr","Dur\u00e9e de lecture estim\u00e9e":"2 minutes"},"schema":{"@context":"https:\/\/schema.org","@graph":[{"@type":"Article","@id":"https:\/\/www.africa-press.net\/centrafricaine\/toutes-les-actualites\/celebration-du-45eme-anniversaire-de-la-journee-des-martyrs-editions-2024#article","isPartOf":{"@id":"https:\/\/www.africa-press.net\/centrafricaine\/toutes-les-actualites\/celebration-du-45eme-anniversaire-de-la-journee-des-martyrs-editions-2024"},"author":{"name":"cfeditorfr","@id":"https:\/\/www.africa-press.net\/centrafricaine\/#\/schema\/person\/2b1cf3cd81a31e3cd26889ca66d677f1"},"headline":"C\u00e9l\u00e9bration du 45\u00e8me anniversaire de la journ\u00e9e des martyrs \u00e9ditions 2024","datePublished":"2024-01-20T18:45:56+00:00","dateModified":"2024-01-20T19:08:16+00:00","mainEntityOfPage":{"@id":"https:\/\/www.africa-press.net\/centrafricaine\/toutes-les-actualites\/celebration-du-45eme-anniversaire-de-la-journee-des-martyrs-editions-2024"},"wordCount":369,"commentCount":0,"image":{"@id":"https:\/\/www.africa-press.net\/centrafricaine\/toutes-les-actualites\/celebration-du-45eme-anniversaire-de-la-journee-des-martyrs-editions-2024#primaryimage"},"thumbnailUrl":"https:\/\/static.africa-press.net\/centrafricaine\/sites\/45\/2024\/01\/sm_1705764819.063507.jpg","keywords":["Africa Press","Africa Press-CentrAfricaine","CentrAfricaine"],"articleSection":["Communaut\u00e9","Toutes les actualit\u00e9s"],"inLanguage":"fr-FR","potentialAction":[{"@type":"CommentAction","name":"Comment","target":["https:\/\/www.africa-press.net\/centrafricaine\/toutes-les-actualites\/celebration-du-45eme-anniversaire-de-la-journee-des-martyrs-editions-2024#respond"]}]},{"@type":"WebPage","@id":"https:\/\/www.africa-press.net\/centrafricaine\/toutes-les-actualites\/celebration-du-45eme-anniversaire-de-la-journee-des-martyrs-editions-2024","url":"https:\/\/www.africa-press.net\/centrafricaine\/toutes-les-actualites\/celebration-du-45eme-anniversaire-de-la-journee-des-martyrs-editions-2024","name":"C\u00e9l\u00e9bration du 45\u00e8me anniversaire de la journ\u00e9e des martyrs \u00e9ditions 2024 - centrafricaine","isPartOf":{"@id":"https:\/\/www.africa-press.net\/centrafricaine\/#website"},"primaryImageOfPage":{"@id":"https:\/\/www.africa-press.net\/centrafricaine\/toutes-les-actualites\/celebration-du-45eme-anniversaire-de-la-journee-des-martyrs-editions-2024#primaryimage"},"image":{"@id":"https:\/\/www.africa-press.net\/centrafricaine\/toutes-les-actualites\/celebration-du-45eme-anniversaire-de-la-journee-des-martyrs-editions-2024#primaryimage"},"thumbnailUrl":"https:\/\/static.africa-press.net\/centrafricaine\/sites\/45\/2024\/01\/sm_1705764819.063507.jpg","datePublished":"2024-01-20T18:45:56+00:00","dateModified":"2024-01-20T19:08:16+00:00","author":{"@id":"https:\/\/www.africa-press.net\/centrafricaine\/#\/schema\/person\/2b1cf3cd81a31e3cd26889ca66d677f1"},"description":"L\u2019Administrateur ge\u0301ne\u0301ral de l\u2019e\u0301tablissement Gutschool, Professeur Henri Kopulayom, a accueilli jeudi 18 janvier 2024 ...","breadcrumb":{"@id":"https:\/\/www.africa-press.net\/centrafricaine\/toutes-les-actualites\/celebration-du-45eme-anniversaire-de-la-journee-des-martyrs-editions-2024#breadcrumb"},"inLanguage":"fr-FR","potentialAction":[{"@type":"ReadAction","target":["https:\/\/www.africa-press.net\/centrafricaine\/toutes-les-actualites\/celebration-du-45eme-anniversaire-de-la-journee-des-martyrs-editions-2024"]}]},{"@type":"ImageObject","inLanguage":"fr-FR","@id":"https:\/\/www.africa-press.net\/centrafricaine\/toutes-les-actualites\/celebration-du-45eme-anniversaire-de-la-journee-des-martyrs-editions-2024#primaryimage","url":"https:\/\/static.africa-press.net\/centrafricaine\/sites\/45\/2024\/01\/sm_1705764819.063507.jpg","contentUrl":"https:\/\/static.africa-press.net\/centrafricaine\/sites\/45\/2024\/01\/sm_1705764819.063507.jpg","width":786,"height":376,"caption":"C\u00e9l\u00e9bration du 45\u00e8me anniversaire de la journ\u00e9e des martyrs \u00e9ditions 2024"},{"@type":"BreadcrumbList","@id":"https:\/\/www.africa-press.net\/centrafricaine\/toutes-les-actualites\/celebration-du-45eme-anniversaire-de-la-journee-des-martyrs-editions-2024#breadcrumb","itemListElement":[{"@type":"ListItem","position":1,"name":"Accueil","item":"https:\/\/www.africa-press.net\/centrafricaine\/"},{"@type":"ListItem","position":2,"name":"C\u00e9l\u00e9bration du 45\u00e8me anniversaire de la journ\u00e9e des martyrs \u00e9ditions 2024"}]},{"@type":"WebSite","@id":"https:\/\/www.africa-press.net\/centrafricaine\/#website","url":"https:\/\/www.africa-press.net\/centrafricaine\/","name":"centrafricaine","description":"Just another Africa News Agency Sites site","potentialAction":[{"@type":"SearchAction","target":{"@type":"EntryPoint","urlTemplate":"https:\/\/www.africa-press.net\/centrafricaine\/?s={search_term_string}"},"query-input":{"@type":"PropertyValueSpecification","valueRequired":true,"valueName":"search_term_string"}}],"inLanguage":"fr-FR"},{"@type":"Person","@id":"https:\/\/www.africa-press.net\/centrafricaine\/#\/schema\/person\/2b1cf3cd81a31e3cd26889ca66d677f1","name":"cfeditorfr"}]}},"_links":{"self":[{"href":"https:\/\/www.africa-press.net\/centrafricaine\/wp-json\/wp\/v2\/posts\/51985","targetHints":{"allow":["GET"]}}],"collection":[{"href":"https:\/\/www.africa-press.net\/centrafricaine\/wp-json\/wp\/v2\/posts"}],"about":[{"href":"https:\/\/www.africa-press.net\/centrafricaine\/wp-json\/wp\/v2\/types\/post"}],"author":[{"embeddable":true,"href":"https:\/\/www.africa-press.net\/centrafricaine\/wp-json\/wp\/v2\/users\/82"}],"replies":[{"embeddable":true,"href":"https:\/\/www.africa-press.net\/centrafricaine\/wp-json\/wp\/v2\/comments?post=51985"}],"version-history":[{"count":0,"href":"https:\/\/www.africa-press.net\/centrafricaine\/wp-json\/wp\/v2\/posts\/51985\/revisions"}],"wp:featuredmedia":[{"embeddable":true,"href":"https:\/\/www.africa-press.net\/centrafricaine\/wp-json\/wp\/v2\/media\/51984"}],"wp:attachment":[{"href":"https:\/\/www.africa-press.net\/centrafricaine\/wp-json\/wp\/v2\/media?parent=51985"}],"wp:term":[{"taxonomy":"category","embeddable":true,"href":"https:\/\/www.africa-press.net\/centrafricaine\/wp-json\/wp\/v2\/categories?post=51985"},{"taxonomy":"post_tag","embeddable":true,"href":"https:\/\/www.africa-press.net\/centrafricaine\/wp-json\/wp\/v2\/tags?post=51985"}],"curies":[{"name":"wp","href":"https:\/\/api.w.org\/{rel}","templated":true}]}}