{"id":51987,"date":"2024-01-20T18:46:36","date_gmt":"2024-01-20T18:46:36","guid":{"rendered":"https:\/\/www.africa-press.net\/centrafricaine\/politique\/le-hcc-remet-lautorisation-de-frequence-de-la-radio-environnement-fm"},"modified":"2024-01-20T18:46:36","modified_gmt":"2024-01-20T18:46:36","slug":"le-hcc-remet-lautorisation-de-frequence-de-la-radio-environnement-fm","status":"publish","type":"post","link":"https:\/\/www.africa-press.net\/centrafricaine\/toutes-les-actualites\/le-hcc-remet-lautorisation-de-frequence-de-la-radio-environnement-fm","title":{"rendered":"Le HCC remet l\u2019autorisation de fr\u00e9quence de la radio Environnement FM"},"content":{"rendered":"<p><span style=\"color: #ff6600\"><strong>Africa-Press &#8211; CentrAfricaine. <\/strong><\/span>L\u2019espace me\u0301diatique centrafricain s\u2019e\u0301largit par la cre\u0301ation d\u2019une nouvelle station radiophonique de\u0301nomme\u0301e \u00ab Environnement FM \u00bb. C\u2019est une radio the\u0301matique a\u0300 but non lucratif qui s\u2019inte\u0301resse aux sujets lie\u0301s a\u0300 l\u2019environnement dans toute sa globalite\u0301. La remise officielle de la fre\u0301quence sonore qui est de \u00ab 92.5 FM \u00bb a eu lieu le lundi 15 janvier 2024 a\u0300 Bangui par le Pre\u0301sident du Haut Conseil de la Communication, Jose\u0301 Richard Pouambi.<\/p>\n<p>A\u0300 en croire le promoteur de ladite station radiophonique, le manque d\u2019informations environnementales est ce qui a motive\u0301 le Centre pour l\u2019Information et De\u0301veloppement Durable (CIEDD) qui est une organisation qui pro\u0302ne la lutte contre le changement climatique et la protection de l\u2019environnement a\u0300 cre\u0301er cette radio.<\/p>\n<p>\u00abNous avons fixe\u0301 ces questions de lutte contre le changement climatique, la protection de l\u2019environnement, la protection des droits des communaute\u0301s locales, des autochtones dans nos textes de base. Et donc progressivement, nous avons travaille\u0301, mais au fur et a\u0300 mesure, nous sentons le besoin. Il y a un manque en matie\u0300re d\u2019informations environnementales. C\u2019est ainsi que nous avons conclu que c\u2019est essentiel d\u2019aller vers une radio qui a une porte\u0301e plus large qu\u2019une simple activite\u0301 de sensibilisation que nous menons. C\u2019est l\u2019aboutissement des proce\u0301dures qui couronne ces efforts que le CIEDD a mene\u0301 \u00bb, explique Jean Jacques Mathamale\u0301, promoteur de la radio Environnement FM.<\/p>\n<p>Le pre\u0301sident du Haut Conseil de la Communication Jose\u0301 Richard Pouambi, explique les circonstances qui ont conduit a\u0300 la de\u0301livrance de l\u2019autorisation et encourage l\u2019initiative: \u00ab Je tiens a\u0300 informer l\u2019opinion nationale et internationale que l\u2019autorisation que la station de radio diffusion Environnement FM est le fruit d\u2019une demande expresse de l\u2019autorite\u0301 qui avait manifeste\u0301 par le ministe\u0300re de l\u2019environnement de pouvoir de\u0301livrer une autorisation a\u0300 l\u2019ONG qui s\u2019occupe de la question environnementale pour aborder des the\u0300mes concernant l\u2019environnement et le changement climatique. C\u2019est dans cette optique que le HCC a pu de\u0301livrer cette autorisation. La radio Environnement FM est une radio the\u0301matique et a\u0300 but non lucratif qui a e\u0301te\u0301 de\u0301livre\u0301 a\u0300 la limite gratuitement pour accompagner la politique du gouvernement dans le domaine de l\u2019environnement. Aujourd\u2019hui, la question de l\u2019environnement est e\u0301vidente. Il suffit de voir ce que nous vivons au quotidien. Les inondations dans le 6e et 7e arrondissement ainsi que dans d\u2019autres pays du monde te\u0301moignent que la question de l\u2019environnement est assez e\u0301vidente pour laquelle il n\u2019y a pas que les politiques, il n\u2019y a pas que les ONG, il va falloir que les me\u0301dias s\u2019inte\u0301ressent a\u0300 cette question. Voila\u0300 pourquoi le HCC a juge\u0301 utile de de\u0301livrer cette autorisation pour permettre a\u0300 la station Environnement FM de pouvoir diffuser des informations pour sensibiliser la population \u00bb.<\/p>\n<p>S\u2019il faut le rappeler, la cre\u0301ation de la radio Environnement FM est une initiative du Centre pour l\u2019Information et De\u0301veloppement Durable qui est une organisation non gouvernementale de droit centrafricain, cre\u0301e\u0301e le 10 juillet 2010 pour promouvoir l\u2019information environnementale, les droits des communaute\u0301s et peuples autochtones.<\/p>\n<p><strong>Pour plus d&rsquo;informations et d&rsquo;analyses sur la <a href=\"https:\/\/www.africa-press.net\/centrafricaine\">CentrAfricaine<\/a>, suivez <a href=\"https:\/\/www.africa-press.net\/\">Africa-Press<\/a><\/strong><\/p>\n","protected":false},"excerpt":{"rendered":"<p>Africa-Press &#8211; CentrAfricaine. L\u2019espace me\u0301diatique centrafricain s\u2019e\u0301largit par la cre\u0301ation d\u2019une nouvelle station radiophonique de\u0301nomme\u0301e \u00ab Environnement FM \u00bb. C\u2019est une radio the\u0301matique a\u0300 but non lucratif qui s\u2019inte\u0301resse aux sujets lie\u0301s a\u0300 l\u2019environnement dans toute sa globalite\u0301. La remise officielle de la fre\u0301quence sonore qui est de \u00ab 92.5 FM \u00bb a eu lieu [&hellip;]<\/p>\n","protected":false},"author":82,"featured_media":51986,"comment_status":"open","ping_status":"closed","sticky":false,"template":"","format":"standard","meta":{"footnotes":""},"categories":[21,10],"tags":[36,58,30],"class_list":["post-51987","post","type-post","status-publish","format-standard","has-post-thumbnail","hentry","category-communaute","category-toutes-les-actualites","tag-africa-press","tag-africa-press-centrafricaine","tag-centrafricaine"],"yoast_head":"<!-- This site is optimized with the Yoast SEO Premium plugin v26.1 (Yoast SEO v27.0) - https:\/\/yoast.com\/product\/yoast-seo-premium-wordpress\/ -->\n<title>Le HCC remet l\u2019autorisation de fr\u00e9quence de la radio Environnement FM - centrafricaine<\/title>\n<meta name=\"robots\" content=\"index, follow, max-snippet:-1, max-image-preview:large, max-video-preview:-1\" \/>\n<link rel=\"canonical\" href=\"https:\/\/www.africa-press.net\/centrafricaine\/politique\/le-hcc-remet-lautorisation-de-frequence-de-la-radio-environnement-fm\" \/>\n<meta property=\"og:locale\" content=\"fr_FR\" \/>\n<meta property=\"og:type\" content=\"article\" \/>\n<meta property=\"og:title\" content=\"Le HCC remet l\u2019autorisation de fr\u00e9quence de la radio Environnement FM\" \/>\n<meta property=\"og:description\" content=\"Africa-Press &#8211; CentrAfricaine. L\u2019espace me\u0301diatique centrafricain s\u2019e\u0301largit par la cre\u0301ation d\u2019une nouvelle station radiophonique de\u0301nomme\u0301e \u00ab Environnement FM \u00bb. C\u2019est une radio the\u0301matique a\u0300 but non lucratif qui s\u2019inte\u0301resse aux sujets lie\u0301s a\u0300 l\u2019environnement dans toute sa globalite\u0301. La remise officielle de la fre\u0301quence sonore qui est de \u00ab 92.5 FM \u00bb a eu lieu [&hellip;]\" \/>\n<meta property=\"og:url\" content=\"https:\/\/www.africa-press.net\/centrafricaine\/politique\/le-hcc-remet-lautorisation-de-frequence-de-la-radio-environnement-fm\" \/>\n<meta property=\"og:site_name\" content=\"centrafricaine\" \/>\n<meta property=\"article:published_time\" content=\"2024-01-20T18:46:36+00:00\" \/>\n<meta name=\"author\" content=\"cfeditorfr\" \/>\n<meta name=\"twitter:card\" content=\"summary_large_image\" \/>\n<meta name=\"twitter:label1\" content=\"\u00c9crit par\" \/>\n\t<meta name=\"twitter:data1\" content=\"cfeditorfr\" \/>\n\t<meta name=\"twitter:label2\" content=\"Dur\u00e9e de lecture estim\u00e9e\" \/>\n\t<meta name=\"twitter:data2\" content=\"3 minutes\" \/>\n<script type=\"application\/ld+json\" class=\"yoast-schema-graph\">{\"@context\":\"https:\/\/schema.org\",\"@graph\":[{\"@type\":\"Article\",\"@id\":\"https:\/\/www.africa-press.net\/centrafricaine\/politique\/le-hcc-remet-lautorisation-de-frequence-de-la-radio-environnement-fm#article\",\"isPartOf\":{\"@id\":\"https:\/\/www.africa-press.net\/centrafricaine\/politique\/le-hcc-remet-lautorisation-de-frequence-de-la-radio-environnement-fm\"},\"author\":{\"name\":\"cfeditorfr\",\"@id\":\"https:\/\/www.africa-press.net\/centrafricaine\/#\/schema\/person\/2b1cf3cd81a31e3cd26889ca66d677f1\"},\"headline\":\"Le HCC remet l\u2019autorisation de fr\u00e9quence de la radio Environnement FM\",\"datePublished\":\"2024-01-20T18:46:36+00:00\",\"mainEntityOfPage\":{\"@id\":\"https:\/\/www.africa-press.net\/centrafricaine\/politique\/le-hcc-remet-lautorisation-de-frequence-de-la-radio-environnement-fm\"},\"wordCount\":583,\"commentCount\":0,\"image\":{\"@id\":\"https:\/\/www.africa-press.net\/centrafricaine\/politique\/le-hcc-remet-lautorisation-de-frequence-de-la-radio-environnement-fm#primaryimage\"},\"thumbnailUrl\":\"https:\/\/static.africa-press.net\/centrafricaine\/sites\/45\/2024\/01\/sm_1705764879.270277.jpg\",\"keywords\":[\"Africa Press\",\"Africa Press-CentrAfricaine\",\"CentrAfricaine\"],\"articleSection\":[\"Communaut\u00e9\",\"Toutes les actualit\u00e9s\"],\"inLanguage\":\"fr-FR\",\"potentialAction\":[{\"@type\":\"CommentAction\",\"name\":\"Comment\",\"target\":[\"https:\/\/www.africa-press.net\/centrafricaine\/politique\/le-hcc-remet-lautorisation-de-frequence-de-la-radio-environnement-fm#respond\"]}]},{\"@type\":\"WebPage\",\"@id\":\"https:\/\/www.africa-press.net\/centrafricaine\/politique\/le-hcc-remet-lautorisation-de-frequence-de-la-radio-environnement-fm\",\"url\":\"https:\/\/www.africa-press.net\/centrafricaine\/politique\/le-hcc-remet-lautorisation-de-frequence-de-la-radio-environnement-fm\",\"name\":\"Le HCC remet l\u2019autorisation de fr\u00e9quence de la radio Environnement FM - centrafricaine\",\"isPartOf\":{\"@id\":\"https:\/\/www.africa-press.net\/centrafricaine\/#website\"},\"primaryImageOfPage\":{\"@id\":\"https:\/\/www.africa-press.net\/centrafricaine\/politique\/le-hcc-remet-lautorisation-de-frequence-de-la-radio-environnement-fm#primaryimage\"},\"image\":{\"@id\":\"https:\/\/www.africa-press.net\/centrafricaine\/politique\/le-hcc-remet-lautorisation-de-frequence-de-la-radio-environnement-fm#primaryimage\"},\"thumbnailUrl\":\"https:\/\/static.africa-press.net\/centrafricaine\/sites\/45\/2024\/01\/sm_1705764879.270277.jpg\",\"datePublished\":\"2024-01-20T18:46:36+00:00\",\"author\":{\"@id\":\"https:\/\/www.africa-press.net\/centrafricaine\/#\/schema\/person\/2b1cf3cd81a31e3cd26889ca66d677f1\"},\"breadcrumb\":{\"@id\":\"https:\/\/www.africa-press.net\/centrafricaine\/politique\/le-hcc-remet-lautorisation-de-frequence-de-la-radio-environnement-fm#breadcrumb\"},\"inLanguage\":\"fr-FR\",\"potentialAction\":[{\"@type\":\"ReadAction\",\"target\":[\"https:\/\/www.africa-press.net\/centrafricaine\/politique\/le-hcc-remet-lautorisation-de-frequence-de-la-radio-environnement-fm\"]}]},{\"@type\":\"ImageObject\",\"inLanguage\":\"fr-FR\",\"@id\":\"https:\/\/www.africa-press.net\/centrafricaine\/politique\/le-hcc-remet-lautorisation-de-frequence-de-la-radio-environnement-fm#primaryimage\",\"url\":\"https:\/\/static.africa-press.net\/centrafricaine\/sites\/45\/2024\/01\/sm_1705764879.270277.jpg\",\"contentUrl\":\"https:\/\/static.africa-press.net\/centrafricaine\/sites\/45\/2024\/01\/sm_1705764879.270277.jpg\",\"width\":1082,\"height\":624,\"caption\":\"Le HCC remet l\u2019autorisation de fr\u00e9quence de la radio Environnement FM\"},{\"@type\":\"BreadcrumbList\",\"@id\":\"https:\/\/www.africa-press.net\/centrafricaine\/politique\/le-hcc-remet-lautorisation-de-frequence-de-la-radio-environnement-fm#breadcrumb\",\"itemListElement\":[{\"@type\":\"ListItem\",\"position\":1,\"name\":\"Accueil\",\"item\":\"https:\/\/www.africa-press.net\/centrafricaine\/\"},{\"@type\":\"ListItem\",\"position\":2,\"name\":\"Le HCC remet l\u2019autorisation de fr\u00e9quence de la radio Environnement FM\"}]},{\"@type\":\"WebSite\",\"@id\":\"https:\/\/www.africa-press.net\/centrafricaine\/#website\",\"url\":\"https:\/\/www.africa-press.net\/centrafricaine\/\",\"name\":\"centrafricaine\",\"description\":\"Just another Africa News Agency Sites site\",\"potentialAction\":[{\"@type\":\"SearchAction\",\"target\":{\"@type\":\"EntryPoint\",\"urlTemplate\":\"https:\/\/www.africa-press.net\/centrafricaine\/?s={search_term_string}\"},\"query-input\":{\"@type\":\"PropertyValueSpecification\",\"valueRequired\":true,\"valueName\":\"search_term_string\"}}],\"inLanguage\":\"fr-FR\"},{\"@type\":\"Person\",\"@id\":\"https:\/\/www.africa-press.net\/centrafricaine\/#\/schema\/person\/2b1cf3cd81a31e3cd26889ca66d677f1\",\"name\":\"cfeditorfr\"}]}<\/script>\n<!-- \/ Yoast SEO Premium plugin. -->","yoast_head_json":{"title":"Le HCC remet l\u2019autorisation de fr\u00e9quence de la radio Environnement FM - centrafricaine","robots":{"index":"index","follow":"follow","max-snippet":"max-snippet:-1","max-image-preview":"max-image-preview:large","max-video-preview":"max-video-preview:-1"},"canonical":"https:\/\/www.africa-press.net\/centrafricaine\/politique\/le-hcc-remet-lautorisation-de-frequence-de-la-radio-environnement-fm","og_locale":"fr_FR","og_type":"article","og_title":"Le HCC remet l\u2019autorisation de fr\u00e9quence de la radio Environnement FM","og_description":"Africa-Press &#8211; CentrAfricaine. L\u2019espace me\u0301diatique centrafricain s\u2019e\u0301largit par la cre\u0301ation d\u2019une nouvelle station radiophonique de\u0301nomme\u0301e \u00ab Environnement FM \u00bb. C\u2019est une radio the\u0301matique a\u0300 but non lucratif qui s\u2019inte\u0301resse aux sujets lie\u0301s a\u0300 l\u2019environnement dans toute sa globalite\u0301. La remise officielle de la fre\u0301quence sonore qui est de \u00ab 92.5 FM \u00bb a eu lieu [&hellip;]","og_url":"https:\/\/www.africa-press.net\/centrafricaine\/politique\/le-hcc-remet-lautorisation-de-frequence-de-la-radio-environnement-fm","og_site_name":"centrafricaine","article_published_time":"2024-01-20T18:46:36+00:00","author":"cfeditorfr","twitter_card":"summary_large_image","twitter_misc":{"\u00c9crit par":"cfeditorfr","Dur\u00e9e de lecture estim\u00e9e":"3 minutes"},"schema":{"@context":"https:\/\/schema.org","@graph":[{"@type":"Article","@id":"https:\/\/www.africa-press.net\/centrafricaine\/politique\/le-hcc-remet-lautorisation-de-frequence-de-la-radio-environnement-fm#article","isPartOf":{"@id":"https:\/\/www.africa-press.net\/centrafricaine\/politique\/le-hcc-remet-lautorisation-de-frequence-de-la-radio-environnement-fm"},"author":{"name":"cfeditorfr","@id":"https:\/\/www.africa-press.net\/centrafricaine\/#\/schema\/person\/2b1cf3cd81a31e3cd26889ca66d677f1"},"headline":"Le HCC remet l\u2019autorisation de fr\u00e9quence de la radio Environnement FM","datePublished":"2024-01-20T18:46:36+00:00","mainEntityOfPage":{"@id":"https:\/\/www.africa-press.net\/centrafricaine\/politique\/le-hcc-remet-lautorisation-de-frequence-de-la-radio-environnement-fm"},"wordCount":583,"commentCount":0,"image":{"@id":"https:\/\/www.africa-press.net\/centrafricaine\/politique\/le-hcc-remet-lautorisation-de-frequence-de-la-radio-environnement-fm#primaryimage"},"thumbnailUrl":"https:\/\/static.africa-press.net\/centrafricaine\/sites\/45\/2024\/01\/sm_1705764879.270277.jpg","keywords":["Africa Press","Africa Press-CentrAfricaine","CentrAfricaine"],"articleSection":["Communaut\u00e9","Toutes les actualit\u00e9s"],"inLanguage":"fr-FR","potentialAction":[{"@type":"CommentAction","name":"Comment","target":["https:\/\/www.africa-press.net\/centrafricaine\/politique\/le-hcc-remet-lautorisation-de-frequence-de-la-radio-environnement-fm#respond"]}]},{"@type":"WebPage","@id":"https:\/\/www.africa-press.net\/centrafricaine\/politique\/le-hcc-remet-lautorisation-de-frequence-de-la-radio-environnement-fm","url":"https:\/\/www.africa-press.net\/centrafricaine\/politique\/le-hcc-remet-lautorisation-de-frequence-de-la-radio-environnement-fm","name":"Le HCC remet l\u2019autorisation de fr\u00e9quence de la radio Environnement FM - centrafricaine","isPartOf":{"@id":"https:\/\/www.africa-press.net\/centrafricaine\/#website"},"primaryImageOfPage":{"@id":"https:\/\/www.africa-press.net\/centrafricaine\/politique\/le-hcc-remet-lautorisation-de-frequence-de-la-radio-environnement-fm#primaryimage"},"image":{"@id":"https:\/\/www.africa-press.net\/centrafricaine\/politique\/le-hcc-remet-lautorisation-de-frequence-de-la-radio-environnement-fm#primaryimage"},"thumbnailUrl":"https:\/\/static.africa-press.net\/centrafricaine\/sites\/45\/2024\/01\/sm_1705764879.270277.jpg","datePublished":"2024-01-20T18:46:36+00:00","author":{"@id":"https:\/\/www.africa-press.net\/centrafricaine\/#\/schema\/person\/2b1cf3cd81a31e3cd26889ca66d677f1"},"breadcrumb":{"@id":"https:\/\/www.africa-press.net\/centrafricaine\/politique\/le-hcc-remet-lautorisation-de-frequence-de-la-radio-environnement-fm#breadcrumb"},"inLanguage":"fr-FR","potentialAction":[{"@type":"ReadAction","target":["https:\/\/www.africa-press.net\/centrafricaine\/politique\/le-hcc-remet-lautorisation-de-frequence-de-la-radio-environnement-fm"]}]},{"@type":"ImageObject","inLanguage":"fr-FR","@id":"https:\/\/www.africa-press.net\/centrafricaine\/politique\/le-hcc-remet-lautorisation-de-frequence-de-la-radio-environnement-fm#primaryimage","url":"https:\/\/static.africa-press.net\/centrafricaine\/sites\/45\/2024\/01\/sm_1705764879.270277.jpg","contentUrl":"https:\/\/static.africa-press.net\/centrafricaine\/sites\/45\/2024\/01\/sm_1705764879.270277.jpg","width":1082,"height":624,"caption":"Le HCC remet l\u2019autorisation de fr\u00e9quence de la radio Environnement FM"},{"@type":"BreadcrumbList","@id":"https:\/\/www.africa-press.net\/centrafricaine\/politique\/le-hcc-remet-lautorisation-de-frequence-de-la-radio-environnement-fm#breadcrumb","itemListElement":[{"@type":"ListItem","position":1,"name":"Accueil","item":"https:\/\/www.africa-press.net\/centrafricaine\/"},{"@type":"ListItem","position":2,"name":"Le HCC remet l\u2019autorisation de fr\u00e9quence de la radio Environnement FM"}]},{"@type":"WebSite","@id":"https:\/\/www.africa-press.net\/centrafricaine\/#website","url":"https:\/\/www.africa-press.net\/centrafricaine\/","name":"centrafricaine","description":"Just another Africa News Agency Sites site","potentialAction":[{"@type":"SearchAction","target":{"@type":"EntryPoint","urlTemplate":"https:\/\/www.africa-press.net\/centrafricaine\/?s={search_term_string}"},"query-input":{"@type":"PropertyValueSpecification","valueRequired":true,"valueName":"search_term_string"}}],"inLanguage":"fr-FR"},{"@type":"Person","@id":"https:\/\/www.africa-press.net\/centrafricaine\/#\/schema\/person\/2b1cf3cd81a31e3cd26889ca66d677f1","name":"cfeditorfr"}]}},"_links":{"self":[{"href":"https:\/\/www.africa-press.net\/centrafricaine\/wp-json\/wp\/v2\/posts\/51987","targetHints":{"allow":["GET"]}}],"collection":[{"href":"https:\/\/www.africa-press.net\/centrafricaine\/wp-json\/wp\/v2\/posts"}],"about":[{"href":"https:\/\/www.africa-press.net\/centrafricaine\/wp-json\/wp\/v2\/types\/post"}],"author":[{"embeddable":true,"href":"https:\/\/www.africa-press.net\/centrafricaine\/wp-json\/wp\/v2\/users\/82"}],"replies":[{"embeddable":true,"href":"https:\/\/www.africa-press.net\/centrafricaine\/wp-json\/wp\/v2\/comments?post=51987"}],"version-history":[{"count":0,"href":"https:\/\/www.africa-press.net\/centrafricaine\/wp-json\/wp\/v2\/posts\/51987\/revisions"}],"wp:featuredmedia":[{"embeddable":true,"href":"https:\/\/www.africa-press.net\/centrafricaine\/wp-json\/wp\/v2\/media\/51986"}],"wp:attachment":[{"href":"https:\/\/www.africa-press.net\/centrafricaine\/wp-json\/wp\/v2\/media?parent=51987"}],"wp:term":[{"taxonomy":"category","embeddable":true,"href":"https:\/\/www.africa-press.net\/centrafricaine\/wp-json\/wp\/v2\/categories?post=51987"},{"taxonomy":"post_tag","embeddable":true,"href":"https:\/\/www.africa-press.net\/centrafricaine\/wp-json\/wp\/v2\/tags?post=51987"}],"curies":[{"name":"wp","href":"https:\/\/api.w.org\/{rel}","templated":true}]}}