{"id":51991,"date":"2024-01-20T18:45:11","date_gmt":"2024-01-20T18:45:11","guid":{"rendered":"https:\/\/www.africa-press.net\/centrafricaine\/politique\/presentation-du-plan-triennal-du-ministre-du-developpement-de-lenergie-et-de-lhydraulique-2"},"modified":"2024-01-21T07:02:27","modified_gmt":"2024-01-21T07:02:27","slug":"presentation-du-plan-triennal-du-ministre-du-developpement-de-lenergie-et-de-lhydraulique-2","status":"publish","type":"post","link":"https:\/\/www.africa-press.net\/centrafricaine\/economie\/presentation-du-plan-triennal-du-ministre-du-developpement-de-lenergie-et-de-lhydraulique-2","title":{"rendered":"Pr\u00e9sentation du Plan triennal du ministre du D\u00e9veloppement de l\u2019Energie et de l\u2019hydraulique"},"content":{"rendered":"<p><span style=\"color: #ff6600\"><strong>Africa-Press &#8211; CentrAfricaine. <\/strong><\/span>Le but de cette r\u00e9union, est d\u2019attirer l\u2019attention des acteurs des secteurs de l\u2019\u00e9nergie et de l\u2019hydraulique \u00e0 s\u2019approprier et \u00e0 s\u2019aligner sur le cadre de programmation et de budg\u00e9tisation triennal 2023-2024 de mani\u00e8re \u00e0 renforcer la coordination, l\u2019articulation et le suivi des interventions.<br \/>\nLe chef du d\u00e9partement de l\u2019Energie, Arthur-Bertrand Piri, a insist\u00e9 sur la transparence et la pertinence des interventions en conformit\u00e9s avec le plan triennal du minist\u00e8re du d\u00e9veloppement de l\u2019Energie et des Ressources Hydrauliques.<br \/>\nIl en a profit\u00e9 pour remercier les partenaires techniques et financiers qui ne cessent de se mobiliser les ressources n\u00e9cessaires \u00e0 ex\u00e9cution des diff\u00e9rents projets dans les domaines de l\u2019\u00e9nergie, l\u2019eau potable et de l\u2019assainissement pour le bien \u00eatre de la population centrafricaine.<br \/>\nNotons que cette r\u00e9union \u00e0 mobiliser plus d\u2019une centaine des repr\u00e9sentants \u0153uvrant dans les secteurs de l\u2019Energie et de l\u2019hydraulique.<\/p>\n<p><strong>Pour plus d&rsquo;informations et d&rsquo;analyses sur la <a href=\"https:\/\/www.africa-press.net\/centrafricaine\">CentrAfricaine<\/a>, suivez <a href=\"https:\/\/www.africa-press.net\/\">Africa-Press<\/a><\/strong><\/p>\n","protected":false},"excerpt":{"rendered":"<p>Africa-Press &#8211; CentrAfricaine. Le but de cette r\u00e9union, est d\u2019attirer l\u2019attention des acteurs des secteurs de l\u2019\u00e9nergie et de l\u2019hydraulique \u00e0 s\u2019approprier et \u00e0 s\u2019aligner sur le cadre de programmation et de budg\u00e9tisation triennal 2023-2024 de mani\u00e8re \u00e0 renforcer la coordination, l\u2019articulation et le suivi des interventions. Le chef du d\u00e9partement de l\u2019Energie, Arthur-Bertrand Piri, [&hellip;]<\/p>\n","protected":false},"author":82,"featured_media":51990,"comment_status":"open","ping_status":"closed","sticky":false,"template":"","format":"standard","meta":{"footnotes":""},"categories":[3,10],"tags":[36,58,30],"class_list":["post-51991","post","type-post","status-publish","format-standard","has-post-thumbnail","hentry","category-economie","category-toutes-les-actualites","tag-africa-press","tag-africa-press-centrafricaine","tag-centrafricaine"],"yoast_head":"<!-- This site is optimized with the Yoast SEO Premium plugin v26.1 (Yoast SEO v27.0) - https:\/\/yoast.com\/product\/yoast-seo-premium-wordpress\/ -->\n<title>Pr\u00e9sentation du Plan triennal du ministre du D\u00e9veloppement de l\u2019Energie et de l\u2019hydraulique - centrafricaine<\/title>\n<meta name=\"description\" content=\"Le but de cette re\u0301union, est d\u2019attirer l\u2019attention des acteurs des secteurs de l\u2019e\u0301nergie et de l\u2019hydraulique a\u0300 s\u2019appropr ...\" \/>\n<meta name=\"robots\" content=\"index, follow, max-snippet:-1, max-image-preview:large, max-video-preview:-1\" \/>\n<link rel=\"canonical\" href=\"https:\/\/www.africa-press.net\/centrafricaine\/economie\/presentation-du-plan-triennal-du-ministre-du-developpement-de-lenergie-et-de-lhydraulique-2\" \/>\n<meta property=\"og:locale\" content=\"fr_FR\" \/>\n<meta property=\"og:type\" content=\"article\" \/>\n<meta property=\"og:title\" content=\"Pr\u00e9sentation du Plan triennal du ministre du D\u00e9veloppement de l\u2019Energie et de l\u2019hydraulique\" \/>\n<meta property=\"og:description\" content=\"Le but de cette re\u0301union, est d\u2019attirer l\u2019attention des acteurs des secteurs de l\u2019e\u0301nergie et de l\u2019hydraulique a\u0300 s\u2019appropr ...\" \/>\n<meta property=\"og:url\" content=\"https:\/\/www.africa-press.net\/centrafricaine\/economie\/presentation-du-plan-triennal-du-ministre-du-developpement-de-lenergie-et-de-lhydraulique-2\" \/>\n<meta property=\"og:site_name\" content=\"centrafricaine\" \/>\n<meta property=\"article:published_time\" content=\"2024-01-20T18:45:11+00:00\" \/>\n<meta property=\"article:modified_time\" content=\"2024-01-21T07:02:27+00:00\" \/>\n<meta property=\"og:image\" content=\"https:\/\/static.africa-press.net\/centrafricaine\/sites\/45\/2024\/01\/sm_1705765065.863705.jpg\" \/>\n\t<meta property=\"og:image:width\" content=\"785\" \/>\n\t<meta property=\"og:image:height\" content=\"343\" \/>\n\t<meta property=\"og:image:type\" content=\"image\/jpeg\" \/>\n<meta name=\"author\" content=\"cfeditorfr\" \/>\n<meta name=\"twitter:card\" content=\"summary_large_image\" \/>\n<meta name=\"twitter:label1\" content=\"\u00c9crit par\" \/>\n\t<meta name=\"twitter:data1\" content=\"cfeditorfr\" \/>\n\t<meta name=\"twitter:label2\" content=\"Dur\u00e9e de lecture estim\u00e9e\" \/>\n\t<meta name=\"twitter:data2\" content=\"1 minute\" \/>\n<script type=\"application\/ld+json\" class=\"yoast-schema-graph\">{\"@context\":\"https:\/\/schema.org\",\"@graph\":[{\"@type\":\"Article\",\"@id\":\"https:\/\/www.africa-press.net\/centrafricaine\/economie\/presentation-du-plan-triennal-du-ministre-du-developpement-de-lenergie-et-de-lhydraulique-2#article\",\"isPartOf\":{\"@id\":\"https:\/\/www.africa-press.net\/centrafricaine\/economie\/presentation-du-plan-triennal-du-ministre-du-developpement-de-lenergie-et-de-lhydraulique-2\"},\"author\":{\"name\":\"cfeditorfr\",\"@id\":\"https:\/\/www.africa-press.net\/centrafricaine\/#\/schema\/person\/2b1cf3cd81a31e3cd26889ca66d677f1\"},\"headline\":\"Pr\u00e9sentation du Plan triennal du ministre du D\u00e9veloppement de l\u2019Energie et de l\u2019hydraulique\",\"datePublished\":\"2024-01-20T18:45:11+00:00\",\"dateModified\":\"2024-01-21T07:02:27+00:00\",\"mainEntityOfPage\":{\"@id\":\"https:\/\/www.africa-press.net\/centrafricaine\/economie\/presentation-du-plan-triennal-du-ministre-du-developpement-de-lenergie-et-de-lhydraulique-2\"},\"wordCount\":195,\"commentCount\":0,\"image\":{\"@id\":\"https:\/\/www.africa-press.net\/centrafricaine\/economie\/presentation-du-plan-triennal-du-ministre-du-developpement-de-lenergie-et-de-lhydraulique-2#primaryimage\"},\"thumbnailUrl\":\"https:\/\/static.africa-press.net\/centrafricaine\/sites\/45\/2024\/01\/sm_1705765065.863705.jpg\",\"keywords\":[\"Africa Press\",\"Africa Press-CentrAfricaine\",\"CentrAfricaine\"],\"articleSection\":[\"\u00c9conomie\",\"Toutes les actualit\u00e9s\"],\"inLanguage\":\"fr-FR\",\"potentialAction\":[{\"@type\":\"CommentAction\",\"name\":\"Comment\",\"target\":[\"https:\/\/www.africa-press.net\/centrafricaine\/economie\/presentation-du-plan-triennal-du-ministre-du-developpement-de-lenergie-et-de-lhydraulique-2#respond\"]}]},{\"@type\":\"WebPage\",\"@id\":\"https:\/\/www.africa-press.net\/centrafricaine\/economie\/presentation-du-plan-triennal-du-ministre-du-developpement-de-lenergie-et-de-lhydraulique-2\",\"url\":\"https:\/\/www.africa-press.net\/centrafricaine\/economie\/presentation-du-plan-triennal-du-ministre-du-developpement-de-lenergie-et-de-lhydraulique-2\",\"name\":\"Pr\u00e9sentation du Plan triennal du ministre du D\u00e9veloppement de l\u2019Energie et de l\u2019hydraulique - centrafricaine\",\"isPartOf\":{\"@id\":\"https:\/\/www.africa-press.net\/centrafricaine\/#website\"},\"primaryImageOfPage\":{\"@id\":\"https:\/\/www.africa-press.net\/centrafricaine\/economie\/presentation-du-plan-triennal-du-ministre-du-developpement-de-lenergie-et-de-lhydraulique-2#primaryimage\"},\"image\":{\"@id\":\"https:\/\/www.africa-press.net\/centrafricaine\/economie\/presentation-du-plan-triennal-du-ministre-du-developpement-de-lenergie-et-de-lhydraulique-2#primaryimage\"},\"thumbnailUrl\":\"https:\/\/static.africa-press.net\/centrafricaine\/sites\/45\/2024\/01\/sm_1705765065.863705.jpg\",\"datePublished\":\"2024-01-20T18:45:11+00:00\",\"dateModified\":\"2024-01-21T07:02:27+00:00\",\"author\":{\"@id\":\"https:\/\/www.africa-press.net\/centrafricaine\/#\/schema\/person\/2b1cf3cd81a31e3cd26889ca66d677f1\"},\"description\":\"Le but de cette re\u0301union, est d\u2019attirer l\u2019attention des acteurs des secteurs de l\u2019e\u0301nergie et de l\u2019hydraulique a\u0300 s\u2019appropr ...\",\"breadcrumb\":{\"@id\":\"https:\/\/www.africa-press.net\/centrafricaine\/economie\/presentation-du-plan-triennal-du-ministre-du-developpement-de-lenergie-et-de-lhydraulique-2#breadcrumb\"},\"inLanguage\":\"fr-FR\",\"potentialAction\":[{\"@type\":\"ReadAction\",\"target\":[\"https:\/\/www.africa-press.net\/centrafricaine\/economie\/presentation-du-plan-triennal-du-ministre-du-developpement-de-lenergie-et-de-lhydraulique-2\"]}]},{\"@type\":\"ImageObject\",\"inLanguage\":\"fr-FR\",\"@id\":\"https:\/\/www.africa-press.net\/centrafricaine\/economie\/presentation-du-plan-triennal-du-ministre-du-developpement-de-lenergie-et-de-lhydraulique-2#primaryimage\",\"url\":\"https:\/\/static.africa-press.net\/centrafricaine\/sites\/45\/2024\/01\/sm_1705765065.863705.jpg\",\"contentUrl\":\"https:\/\/static.africa-press.net\/centrafricaine\/sites\/45\/2024\/01\/sm_1705765065.863705.jpg\",\"width\":785,\"height\":343,\"caption\":\"Pr\u00e9sentation du Plan triennal du ministre du D\u00e9veloppement de l\u2019Energie et de l\u2019hydraulique\"},{\"@type\":\"BreadcrumbList\",\"@id\":\"https:\/\/www.africa-press.net\/centrafricaine\/economie\/presentation-du-plan-triennal-du-ministre-du-developpement-de-lenergie-et-de-lhydraulique-2#breadcrumb\",\"itemListElement\":[{\"@type\":\"ListItem\",\"position\":1,\"name\":\"Accueil\",\"item\":\"https:\/\/www.africa-press.net\/centrafricaine\/\"},{\"@type\":\"ListItem\",\"position\":2,\"name\":\"Pr\u00e9sentation du Plan triennal du ministre du D\u00e9veloppement de l\u2019Energie et de l\u2019hydraulique\"}]},{\"@type\":\"WebSite\",\"@id\":\"https:\/\/www.africa-press.net\/centrafricaine\/#website\",\"url\":\"https:\/\/www.africa-press.net\/centrafricaine\/\",\"name\":\"centrafricaine\",\"description\":\"Just another Africa News Agency Sites site\",\"potentialAction\":[{\"@type\":\"SearchAction\",\"target\":{\"@type\":\"EntryPoint\",\"urlTemplate\":\"https:\/\/www.africa-press.net\/centrafricaine\/?s={search_term_string}\"},\"query-input\":{\"@type\":\"PropertyValueSpecification\",\"valueRequired\":true,\"valueName\":\"search_term_string\"}}],\"inLanguage\":\"fr-FR\"},{\"@type\":\"Person\",\"@id\":\"https:\/\/www.africa-press.net\/centrafricaine\/#\/schema\/person\/2b1cf3cd81a31e3cd26889ca66d677f1\",\"name\":\"cfeditorfr\"}]}<\/script>\n<!-- \/ Yoast SEO Premium plugin. -->","yoast_head_json":{"title":"Pr\u00e9sentation du Plan triennal du ministre du D\u00e9veloppement de l\u2019Energie et de l\u2019hydraulique - centrafricaine","description":"Le but de cette re\u0301union, est d\u2019attirer l\u2019attention des acteurs des secteurs de l\u2019e\u0301nergie et de l\u2019hydraulique a\u0300 s\u2019appropr ...","robots":{"index":"index","follow":"follow","max-snippet":"max-snippet:-1","max-image-preview":"max-image-preview:large","max-video-preview":"max-video-preview:-1"},"canonical":"https:\/\/www.africa-press.net\/centrafricaine\/economie\/presentation-du-plan-triennal-du-ministre-du-developpement-de-lenergie-et-de-lhydraulique-2","og_locale":"fr_FR","og_type":"article","og_title":"Pr\u00e9sentation du Plan triennal du ministre du D\u00e9veloppement de l\u2019Energie et de l\u2019hydraulique","og_description":"Le but de cette re\u0301union, est d\u2019attirer l\u2019attention des acteurs des secteurs de l\u2019e\u0301nergie et de l\u2019hydraulique a\u0300 s\u2019appropr ...","og_url":"https:\/\/www.africa-press.net\/centrafricaine\/economie\/presentation-du-plan-triennal-du-ministre-du-developpement-de-lenergie-et-de-lhydraulique-2","og_site_name":"centrafricaine","article_published_time":"2024-01-20T18:45:11+00:00","article_modified_time":"2024-01-21T07:02:27+00:00","og_image":[{"width":785,"height":343,"url":"https:\/\/static.africa-press.net\/centrafricaine\/sites\/45\/2024\/01\/sm_1705765065.863705.jpg","type":"image\/jpeg"}],"author":"cfeditorfr","twitter_card":"summary_large_image","twitter_misc":{"\u00c9crit par":"cfeditorfr","Dur\u00e9e de lecture estim\u00e9e":"1 minute"},"schema":{"@context":"https:\/\/schema.org","@graph":[{"@type":"Article","@id":"https:\/\/www.africa-press.net\/centrafricaine\/economie\/presentation-du-plan-triennal-du-ministre-du-developpement-de-lenergie-et-de-lhydraulique-2#article","isPartOf":{"@id":"https:\/\/www.africa-press.net\/centrafricaine\/economie\/presentation-du-plan-triennal-du-ministre-du-developpement-de-lenergie-et-de-lhydraulique-2"},"author":{"name":"cfeditorfr","@id":"https:\/\/www.africa-press.net\/centrafricaine\/#\/schema\/person\/2b1cf3cd81a31e3cd26889ca66d677f1"},"headline":"Pr\u00e9sentation du Plan triennal du ministre du D\u00e9veloppement de l\u2019Energie et de l\u2019hydraulique","datePublished":"2024-01-20T18:45:11+00:00","dateModified":"2024-01-21T07:02:27+00:00","mainEntityOfPage":{"@id":"https:\/\/www.africa-press.net\/centrafricaine\/economie\/presentation-du-plan-triennal-du-ministre-du-developpement-de-lenergie-et-de-lhydraulique-2"},"wordCount":195,"commentCount":0,"image":{"@id":"https:\/\/www.africa-press.net\/centrafricaine\/economie\/presentation-du-plan-triennal-du-ministre-du-developpement-de-lenergie-et-de-lhydraulique-2#primaryimage"},"thumbnailUrl":"https:\/\/static.africa-press.net\/centrafricaine\/sites\/45\/2024\/01\/sm_1705765065.863705.jpg","keywords":["Africa Press","Africa Press-CentrAfricaine","CentrAfricaine"],"articleSection":["\u00c9conomie","Toutes les actualit\u00e9s"],"inLanguage":"fr-FR","potentialAction":[{"@type":"CommentAction","name":"Comment","target":["https:\/\/www.africa-press.net\/centrafricaine\/economie\/presentation-du-plan-triennal-du-ministre-du-developpement-de-lenergie-et-de-lhydraulique-2#respond"]}]},{"@type":"WebPage","@id":"https:\/\/www.africa-press.net\/centrafricaine\/economie\/presentation-du-plan-triennal-du-ministre-du-developpement-de-lenergie-et-de-lhydraulique-2","url":"https:\/\/www.africa-press.net\/centrafricaine\/economie\/presentation-du-plan-triennal-du-ministre-du-developpement-de-lenergie-et-de-lhydraulique-2","name":"Pr\u00e9sentation du Plan triennal du ministre du D\u00e9veloppement de l\u2019Energie et de l\u2019hydraulique - centrafricaine","isPartOf":{"@id":"https:\/\/www.africa-press.net\/centrafricaine\/#website"},"primaryImageOfPage":{"@id":"https:\/\/www.africa-press.net\/centrafricaine\/economie\/presentation-du-plan-triennal-du-ministre-du-developpement-de-lenergie-et-de-lhydraulique-2#primaryimage"},"image":{"@id":"https:\/\/www.africa-press.net\/centrafricaine\/economie\/presentation-du-plan-triennal-du-ministre-du-developpement-de-lenergie-et-de-lhydraulique-2#primaryimage"},"thumbnailUrl":"https:\/\/static.africa-press.net\/centrafricaine\/sites\/45\/2024\/01\/sm_1705765065.863705.jpg","datePublished":"2024-01-20T18:45:11+00:00","dateModified":"2024-01-21T07:02:27+00:00","author":{"@id":"https:\/\/www.africa-press.net\/centrafricaine\/#\/schema\/person\/2b1cf3cd81a31e3cd26889ca66d677f1"},"description":"Le but de cette re\u0301union, est d\u2019attirer l\u2019attention des acteurs des secteurs de l\u2019e\u0301nergie et de l\u2019hydraulique a\u0300 s\u2019appropr ...","breadcrumb":{"@id":"https:\/\/www.africa-press.net\/centrafricaine\/economie\/presentation-du-plan-triennal-du-ministre-du-developpement-de-lenergie-et-de-lhydraulique-2#breadcrumb"},"inLanguage":"fr-FR","potentialAction":[{"@type":"ReadAction","target":["https:\/\/www.africa-press.net\/centrafricaine\/economie\/presentation-du-plan-triennal-du-ministre-du-developpement-de-lenergie-et-de-lhydraulique-2"]}]},{"@type":"ImageObject","inLanguage":"fr-FR","@id":"https:\/\/www.africa-press.net\/centrafricaine\/economie\/presentation-du-plan-triennal-du-ministre-du-developpement-de-lenergie-et-de-lhydraulique-2#primaryimage","url":"https:\/\/static.africa-press.net\/centrafricaine\/sites\/45\/2024\/01\/sm_1705765065.863705.jpg","contentUrl":"https:\/\/static.africa-press.net\/centrafricaine\/sites\/45\/2024\/01\/sm_1705765065.863705.jpg","width":785,"height":343,"caption":"Pr\u00e9sentation du Plan triennal du ministre du D\u00e9veloppement de l\u2019Energie et de l\u2019hydraulique"},{"@type":"BreadcrumbList","@id":"https:\/\/www.africa-press.net\/centrafricaine\/economie\/presentation-du-plan-triennal-du-ministre-du-developpement-de-lenergie-et-de-lhydraulique-2#breadcrumb","itemListElement":[{"@type":"ListItem","position":1,"name":"Accueil","item":"https:\/\/www.africa-press.net\/centrafricaine\/"},{"@type":"ListItem","position":2,"name":"Pr\u00e9sentation du Plan triennal du ministre du D\u00e9veloppement de l\u2019Energie et de l\u2019hydraulique"}]},{"@type":"WebSite","@id":"https:\/\/www.africa-press.net\/centrafricaine\/#website","url":"https:\/\/www.africa-press.net\/centrafricaine\/","name":"centrafricaine","description":"Just another Africa News Agency Sites site","potentialAction":[{"@type":"SearchAction","target":{"@type":"EntryPoint","urlTemplate":"https:\/\/www.africa-press.net\/centrafricaine\/?s={search_term_string}"},"query-input":{"@type":"PropertyValueSpecification","valueRequired":true,"valueName":"search_term_string"}}],"inLanguage":"fr-FR"},{"@type":"Person","@id":"https:\/\/www.africa-press.net\/centrafricaine\/#\/schema\/person\/2b1cf3cd81a31e3cd26889ca66d677f1","name":"cfeditorfr"}]}},"_links":{"self":[{"href":"https:\/\/www.africa-press.net\/centrafricaine\/wp-json\/wp\/v2\/posts\/51991","targetHints":{"allow":["GET"]}}],"collection":[{"href":"https:\/\/www.africa-press.net\/centrafricaine\/wp-json\/wp\/v2\/posts"}],"about":[{"href":"https:\/\/www.africa-press.net\/centrafricaine\/wp-json\/wp\/v2\/types\/post"}],"author":[{"embeddable":true,"href":"https:\/\/www.africa-press.net\/centrafricaine\/wp-json\/wp\/v2\/users\/82"}],"replies":[{"embeddable":true,"href":"https:\/\/www.africa-press.net\/centrafricaine\/wp-json\/wp\/v2\/comments?post=51991"}],"version-history":[{"count":0,"href":"https:\/\/www.africa-press.net\/centrafricaine\/wp-json\/wp\/v2\/posts\/51991\/revisions"}],"wp:featuredmedia":[{"embeddable":true,"href":"https:\/\/www.africa-press.net\/centrafricaine\/wp-json\/wp\/v2\/media\/51990"}],"wp:attachment":[{"href":"https:\/\/www.africa-press.net\/centrafricaine\/wp-json\/wp\/v2\/media?parent=51991"}],"wp:term":[{"taxonomy":"category","embeddable":true,"href":"https:\/\/www.africa-press.net\/centrafricaine\/wp-json\/wp\/v2\/categories?post=51991"},{"taxonomy":"post_tag","embeddable":true,"href":"https:\/\/www.africa-press.net\/centrafricaine\/wp-json\/wp\/v2\/tags?post=51991"}],"curies":[{"name":"wp","href":"https:\/\/api.w.org\/{rel}","templated":true}]}}