{"id":52039,"date":"2024-01-21T18:37:32","date_gmt":"2024-01-21T18:37:32","guid":{"rendered":"https:\/\/www.africa-press.net\/centrafricaine\/politique\/le-secretaire-detat-americain-antony-blinken-entame-une-tournee-en-afrique"},"modified":"2024-01-22T13:33:55","modified_gmt":"2024-01-22T13:33:55","slug":"le-secretaire-detat-americain-antony-blinken-entame-une-tournee-en-afrique","status":"publish","type":"post","link":"https:\/\/www.africa-press.net\/centrafricaine\/politique\/le-secretaire-detat-americain-antony-blinken-entame-une-tournee-en-afrique","title":{"rendered":"Le secr\u00e9taire d\u2019\u00c9tat am\u00e9ricain Antony Blinken entame une tourn\u00e9e en Afrique"},"content":{"rendered":"<p><span style=\"color: #ff6600\"><strong>Africa-Press &#8211; CentrAfricaine. <\/strong><\/span>Le secre\u0301taire d\u2019E\u0301tat ame\u0301ricain Antony Blinken est en partance pour le continent africain ce dimanche 21 janvier. Pendant une semaine, il va visiter quatre pays, pour souligner les re\u0301alisations ne\u0301es des engagements pris au sommet E\u0301tats-Unis Afrique de Washington il y a un peu plus d\u2019un an.<\/p>\n<p>Cela doit e\u0302tre un voyage positif. Il s\u2019agit de montrer comment les liens e\u0301conomiques, commerciaux ou de sante\u0301 ont e\u0301volue\u0301 positivement depuis le sommet de Washington. Antony Blinken est impatient de parler de se\u0301curite\u0301 alimentaire, l\u2019un des points cle\u0301s du sommet.<\/p>\n<p>La premie\u0300re e\u0301tape, c\u2019est le Cap-Vert. Une formidable de\u0301mocratie et tre\u0300s bon exemple pour le continent, explique la secre\u0301taire d\u2019E\u0301tat adjointe charge\u0301e des Affaires africaines, Molly Phee. Elle s\u2019attend a\u0300 un moment \u00ab vraiment sympa \u00bb a\u0300 l\u2019e\u0301tape suivante, la Co\u0302te d\u2019Ivoire, en pleine Coupe d\u2019Afrique des nations de football.<\/p>\n<p>Me\u0302me si la volonte\u0301 de positiver est affiche\u0301e, les sujets de se\u0301curite\u0301 ne sont jamais loin.<\/p>\n<p>La Co\u0302te d\u2019Ivoire a des frontie\u0300res communes avec le Mali et le Burkina Faso, et la situation au Sahel sera e\u0301videmment aborde\u0301e. Ce sera aussi le cas lors de l\u2019e\u0301tape au Nigeria. Le ge\u0301ant anglophone est, lui aussi, confronte\u0301 a\u0300 des proble\u0300mes se\u0301curitaires. Il accueille e\u0301galement le sie\u0300ge de la Communaute\u0301 e\u0301conomique des E\u0301tats d\u2019Afrique de l\u2019Ouest.<\/p>\n<p>La Ce\u0301de\u0301ao et ses actions ont rec\u0327u un soutien appuye\u0301 des E\u0301tats-Unis depuis le de\u0301but de la crise au Niger. Cela traduit la volonte\u0301 ame\u0301ricaine affiche\u0301e de s\u2019appuyer sur les acteurs locaux. Enfin, en Angola, le secre\u0301taire d\u2019E\u0301tat remerciera un gouvernement engage\u0301 pour la stabilite\u0301 dans l\u2019est de la RDC.<\/p>\n<p><strong>Pour plus d&rsquo;informations et d&rsquo;analyses sur la <a href=\"https:\/\/www.africa-press.net\/centrafricaine\">CentrAfricaine<\/a>, suivez <a href=\"https:\/\/www.africa-press.net\/\">Africa-Press<\/a><\/strong><\/p>\n","protected":false},"excerpt":{"rendered":"<p>Africa-Press &#8211; CentrAfricaine. Le secre\u0301taire d\u2019E\u0301tat ame\u0301ricain Antony Blinken est en partance pour le continent africain ce dimanche 21 janvier. Pendant une semaine, il va visiter quatre pays, pour souligner les re\u0301alisations ne\u0301es des engagements pris au sommet E\u0301tats-Unis Afrique de Washington il y a un peu plus d\u2019un an. Cela doit e\u0302tre un voyage [&hellip;]<\/p>\n","protected":false},"author":82,"featured_media":52038,"comment_status":"open","ping_status":"closed","sticky":false,"template":"","format":"standard","meta":{"footnotes":""},"categories":[2,10],"tags":[36,58,30],"class_list":["post-52039","post","type-post","status-publish","format-standard","has-post-thumbnail","hentry","category-politique","category-toutes-les-actualites","tag-africa-press","tag-africa-press-centrafricaine","tag-centrafricaine"],"yoast_head":"<!-- This site is optimized with the Yoast SEO Premium plugin v26.1 (Yoast SEO v27.0) - https:\/\/yoast.com\/product\/yoast-seo-premium-wordpress\/ -->\n<title>Le secr\u00e9taire d\u2019\u00c9tat am\u00e9ricain Antony Blinken entame une tourn\u00e9e en Afrique - centrafricaine<\/title>\n<meta name=\"description\" content=\"Le secre\u0301taire d\u2019E\u0301tat ame\u0301ricain Antony Blinken est en partance pour le continent africain ce dimanche 21 janvier. Pend ...\" \/>\n<meta name=\"robots\" content=\"index, follow, max-snippet:-1, max-image-preview:large, max-video-preview:-1\" \/>\n<link rel=\"canonical\" href=\"https:\/\/www.africa-press.net\/centrafricaine\/politique\/le-secretaire-detat-americain-antony-blinken-entame-une-tournee-en-afrique\" \/>\n<meta property=\"og:locale\" content=\"fr_FR\" \/>\n<meta property=\"og:type\" content=\"article\" \/>\n<meta property=\"og:title\" content=\"Le secr\u00e9taire d\u2019\u00c9tat am\u00e9ricain Antony Blinken entame une tourn\u00e9e en Afrique\" \/>\n<meta property=\"og:description\" content=\"Le secre\u0301taire d\u2019E\u0301tat ame\u0301ricain Antony Blinken est en partance pour le continent africain ce dimanche 21 janvier. Pend ...\" \/>\n<meta property=\"og:url\" content=\"https:\/\/www.africa-press.net\/centrafricaine\/politique\/le-secretaire-detat-americain-antony-blinken-entame-une-tournee-en-afrique\" \/>\n<meta property=\"og:site_name\" content=\"centrafricaine\" \/>\n<meta property=\"article:published_time\" content=\"2024-01-21T18:37:32+00:00\" \/>\n<meta property=\"article:modified_time\" content=\"2024-01-22T13:33:55+00:00\" \/>\n<meta property=\"og:image\" content=\"https:\/\/static.africa-press.net\/centrafricaine\/sites\/45\/2024\/01\/sm_1705850332.770517.jpg\" \/>\n\t<meta property=\"og:image:width\" content=\"980\" \/>\n\t<meta property=\"og:image:height\" content=\"551\" \/>\n\t<meta property=\"og:image:type\" content=\"image\/jpeg\" \/>\n<meta name=\"author\" content=\"cfeditorfr\" \/>\n<meta name=\"twitter:card\" content=\"summary_large_image\" \/>\n<meta name=\"twitter:label1\" content=\"\u00c9crit par\" \/>\n\t<meta name=\"twitter:data1\" content=\"cfeditorfr\" \/>\n\t<meta name=\"twitter:label2\" content=\"Dur\u00e9e de lecture estim\u00e9e\" \/>\n\t<meta name=\"twitter:data2\" content=\"2 minutes\" \/>\n<script type=\"application\/ld+json\" class=\"yoast-schema-graph\">{\"@context\":\"https:\/\/schema.org\",\"@graph\":[{\"@type\":\"Article\",\"@id\":\"https:\/\/www.africa-press.net\/centrafricaine\/politique\/le-secretaire-detat-americain-antony-blinken-entame-une-tournee-en-afrique#article\",\"isPartOf\":{\"@id\":\"https:\/\/www.africa-press.net\/centrafricaine\/politique\/le-secretaire-detat-americain-antony-blinken-entame-une-tournee-en-afrique\"},\"author\":{\"name\":\"cfeditorfr\",\"@id\":\"https:\/\/www.africa-press.net\/centrafricaine\/#\/schema\/person\/2b1cf3cd81a31e3cd26889ca66d677f1\"},\"headline\":\"Le secr\u00e9taire d\u2019\u00c9tat am\u00e9ricain Antony Blinken entame une tourn\u00e9e en Afrique\",\"datePublished\":\"2024-01-21T18:37:32+00:00\",\"dateModified\":\"2024-01-22T13:33:55+00:00\",\"mainEntityOfPage\":{\"@id\":\"https:\/\/www.africa-press.net\/centrafricaine\/politique\/le-secretaire-detat-americain-antony-blinken-entame-une-tournee-en-afrique\"},\"wordCount\":349,\"commentCount\":0,\"image\":{\"@id\":\"https:\/\/www.africa-press.net\/centrafricaine\/politique\/le-secretaire-detat-americain-antony-blinken-entame-une-tournee-en-afrique#primaryimage\"},\"thumbnailUrl\":\"https:\/\/static.africa-press.net\/centrafricaine\/sites\/45\/2024\/01\/sm_1705850332.770517.jpg\",\"keywords\":[\"Africa Press\",\"Africa Press-CentrAfricaine\",\"CentrAfricaine\"],\"articleSection\":[\"Politique\",\"Toutes les actualit\u00e9s\"],\"inLanguage\":\"fr-FR\",\"potentialAction\":[{\"@type\":\"CommentAction\",\"name\":\"Comment\",\"target\":[\"https:\/\/www.africa-press.net\/centrafricaine\/politique\/le-secretaire-detat-americain-antony-blinken-entame-une-tournee-en-afrique#respond\"]}]},{\"@type\":\"WebPage\",\"@id\":\"https:\/\/www.africa-press.net\/centrafricaine\/politique\/le-secretaire-detat-americain-antony-blinken-entame-une-tournee-en-afrique\",\"url\":\"https:\/\/www.africa-press.net\/centrafricaine\/politique\/le-secretaire-detat-americain-antony-blinken-entame-une-tournee-en-afrique\",\"name\":\"Le secr\u00e9taire d\u2019\u00c9tat am\u00e9ricain Antony Blinken entame une tourn\u00e9e en Afrique - centrafricaine\",\"isPartOf\":{\"@id\":\"https:\/\/www.africa-press.net\/centrafricaine\/#website\"},\"primaryImageOfPage\":{\"@id\":\"https:\/\/www.africa-press.net\/centrafricaine\/politique\/le-secretaire-detat-americain-antony-blinken-entame-une-tournee-en-afrique#primaryimage\"},\"image\":{\"@id\":\"https:\/\/www.africa-press.net\/centrafricaine\/politique\/le-secretaire-detat-americain-antony-blinken-entame-une-tournee-en-afrique#primaryimage\"},\"thumbnailUrl\":\"https:\/\/static.africa-press.net\/centrafricaine\/sites\/45\/2024\/01\/sm_1705850332.770517.jpg\",\"datePublished\":\"2024-01-21T18:37:32+00:00\",\"dateModified\":\"2024-01-22T13:33:55+00:00\",\"author\":{\"@id\":\"https:\/\/www.africa-press.net\/centrafricaine\/#\/schema\/person\/2b1cf3cd81a31e3cd26889ca66d677f1\"},\"description\":\"Le secre\u0301taire d\u2019E\u0301tat ame\u0301ricain Antony Blinken est en partance pour le continent africain ce dimanche 21 janvier. Pend ...\",\"breadcrumb\":{\"@id\":\"https:\/\/www.africa-press.net\/centrafricaine\/politique\/le-secretaire-detat-americain-antony-blinken-entame-une-tournee-en-afrique#breadcrumb\"},\"inLanguage\":\"fr-FR\",\"potentialAction\":[{\"@type\":\"ReadAction\",\"target\":[\"https:\/\/www.africa-press.net\/centrafricaine\/politique\/le-secretaire-detat-americain-antony-blinken-entame-une-tournee-en-afrique\"]}]},{\"@type\":\"ImageObject\",\"inLanguage\":\"fr-FR\",\"@id\":\"https:\/\/www.africa-press.net\/centrafricaine\/politique\/le-secretaire-detat-americain-antony-blinken-entame-une-tournee-en-afrique#primaryimage\",\"url\":\"https:\/\/static.africa-press.net\/centrafricaine\/sites\/45\/2024\/01\/sm_1705850332.770517.jpg\",\"contentUrl\":\"https:\/\/static.africa-press.net\/centrafricaine\/sites\/45\/2024\/01\/sm_1705850332.770517.jpg\",\"width\":980,\"height\":551,\"caption\":\"Le secr\u00e9taire d\u2019\u00c9tat am\u00e9ricain Antony Blinken entame une tourn\u00e9e en Afrique\"},{\"@type\":\"BreadcrumbList\",\"@id\":\"https:\/\/www.africa-press.net\/centrafricaine\/politique\/le-secretaire-detat-americain-antony-blinken-entame-une-tournee-en-afrique#breadcrumb\",\"itemListElement\":[{\"@type\":\"ListItem\",\"position\":1,\"name\":\"Accueil\",\"item\":\"https:\/\/www.africa-press.net\/centrafricaine\/\"},{\"@type\":\"ListItem\",\"position\":2,\"name\":\"Le secr\u00e9taire d\u2019\u00c9tat am\u00e9ricain Antony Blinken entame une tourn\u00e9e en Afrique\"}]},{\"@type\":\"WebSite\",\"@id\":\"https:\/\/www.africa-press.net\/centrafricaine\/#website\",\"url\":\"https:\/\/www.africa-press.net\/centrafricaine\/\",\"name\":\"centrafricaine\",\"description\":\"Just another Africa News Agency Sites site\",\"potentialAction\":[{\"@type\":\"SearchAction\",\"target\":{\"@type\":\"EntryPoint\",\"urlTemplate\":\"https:\/\/www.africa-press.net\/centrafricaine\/?s={search_term_string}\"},\"query-input\":{\"@type\":\"PropertyValueSpecification\",\"valueRequired\":true,\"valueName\":\"search_term_string\"}}],\"inLanguage\":\"fr-FR\"},{\"@type\":\"Person\",\"@id\":\"https:\/\/www.africa-press.net\/centrafricaine\/#\/schema\/person\/2b1cf3cd81a31e3cd26889ca66d677f1\",\"name\":\"cfeditorfr\"}]}<\/script>\n<!-- \/ Yoast SEO Premium plugin. -->","yoast_head_json":{"title":"Le secr\u00e9taire d\u2019\u00c9tat am\u00e9ricain Antony Blinken entame une tourn\u00e9e en Afrique - centrafricaine","description":"Le secre\u0301taire d\u2019E\u0301tat ame\u0301ricain Antony Blinken est en partance pour le continent africain ce dimanche 21 janvier. Pend ...","robots":{"index":"index","follow":"follow","max-snippet":"max-snippet:-1","max-image-preview":"max-image-preview:large","max-video-preview":"max-video-preview:-1"},"canonical":"https:\/\/www.africa-press.net\/centrafricaine\/politique\/le-secretaire-detat-americain-antony-blinken-entame-une-tournee-en-afrique","og_locale":"fr_FR","og_type":"article","og_title":"Le secr\u00e9taire d\u2019\u00c9tat am\u00e9ricain Antony Blinken entame une tourn\u00e9e en Afrique","og_description":"Le secre\u0301taire d\u2019E\u0301tat ame\u0301ricain Antony Blinken est en partance pour le continent africain ce dimanche 21 janvier. Pend ...","og_url":"https:\/\/www.africa-press.net\/centrafricaine\/politique\/le-secretaire-detat-americain-antony-blinken-entame-une-tournee-en-afrique","og_site_name":"centrafricaine","article_published_time":"2024-01-21T18:37:32+00:00","article_modified_time":"2024-01-22T13:33:55+00:00","og_image":[{"width":980,"height":551,"url":"https:\/\/static.africa-press.net\/centrafricaine\/sites\/45\/2024\/01\/sm_1705850332.770517.jpg","type":"image\/jpeg"}],"author":"cfeditorfr","twitter_card":"summary_large_image","twitter_misc":{"\u00c9crit par":"cfeditorfr","Dur\u00e9e de lecture estim\u00e9e":"2 minutes"},"schema":{"@context":"https:\/\/schema.org","@graph":[{"@type":"Article","@id":"https:\/\/www.africa-press.net\/centrafricaine\/politique\/le-secretaire-detat-americain-antony-blinken-entame-une-tournee-en-afrique#article","isPartOf":{"@id":"https:\/\/www.africa-press.net\/centrafricaine\/politique\/le-secretaire-detat-americain-antony-blinken-entame-une-tournee-en-afrique"},"author":{"name":"cfeditorfr","@id":"https:\/\/www.africa-press.net\/centrafricaine\/#\/schema\/person\/2b1cf3cd81a31e3cd26889ca66d677f1"},"headline":"Le secr\u00e9taire d\u2019\u00c9tat am\u00e9ricain Antony Blinken entame une tourn\u00e9e en Afrique","datePublished":"2024-01-21T18:37:32+00:00","dateModified":"2024-01-22T13:33:55+00:00","mainEntityOfPage":{"@id":"https:\/\/www.africa-press.net\/centrafricaine\/politique\/le-secretaire-detat-americain-antony-blinken-entame-une-tournee-en-afrique"},"wordCount":349,"commentCount":0,"image":{"@id":"https:\/\/www.africa-press.net\/centrafricaine\/politique\/le-secretaire-detat-americain-antony-blinken-entame-une-tournee-en-afrique#primaryimage"},"thumbnailUrl":"https:\/\/static.africa-press.net\/centrafricaine\/sites\/45\/2024\/01\/sm_1705850332.770517.jpg","keywords":["Africa Press","Africa Press-CentrAfricaine","CentrAfricaine"],"articleSection":["Politique","Toutes les actualit\u00e9s"],"inLanguage":"fr-FR","potentialAction":[{"@type":"CommentAction","name":"Comment","target":["https:\/\/www.africa-press.net\/centrafricaine\/politique\/le-secretaire-detat-americain-antony-blinken-entame-une-tournee-en-afrique#respond"]}]},{"@type":"WebPage","@id":"https:\/\/www.africa-press.net\/centrafricaine\/politique\/le-secretaire-detat-americain-antony-blinken-entame-une-tournee-en-afrique","url":"https:\/\/www.africa-press.net\/centrafricaine\/politique\/le-secretaire-detat-americain-antony-blinken-entame-une-tournee-en-afrique","name":"Le secr\u00e9taire d\u2019\u00c9tat am\u00e9ricain Antony Blinken entame une tourn\u00e9e en Afrique - centrafricaine","isPartOf":{"@id":"https:\/\/www.africa-press.net\/centrafricaine\/#website"},"primaryImageOfPage":{"@id":"https:\/\/www.africa-press.net\/centrafricaine\/politique\/le-secretaire-detat-americain-antony-blinken-entame-une-tournee-en-afrique#primaryimage"},"image":{"@id":"https:\/\/www.africa-press.net\/centrafricaine\/politique\/le-secretaire-detat-americain-antony-blinken-entame-une-tournee-en-afrique#primaryimage"},"thumbnailUrl":"https:\/\/static.africa-press.net\/centrafricaine\/sites\/45\/2024\/01\/sm_1705850332.770517.jpg","datePublished":"2024-01-21T18:37:32+00:00","dateModified":"2024-01-22T13:33:55+00:00","author":{"@id":"https:\/\/www.africa-press.net\/centrafricaine\/#\/schema\/person\/2b1cf3cd81a31e3cd26889ca66d677f1"},"description":"Le secre\u0301taire d\u2019E\u0301tat ame\u0301ricain Antony Blinken est en partance pour le continent africain ce dimanche 21 janvier. Pend ...","breadcrumb":{"@id":"https:\/\/www.africa-press.net\/centrafricaine\/politique\/le-secretaire-detat-americain-antony-blinken-entame-une-tournee-en-afrique#breadcrumb"},"inLanguage":"fr-FR","potentialAction":[{"@type":"ReadAction","target":["https:\/\/www.africa-press.net\/centrafricaine\/politique\/le-secretaire-detat-americain-antony-blinken-entame-une-tournee-en-afrique"]}]},{"@type":"ImageObject","inLanguage":"fr-FR","@id":"https:\/\/www.africa-press.net\/centrafricaine\/politique\/le-secretaire-detat-americain-antony-blinken-entame-une-tournee-en-afrique#primaryimage","url":"https:\/\/static.africa-press.net\/centrafricaine\/sites\/45\/2024\/01\/sm_1705850332.770517.jpg","contentUrl":"https:\/\/static.africa-press.net\/centrafricaine\/sites\/45\/2024\/01\/sm_1705850332.770517.jpg","width":980,"height":551,"caption":"Le secr\u00e9taire d\u2019\u00c9tat am\u00e9ricain Antony Blinken entame une tourn\u00e9e en Afrique"},{"@type":"BreadcrumbList","@id":"https:\/\/www.africa-press.net\/centrafricaine\/politique\/le-secretaire-detat-americain-antony-blinken-entame-une-tournee-en-afrique#breadcrumb","itemListElement":[{"@type":"ListItem","position":1,"name":"Accueil","item":"https:\/\/www.africa-press.net\/centrafricaine\/"},{"@type":"ListItem","position":2,"name":"Le secr\u00e9taire d\u2019\u00c9tat am\u00e9ricain Antony Blinken entame une tourn\u00e9e en Afrique"}]},{"@type":"WebSite","@id":"https:\/\/www.africa-press.net\/centrafricaine\/#website","url":"https:\/\/www.africa-press.net\/centrafricaine\/","name":"centrafricaine","description":"Just another Africa News Agency Sites site","potentialAction":[{"@type":"SearchAction","target":{"@type":"EntryPoint","urlTemplate":"https:\/\/www.africa-press.net\/centrafricaine\/?s={search_term_string}"},"query-input":{"@type":"PropertyValueSpecification","valueRequired":true,"valueName":"search_term_string"}}],"inLanguage":"fr-FR"},{"@type":"Person","@id":"https:\/\/www.africa-press.net\/centrafricaine\/#\/schema\/person\/2b1cf3cd81a31e3cd26889ca66d677f1","name":"cfeditorfr"}]}},"_links":{"self":[{"href":"https:\/\/www.africa-press.net\/centrafricaine\/wp-json\/wp\/v2\/posts\/52039","targetHints":{"allow":["GET"]}}],"collection":[{"href":"https:\/\/www.africa-press.net\/centrafricaine\/wp-json\/wp\/v2\/posts"}],"about":[{"href":"https:\/\/www.africa-press.net\/centrafricaine\/wp-json\/wp\/v2\/types\/post"}],"author":[{"embeddable":true,"href":"https:\/\/www.africa-press.net\/centrafricaine\/wp-json\/wp\/v2\/users\/82"}],"replies":[{"embeddable":true,"href":"https:\/\/www.africa-press.net\/centrafricaine\/wp-json\/wp\/v2\/comments?post=52039"}],"version-history":[{"count":0,"href":"https:\/\/www.africa-press.net\/centrafricaine\/wp-json\/wp\/v2\/posts\/52039\/revisions"}],"wp:featuredmedia":[{"embeddable":true,"href":"https:\/\/www.africa-press.net\/centrafricaine\/wp-json\/wp\/v2\/media\/52038"}],"wp:attachment":[{"href":"https:\/\/www.africa-press.net\/centrafricaine\/wp-json\/wp\/v2\/media?parent=52039"}],"wp:term":[{"taxonomy":"category","embeddable":true,"href":"https:\/\/www.africa-press.net\/centrafricaine\/wp-json\/wp\/v2\/categories?post=52039"},{"taxonomy":"post_tag","embeddable":true,"href":"https:\/\/www.africa-press.net\/centrafricaine\/wp-json\/wp\/v2\/tags?post=52039"}],"curies":[{"name":"wp","href":"https:\/\/api.w.org\/{rel}","templated":true}]}}